{"id":13191,"date":"2022-08-05T12:54:54","date_gmt":"2022-08-05T10:54:54","guid":{"rendered":"http:\/\/www.infokuryr.cz\/n\/?p=13191"},"modified":"2022-08-05T12:54:54","modified_gmt":"2022-08-05T10:54:54","slug":"jan-campbell-dodatek-k-rozhovoru-4-srpna-2022","status":"publish","type":"post","link":"https:\/\/www.infokuryr.cz\/n\/2022\/08\/05\/jan-campbell-dodatek-k-rozhovoru-4-srpna-2022\/","title":{"rendered":"Jan Campbell: Dodatek k rozhovoru 4. srpna 2022"},"content":{"rendered":"<div id=\"fb-root\"><\/div>\n<p><span style=\"font-size: 18pt;\"><strong>\u00davod<\/strong><\/span><\/p>\n<p>P\u0159izn\u00e1m se, \u017ee jsem ne\u010dekal zp\u011btnou vazbu k\u00a0rozhovoru s\u00a0Dr. Sk\u00e1lou je\u0161t\u011b b\u011bhem pozdn\u00edho ve\u010dera a \u010dasn\u00e9ho r\u00e1na dne\u0161n\u00edho dne, p\u00e1tku 5.8. Pro \u010dten\u00e1\u0159e, kte\u0159\u00ed nev\u011bd\u011bli o rozhovoru nebo ho nemohli poslouchat, uv\u00e1d\u00edm, \u017ee souhlas k rozhovoru jsem dal mimo jin\u00e9 s podm\u00ednkou, \u017ee nebudu dotazov\u00e1n komentovat vnitropolitick\u00e9 d\u011bn\u00ed v \u010desk\u00e9 kotlin\u011b, snad krom\u011b \u00favodn\u00edho konstatov\u00e1n\u00ed. To shrnuto kr\u00e1tce obsahovalo osobn\u00ed p\u0159esv\u011bd\u010den\u00ed:<\/p>\n<p>Nedovedu p\u0159edstavit \u0159e\u0161en\u00ed hlavn\u00edch vnitropolitick\u00fdch v\u00fdzev, ke kter\u00fdm mimo jin\u00e9 \u0159ad\u00edm problematiku \u010cEZ, bankovn\u00edch instituc\u00ed, potravinov\u00e9, energetick\u00e9 a v\u00fdchovn\u011b vzd\u011bl\u00e1vac\u00ed bezpe\u010dnosti a sob\u011bsta\u010dnosti, bez nastolen\u00ed nov\u00e9 vl\u00e1dy se zcela nov\u00fdmi politiky, kter\u00e9, a\u017e na mal\u00e9 v\u00fdjimky ale nevid\u00edm ani na horizontu; bez organick\u00e9 reformy st\u00e1tn\u00ed spr\u00e1vy realizovan\u00e9 a zalo\u017een\u00e9 na profesion\u00e1ln\u00ed loajalit\u011b a loajalit\u011b ke st\u00e1tu, bez ohledu na p\u0159\u00edkazy EK; a bez definice n\u00e1rodn\u00edho z\u00e1jmu v kontextu omezen\u00e9 suverenity vypl\u00fdvaj\u00edc\u00ed ze z\u00e1vislosti \u010cR na USA, NATO a EK ve vojensk\u00e9m, zahrani\u010dn\u011b-politick\u00e9m, pr\u00e1vn\u00edm a finan\u010dn\u00edm smyslu.<\/p>\n<p>Jin\u00fdmi slovy: pokud nedojde k v\u00fd\u0161e uveden\u00fdm z\u00e1kladn\u00edm zm\u011bn\u00e1m \u2013 to jest b\u00fdt p\u00e1nem ve sv\u00e9m dom\u011b, na ob\u010dany \u010dekaj\u00edc\u00ed volby \u2013 komun\u00e1ln\u00ed, sen\u00e1tn\u00ed, prezidentsk\u00e9 a parlament\u00e1rn\u00ed &#8211; \u017e\u00e1dnou stabilizaci kvality \u017eivota, spole\u010dnosti a vnitrost\u00e1tn\u00ed bezpe\u010dnosti, o zlep\u0161en\u00ed nem\u016f\u017ee b\u00fdt ani slova, absolutn\u00ed v\u011bt\u0161in\u011b ob\u010dan\u016f a voli\u010d\u016fm nep\u0159inesou. Staro-nov\u00e9 v\u00fdzvy, sb\u00edrky podpis\u016f a tzv. hnut\u00ed, iniciov\u00e1na seniory z dob Charty a tzv. sametov\u00e9 revoluce p\u0159edstavuj\u00ed marnost, sebeklam a brzk\u00e9 zklam\u00e1n\u00ed, proto\u017ee neexistuj\u00ed &#8211; podle osobn\u00edho hodnocen\u00ed &#8211; realiz\u00e1to\u0159i jednotliv\u00fdch \u0159e\u0161en\u00ed, v\u010detn\u011b nezbytn\u00e9, dnes neexistuj\u00edc\u00ed vize st\u00e1tu. Proto jsou zm\u00edn\u011bn\u00e9 snahy o zm\u011bnu v\u00fdhodn\u00e9 pouze pro sou\u010dasn\u00e9 v\u00fdkonn\u00e9 elity a jejich slouhy.<\/p>\n<p>Rozhovor jsem zam\u00fd\u0161lel strukturovat jako lego ud\u00e1lost\u00ed, kter\u00e9 ovliv\u0148uj\u00ed a budou i v\u00a0p\u0159edstaviteln\u00e9 budoucnosti ovliv\u0148ovat n\u00e1\u0161 ka\u017edodenn\u00ed \u017eivot i v\u00a0Evrop\u011b. Proto\u017ee nezn\u00e1m strukturu, kvalitu a o\u010dek\u00e1v\u00e1n\u00ed poslucha\u010d\u016f a v\u0161eobecn\u011b zn\u00e1m\u00e1 d\u00e9lka rozhovoru v\u00a0d\u00e9lce 2 a\u017e 2 \u00bd hodiny mn\u011b p\u0159inutily rozd\u011blit \u010das tak, aby se zv\u011bt\u0161ila \u0161ance na udr\u017een\u00ed z\u00e1jmu poslucha\u010d\u016f a rozhovor mohl b\u00fdt t\u00edmto zp\u016fsobem zaj\u00edmav\u011bj\u0161\u00ed pro potenci\u00e1ln\u011b \u0161ir\u0161\u00ed spektrum poslucha\u010d\u016f. Zam\u00fd\u0161lel jsem v\u011bnovat se n\u011bkolika hlavn\u00edm t\u00e9mat\u016fm. Z\u00a0\u010dasov\u00fdch d\u016fvod\u016f ale, nebylo mo\u017en\u00e9 je v\u0161echny pojednat, proto jsem rozhodl je\u00a0kr\u00e1tce v\u00a0p\u00edsemn\u00e9 form\u011b p\u0159edstavit na pokra\u010dov\u00e1n\u00ed:<\/p>\n<p>1) Tchaj-wan, 2) Speci\u00e1ln\u00ed vojensk\u00e1 operace na Ukrajin\u011b a bludy, 3) Balk\u00e1n &#8211; Srbsko, Kosovo a Alb\u00e1nie, 4) USA a RF \u2013 Konference o p\u0159ezkumu Smlouvy o ne\u0161\u00ed\u0159en\u00ed jadern\u00fdch zbran\u00ed, 5) Jadern\u00e9 elektr\u00e1rny, jejich \u017eivotnost a korupce, 6) Hyperzvukov\u00e9 zbran\u011b v RF a USA a m\u00fdty, 7) Co hled\u00e1 pape\u017e Franti\u0161ek v Kazachst\u00e1nu, Ukrajin\u011b a Rusku, 8) Vysok\u00e1 pilot\u00e1\u017e p\u00e1t\u00e9 kolony v Rusku, 9) Nen\u00ed rozv\u011bdka, jako rozv\u011bdka, 10) Medi\u00e1ln\u00ed hony a trochu ironie.<\/p>\n<p><span style=\"font-size: 18pt;\"><strong>Nejnov\u011bj\u0161\u00ed z m\u00e9ho dne<\/strong><\/span><\/p>\n<p>1) Deset zem\u00ed chce vstoupit do \u0160anghajsk\u00e9 organizace pro spolupr\u00e1ci (SCO). Dva vysoce postaven\u00e9 zdroje uvedly, \u017ee na seznamu jsou SAE, S\u00fdrie a Katar.<\/p>\n<p>Zd\u016fraz\u0148uj\u00ed, \u017ee Arabsk\u00e9 emir\u00e1ty po\u017e\u00e1daly o ud\u011blen\u00ed statutu \u010dlena koalice bez byrokratick\u00fdch procedur &#8211; ustanoven\u00ed o p\u0159ij\u00edm\u00e1n\u00ed nov\u00fdch st\u00e1t\u016f stanov\u00ed, \u017ee \u017eadatel se mus\u00ed nejprve st\u00e1t partnerem pro dialog nebo pozorovatelem a teprve pot\u00e9 vstoupit do aliance. Tato ot\u00e1zka se m\u00e1 \u0159e\u0161it na summitu v Samarkandu v\u00a0z\u00e1\u0159\u00ed. Na ot\u00e1zku \u2013 Jak\u00e1 nebo jak\u00e9 jsou p\u0159\u00ed\u010diny ticha o dod\u00e1vk\u00e1ch plynu z\u00a0Kataru? &#8211;\u00a0 by m\u011bla d\u00e1t vl\u00e1da odpov\u011b\u010f ve\u0159ejnosti.<\/p>\n<p>2) B\u011bhem jednoho t\u00fddne byla na Dunaji zasa\u017eena nezn\u00e1m\u00fdm v\u00fdbu\u0161n\u00fdm za\u0159\u00edzen\u00edm ji\u017e t\u0159i ukrajinsk\u00e1 plavidla. Paradoxem je, \u017ee plavidla nevybuchla na rusk\u00fdch min\u00e1ch, ale na sv\u00fdch vlastn\u00edch. Na za\u010d\u00e1tku speci\u00e1ln\u00ed operace ukrajinsk\u00e9 ozbrojen\u00e9 s\u00edly vypustily miny v okol\u00ed Od\u011bsy a n\u011bkter\u00e9 z nich proudy zanesly do sousedn\u00edho Dunaje. V\u00fdsledkem je, \u017ee ani samotn\u00e1 Ukrajina, ani Evropa ji\u017e nemohou vyu\u017e\u00edvat \u00fast\u00ed t\u00e9to sv\u00e9 velk\u00e9 \u0159eky.<\/p>\n<p>Pozn\u00e1mka: Ukrajinsk\u00fd pilotn\u00ed \u010dlun &#8222;Orlik&#8220;, kter\u00fd minul\u00fd t\u00fdden vybuchl v \u00fast\u00ed Dunaje pod ukrajinskou minou, se nepoda\u0159ilo vyzvednout. Skute\u010dnost je takov\u00e1, \u017ee plovouc\u00ed je\u0159\u00e1b, kter\u00fd byl v \u00fater\u00fd vysl\u00e1n, aby plavidlo vyzvedl, byl rovn\u011b\u017e vyhozen do pov\u011bt\u0159\u00ed. Kdo nev\u011b\u0159\u00ed, nech\u0165 se sezn\u00e1m\u00ed s obsahem zpr\u00e1v na Ukraina.ru<\/p>\n<p>3) Zpr\u00e1va AI. Ze zpr\u00e1vy vypl\u00fdv\u00e1, \u017ee AI zaznamenala p\u0159\u00edpady, kdy Kyjev \u00fato\u010dil z obytn\u00fdch budov. Ukrajinsk\u00e1 arm\u00e1da rovn\u011b\u017e rozm\u00edstila zbran\u011b na \u00fazem\u00ed civiln\u00ed infrastruktury v 19 s\u00eddlech na Ukrajin\u011b, v\u010detn\u011b Don\u011bck\u00e9 lidov\u00e9 republiky, Charkovsk\u00e9 a Mykolajivsk\u00e9 oblasti. Vojensk\u00e9 veden\u00ed zem\u011b z\u00e1rove\u0148 neorganizovalo evakuaci obyvatel z budov, aby minimalizovalo ztr\u00e1ty zp\u016fsoben\u00e9 p\u0159\u00edpadn\u00fdm odvetn\u00fdm \u00faderem Moskvy. Dopl\u0148uji \u010d\u00edsly: ve 22 z 29 \u0161kol byly zji\u0161t\u011bny vojensk\u00e9 zbran\u011b, n\u00e1boje a logistika. V Bachute, slou\u017e\u00ed univerzita jako vojensk\u00e1 z\u00e1kladna, o Od\u011bse se rad\u011bji ze zn\u00e1m\u00fdch d\u016fvod\u016f nezmi\u0148uji, ale r\u00e1d si p\u0159ipom\u00edn\u00e1m p\u00edsni\u010dku Ray Charlse \u2013 I can\u00b4t stop loving you, v \u010de\u0161tin\u011b zp\u00edvanou Karlem H\u00e1lou \u2013 Ze zn\u00e1m\u00fdch d\u016fvod\u016f. Doporu\u010duji poslechnout si ji, porozum\u011bt textu nejenom v angli\u010dtin\u011b, ale i \u010de\u0161tin\u011b, panu Zelensk\u00e9mu, pan\u00ed Peloisov\u00e9 a samoz\u0159ejm\u011b v\u0161em \u010dlen\u016fm \u010desk\u00e9 vl\u00e1dy v potu\u2026<\/p>\n<p><span style=\"font-size: 18pt;\"><strong>Tchaj-wan<\/strong><\/span><\/p>\n<p>Ot\u00e1zka: Existuje v\u016fbec n\u011bjak\u00fd smysl kv\u016fli Tchaj-wanu riskovat nebo dokonce v\u00e9st v\u00e1lku? Jestli\u017ee neexistuje \u017e\u00e1dn\u00fd smysl, tak pro\u010d Nancy Peloisov\u00e1 nav\u0161t\u00edvila Tchaj-wan, vzala na sebe osobn\u00ed riziko, zv\u011bt\u0161ila ned\u016fv\u011bru ve vztahu USA a \u010cLR a nebezpe\u010d\u00ed vojensk\u00e9ho konfliktu nejenom mezi \u010cLR a USA?<\/p>\n<p>Nab\u00edz\u00edm kr\u00e1tk\u00e9 odpov\u011bdi k prov\u011b\u0159en\u00ed, zamy\u0161len\u00ed a vlastn\u00edm v\u00fdvod\u016fm.<\/p>\n<p>1) N\u00e1v\u0161t\u011bva Tchaj-wanu Pelosiov\u00e9 pom\u016f\u017ee, aby byla v listopadu znovu zvolena do stejn\u00e9 funkce a z\u016fstala v \u010dele Kongresu. Jedin\u00e9, co nen\u00ed zn\u00e1mo, je, zda bude p\u0159edsedkyn\u00ed men\u0161iny, nebo v\u011bt\u0161iny. 2) Bude-li znovu zvolena do funkce, v ka\u017ed\u00e9m p\u0159\u00edpad\u011b ovlivn\u00ed rozhodnut\u00ed kongresov\u00e9 komise, kter\u00e1 bude vy\u0161et\u0159ovat korupci a podvody jej\u00ed rodiny. Proto p\u0159edpokl\u00e1d\u00e1m, \u017ee Nancy Pelosiov\u00e1 nav\u0161t\u00edvila Tchaj-wan jenom proto, aby uchr\u00e1nila svoji rodinu. 3) B\u00edl\u00fd d\u016fm si uv\u011bdomil, \u017ee cesta Pelosiov\u00e9 pozitivn\u011b zap\u016fsobila na ve\u0159ejn\u00e9 m\u00edn\u011bn\u00ed. Indikuji to reakce v anglicky mluv\u00edc\u00edch zem\u00edch. Ty je mo\u017en\u00e9 ozna\u010dit jako nad\u0161en\u00ed. B\u00edl\u00fd d\u016fm nav\u00edc v ned\u00e1vn\u00e9m prohl\u00e1\u0161en\u00ed uvedl, \u017ee [americk\u00fd prezident Joe] Biden respektuje rozhodnut\u00ed Pelosiov\u00e9 nav\u0161t\u00edvit Tchaj-wan a prohla\u0161uje, \u017ee se nejedn\u00e1 o poru\u0161en\u00ed suverenity. 4) Nehled\u011b na americkou agendu je n\u00e1v\u0161t\u011bva Pelosiov\u00e9 na Tchaj-wanu velkou ranou pro image a vliv USA v Tichomo\u0159\u00ed. USA si tam tvo\u0159\u00ed skute\u010dn\u00e9 nep\u0159\u00e1tele, v\u010dele s \u010cLR. \u010c\u00ednsk\u00fd tisk byl na USA dost p\u0159\u00edsn\u00fd, od n\u00e1v\u0161t\u011bvy bude je\u0161t\u011b v\u00edce. Proto lze hodnotit n\u00e1v\u0161t\u011bvu mj. jako velmi kr\u00e1tkozrak\u00fd krok. 5) Kr\u00e1tkozrakost p\u0159edsedkyn\u011b americk\u00e9ho Sen\u00e1tu a jej\u00ed politiky indikuje i pl\u00e1n nav\u0161t\u00edvit b\u011bhem sv\u00e9 n\u00e1v\u0161t\u011bvy Ji\u017en\u00ed Koreje demilitarizovanou z\u00f3nu, jak informovala agentura Associated Press. Z\u00f3na je ozna\u010dov\u00e1na tak\u00e9 jako spole\u010dn\u00e1 bezpe\u010dnostn\u00ed z\u00f3na. Je pod spole\u010dnou kontrolou OSN a veden\u00edm USA a Severn\u00ed Koreje.<\/p>\n<p>Pozn\u00e1mka: Dojde-li k n\u00e1v\u0161t\u011bv\u011b bezpe\u010dnostn\u00ed z\u00f3ny, Pelosiov\u00e1 se pravd\u011bpodobn\u011b stane nejv\u00fd\u0161e postaven\u00fdm p\u0159edstavitelem USA, kter\u00fd \u00fazem\u00ed od roku 2019 nav\u0161t\u00edv\u00ed. V t\u00e9 dob\u011b tam byl na n\u00e1v\u0161t\u011bv\u011b \u00fa\u0159aduj\u00edc\u00ed americk\u00fd prezident Donald Trump. Jak up\u0159esnila tiskov\u00e1 agentura Yonhap, Pelosiov\u00e1 pl\u00e1nuje nav\u0161t\u00edvit vesnici Pchanmund\u017eom. V roce 1953 zde byla podeps\u00e1na smlouva o p\u0159\u00edm\u011b\u0159\u00ed, kter\u00e1 znamenala konec korejsk\u00e9 v\u00e1lky.<\/p>\n<p>Druh\u00e1 strana mince n\u00e1v\u0161t\u011bvy vyb\u00edz\u00ed p\u0159ipomenout si paralelu s velk\u00fdm rozd\u00edlem, kterou p\u0159edstavuje tzv. cross-strait crisis (krize v\u00a0Tchajwansk\u00e9m pr\u016flivu) in 1996.<\/p>\n<p>Krize v Tchajwansk\u00e9m pr\u016flivu v roce 1996 byla nebezpe\u010dn\u00fdm bodem vzplanut\u00ed v americko-\u010d\u00ednsk\u00fdch vztaz\u00edch, kter\u00fd byl vyvol\u00e1n vysoce sledovanou n\u00e1v\u0161t\u011bvou, kter\u00e1 uk\u00e1zala ve\u0159ejn\u011b na rozkol mezi B\u00edl\u00fdm domem a Kongresem. Co m\u00e1m na mysli?<\/p>\n<p>V kv\u011btnu 1995 USA ud\u011blily tehdej\u0161\u00edmu tchajwansk\u00e9mu prezidentovi Lee Teng-huiovi americk\u00e9 v\u00edzum k \u00fa\u010dasti na oslav\u011b absolvent\u016f na Cornellov\u011b univerzit\u011b, jeho alma mater. B\u00edl\u00fd d\u016fm byl nejprve proti n\u00e1v\u0161t\u011bv\u011b a tehdej\u0161\u00ed prezident Bill Clinton ujistil Peking, \u017ee Lee nedostane v\u00edzum. Ale pak Kongres schv\u00e1lil rezoluci podporuj\u00edc\u00ed Leeovu n\u00e1v\u0161t\u011bvu, co\u017e v podstat\u011b donutilo B\u00edl\u00fd d\u016fm vydat v\u00edzum.<\/p>\n<p>Bylo to poprv\u00e9, kdy USA povolily n\u00e1v\u0161t\u011bvu nejvy\u0161\u0161\u00edho tchajwansk\u00e9ho v\u016fdce, a\u010dkoli to nebyla form\u00e1ln\u00ed st\u00e1tn\u00ed n\u00e1v\u0161t\u011bva, a Peking to pova\u017eoval za velkou provokaci. Nap\u011bt\u00ed mezi USA a \u010c\u00ednou v p\u0159\u00ed\u0161t\u00edch n\u011bkolika m\u011bs\u00edc\u00edch vzrostlo.<\/p>\n<p>\u010c\u00edna nasadila v\u00edce ne\u017e 100 000 voj\u00e1k\u016f do Fujianu a provedla raketov\u00e9 testy, p\u0159i\u010dem\u017e rakety dopadly ve vod\u00e1ch u Tchaj-wanu a jedna let\u011bla t\u00e9m\u011b\u0159 p\u0159\u00edmo nad hlavn\u00edm m\u011bstem Taipei.<\/p>\n<p>USA vyslaly p\u0159es Tchajwansk\u00fd pr\u016fliv dv\u011b skupiny letadlov\u00fdch lod\u00ed. Podobnosti s dne\u0161kem jsou proto jasn\u00e9. Uskute\u010dn\u011bn\u00e1 cesta Pelosiov\u00e9 z\u00edskala podporu obou politick\u00fdch stran, zat\u00edmco prezident Biden varoval, \u017ee n\u00e1v\u0161t\u011bva <em>nen\u00ed dobr\u00fd n\u00e1pad<\/em>. Tento rozkol nev\u011b\u0161t\u00ed USA a z\u00e1padn\u00edm asymetrick\u00fdm spojenc\u016fm nic dobr\u00e9ho.<\/p>\n<p>Dnes (ve \u010dtvrtek) v\u00edme, \u017ee \u010c\u00edna po\u0159\u00e1d\u00e1 vojensk\u00e1 cvi\u010den\u00ed. Ty jsou ale kvalitativn\u011b zcela jin\u00e1, ne\u017e demonstrace vojensk\u00e9 s\u00edly \u010cLOA v roce 1966.\u00a0 Mezi dne\u0161kem a rokem 1996 existuj\u00ed d\u016fle\u017eit\u00e9 rozd\u00edly. Za prv\u00e9: Za posledn\u00edch 26 let se vojensk\u00e1 rovnov\u00e1ha v pr\u016flivu v\u00fdrazn\u011b zm\u011bnila. Za druh\u00e9: Kdy\u017e v roce 1966 Clinton vyslal dv\u011b bojov\u00e9 skupiny letadlov\u00fdch lod\u00ed, \u010c\u00edna nemohla nic d\u011blat. Ale tentokr\u00e1t m\u016f\u017ee. Bude r\u00e1da \u010dekat na b\u0159ehu do t\u00e9 doby, ne\u017e uvid\u00ed plavat prvn\u00ed hlavu nebo t\u011blo nep\u0159\u00edtele \u010c\u00edny. Osobn\u011b p\u0159edpokl\u00e1d\u00e1m, \u017ee to nebude trvat dlouho, v \u017e\u00e1dn\u00e9m p\u0159\u00edpad\u011b 56 let.<\/p>\n<p>Dnes je situace ve sv\u011bt\u011b i v kontextu nepopirateln\u00e9ho rozpadu Ukrajiny, p\u0159edstaviteln\u00e9ho rozpadu EU a NATO mnohem nep\u0159edv\u00eddateln\u011bj\u0161\u00ed. Krom\u011b toho neexistuje \u017e\u00e1dn\u00e1 z\u00e1ruka, \u017ee n\u011bkter\u00e1 z vyhla\u0161ovan\u00fdch akc\u00ed \u010cLR z\u016fstane omezena. Pro\u010d? Proto\u017ee USA zru\u0161ily prakticky v\u0161echny mezin\u00e1rodn\u00ed smlouvy sni\u017euj\u00edc\u00ed riziko velk\u00e9ho v\u00e1le\u010dn\u00e9ho konfliktu a p\u0159istoupily na boj podle Hamletovy ot\u00e1zky: B\u00fdt, \u010di ne b\u00fdt?<\/p>\n<p>V z\u00e1v\u011bru zamy\u0161len\u00ed nad Tchaj-wanem p\u0159ipom\u00edn\u00e1m, \u017ee pod rou\u0161kou ohl\u00e1\u0161en\u00fdch vojensk\u00fdch cvi\u010den\u00ed Peking m\u016f\u017ee uspo\u0159\u00e1dat \u00faplnou n\u00e1mo\u0159n\u00ed a leteckou blok\u00e1du Tchaj-wanu. Z toho m\u00e1la, co v\u00edm o \u010c\u00edn\u011b, pro mne vypl\u00fdv\u00e1, \u017ee \u010c\u00edna m\u00e1 pln\u011b p\u0159ipraven\u00fd vojensk\u00fd potenci\u00e1l. Pod z\u00e1minkou cvi\u010den\u00ed mohou uzav\u0159\u00edt cel\u00fd n\u00e1mo\u0159n\u00ed prostor kolem Tchaj-wanu, plavidla nebudou moci vplouvat do p\u0159\u00edstav\u016f na ostrov\u011b. Kolem ostrova m\u016f\u017ee b\u00fdt z\u0159\u00edzena bezletov\u00e1 z\u00f3na. To v\u0161e sta\u010d\u00ed k tomu, aby se cel\u00fd Z\u00e1pad za\u010dal t\u0159\u00e1st ne z obavy p\u0159ed Covid-19 a jeho mutacemi, ale do\u010dasn\u00fdm naru\u0161en\u00edm logistick\u00fdch a z\u00e1sobovac\u00edch \u0159et\u011bzc\u016f a v\u00fdroby, ve sv\u00e9m v\u010derej\u0161\u00edm p\u0159\u00edsp\u011bvku zm\u00edn\u011bn\u00fdch polovodi\u010d\u016f, elektronick\u00fdch \u010d\u00e1st\u00ed apod.<\/p>\n<p>V neposledn\u00ed \u0159ad\u011b, odklad investice \u010d\u00ednsk\u00e9 spole\u010dnosti Contemporary Amperex Technology (CATL) do z\u00e1vodu v USA na v\u00fdrobu akumul\u00e1tor\u016f pro elektrick\u00e1 auta, nech\u0165 slou\u017e\u00ed i loutk\u00e1m USA a EU jako varov\u00e1n\u00ed ji\u017e proto, \u017ee spole\u010dnost CATL je \u010d\u00edslo jedna na sv\u011btov\u00e9m trhu akumul\u00e1tor\u016f s pod\u00edlem minim\u00e1ln\u011b 34,8% a je ve sv\u011bt\u011b absolutn\u00edm l\u00eddrem v prvn\u00ed des\u00edtce spole\u010dnost\u00ed se stejn\u00fdm zam\u011b\u0159en\u00edm v\u00fdroby. Souhlasu net\u0159eba.<\/p>\n<p><em>Jan Campbell<\/em><br \/>\n<em>05.08.2022<\/em><\/p>\n<p>&nbsp;<\/p>\n","protected":false},"excerpt":{"rendered":"<p>\u00davod P\u0159izn\u00e1m se, \u017ee jsem ne\u010dekal zp\u011btnou vazbu k\u00a0rozhovoru s\u00a0Dr. Sk\u00e1lou je\u0161t\u011b b\u011bhem pozdn\u00edho ve\u010dera&#8230;<\/p>\n","protected":false},"author":2,"featured_media":650,"comment_status":"closed","ping_status":"closed","sticky":false,"template":"","format":"standard","meta":[],"categories":[6],"tags":[29,122,1052],"_links":{"self":[{"href":"https:\/\/www.infokuryr.cz\/n\/wp-json\/wp\/v2\/posts\/13191"}],"collection":[{"href":"https:\/\/www.infokuryr.cz\/n\/wp-json\/wp\/v2\/posts"}],"about":[{"href":"https:\/\/www.infokuryr.cz\/n\/wp-json\/wp\/v2\/types\/post"}],"author":[{"embeddable":true,"href":"https:\/\/www.infokuryr.cz\/n\/wp-json\/wp\/v2\/users\/2"}],"replies":[{"embeddable":true,"href":"https:\/\/www.infokuryr.cz\/n\/wp-json\/wp\/v2\/comments?post=13191"}],"version-history":[{"count":0,"href":"https:\/\/www.infokuryr.cz\/n\/wp-json\/wp\/v2\/posts\/13191\/revisions"}],"wp:featuredmedia":[{"embeddable":true,"href":"https:\/\/www.infokuryr.cz\/n\/wp-json\/wp\/v2\/media\/650"}],"wp:attachment":[{"href":"https:\/\/www.infokuryr.cz\/n\/wp-json\/wp\/v2\/media?parent=13191"}],"wp:term":[{"taxonomy":"category","embeddable":true,"href":"https:\/\/www.infokuryr.cz\/n\/wp-json\/wp\/v2\/categories?post=13191"},{"taxonomy":"post_tag","embeddable":true,"href":"https:\/\/www.infokuryr.cz\/n\/wp-json\/wp\/v2\/tags?post=13191"}],"curies":[{"name":"wp","href":"https:\/\/api.w.org\/{rel}","templated":true}]}}