{"id":13187,"date":"2022-08-05T04:56:34","date_gmt":"2022-08-05T02:56:34","guid":{"rendered":"http:\/\/www.infokuryr.cz\/n\/?p=13187"},"modified":"2022-08-05T04:56:34","modified_gmt":"2022-08-05T02:56:34","slug":"v-roce-1922-bylo-v-nemecku-1-800-muslimu-a-dnes-jsou-jich-miliony-to-v-cr-nechceme","status":"publish","type":"post","link":"https:\/\/www.infokuryr.cz\/n\/2022\/08\/05\/v-roce-1922-bylo-v-nemecku-1-800-muslimu-a-dnes-jsou-jich-miliony-to-v-cr-nechceme\/","title":{"rendered":"V roce 1922 bylo v N\u011bmecku 1 800 muslim\u016f a dnes jsou jich miliony! To v \u010cR nechceme!"},"content":{"rendered":"<div id=\"fb-root\"><\/div>\n<p>Rozd\u011blen\u00ed \u010desk\u00e9 spole\u010dnosti kv\u016fli koronavirov\u00e9 krizi, krizi kolem rusk\u00e9ho \u00fatoku na Ukrajinu apod. nahr\u00e1v\u00e1 probl\u00e9mu islamizace, proto\u017ee lid\u00e9 se o tento probl\u00e9m jednak p\u0159est\u00e1vaj\u00ed zaj\u00edmat a jednak se rozd\u011bluj\u00ed a navz\u00e1jem znep\u0159\u00e1teluj\u00ed, co\u017e siln\u011b znesnad\u0148uje mo\u017enost spole\u010densk\u00e9ho konsenzu, jak \u010delit islamizaci a masov\u00e9 migraci z kulturn\u011b odli\u0161n\u00fdch civiliza\u010dn\u00edch okruh\u016f.<\/p>\n<p>Lid\u00e9 jsou v na\u0161\u00ed spole\u010dnosti st\u00e1le v\u00edce rozd\u011blov\u00e1ni do n\u00e1zorov\u00fdch soci\u00e1ln\u00edch \u201ebublin\u201c, a t\u00edm p\u00e1dem se i znep\u0159\u00e1teluj\u00ed a nejsou schopni vz\u00e1jemn\u00e9 spolupr\u00e1ce \u2013 a to pova\u017eujeme za velkou chybu.<\/p>\n<h3><span style=\"font-size: 18pt;\">Uk\u00e1zka n\u011bkter\u00fdch probl\u00e9mu s muslimy v Rakousku:<\/span><\/h3>\n<div><strong><a href=\"https:\/\/www.islamizace.cz\/Articles\/296-zdeseni-v-rakousku-jen-tretina-imigrantskych-zaku-umi-cist.aspx\">Zd\u011b\u0161en\u00ed v Rakousku: Jen t\u0159etina imigrantsk\u00fdch \u017e\u00e1k\u016f um\u00ed \u010d\u00edst<\/a><\/strong><\/div>\n<div><strong><a href=\"https:\/\/www.islamizace.cz\/Articles\/311-islamista-chtel-podrezavat-policisty-jeho-matka-najela-do-zasahovky.aspx\">Isl\u00e1mista cht\u011bl pod\u0159ez\u00e1vat policisty, jeho matka najela do z\u00e1sahovky<\/a><\/strong><\/div>\n<div><strong><a href=\"https:\/\/www.islamizace.cz\/Articles\/304-imigrace-do-rakouska-se-ztrojnasobila-z-94-jsou-to-mladi-muslimsti-muzi.aspx\">Imigrace do Rakouska se ztrojn\u00e1sobila. Z 94% jsou to mlad\u00ed muslim\u0161t\u00ed mu\u017ei<\/a><\/strong><\/div>\n<div><strong><a href=\"https:\/\/www.islamizace.cz\/Articles\/302-viden-zatimco-socialni-davky-pobira-jen-4-4-rakusanu-syrskych-imigrantu-78-5-.aspx\">V\u00edde\u0148: Zat\u00edmco soci\u00e1ln\u00ed d\u00e1vky pob\u00edr\u00e1 jen 4,4% Raku\u0161an\u016f, syrsk\u00fdch imigrant\u016f 78,5%<\/a><\/strong><\/div>\n<h3><span style=\"font-size: 18pt;\">Uk\u00e1zka v\u00fdvoje muslimsk\u00fdch populac\u00ed v n\u011bkter\u00fdch evropsk\u00fdch zem\u00edch:<\/span><\/h3>\n<h4><span style=\"font-size: 18pt;\">N\u011bmecko<\/span><\/h4>\n<p>V roce\u00a0<strong>1922<\/strong>\u00a0bylo v N\u011bmecku kolem\u00a0<strong>1 800<\/strong>\u00a0muslim\u016f.<br \/>\nV roce\u00a0<strong>1961\u00a0<\/strong>zah\u00e1jilo z\u00e1padn\u00ed N\u011bmecko program p\u0159esunu tureck\u00fdch pracovn\u00edk\u016f.<br \/>\nV roce\u00a0<strong>2016<\/strong>\u00a0se odhaduje, \u017ee v N\u011bmecku \u017eije kolem\u00a0<strong>6 000 000\u00a0<\/strong>muslim\u016f.<\/p>\n<h4><span style=\"font-size: 18pt;\">Rakousko<\/span><\/h4>\n<p>Roku\u00a0<strong>1983<\/strong>\u00a0bylo kolem\u00a0<strong>70 000<\/strong>\u00a0muslim\u016f.<br \/>\nRoku\u00a0<strong>2014\u00a0<\/strong>bylo kolem\u00a0<strong>600 000<\/strong>\u00a0muslim\u016f.<br \/>\nV roce 2014 z 81 722 narozen\u00fdch d\u011bt\u00ed v Rakousku bylo 11 029 muslimsk\u00fdch rodi\u010d\u016f, tj. 13,4 % narozen\u00fdch d\u011bt\u00ed.<br \/>\nPodle Institutu demografie RAV bude kolem roku 2030 muslim\u016f ji\u017e 1 000 000 \u2013 tedy zhruba 10 % z budouc\u00ed rakousk\u00e9 populace.<br \/>\nOdhad na rok 2051 se ji\u017e pohybuje okolo 1 600 000 muslim\u016f, p\u0159ibli\u017en\u011b 14 a\u017e 20 % populace.<\/p>\n<p><a href=\"https:\/\/www.islamizace.cz\/Articles\/326-v-roce-1922-bylo-v-nemecku-1-800-muslimu-a-dnes-jsou-jich-miliony-to-v-cr-nechceme-.aspx\">ZDROJ<\/a><\/p>\n<p>&nbsp;<\/p>\n","protected":false},"excerpt":{"rendered":"<p>Rozd\u011blen\u00ed \u010desk\u00e9 spole\u010dnosti kv\u016fli koronavirov\u00e9 krizi, krizi kolem rusk\u00e9ho \u00fatoku na Ukrajinu apod. nahr\u00e1v\u00e1 probl\u00e9mu&#8230;<\/p>\n","protected":false},"author":2,"featured_media":1165,"comment_status":"closed","ping_status":"closed","sticky":false,"template":"","format":"standard","meta":[],"categories":[6],"tags":[91,44,84,120],"_links":{"self":[{"href":"https:\/\/www.infokuryr.cz\/n\/wp-json\/wp\/v2\/posts\/13187"}],"collection":[{"href":"https:\/\/www.infokuryr.cz\/n\/wp-json\/wp\/v2\/posts"}],"about":[{"href":"https:\/\/www.infokuryr.cz\/n\/wp-json\/wp\/v2\/types\/post"}],"author":[{"embeddable":true,"href":"https:\/\/www.infokuryr.cz\/n\/wp-json\/wp\/v2\/users\/2"}],"replies":[{"embeddable":true,"href":"https:\/\/www.infokuryr.cz\/n\/wp-json\/wp\/v2\/comments?post=13187"}],"version-history":[{"count":0,"href":"https:\/\/www.infokuryr.cz\/n\/wp-json\/wp\/v2\/posts\/13187\/revisions"}],"wp:featuredmedia":[{"embeddable":true,"href":"https:\/\/www.infokuryr.cz\/n\/wp-json\/wp\/v2\/media\/1165"}],"wp:attachment":[{"href":"https:\/\/www.infokuryr.cz\/n\/wp-json\/wp\/v2\/media?parent=13187"}],"wp:term":[{"taxonomy":"category","embeddable":true,"href":"https:\/\/www.infokuryr.cz\/n\/wp-json\/wp\/v2\/categories?post=13187"},{"taxonomy":"post_tag","embeddable":true,"href":"https:\/\/www.infokuryr.cz\/n\/wp-json\/wp\/v2\/tags?post=13187"}],"curies":[{"name":"wp","href":"https:\/\/api.w.org\/{rel}","templated":true}]}}