{"id":13181,"date":"2022-08-05T04:28:36","date_gmt":"2022-08-05T02:28:36","guid":{"rendered":"http:\/\/www.infokuryr.cz\/n\/?p=13181"},"modified":"2022-08-05T04:28:36","modified_gmt":"2022-08-05T02:28:36","slug":"zabila-cia-huga-chaveze-ministerstvo-obrany-ruske-federace-spojilo-smrt-chaveze-a-vojenske-biologicke-aktivity-spojenych-statu","status":"publish","type":"post","link":"https:\/\/www.infokuryr.cz\/n\/2022\/08\/05\/zabila-cia-huga-chaveze-ministerstvo-obrany-ruske-federace-spojilo-smrt-chaveze-a-vojenske-biologicke-aktivity-spojenych-statu\/","title":{"rendered":"Zabila CIA Huga Ch\u00e1veze? Ministerstvo obrany Rusk\u00e9 federace spojilo smrt Ch\u00e1veze a vojensk\u00e9 biologick\u00e9 aktivity Spojen\u00fdch st\u00e1t\u016f"},"content":{"rendered":"<div id=\"fb-root\"><\/div>\n<p>Rusk\u00e9 ministerstvo obrany: Venezuela spojuje smrt Ch\u00e1veze s otravou americk\u00fdm prepar\u00e1tem.<\/p>\n<p><em>\u201ePodle venezuelsk\u00e9ho prezidenta Nicolase Madura mohla b\u00fdt smrt exprezidenta Huga Ch\u00e1veze zp\u016fsobena injekc\u00ed americk\u00e9ho prepar\u00e1tu, kter\u00fd zp\u016fsobuje rakovinu a chronick\u00e1 onemocn\u011bn\u00ed\u201c,<\/em>\u00a0\u0159ekl gener\u00e1lporu\u010d\u00edk Igor Kirillov, vedouc\u00ed jednotek radia\u010dn\u00ed chemick\u00e9 a biologick\u00e9 ochrany Ozbrojen\u00fdch sil RF.<\/p>\n<p>Kirillov p\u0159ipomn\u011bl, 18. \u010dervence 2022 Maduro ve\u0159ejn\u011b ozn\u00e1mil zapojen\u00ed Spojen\u00fdch st\u00e1t\u016f do atent\u00e1tu na b\u00fdvalou hlavu st\u00e1tu Ch\u00e1veze.<\/p>\n<p><strong>Rusk\u00e9 ministerstvo obrany poznamenalo, \u017ee Spojen\u00e9 st\u00e1ty dlouhodob\u011b pracuj\u00ed na vytvo\u0159en\u00ed speci\u00e1ln\u00ed biologick\u00e9 zbran\u011b, kter\u00e1 je schopna v kr\u00e1tk\u00e9 dob\u011b vyvolat u ob\u011bti nebezpe\u010dn\u00e1 chronick\u00e1 onemocn\u011bn\u00ed, v\u010detn\u011b rakoviny.<\/strong><\/p>\n<p>Podle informac\u00ed\u00a0Venezuely\u00a0<a href=\"https:\/\/ria.ru\/location_Venezuela\/\" target=\"_blank\" rel=\"noreferrer noopener\">od roku 2002<\/a>\u00a0<a href=\"https:\/\/ria.ru\/location_United_States\/\" target=\"_blank\" rel=\"noreferrer noopener\">americk\u00e9<\/a>\u00a0zpravodajsk\u00e9 agentury pracovaly na zp\u016fsobech, jak odstranit Ch\u00e1veze, kter\u00fd prov\u00e1d\u011bl aktivn\u00ed protiamerickou politiku.<\/p>\n<p>Byly identifikov\u00e1ny a potla\u010deny \u010detn\u00e9 pokusy o atent\u00e1t s \u00fa\u010dast\u00ed zam\u011bstnanc\u016f americk\u00e9 ambas\u00e1dy v\u00a0<a href=\"https:\/\/ria.ru\/location_Caracas\/\" target=\"_blank\" rel=\"noreferrer noopener\">Caracasu<\/a>.<\/p>\n<p><em>\u201eV rozporu s po\u017eadavky mezin\u00e1rodn\u00edho pr\u00e1va Spojen\u00e9 st\u00e1ty prov\u00e1d\u011bly aktivity s c\u00edlem vytvo\u0159it prepar\u00e1ty, kter\u00e9, kdy\u017e se dostanou do t\u011bla na kr\u00e1tkou dobu, zp\u016fsobuj\u00ed chronick\u00e1 onemocn\u011bn\u00ed a vyvol\u00e1vaj\u00ed rozvoj r\u016fzn\u00fdch forem rakoviny,\u201c<\/em>\u00a0\u0159ekl Kirillov s odkazem na \u00fadaje z venezuelsk\u00e9 strany.<\/p>\n<p><em>\u201ePodle venezuelsk\u00e9 strany podobn\u00fd prepar\u00e1t pou\u017eila k otrav\u011b Ch\u00e1veze Claudia Diazov\u00e1, kter\u00e1 byla sou\u010d\u00e1st\u00ed prezidentsk\u00e9ho doprovodu.\u00a0S pomoc\u00ed americk\u00fdch zpravodajsk\u00fdch slu\u017eeb opustila Venezuelu a n\u00e1sledn\u011b byla p\u0159evezena do Spojen\u00fdch st\u00e1t\u016f, aby se vyhnula mo\u017en\u00e9mu zve\u0159ejn\u011bn\u00ed podrobnost\u00ed o jej\u00ed spolupr\u00e1ci s americk\u00fdmi zpravodajsk\u00fdmi slu\u017ebami,\u201c\u00a0<\/em>\u0159ekl Kirillov.<\/p>\n<p><em>\u201eInformace o tom potvrzuj\u00ed \u00fadaje soudn\u00edho l\u00e9ka\u0159sk\u00e9ho vy\u0161et\u0159en\u00ed a sv\u011bdectv\u00ed kub\u00e1nsk\u00fdch l\u00e9ka\u0159\u016f, kte\u0159\u00ed Ch\u00e1veze l\u00e9\u010dili, o atypick\u00e9m pr\u016fb\u011bhu nemoci a jej\u00ed odolnosti v\u016f\u010di u\u017e\u00edv\u00e1n\u00ed l\u00e9k\u016f\u201c<\/em>, \u0159ekl Kirillov.<\/p>\n<p>V roce 2016 \u0159ekl viceprezident Bol\u00edvarsk\u00e9 republiky Aristobulo Isturiz, \u017ee\u00a0<a href=\"https:\/\/tvzvezda.ru\/news\/201605180429-xrtv.htm\">nemoc venezuelsk\u00e9ho prezidenta Huga Ch\u00e1veze byla vyprovokov\u00e1na.\u00a0<\/a><\/p>\n<div class=\"wp-block-image\">\n<figure class=\"aligncenter size-large is-resized\"><img decoding=\"async\" loading=\"lazy\" src=\"https:\/\/mcdn.tvzvezda.ru\/storage\/news_other_images\/2022\/08\/04\/1e4808e783354d2281a48800d0312f0f.jpg\" alt=\"\" width=\"718\" height=\"404\" \/><\/figure>\n<\/div>\n<p>V roce 2011 byla Hugo Chavezovi diagnostikov\u00e1n rakovinov\u00fd n\u00e1dor, byl l\u00e9\u010den kub\u00e1nsk\u00fdmi specialisty, podstoupil n\u011bkolik operac\u00ed, ale nedok\u00e1zal nemoc p\u0159ekonat.\u00a0Chavez zem\u0159el v Caracasu 5. b\u0159ezna 2013.<\/p>\n<p>V polovin\u011b \u0159\u00edjna 2021 soud rozhodl o vyd\u00e1n\u00ed do Spojen\u00fdch st\u00e1t\u016f b\u00fdval\u00e9 zdravotn\u00ed sestry Ch\u00e1veze Claudie Guill\u00e9nov\u00e9, man\u017eelky b\u00fdval\u00e9ho \u0161\u00e9fa ochranky Ch\u00e1veze Adriana Jos\u00e9 Vel\u00e1zqueze Figueroy.<\/p>\n<p>V roce 2018 byli Guillenov\u00e1 a jej\u00ed man\u017eel zadr\u017eeni ve\u00a0<a href=\"https:\/\/ria.ru\/location_Spain\/\" target=\"_blank\" rel=\"noreferrer noopener\">\u0160pan\u011blsku<\/a>\u00a0na z\u00e1klad\u011b \u017e\u00e1dosti venezuelsk\u00fdch \u00fa\u0159ad\u016f o vyd\u00e1n\u00ed, kde byli obvin\u011bni z nedovolen\u00e9ho obohacov\u00e1n\u00ed, zlo\u010dinn\u00e9ho spiknut\u00ed a pran\u00ed \u0161pinav\u00fdch pen\u011bz.\u00a0 N\u00e1rodn\u00ed soud nejprve vyd\u00e1n\u00ed schv\u00e1lil, po odvol\u00e1n\u00ed v\u0161ak rozhodnut\u00ed zru\u0161il kv\u016fli \u201emo\u017en\u00e9mu poru\u0161en\u00ed z\u00e1kladn\u00edch pr\u00e1v\u201c v p\u0159\u00edpad\u011b vyd\u00e1n\u00ed do Venezuely.<\/p>\n<p>Guillenov\u00e1 a Vel\u00e1zquez byli znovu zadr\u017eeni v prosinci 2020, tentokr\u00e1t na \u017e\u00e1dost Spojen\u00fdch st\u00e1t\u016f.\u00a0 Soudce N\u00e1rodn\u00edho soudu se rozhodl je propustit a\u017e do posouzen\u00ed p\u0159\u00edpadu vyd\u00e1n\u00ed ve v\u011bci sam\u00e9.<\/p>\n<p>Claudia Patricia Diaz Guillenov\u00e1 byla \u010dlenkou u\u017e\u0161\u00edho kruhu Ch\u00e1veze, kter\u00fd zem\u0159el na rakovinu v roce 2013 a pracovala v jeho administrativ\u011b.\u00a0Jej\u00ed man\u017eel Adrian Vel\u00e1zquez byl \u0161\u00e9fem jeho bezpe\u010dnostn\u00ed slu\u017eby.<\/p>\n<p>V letech 2011-2013 byla Diaz Guill\u00e9nov\u00e1 v\u00fdkonn\u00fdm tajemn\u00edkem st\u00e1tn\u00edho investi\u010dn\u00edho fondu Fonden, kter\u00fd z\u00edskal ze st\u00e1tn\u00edho rozpo\u010dtu v\u00edce ne\u017e 100 miliard dolar\u016f.\u00a0Jm\u00e9no Diaz Guill\u00e9nov\u00e9 figuruje v Panama Papers, s pomoc\u00ed panamsk\u00e9 advok\u00e1tn\u00ed kancel\u00e1\u0159e\u00a0<a href=\"https:\/\/ria.ru\/organization_Mossack_Fonseca\/\" target=\"_blank\" rel=\"noreferrer noopener\">Mossack Fonseca<\/a>\u00a0zalo\u017eila spole\u010dnosti, jejich\u017e prost\u0159ednictv\u00edm z\u00edskala majetek.<\/p>\n<p>B\u00fdval\u00fd venezuelsk\u00fd\u00a0<a href=\"https:\/\/ria.ru\/tag_person_UgoCHaves\/\" target=\"_blank\" rel=\"noreferrer noopener\">prezident Hugo Ch\u00e1vez<\/a>\u00a0zem\u0159el v b\u0159eznu 2013 ve v\u011bku 58 let ve vojensk\u00e9 nemocnici v Caracasu.\u00a0Bojoval s rakovinou, kter\u00e1 mu byla diagnostikov\u00e1na v polovin\u011b roku 2011.\u00a0Ostatky Ch\u00e1veze spo\u010d\u00edvaj\u00ed v mramorov\u00e9m sarkof\u00e1gu v Muzeu revoluce v hlavn\u00edm m\u011bst\u011b Venezuely.<\/p>\n<p>Na br\u00edfinku ve \u010dtvrtek 4. srpna n\u00e1\u010deln\u00edk Odd\u00edlu radia\u010dn\u00ed, chemick\u00e9 a biologick\u00e9 ochrany Ozbrojen\u00fdch sil RF Igor Kirillov tak\u00e9 p\u0159ipustil, \u017ee\u00a0<a href=\"https:\/\/iz.ru\/tag\/koronavirus%C2%A0\" target=\"_blank\" rel=\"noreferrer noopener\">koronavirus\u00a0<\/a><a href=\"https:\/\/iz.ru\/1374934\/2022-08-04\/minoborony-rf-dopustilo-prichastnost-ssha-k-poiavleniiu-covid-19\" target=\"_blank\" rel=\"noreferrer noopener\">by mohl b\u00fdt vytvo\u0159en um\u011ble<\/a>\u00a0s vyu\u017eit\u00edm americk\u00fdch pokrok\u016f v biotechnologii.\u00a0Podle jeho slov to nazna\u010duje atypick\u00fd v\u00fdvoj pandemie COVID-19, uv\u00e1d\u00ed kan\u00e1l\u00a0<a href=\"https:\/\/360tv.ru\/news\/mir\/pandemii-covid-19\/\" target=\"_blank\" rel=\"noreferrer noopener\">360<\/a>.<\/p>\n<p>Pandemie koronaviru by mohla b\u00fdt d\u016fsledkem toho, \u017ee Ameri\u010dan\u00e9 spustili program USAID, agentury pro mezin\u00e1rodn\u00ed rozvoj, p\u00ed\u0161e\u00a0<a href=\"https:\/\/regnum.ru\/news\/polit\/3661436.html\" target=\"_blank\" rel=\"noreferrer noopener\">REGNUM<\/a>\u00a0.<\/p>\n<p>Kirillov zd\u016fraznil, \u017ee Jeffrey Sachs, profesor na Kolumbijsk\u00e9 univerzit\u011b, p\u0159edseda komise pro koronavirus l\u00e9ka\u0159sk\u00e9ho \u010dasopisu The Lancet, ji\u017e d\u0159\u00edve \u0159ekl, \u017ee COVID-19\u00a0<a href=\"https:\/\/iz.ru\/1358277\/2022-07-01\/glava-komissii-lancet-saks-priznal-sozdanie-koronavirusa-v-laboratorii\" target=\"_blank\" rel=\"noreferrer noopener\">byl vytvo\u0159en v laborato\u0159i<\/a>, uv\u00e1d\u00ed\u00a0<a href=\"https:\/\/russian.rt.com\/world\/news\/1033483-koronavirus-ssha-minoborony-razrabotka\" target=\"_blank\" rel=\"noreferrer noopener\">RT<\/a>.<\/p>\n<p>Sv\u011bd\u010d\u00ed o tom variabilita genovariant\u016f, kter\u00e1 je pro v\u011bt\u0161inu koronavir\u016f netypick\u00e1, zp\u016fsobuje r\u016fzn\u00e9 vrcholy jejich v\u00fdskytu, v\u00fdrazn\u00e9 rozd\u00edly v \u00famrtnosti a naka\u017elivosti, nerovnom\u011brn\u00e9 geografick\u00e9 rozlo\u017een\u00ed a tak\u00e9 nep\u0159edv\u00eddatelnost epidemick\u00e9ho procesu jako celku, uv\u00e1d\u00ed\u00a0<a href=\"https:\/\/www.m24.ru\/news\/politika\/04082022\/488028\" target=\"_blank\" rel=\"noreferrer noopener\">Moskva 24<\/a>.<\/p>\n<p>D\u0159\u00edve, 6. \u010dervence, Michail Bolkov, v\u011bdeck\u00fd pracovn\u00edk \u00dastavu imunologie a fyziologie Uralsk\u00e9 pobo\u010dky Rusk\u00e9 akademie v\u011bd, \u0159ekl, \u017ee laborato\u0159 ve Wu-chanu, odkud se s nejv\u011bt\u0161\u00ed pravd\u011bpodobnost\u00ed za\u010dal \u0161\u00ed\u0159it koronavirus,\u00a0<a href=\"https:\/\/iz.ru\/1360510\/2022-07-06\/uchenyi-vyskazalsia-o-vozmozhnoi-prichastnosti-ssha-k-pandemii-koronavirusa\">se zab\u00fdvala biologick\u00fdm v\u00fdvojem pro Spojen\u00e9 st\u00e1ty<\/a>.\u00a0V\u00fdvoj byl podle jeho slov sponzorov\u00e1n s pomoc\u00ed \u010d\u00ednsk\u00fdch a americk\u00fdch grant\u016f.<\/p>\n<h2><\/h2>\n<p><iframe loading=\"lazy\" class=\"vipler\" src=\"https:\/\/iz.ru\/video\/embed\/1374975\" width=\"100%\" height=\"366\" allowfullscreen=\"allowfullscreen\" data-mce-fragment=\"1\"><\/iframe><\/p>\n<p><em>Pro Pokec24 p\u0159elo\u017eila Janinna.<\/em><\/p>\n<p><a href=\"https:\/\/bit.ly\/3d6xTyt\">ZDROJ<\/a><br \/>\n<a href=\"https:\/\/bit.ly\/3d6xTyt\">ZDROJ<\/a><\/p>\n","protected":false},"excerpt":{"rendered":"<p>Rusk\u00e9 ministerstvo obrany: Venezuela spojuje smrt Ch\u00e1veze s otravou americk\u00fdm prepar\u00e1tem. \u201ePodle venezuelsk\u00e9ho prezidenta Nicolase&#8230;<\/p>\n","protected":false},"author":2,"featured_media":13182,"comment_status":"closed","ping_status":"closed","sticky":false,"template":"","format":"standard","meta":[],"categories":[7],"tags":[109,2970,181,184],"_links":{"self":[{"href":"https:\/\/www.infokuryr.cz\/n\/wp-json\/wp\/v2\/posts\/13181"}],"collection":[{"href":"https:\/\/www.infokuryr.cz\/n\/wp-json\/wp\/v2\/posts"}],"about":[{"href":"https:\/\/www.infokuryr.cz\/n\/wp-json\/wp\/v2\/types\/post"}],"author":[{"embeddable":true,"href":"https:\/\/www.infokuryr.cz\/n\/wp-json\/wp\/v2\/users\/2"}],"replies":[{"embeddable":true,"href":"https:\/\/www.infokuryr.cz\/n\/wp-json\/wp\/v2\/comments?post=13181"}],"version-history":[{"count":0,"href":"https:\/\/www.infokuryr.cz\/n\/wp-json\/wp\/v2\/posts\/13181\/revisions"}],"wp:featuredmedia":[{"embeddable":true,"href":"https:\/\/www.infokuryr.cz\/n\/wp-json\/wp\/v2\/media\/13182"}],"wp:attachment":[{"href":"https:\/\/www.infokuryr.cz\/n\/wp-json\/wp\/v2\/media?parent=13181"}],"wp:term":[{"taxonomy":"category","embeddable":true,"href":"https:\/\/www.infokuryr.cz\/n\/wp-json\/wp\/v2\/categories?post=13181"},{"taxonomy":"post_tag","embeddable":true,"href":"https:\/\/www.infokuryr.cz\/n\/wp-json\/wp\/v2\/tags?post=13181"}],"curies":[{"name":"wp","href":"https:\/\/api.w.org\/{rel}","templated":true}]}}