{"id":13180,"date":"2022-08-05T04:23:06","date_gmt":"2022-08-05T02:23:06","guid":{"rendered":"http:\/\/www.infokuryr.cz\/n\/?p=13180"},"modified":"2022-08-05T04:23:06","modified_gmt":"2022-08-05T02:23:06","slug":"americky-zoldak-ben-velcro-se-priznal-k-muceni-a-zabijeni-ruskych-zajatcu","status":"publish","type":"post","link":"https:\/\/www.infokuryr.cz\/n\/2022\/08\/05\/americky-zoldak-ben-velcro-se-priznal-k-muceni-a-zabijeni-ruskych-zajatcu\/","title":{"rendered":"Americk\u00fd \u017eold\u00e1k Ben Velcro se p\u0159iznal k mu\u010den\u00ed a zab\u00edjen\u00ed rusk\u00fdch zajatc\u016f"},"content":{"rendered":"<div id=\"fb-root\"><\/div>\n<p>Americk\u00fd \u017eold\u00e1k Ben Velcro o v\u00e1le\u010dn\u00fdch zlo\u010dinech na Ukrajin\u011b.<\/p>\n<p><em>\u201eP\u0159e\u0159\u00edzli jsme mu \u0161lachy a nechali ho plavat, abychom vid\u011bli, jak bude plavat bez \u0161lach.\u00a0Dostali jsme rozkaz nebrat nep\u0159\u00e1telsk\u00e9 zajatce.\u00a0Ob\u011b\u0165 byla ze st\u0159edn\u00edho Ruska.\u00a0Bylo mu asi 18 let,\u201c<\/em>\u00a0\u0159\u00edk\u00e1 Ameri\u010dan Ben Velcro o masakru rusk\u00e9ho voj\u00e1ka u Charkova.<\/p>\n<p>Ameri\u010dt\u00ed \u017eold\u00e1ci, kte\u0159\u00ed p\u0159i\u0161li na Ukrajinu konfrontovat Rusko, jsou nad\u00e1le aktivn\u00ed na soci\u00e1ln\u00edch s\u00edt\u00edch.<\/p>\n<p>Pamatujete si na americk\u00e9ho \u017eold\u00e1ka Benjamina Velcro (<a href=\"https:\/\/t.me\/rybar\/35977\" target=\"_blank\" rel=\"noreferrer noopener\">https:\/\/t.me\/rybar\/35977<\/a>), kter\u00fd snil o rozkouskov\u00e1n\u00ed Ruska a postaven\u00ed gay parku na Rud\u00e9m n\u00e1m\u011bst\u00ed?<\/p>\n<p>Prohl\u00e1sil, \u017ee jeho skute\u010dn\u00fdm c\u00edlem bylo rozkouskov\u00e1n\u00ed Ruska.\u00a0Proto p\u0159ijel na Ukrajinu, aby se z\u00fa\u010dastnil boj\u016f na stran\u011b ozbrojen\u00fdch sil Ukrajiny.<\/p>\n<p><em>\u201ePo osvobozen\u00ed Ukrajiny je dal\u0161\u00ed na \u0159ad\u011b B\u011blorusko. A a\u017e se va\u0161e zem\u011b rozpadne, ud\u011bl\u00e1me z mauzolea LGBT park<\/em>,\u201c napsal Velcro.<\/p>\n<p>Ben se p\u0159ed p\u00e1r dny p\u0159iznal k brut\u00e1ln\u00edmu masakru rusk\u00e9ho voj\u00e1ka.<\/p>\n<p>Vypr\u00e1v\u011bl tak\u00e9 o tom, co se d\u011blo v jejich jednotce.<\/p>\n<p>Ameri\u010dan je zklam\u00e1n ukrajinsk\u00fdm velen\u00edm kv\u016fli nedostatku \u201e\u00fato\u010dn\u00e9ho ducha\u201c.<\/p>\n<p>Velitel\u00e9 podle n\u011bj vystavuj\u00ed bojovn\u00edky d\u011blost\u0159eleck\u00fdm \u00fader\u016fm a ve\u0161kerou pr\u00e1ci d\u011blaj\u00ed zahrani\u010dn\u00ed \u017eold\u00e1ci, proto podal rezignaci.<\/p>\n<p>Velcro se opil a \u0159ekl n\u00e1sleduj\u00edc\u00ed.<\/p>\n<p>Po skand\u00e1ln\u00edm videu kastrace ukrajinsk\u00e9ho voj\u00e1ka bojovn\u00edci jeho jednotky umu\u010dili rusk\u00e9ho voj\u00e1ka.<\/p>\n<p>Podle slov Velcra \u0161lo o \u201e18let\u00e9ho voj\u00e1ka z Uralu nebo Sibi\u0159e\u201c.\u00a0P\u0159e\u0159\u00edzli mu \u0161lachy na nohou a donutili ho p\u0159eplavat \u0159eku Severskij Donec, na\u010de\u017e ho zast\u0159elili.\u00a0Informace o ob\u011bti odm\u00edtl poskytnout.<\/p>\n<p>P\u016fvodn\u011b Ameri\u010dan \u0159ekl, \u017ee voj\u00e1ka mu\u010dili a zabili \u017eoldn\u00e9\u0159i z Gruz\u00ednsk\u00e9 n\u00e1rodn\u00ed legie, ale pak tvrdil, \u017ee se na mu\u010den\u00ed tak\u00e9 pod\u00edlel.<\/p>\n<h2><\/h2>\n<p><iframe loading=\"lazy\" id=\"_dytid_3695\" title=\"\u0410\u043c\u0435\u0440\u0438\u043a\u0430\u043d\u0435\u0446 \u0411\u0435\u043d \u0412\u0435\u043b\u043a\u0440\u043e \u0440\u0430\u0441\u0441\u043a\u0430\u0437\u0430\u043b \u043e \u0440\u0430\u0441\u043f\u0440\u0430\u0432\u0435 \u043d\u0430\u0434 \u0440\u043e\u0441\u0441\u0438\u0439\u0441\u043a\u0438\u043c \u0432\u043e\u0435\u043d\u043d\u043e\u0441\u043b\u0443\u0436\u0430\u0449\u0438\u043c \u043f\u043e\u0434 \u0425\u0430\u0440\u044c\u043a\u043e\u0432\u043e\u043c\" src=\"https:\/\/www.youtube.com\/embed\/vEKDNWI8zn4\" width=\"743\" height=\"418\" frameborder=\"0\" allowfullscreen=\"allowfullscreen\" data-gtm-yt-inspected-12=\"true\" data-mce-fragment=\"1\"><\/iframe><\/p>\n<p><em>Pro Pokec24 p\u0159elo\u017eila Janinna.<\/em><\/p>\n<p><a href=\"https:\/\/bit.ly\/3BLi4r8\">ZDROJ, <\/a><a href=\"https:\/\/t.me\/rybar\/36631\">ZDROJ<\/a><\/p>\n<p>&nbsp;<\/p>\n","protected":false},"excerpt":{"rendered":"<p>Americk\u00fd \u017eold\u00e1k Ben Velcro o v\u00e1le\u010dn\u00fdch zlo\u010dinech na Ukrajin\u011b. \u201eP\u0159e\u0159\u00edzli jsme mu \u0161lachy a nechali&#8230;<\/p>\n","protected":false},"author":2,"featured_media":11804,"comment_status":"closed","ping_status":"closed","sticky":false,"template":"","format":"standard","meta":[],"categories":[7],"tags":[2753,625,26,2969],"_links":{"self":[{"href":"https:\/\/www.infokuryr.cz\/n\/wp-json\/wp\/v2\/posts\/13180"}],"collection":[{"href":"https:\/\/www.infokuryr.cz\/n\/wp-json\/wp\/v2\/posts"}],"about":[{"href":"https:\/\/www.infokuryr.cz\/n\/wp-json\/wp\/v2\/types\/post"}],"author":[{"embeddable":true,"href":"https:\/\/www.infokuryr.cz\/n\/wp-json\/wp\/v2\/users\/2"}],"replies":[{"embeddable":true,"href":"https:\/\/www.infokuryr.cz\/n\/wp-json\/wp\/v2\/comments?post=13180"}],"version-history":[{"count":0,"href":"https:\/\/www.infokuryr.cz\/n\/wp-json\/wp\/v2\/posts\/13180\/revisions"}],"wp:featuredmedia":[{"embeddable":true,"href":"https:\/\/www.infokuryr.cz\/n\/wp-json\/wp\/v2\/media\/11804"}],"wp:attachment":[{"href":"https:\/\/www.infokuryr.cz\/n\/wp-json\/wp\/v2\/media?parent=13180"}],"wp:term":[{"taxonomy":"category","embeddable":true,"href":"https:\/\/www.infokuryr.cz\/n\/wp-json\/wp\/v2\/categories?post=13180"},{"taxonomy":"post_tag","embeddable":true,"href":"https:\/\/www.infokuryr.cz\/n\/wp-json\/wp\/v2\/tags?post=13180"}],"curies":[{"name":"wp","href":"https:\/\/api.w.org\/{rel}","templated":true}]}}