{"id":13178,"date":"2022-08-05T04:09:31","date_gmt":"2022-08-05T02:09:31","guid":{"rendered":"http:\/\/www.infokuryr.cz\/n\/?p=13178"},"modified":"2022-08-05T04:09:31","modified_gmt":"2022-08-05T02:09:31","slug":"amnesty-international-odhaluje-valecne-zlociny-ukrajinskeho-rezimu","status":"publish","type":"post","link":"https:\/\/www.infokuryr.cz\/n\/2022\/08\/05\/amnesty-international-odhaluje-valecne-zlociny-ukrajinskeho-rezimu\/","title":{"rendered":"Amnesty International odhaluje v\u00e1le\u010dn\u00e9 zlo\u010diny ukrajinsk\u00e9ho re\u017eimu"},"content":{"rendered":"<div id=\"fb-root\"><\/div>\n<h4>Amnesty International po 6 m\u011bs\u00edc\u00edch po Aeronetu kone\u010dn\u011b p\u0159iznala, \u017ee ukrajinsk\u00e1 arm\u00e1da vyu\u017e\u00edv\u00e1 civiln\u00ed obyvatelstvo jako \u017eiv\u00e9 \u0161t\u00edty a rozmis\u0165uje do civiln\u00edch objekt\u016f zbra\u0148ov\u00e9 syst\u00e9my, kter\u00e9 se st\u00e1vaj\u00ed ter\u010dem Rusk\u00e9 arm\u00e1dy! Zpr\u00e1va nevl\u00e1dn\u00ed AI z Lond\u00fdna je pozorovateli pova\u017eov\u00e1na za d\u00fdku do zad ukrajinsk\u00e9 vl\u00e1d\u011b, kter\u00e1 p\u0159edznamen\u00e1v\u00e1 po\u010d\u00e1tek konce vojensk\u00e9 podpory Ukrajin\u011b! D\u016fvod? Ukrajinsk\u00e1 arm\u00e1da za 6 m\u011bs\u00edc\u016f nep\u0159edvedla investor\u016fm z Lond\u00fdna a z Washingtonu, \u017ee dok\u00e1\u017ee Ruskou arm\u00e1du porazit! Proto p\u0159ich\u00e1z\u00ed Pl\u00e1n B a Lond\u00fdn na\u0159\u00eddil Kyjevu urychlenou privatizaci zbytku Ukrajiny uprost\u0159ed v\u00e1lky!<\/h4>\n<p>Karta neomezen\u00e9 podpory Ukrajin\u011b ze strany Z\u00e1padu se za\u010d\u00edn\u00e1 obracet. Anglo-americk\u00e1 nevl\u00e1dn\u00ed neziskovka Amnesty International toti\u017e pr\u00e1v\u011b publikovala\u00a0<strong>[<a href=\"https:\/\/href.li\/?https:\/\/www.amnesty.org\/en\/latest\/news\/2022\/08\/ukraine-ukrainian-fighting-tactics-endanger-civilians\/\" target=\"_blank\" rel=\"nofollow noopener\">1<\/a>]<\/strong>\u00a0pro ve\u0159ejnost \u0161okuj\u00edc\u00ed a v\u00fdbu\u0161nou zpr\u00e1vu, kter\u00e1 by je\u0161t\u011b p\u0159ed p\u00e1r t\u00fddny byla nemysliteln\u00e1, tedy ze strany z\u00e1padn\u00edch organizac\u00ed a neziskovek.\u00a0<strong>Tento dokument nen\u00ed kl\u00ed\u010dov\u00fd ani v tom, co obsahuje, jako sp\u00ed\u0161 v tom, \u017ee v\u016fbec vy\u0161el a byl publikov\u00e1n, proto\u017ee to oznamuje z\u00e1sadn\u00ed zlom v politice Z\u00e1padu v\u016f\u010di Ukrajin\u011b.<\/strong><\/p>\n<p>Tato zpr\u00e1va je zatrouben\u00edm k \u00fastupu Z\u00e1padu z Ukrajiny, minim\u00e1ln\u011b je to za\u010d\u00e1tek a sign\u00e1l pro ochlazov\u00e1n\u00ed podpory Kyjevu ze strany Z\u00e1padu. Za\u010dalo to p\u0159ed v\u00edce ne\u017e m\u011bs\u00edcem v\u00fdroky Henryho Kissingera a nyn\u00ed to pokra\u010duje dal\u0161\u00edm \u00faderem, tentokr\u00e1t od profl\u00e1knut\u00e9 neziskovky, kter\u00e1 je pova\u017eov\u00e1na za kon\u011b anglo-americk\u00fdch tajn\u00fdch slu\u017eeb. Dosud nebylo povoleno ani jedno k\u0159iv\u00e9 slovo proti Kyjevu ze strany Z\u00e1padu, ale to se m\u011bn\u00ed.<\/p>\n<figure id=\"attachment_52698\" class=\"wp-caption aligncenter\" style=\"width: 695px;\"><a href=\"https:\/\/aeronet.news\/wp-content\/uploads\/AmnestyInternationalProtest.jpg\"><img decoding=\"async\" loading=\"lazy\" class=\"wp-image-52698 \" src=\"https:\/\/aeronet.news\/wp-content\/uploads\/AmnestyInternationalProtest-1024x433.jpg\" sizes=\"(max-width: 700px) 100vw, 700px\" srcset=\"https:\/\/aeronet.news\/wp-content\/uploads\/AmnestyInternationalProtest-1024x433.jpg 1024w, https:\/\/aeronet.news\/wp-content\/uploads\/AmnestyInternationalProtest-300x127.jpg 300w, https:\/\/aeronet.news\/wp-content\/uploads\/AmnestyInternationalProtest-768x325.jpg 768w, https:\/\/aeronet.news\/wp-content\/uploads\/AmnestyInternationalProtest-700x296.jpg 700w, https:\/\/aeronet.news\/wp-content\/uploads\/AmnestyInternationalProtest-845x357.jpg 845w, https:\/\/aeronet.news\/wp-content\/uploads\/AmnestyInternationalProtest-1143x483.jpg 1143w, https:\/\/aeronet.news\/wp-content\/uploads\/AmnestyInternationalProtest.jpg 1280w\" alt=\"\" width=\"695\" height=\"294\" \/><\/a><figcaption class=\"wp-caption-text\">Je\u0161t\u011b na ja\u0159e milovan\u00e1 Amnesty International<\/figcaption><\/figure>\n<p>D\u016fvodem je nespokojenost investor\u016f v Lond\u00fdn\u011b s v\u00e1lkou. Obrovsk\u00e1 nespokojenost, \u017ee ukrajinsk\u00e1 arm\u00e1da je \u00fapln\u011b a doslova jalov\u00e1. Za p\u016fl roku nedok\u00e1zala vybojovat na Rusk\u00e9 arm\u00e1d\u011b v p\u0159\u00edm\u00e9m st\u0159etu ani jedno jedin\u00e9 Rusy obsazen\u00e9 m\u011bsto. A to prost\u011b znamen\u00e1, \u017ee \u010das trp\u011blivosti investor\u016f v Lond\u00fdn\u011b se naplnil a za\u010d\u00ednaj\u00ed realizovat Pl\u00e1n B. Mo\u017en\u00e1 jste zaregistrovali dnes ve \u010dtvrtek \u0161okuj\u00edc\u00ed\u00a0<strong>ozn\u00e1men\u00ed Volodymyra Zelensk\u00e9ho, \u017ee bez ohledu na stav boj\u016f a v\u00e1lky se rozhodl vyhl\u00e1sit po\u010d\u00e1tek masivn\u00ed privatizace Ukrajiny na 1. z\u00e1\u0159\u00ed tohoto roku. O rozhodnut\u00ed prezidenta informoval [<a href=\"https:\/\/href.li\/?https:\/\/www.kmu.gov.ua\/en\/news\/denys-shmyhal-z-1-veresnia-planuiemo-masovo-zapustyty-protses-pryvatyzatsii\" target=\"_blank\" rel=\"nofollow noopener\">2<\/a>] premi\u00e9r Ukrajiny Denys \u0160myhal<\/strong>.<\/p>\n<p>Toto p\u0159ekvapiv\u00e9 rozhodnut\u00ed bylo u\u010din\u011bno na n\u00e1tlak Lond\u00fdna a v\u00e1le\u010dn\u00fdch investor\u016f, kte\u0159\u00ed se boj\u00ed, \u017ee kdy\u017e nedojde k rychl\u00e9mu ukon\u010den\u00ed v\u00e1lky, Rusov\u00e9 obsad\u00ed celou Ukrajinu a investo\u0159i z Lond\u00fdna ut\u0159ou hubu a nebudou m\u00edt nic. Tohle je kl\u00ed\u010dov\u00e1 a p\u0159evratn\u00e1 informace, kter\u00e1 zapad\u00e1 spole\u010dn\u011b se zpr\u00e1vou Amnesty International jako puzzle do sebe. Z\u00e1pad u\u017e v\u00ed, \u017ee Ukrajina Rusko nejen neporaz\u00ed, ale i to, \u017ee pokud se rychle v\u00e1lka neskon\u010d\u00ed, nebude \u017e\u00e1dn\u00e1 Ukrajina, kterou by \u0161lo lond\u00fdnsk\u00fdmi v\u00e1le\u010dn\u00fdmi investory zprivatizovat.<\/p>\n<h6><span style=\"font-size: 18pt;\">Co to znamen\u00e1, kdy\u017e v jeden den lond\u00fdnsk\u00e1 nevl\u00e1dka vrazi Kyjevu d\u00fdku do zad v podob\u011b zpr\u00e1vy jako p\u0159evzat\u00e9 z Aeronetu, a v ten sam\u00fd den Zelensk\u00fd na\u0159\u00edd\u00ed urychlenou privatizaci Ukrajiny uprost\u0159ed v\u00e1lky?<\/span><\/h6>\n<p>M\u016f\u017eeme si to zanalyzovat takto: Lond\u00fdn u\u017e v\u00ed, \u017ee ukrajinsk\u00e1 arm\u00e1da je i se z\u00e1padn\u00edmi zbran\u011bmi jalov\u00e1, proto\u017ee zdroje Rusk\u00e9 arm\u00e1dy jsou prost\u011b tak ohromn\u00e9, \u017ee ani modern\u00ed z\u00e1padn\u00ed technika nedok\u00e1\u017ee Ukrajin\u011b p\u0159ihr\u00e1t p\u0159evahu a p\u0159eklopit v\u00e1le\u010dnou vlnu, aby se obr\u00e1tila a valila opa\u010dn\u00fdm sm\u011brem. Ukrajina bude pora\u017eena. Lond\u00fdn si uv\u011bdomil, \u017ee ale nen\u00ed v\u0161e ztraceno a Ukrajina m\u016f\u017ee b\u00fdt zprivatizov\u00e1na lond\u00fdnsk\u00fdmi kancel\u00e1\u0159emi Domu Rothschild podle p\u016fvodn\u00edho pl\u00e1nu, jen ne v p\u016fvodn\u00edm rozm\u011bru a rozsahu. Pokud se Z\u00e1pad s Ruskem domluv\u00ed na ukon\u010den\u00ed boj\u016f na Ukrajin\u011b, z\u016fstane Rothschildov\u011b Ukrajin\u011b po\u0159\u00e1d velk\u00e9 \u00fazem\u00ed a zdroje pro privatizaci, a to p\u0159edev\u0161\u00edm komun\u00e1ln\u00edho majetku.<\/p>\n<figure id=\"attachment_50678\" class=\"wp-caption aligncenter\" style=\"width: 669px;\"><a href=\"https:\/\/aeronet.news\/wp-content\/uploads\/SeverodonetskUA122mm.jpg\"><img decoding=\"async\" loading=\"lazy\" class=\"wp-image-50678 \" src=\"https:\/\/aeronet.news\/wp-content\/uploads\/SeverodonetskUA122mm-768x1024.jpg\" sizes=\"(max-width: 700px) 100vw, 700px\" srcset=\"https:\/\/aeronet.news\/wp-content\/uploads\/SeverodonetskUA122mm-768x1024.jpg 768w, https:\/\/aeronet.news\/wp-content\/uploads\/SeverodonetskUA122mm-225x300.jpg 225w, https:\/\/aeronet.news\/wp-content\/uploads\/SeverodonetskUA122mm-700x933.jpg 700w, https:\/\/aeronet.news\/wp-content\/uploads\/SeverodonetskUA122mm-268x357.jpg 268w, https:\/\/aeronet.news\/wp-content\/uploads\/SeverodonetskUA122mm-362x483.jpg 362w, https:\/\/aeronet.news\/wp-content\/uploads\/SeverodonetskUA122mm.jpg 960w\" alt=\"\" width=\"669\" height=\"892\" \/><\/a><figcaption class=\"wp-caption-text\">Houfnice ukrajinsk\u00e9 arm\u00e1dy mezi panel\u00e1ky uprost\u0159ed s\u00eddli\u0161t\u011b v Severodon\u011bcku, b\u0159ezen 2022<\/figcaption><\/figure>\n<p>Doly, hut\u011b, pr\u016fmysl a agr\u00e1rn\u00ed p\u016fda u\u017e je mimo hru, to v\u0161echno u\u017e te\u010f ovl\u00e1d\u00e1 Rusk\u00e1 arm\u00e1da a tam je vymalov\u00e1no.\u00a0<strong>Jen\u017ee po\u0159\u00e1d je\u0161t\u011b m\u016f\u017ee Lond\u00fdn zprivatizovat ve\u0161kerou infrastrukturu zb\u00fdvaj\u00edc\u00ed Ukrajiny, a to podle modelu \u010ceskoslovenska z roku 1990, kde to prob\u011bhlo stejn\u011b.<\/strong>\u00a0Zat\u00edmco Havel ladil d\u00e9lku nohavic na Pra\u017esk\u00e9m hrad\u011b a plival na bytov\u00e9 kr\u00e1l\u00edk\u00e1rny na Ji\u017en\u00edm m\u011bst\u011b, tak mezit\u00edm se rozb\u011bhla jatka a masivn\u00ed privatizace \u010desk\u00fdch a slovensk\u00fdch vod\u00e1ren, tepl\u00e1ren, dol\u016f, energetick\u00fdch podnik\u016f, rozvodn\u00fdch s\u00edt\u00ed, telekomunikac\u00ed a p\u0159edev\u0161\u00edm st\u00e1tn\u00edch a m\u011bstsk\u00fdch byt\u016f. To v\u0161echno zmizelo do soukrom\u00fdch rukou doslova p\u0159es noc.<\/p>\n<h6><span style=\"font-size: 18pt;\">Nejprve \u00fatok proti Kyjevu od Kissingera z USA, te\u010f od Amnesty z Lond\u00fdna<\/span><\/h6>\n<p>A p\u0159esn\u011b toto \u010dek\u00e1 Ukrajinu. A proto\u017ee Rusov\u00e9 jsou k nezastaven\u00ed a dnes ve \u010dtvrtek na Donbasu prolomili obranu ukrajinsk\u00e9 arm\u00e1dy a obsadili m\u011bsto Peski a de facto i Soledar a Avdijevku, ve kter\u00fdch byli Ukrajinci zakop\u00e1ni 8 let, tak to znamen\u00e1, \u017ee v Lond\u00fdn\u011b maj\u00ed investo\u0159i doslova nervy na pochodu a za\u010d\u00edn\u00e1 propukat panika. Abyste rozum\u011bli, v dob\u011b v\u00e1lky se pochopiteln\u011b ve slu\u0161n\u00fdch rodin\u00e1ch privatizace nespou\u0161t\u00ed, to je snad ka\u017ed\u00e9mu jasn\u00e9.<\/p>\n<figure id=\"attachment_52696\" class=\"wp-caption aligncenter\" style=\"width: 695px;\"><a href=\"https:\/\/aeronet.news\/wp-content\/uploads\/UA_CivilianShieldAftermath.jpg\"><img decoding=\"async\" loading=\"lazy\" class=\"wp-image-52696 \" src=\"https:\/\/aeronet.news\/wp-content\/uploads\/UA_CivilianShieldAftermath-1024x642.jpg\" sizes=\"(max-width: 700px) 100vw, 700px\" srcset=\"https:\/\/aeronet.news\/wp-content\/uploads\/UA_CivilianShieldAftermath-1024x642.jpg 1024w, https:\/\/aeronet.news\/wp-content\/uploads\/UA_CivilianShieldAftermath-300x188.jpg 300w, https:\/\/aeronet.news\/wp-content\/uploads\/UA_CivilianShieldAftermath-768x481.jpg 768w, https:\/\/aeronet.news\/wp-content\/uploads\/UA_CivilianShieldAftermath-700x439.jpg 700w, https:\/\/aeronet.news\/wp-content\/uploads\/UA_CivilianShieldAftermath-570x357.jpg 570w, https:\/\/aeronet.news\/wp-content\/uploads\/UA_CivilianShieldAftermath-771x483.jpg 771w, https:\/\/aeronet.news\/wp-content\/uploads\/UA_CivilianShieldAftermath.jpg 1280w\" alt=\"\" width=\"695\" height=\"436\" \/><\/a><figcaption class=\"wp-caption-text\">N\u00e1sledky rusk\u00e9 odvety proti rozestav\u011bn\u00fdm ukrajinsk\u00fdm pozic\u00edm na s\u00eddli\u0161ti<\/figcaption><\/figure>\n<p>Jen\u017ee, skute\u010dnost toho, \u017ee k tomu pr\u00e1v\u011b do\u0161lo a premi\u00e9r Ukrajiny ozn\u00e1mil po\u010d\u00e1tek privatizace ji\u017e na 1. z\u00e1\u0159\u00ed, tak to znamen\u00e1, \u017ee Lond\u00fdn u\u017e nechce na nic \u010dekat a chce privatizovat st\u016fj co st\u016fj z\u00e1padn\u00ed \u010d\u00e1st Ukrajiny a postupn\u011b zcela kapituluje na zbytek Ukrajiny a t\u00edm p\u00e1dem i na pomoc Kyjevu.\u00a0<strong>Proto britsk\u00e1 neziskovka Amnesty International odp\u00e1lila tu zpr\u00e1vu proti Ukrajin\u011b, proto\u017ee investo\u0159i v Lond\u00fdn\u011b nad Kyjevem zlomili h\u016fl a na\u0159\u00eddili, \u017ee Zelensk\u00fd mus\u00ed nepl\u00e1novan\u011b spustit privatizaci okam\u017eit\u011b, tedy ji\u017e od z\u00e1\u0159\u00ed<\/strong>, a to i v dob\u011b, kdy zu\u0159\u00ed v\u00e1lka. Lond\u00fdnsk\u00e9 kancel\u00e1\u0159e v\u00ed, \u017ee u\u017e nemohou na nic \u010dekat. Pokud by Kyjev nad\u00e1le m\u011bl podporu Lond\u00fdna, nikdy by takov\u00fd text neziskovky AI proti Kyjevu nevy\u0161el, na to m\u016f\u017eete vz\u00edt jed. Poj\u010fme si ocitovat, co stoj\u00ed ve zpr\u00e1v\u011b:<\/p>\n<h4><span style=\"font-size: 18pt;\">Ukrajina: Taktika ukrajinsk\u00fdch boj\u016f ohro\u017euje civilisty<\/span><\/h4>\n<ul>\n<li><strong>Vojensk\u00e9 z\u00e1kladny z\u0159\u00edzen\u00e9 v obytn\u00fdch oblastech v\u010detn\u011b \u0161kol a nemocnic<\/strong><\/li>\n<li><strong>\u00a0\u00datoky veden\u00e9 z obydlen\u00fdch civiln\u00edch oblast\u00ed<\/strong><\/li>\n<li><strong>Takov\u00e1 poru\u0161en\u00ed v \u017e\u00e1dn\u00e9m p\u0159\u00edpad\u011b neospravedl\u0148uj\u00ed nevyb\u00edrav\u00e9 \u00fatoky Ruska, p\u0159i nich\u017e bylo zabito a zran\u011bno nespo\u010det civilist\u016f<\/strong><\/li>\n<\/ul>\n<p>Ukrajinsk\u00e9 s\u00edly p\u0159i odr\u00e1\u017een\u00ed rusk\u00e9 invaze, kter\u00e1 za\u010dala v \u00fanoru, vystavily civilisty nebezpe\u010d\u00ed t\u00edm, \u017ee z\u0159\u00eddily z\u00e1kladny a provozovaly zbra\u0148ov\u00e9 syst\u00e9my v obydlen\u00fdch obytn\u00fdch oblastech, v\u010detn\u011b \u0161kol a nemocnic, uvedla dnes Amnesty International.<\/p>\n<p>Takov\u00e1 taktika poru\u0161uje mezin\u00e1rodn\u00ed humanit\u00e1rn\u00ed pr\u00e1vo a ohro\u017euje civilisty, proto\u017ee z civiln\u00edch objekt\u016f d\u011bl\u00e1 vojensk\u00e9 c\u00edle. N\u00e1sledn\u00e9 rusk\u00e9 \u00fadery v obydlen\u00fdch oblastech zabily civilisty a zni\u010dily civiln\u00ed infrastrukturu.<\/p>\n<p>\u201c<em>Zdokumentovali jsme, \u017ee ukrajinsk\u00e9 s\u00edly ohro\u017euj\u00ed civilisty a poru\u0161uj\u00ed v\u00e1le\u010dn\u00e9 pr\u00e1vo, kdy\u017e operuj\u00ed v obydlen\u00fdch oblastech<\/em>,\u201d uvedla Agn\u00e8s Callamardov\u00e1, gener\u00e1ln\u00ed tajemnice Amnesty International.<\/p>\n<p>\u201c<strong><em>To, \u017ee jsou v obrann\u00e9m postaven\u00ed, nezbavuje ukrajinskou arm\u00e1du povinnosti dodr\u017eovat mezin\u00e1rodn\u00ed humanit\u00e1rn\u00ed pr\u00e1vo<\/em><\/strong>.\u201d<\/p>\n<p>Ne ka\u017ed\u00fd rusk\u00fd \u00fatok zdokumentovan\u00fd Amnesty International se v\u0161ak \u0159\u00eddil t\u00edmto vzorem. V n\u011bkter\u00fdch dal\u0161\u00edch lokalit\u00e1ch, v nich\u017e Amnesty International dosp\u011bla k z\u00e1v\u011bru, \u017ee se Rusko dopustilo v\u00e1le\u010dn\u00fdch zlo\u010din\u016f, v\u010detn\u011b n\u011bkter\u00fdch oblast\u00ed m\u011bsta Charkov, organizace nena\u0161la d\u016fkazy o tom, \u017ee by se ukrajinsk\u00e9 s\u00edly nach\u00e1zely v civiln\u00edch oblastech, na kter\u00e9 se rusk\u00e1 arm\u00e1da protipr\u00e1vn\u011b zam\u011b\u0159ila.<\/p>\n<p>Od dubna do \u010dervence str\u00e1vili v\u00fdzkumn\u00edci Amnesty International n\u011bkolik t\u00fddn\u016f vy\u0161et\u0159ov\u00e1n\u00edm rusk\u00fdch \u00fader\u016f v Charkov\u011b, Donbasu a Mykolajivu. Organizace si prohl\u00e9dla m\u00edsta \u00fader\u016f, vedla rozhovory s p\u0159e\u017eiv\u0161\u00edmi, sv\u011bdky a p\u0159\u00edbuzn\u00fdmi ob\u011bt\u00ed \u00fatok\u016f a prov\u00e1d\u011bla d\u00e1lkov\u00e9 sn\u00edm\u00e1n\u00ed a anal\u00fdzu zbran\u00ed.<\/p>\n<p><strong>B\u011bhem t\u011bchto \u0161et\u0159en\u00ed v\u00fdzkumn\u00edci nalezli d\u016fkazy o tom, \u017ee ukrajinsk\u00e9 s\u00edly prov\u00e1d\u011bly \u00fadery z obydlen\u00fdch obytn\u00fdch oblast\u00ed a tak\u00e9 se zakl\u00e1daly v civiln\u00edch budov\u00e1ch v 19 m\u011bstech a vesnic\u00edch v regionech.<\/strong>\u00a0Laborato\u0159 organizace Crisis Evidence Lab analyzovala satelitn\u00ed sn\u00edmky, aby n\u011bkter\u00e9 z t\u011bchto incident\u016f d\u00e1le potvrdila.<\/p>\n<p>V\u011bt\u0161ina obytn\u00fdch oblast\u00ed, kde se voj\u00e1ci nach\u00e1zeli, byla vzd\u00e1lena kilometry od frontov\u00e9 linie. K dispozici byly \u017eivotaschopn\u00e9 alternativy, kter\u00e9 by neohro\u017eovaly civilisty \u2013 nap\u0159\u00edklad vojensk\u00e9 z\u00e1kladny nebo hust\u011b zalesn\u011bn\u00e9 oblasti v okol\u00ed, p\u0159\u00edpadn\u011b jin\u00e9 stavby d\u00e1le od obytn\u00fdch oblast\u00ed. Amnesty International si nen\u00ed v\u011bdoma, \u017ee by v p\u0159\u00edpadech, kter\u00e9 zdokumentovala, ukrajin\u0161t\u00ed voj\u00e1ci, kte\u0159\u00ed se nach\u00e1zeli v civiln\u00edch objektech v obytn\u00fdch oblastech, po\u017e\u00e1dali civilisty o evakuaci z bl\u00edzk\u00fdch budov nebo jim v n\u00ed pomohli \u2013 to znamen\u00e1, \u017ee nebyla p\u0159ijata v\u0161echna mo\u017en\u00e1 opat\u0159en\u00ed na ochranu civilist\u016f.<\/p>\n<h6><span style=\"font-size: 18pt;\">\u00dadery z obydlen\u00fdch civiln\u00edch oblast\u00ed<\/span><\/h6>\n<p>P\u0159e\u017eiv\u0161\u00ed a sv\u011bdci rusk\u00fdch \u00fader\u016f v Donbasu, Charkov\u011b a Mykolajivu v\u00fdzkumn\u00edk\u016fm Amnesty International \u0159ekli, \u017ee ukrajinsk\u00e1 arm\u00e1da v dob\u011b \u00fader\u016f operovala v bl\u00edzkosti jejich domov\u016f a vystavila tyto oblasti odvetn\u00e9 palb\u011b rusk\u00fdch sil. V\u00fdzkumn\u00edci Amnesty International byli sv\u011bdky takov\u00e9ho jedn\u00e1n\u00ed na mnoha m\u00edstech.<\/p>\n<p>Mezin\u00e1rodn\u00ed humanit\u00e1rn\u00ed pr\u00e1vo vy\u017eaduje, aby se v\u0161echny strany konfliktu v maxim\u00e1ln\u00ed mo\u017en\u00e9 m\u00ed\u0159e vyh\u00fdbaly um\u00eds\u0165ov\u00e1n\u00ed vojensk\u00fdch c\u00edl\u016f v hust\u011b obydlen\u00fdch oblastech nebo v jejich bl\u00edzkosti. K dal\u0161\u00edm povinnostem chr\u00e1nit civiln\u00ed obyvatelstvo p\u0159ed n\u00e1sledky \u00fatok\u016f pat\u0159\u00ed odstran\u011bn\u00ed civiln\u00edho obyvatelstva z bl\u00edzkosti vojensk\u00fdch c\u00edl\u016f a \u00fa\u010dinn\u00e9 varov\u00e1n\u00ed p\u0159ed \u00fatoky, kter\u00e9 mohou postihnout civiln\u00ed obyvatelstvo.<\/p>\n<p>Matka pades\u00e1tilet\u00e9ho mu\u017ee, kter\u00fd byl 10. \u010dervna zabit p\u0159i raketov\u00e9m \u00fatoku ve vesnici ji\u017en\u011b od Mykolajova, \u0159ekla Amnesty International: \u201c<em>Voj\u00e1ci se zdr\u017eovali v dom\u011b vedle na\u0161eho domu a m\u016fj syn \u010dasto nosil voj\u00e1k\u016fm j\u00eddlo.\u00a0<strong>N\u011bkolikr\u00e1t jsem ho prosila, aby se odtamtud dr\u017eel d\u00e1l, proto\u017ee jsem se b\u00e1la o jeho bezpe\u010dnost. To odpoledne, kdy do\u0161lo k z\u00e1sahu, byl m\u016fj syn na dvo\u0159e na\u0161eho domu a j\u00e1 v dom\u011b. Byl na m\u00edst\u011b zabit.<\/strong>\u00a0Jeho t\u011blo bylo roztrh\u00e1no na kusy. N\u00e1\u0161 d\u016fm byl \u010d\u00e1ste\u010dn\u011b zni\u010den<\/em>.\u201d V\u00fdzkumn\u00edci Amnesty International na\u0161li ve vedlej\u0161\u00edm dom\u011b vojensk\u00e9 vybaven\u00ed a uniformy.<\/p>\n<p>Mykola, kter\u00fd \u017eije v panel\u00e1ku ve \u010dtvrti Lysy\u010dansk (Donbas), kter\u00e1 byla opakovan\u011b zasa\u017eena rusk\u00fdmi \u00fatoky, p\u0159i nich\u017e zahynul nejm\u00e9n\u011b jeden star\u0161\u00ed mu\u017e, \u0159ekl Amnesty International: \u201c<em>Nech\u00e1pu, pro\u010d na\u0161e arm\u00e1da st\u0159\u00edl\u00ed z m\u011bst, a ne z pole.<\/em>\u201d Jin\u00fd obyvatel, pades\u00e1tilet\u00fd mu\u017e, \u0159ekl: \u201c<em>V Donbasu se st\u0159\u00edlelo na lidi: \u201cV okol\u00ed je ur\u010dit\u011b vojensk\u00e1 aktivita. Kdy\u017e je vedena palba, sly\u0161\u00edme pot\u00e9 i palbu p\u0159\u00edchoz\u00ed<\/em>.\u201d V\u00fdzkumn\u00edci Amnesty International byli sv\u011bdky toho, jak voj\u00e1ci vyu\u017e\u00edvaj\u00ed obytnou budovu vzd\u00e1lenou asi 20 metr\u016f od vchodu do podzemn\u00edho krytu, kter\u00fd vyu\u017e\u00edvaj\u00ed obyvatel\u00e9, kde byl zabit star\u0161\u00ed mu\u017e.<\/p>\n<p>V jednom m\u011bst\u011b v Donbasu pou\u017eily rusk\u00e9 s\u00edly 6. kv\u011btna \u0161iroce zak\u00e1zanou a ze sv\u00e9 podstaty nerozli\u0161uj\u00edc\u00ed kazetovou munici nad \u010dtvrt\u00ed p\u0159ev\u00e1\u017en\u011b jedno- nebo dvoupatrov\u00fdch dom\u016f, kde ukrajinsk\u00e9 s\u00edly obsluhovaly d\u011blost\u0159electvo. St\u0159epiny po\u0161kodily st\u011bny domu, kde \u017eije sedmdes\u00e1tilet\u00e1 Anna se sv\u00fdm synem a 95letou matkou.<\/p>\n<p>Anna \u0159ekla: \u201c<em>D\u011bkuji, \u017ee jste p\u0159i\u0161li: \u201c\u0160rapnely prolet\u011bly dve\u0159mi. Byla jsem uvnit\u0159. Ukrajinsk\u00e9 d\u011blost\u0159electvo bylo bl\u00edzko m\u00e9ho pole\u2026 Voj\u00e1ci byli za polem, za domem\u2026 Vid\u011bla jsem je p\u0159ich\u00e1zet a odch\u00e1zet\u2026 od za\u010d\u00e1tku v\u00e1lky\u2026 Moje matka je\u2026 ochrnut\u00e1, tak\u017ee jsem nemohla ut\u00e9ct<\/em>.\u201d<\/p>\n<p>Za\u010d\u00e1tkem \u010dervence byl p\u0159i \u00faderu rusk\u00fdch sil na zem\u011bd\u011blsk\u00fd sklad v oblasti Mykolajova zran\u011bn zem\u011bd\u011blsk\u00fd d\u011bln\u00edk. N\u011bkolik hodin po \u00faderu byli v\u00fdzkumn\u00edci Amnesty International sv\u011bdky p\u0159\u00edtomnosti ukrajinsk\u00fdch voj\u00e1k\u016f a vozidel v prostoru skladu obil\u00ed a sv\u011bdci potvrdili, \u017ee arm\u00e1da vyu\u017e\u00edvala sklad, kter\u00fd se nach\u00e1z\u00ed p\u0159es silnici od farmy, kde \u017eij\u00ed a pracuj\u00ed civilist\u00e9.<\/p>\n<p>Zat\u00edmco v\u00fdzkumn\u00edci Amnesty International zkoumali \u0161kody na obytn\u00fdch a p\u0159ilehl\u00fdch ve\u0159ejn\u00fdch budov\u00e1ch v Charkov\u011b a ve vesnic\u00edch v Donbasu a v\u00fdchodn\u011b od Mykolajova, sly\u0161eli z nedalek\u00fdch pozic ukrajinsk\u00e9 arm\u00e1dy odch\u00e1zej\u00edc\u00ed palbu.<\/p>\n<p>V Bachmutu n\u011bkolik obyvatel Amnesty International sd\u011blilo, \u017ee ukrajinsk\u00e1 arm\u00e1da pou\u017e\u00edvala budovu vzd\u00e1lenou sotva 20 metr\u016f p\u0159es ulici od obytn\u00e9ho v\u00fd\u0161kov\u00e9ho domu. Dne 18. kv\u011btna rusk\u00e1 raketa zas\u00e1hla pr\u016f\u010del\u00ed budovy, \u010d\u00e1ste\u010dn\u011b zni\u010dila p\u011bt byt\u016f a po\u0161kodila okoln\u00ed budovy. Obyvatelka Kateryna, kter\u00e1 z\u00e1sah p\u0159e\u017eila, \u0159ekla: \u201c<em>Z\u00e1sah p\u0159e\u017eila: \u201cNech\u00e1pala jsem, co se stalo. V m\u00e9m dom\u011b byla [rozbit\u00e1] okna a spousta prachu\u2026 Z\u016fstala jsem tu, proto\u017ee moje matka necht\u011bla odej\u00edt. M\u00e1 zdravotn\u00ed probl\u00e9my<\/em>.\u201d<\/p>\n<p><strong>T\u0159i obyvatel\u00e9 \u0159ekli Amnesty International, \u017ee p\u0159ed \u00faderem ukrajinsk\u00e9 s\u00edly vyu\u017e\u00edvaly budovu naproti vybombardovan\u00e9mu domu a \u017ee p\u0159ed dal\u0161\u00edm domem, kter\u00fd byl po\u0161kozen p\u0159i z\u00e1sahu raketou, parkovala dv\u011b vojensk\u00e1 n\u00e1kladn\u00ed auta.<\/strong>\u00a0V\u00fdzkumn\u00edci Amnesty International na\u0161li v budov\u011b i p\u0159ed n\u00ed zn\u00e1mky vojensk\u00e9 p\u0159\u00edtomnosti, v\u010detn\u011b pytl\u016f s p\u00edskem a \u010dern\u00fdch plastov\u00fdch f\u00f3li\u00ed zakr\u00fdvaj\u00edc\u00edch okna, a tak\u00e9 nov\u00e9 vybaven\u00ed pro prvn\u00ed pomoc p\u0159i \u00farazech vyroben\u00e9 v USA.<\/p>\n<p>\u201c<em>Do toho, co arm\u00e1da d\u011bl\u00e1, nem\u00e1me co mluvit, ale plat\u00edme za to<\/em>,\u201d \u0159ekl Amnesty International jeden z obyvatel, jeho\u017e d\u016fm byl p\u0159i z\u00e1sahu tak\u00e9 po\u0161kozen.<\/p>\n<h6><span style=\"font-size: 18pt;\">Vojensk\u00e9 z\u00e1kladny v nemocnic\u00edch<\/span><\/h6>\n<p>V\u00fdzkumn\u00edci Amnesty International byli sv\u011bdky toho, jak ukrajinsk\u00e9 s\u00edly de facto vyu\u017e\u00edvaly nemocnice jako vojensk\u00e9 z\u00e1kladny na p\u011bti m\u00edstech. Ve dvou m\u011bstech odpo\u010d\u00edvaly des\u00edtky voj\u00e1k\u016f, kte\u0159\u00ed se v nemocnic\u00edch pohybovali a jedli j\u00eddlo. V dal\u0161\u00edm m\u011bst\u011b voj\u00e1ci st\u0159\u00edleli z bl\u00edzkosti nemocnice.<\/p>\n<p>P\u0159i rusk\u00e9m leteck\u00e9m \u00fatoku 28. dubna byli zran\u011bni dva zam\u011bstnanci zdravotnick\u00e9 laborato\u0159e na p\u0159edm\u011bst\u00ed Charkova pot\u00e9, co si ukrajinsk\u00e9 s\u00edly v are\u00e1lu z\u0159\u00eddily z\u00e1kladnu.<\/p>\n<p>Vyu\u017e\u00edv\u00e1n\u00ed nemocnic pro vojensk\u00e9 \u00fa\u010dely je jasn\u00fdm poru\u0161en\u00edm mezin\u00e1rodn\u00edho humanit\u00e1rn\u00edho pr\u00e1va.<\/p>\n<h6><span style=\"font-size: 18pt;\">Vojensk\u00e9 z\u00e1kladny ve \u0161kol\u00e1ch<\/span><\/h6>\n<p>Ukrajinsk\u00e1 arm\u00e1da b\u011b\u017en\u011b z\u0159izuje z\u00e1kladny ve \u0161kol\u00e1ch ve m\u011bstech a vesnic\u00edch v Donbasu a v Mykolajivsk\u00e9 oblasti. \u0160koly byly od za\u010d\u00e1tku konfliktu do\u010dasn\u011b uzav\u0159eny pro studenty, ale ve v\u011bt\u0161in\u011b p\u0159\u00edpad\u016f se budovy nach\u00e1zely v bl\u00edzkosti obydlen\u00fdch civiln\u00edch \u010dtvrt\u00ed<\/p>\n<p>Ve 22 z 29 nav\u0161t\u00edven\u00fdch \u0161kol v\u00fdzkumn\u00edci Amnesty International bu\u010f zjistili, \u017ee prostory vyu\u017e\u00edvaj\u00ed voj\u00e1ci, nebo na\u0161li d\u016fkazy o sou\u010dasn\u00e9 nebo d\u0159\u00edv\u011bj\u0161\u00ed vojensk\u00e9 \u010dinnosti \u2013 v\u010detn\u011b p\u0159\u00edtomnosti vojensk\u00fdch uniforem, odhozen\u00e9 munice, arm\u00e1dn\u00edch potravinov\u00fdch l\u00edstk\u016f a vojensk\u00fdch vozidel.<\/p>\n<p>Rusk\u00e9 s\u00edly zas\u00e1hly mnoho \u0161kol vyu\u017e\u00edvan\u00fdch ukrajinsk\u00fdmi jednotkami. Nejm\u00e9n\u011b ve t\u0159ech m\u011bstech se po rusk\u00e9m bombardov\u00e1n\u00ed \u0161kol ukrajin\u0161t\u00ed voj\u00e1ci p\u0159esunuli do jin\u00fdch \u0161kol v okol\u00ed, \u010d\u00edm\u017e vystavili okoln\u00ed \u010dtvrti riziku podobn\u00fdch \u00fatok\u016f.<\/p>\n<p><strong>Ve m\u011bst\u011b v\u00fdchodn\u011b od Od\u011bsy byla Amnesty International sv\u011bdkem rozs\u00e1hl\u00e9ho v\u00fdskytu ukrajinsk\u00fdch voj\u00e1k\u016f, kte\u0159\u00ed vyu\u017e\u00edvali civiln\u00ed oblasti k ubytov\u00e1n\u00ed<\/strong>\u00a0a jako z\u00e1zem\u00ed, v\u010detn\u011b um\u00edst\u011bn\u00ed obrn\u011bn\u00fdch vozidel pod stromy v \u010dist\u011b obytn\u00fdch \u010dtvrt\u00edch a vyu\u017e\u00edv\u00e1n\u00ed dvou \u0161kol nach\u00e1zej\u00edc\u00edch se v hust\u011b obydlen\u00fdch obytn\u00fdch oblastech. Rusk\u00e9 \u00fadery v bl\u00edzkosti \u0161kol zabily a zranily od dubna do konce \u010dervna n\u011bkolik civilist\u016f \u2013 v\u010detn\u011b d\u00edt\u011bte a star\u0161\u00ed \u017eeny, kte\u0159\u00ed byli zabiti p\u0159i raketov\u00e9m \u00fatoku na jejich d\u016fm 28. \u010dervna.<\/p>\n<p><strong>V Bachmutu vyu\u017e\u00edvaly ukrajinsk\u00e9 s\u00edly jako z\u00e1kladnu budovu univerzity, kdy\u017e ji 21. kv\u011btna zas\u00e1hl rusk\u00fd \u00fader, p\u0159i n\u011bm\u017e \u00fadajn\u011b zahynulo sedm voj\u00e1k\u016f.<\/strong>\u00a0Univerzita soused\u00ed s v\u00fd\u0161kovou obytnou budovou, kter\u00e1 byla p\u0159i \u00faderu po\u0161kozena, spolu s dal\u0161\u00edmi civiln\u00edmi domy vzd\u00e1len\u00fdmi zhruba 50 metr\u016f. V\u00fdzkumn\u00edci Amnesty International nalezli na dvo\u0159e bombardovan\u00e9 univerzitn\u00ed budovy zbytky vojensk\u00e9ho vozidla.<\/p>\n<p>Mezin\u00e1rodn\u00ed humanit\u00e1rn\u00ed pr\u00e1vo v\u00fdslovn\u011b nezakazuje stran\u00e1m konfliktu, aby se zakl\u00e1daly ve \u0161kol\u00e1ch, kter\u00e9 nejsou v provozu. Vojensk\u00e9 s\u00edly v\u0161ak maj\u00ed povinnost vyhnout se vyu\u017e\u00edv\u00e1n\u00ed \u0161kol, kter\u00e9 se nach\u00e1zej\u00ed v bl\u00edzkosti dom\u016f nebo bytov\u00fdch dom\u016f pln\u00fdch civilist\u016f, \u010d\u00edm\u017e by tyto osoby vystavily riziku ohro\u017een\u00ed \u017eivota, pokud to nen\u00ed nezbytn\u011b nutn\u00e9 z vojensk\u00e9ho hlediska. Pokud tak u\u010din\u00ed, m\u011bly by civilisty varovat a v p\u0159\u00edpad\u011b pot\u0159eby jim pomoci s evakuac\u00ed. Zd\u00e1 se, \u017ee v p\u0159\u00edpadech zkouman\u00fdch Amnesty International se tak nestalo.<\/p>\n<p>Ozbrojen\u00e9 konflikty v\u00e1\u017en\u011b omezuj\u00ed pr\u00e1vo d\u011bt\u00ed na vzd\u011bl\u00e1n\u00ed a vojensk\u00e9 pou\u017eit\u00ed \u0161kol m\u016f\u017ee v\u00e9st ke zni\u010den\u00ed, kter\u00e9 d\u011bti po skon\u010den\u00ed v\u00e1lky o toto pr\u00e1vo d\u00e1le p\u0159iprav\u00ed. Ukrajina je jednou ze 114 zem\u00ed, kter\u00e9 schv\u00e1lily Deklaraci o bezpe\u010dn\u00fdch \u0161kol\u00e1ch, dohodu na ochranu vzd\u011bl\u00e1v\u00e1n\u00ed uprost\u0159ed ozbrojen\u00e9ho konfliktu, kter\u00e1 umo\u017e\u0148uje stran\u00e1m vyu\u017e\u00edvat opu\u0161t\u011bn\u00e9 nebo evakuovan\u00e9 \u0161koly pouze v p\u0159\u00edpad\u011b, \u017ee neexistuje \u017e\u00e1dn\u00e1 vhodn\u00e1 alternativa.<\/p>\n<h6><span style=\"font-size: 18pt;\">Nevyb\u00edrav\u00e9 \u00fatoky rusk\u00fdch sil<\/span><\/h6>\n<p>Mnoho rusk\u00fdch \u00fader\u016f, kter\u00e9 Amnesty International v posledn\u00edch m\u011bs\u00edc\u00edch zdokumentovala, bylo provedeno ze sv\u00e9 podstaty nerozli\u0161uj\u00edc\u00edmi zbran\u011bmi, v\u010detn\u011b mezin\u00e1rodn\u011b zak\u00e1zan\u00e9 kazetov\u00e9 munice, nebo jin\u00fdmi v\u00fdbu\u0161n\u00fdmi zbran\u011bmi s plo\u0161n\u00fdm \u00fa\u010dinkem. Jin\u00e9 pou\u017e\u00edvaly nav\u00e1d\u011bn\u00e9 zbran\u011b s r\u016fznou m\u00edrou p\u0159esnosti; v n\u011bkter\u00fdch p\u0159\u00edpadech byly zbran\u011b dostate\u010dn\u011b p\u0159esn\u00e9, aby se zam\u011b\u0159ily na konkr\u00e9tn\u00ed objekty.<\/p>\n<p>Postup ukrajinsk\u00e9 arm\u00e1dy p\u0159i um\u00eds\u0165ov\u00e1n\u00ed vojensk\u00fdch c\u00edl\u016f v obydlen\u00fdch oblastech v \u017e\u00e1dn\u00e9m p\u0159\u00edpad\u011b neospravedl\u0148uje nerozli\u0161uj\u00edc\u00ed rusk\u00e9 \u00fatoky.\u00a0<strong>V\u0161echny strany konfliktu mus\u00ed v\u017edy rozli\u0161ovat mezi vojensk\u00fdmi c\u00edli a civiln\u00edmi objekty a p\u0159ijmout ve\u0161ker\u00e1 mo\u017en\u00e1 opat\u0159en\u00ed, v\u010detn\u011b v\u00fdb\u011bru zbran\u00ed, aby minimalizovaly \u0161kody na civiln\u00edm obyvatelstvu.<\/strong>\u00a0Nerozli\u0161uj\u00edc\u00ed \u00fatoky, p\u0159i nich\u017e jsou zab\u00edjeni nebo zra\u0148ov\u00e1ni civilist\u00e9 nebo po\u0161kozov\u00e1ny civiln\u00ed objekty, jsou v\u00e1le\u010dn\u00fdmi zlo\u010diny.<\/p>\n<p>\u201c<em><strong>Ukrajinsk\u00e1 vl\u00e1da by m\u011bla neprodlen\u011b zajistit, aby sv\u00e9 s\u00edly um\u00edstila mimo obydlen\u00e9 oblasti, nebo by m\u011bla evakuovat civilisty z oblast\u00ed, kde p\u016fsob\u00ed arm\u00e1da.<\/strong>\u00a0Vojensk\u00e9 s\u00edly by nikdy nem\u011bly pou\u017e\u00edvat nemocnice k veden\u00ed v\u00e1lky a \u0161koly nebo civiln\u00ed domy by m\u011bly pou\u017e\u00edvat pouze jako posledn\u00ed mo\u017enost, pokud neexistuj\u00ed \u017e\u00e1dn\u00e9 re\u00e1ln\u00e9 alternativy<\/em>,\u201d uvedla Agn\u00e8s Callamardov\u00e1.<\/p>\n<p>Amnesty International se 29. \u010dervence 2022 obr\u00e1tila na ukrajinsk\u00e9 ministerstvo obrany s v\u00fdsledky v\u00fdzkumu. V dob\u011b zve\u0159ejn\u011bn\u00ed zpr\u00e1vy je\u0161t\u011b neodpov\u011bd\u011blo.<\/p>\n<h6><span style=\"font-size: 18pt;\">Pl\u00e1n B je na stole a Ukrajina se bude privatizovat uprost\u0159ed boj\u016f<\/span><\/h6>\n<p>Jak je mo\u017en\u00e9 ze zpr\u00e1vy Amnesty International vid\u011bt, do textu je vlo\u017eena i kritika Rusk\u00e9 arm\u00e1dy, aby dokument vyzn\u011bl jako vyv\u00e1\u017een\u00fd text, ale v politick\u00fdch souvislostech z\u00e1padn\u00ed r\u00e9toriky je to doslova masakr Ukrajiny motorovou pilou ze strany lond\u00fdnsk\u00e9 neziskovky, kter\u00e1 dostala od Lond\u00fdnsk\u00fdch kancel\u00e1\u0159\u00ed pokyn p\u0159ej\u00edt na Pl\u00e1n B, tedy pl\u00e1n rozd\u011blen\u00e9 a men\u0161\u00ed Ukrajiny, kterou bude pot\u0159eba privatizovat a sou\u010dasn\u011b je pot\u0159eba zatroubit k \u00fastupu, aby Z\u00e1pad p\u0159estal Kyjevu dod\u00e1vat zbran\u011b, proto\u017ee jsou ohro\u017eeny investice na Ukrajin\u011b t\u00edm, \u017ee by se Rusko mohlo zastavit a\u017e v U\u017ehorodu a investo\u0159i z Lond\u00fdna by p\u0159i\u0161li \u00fapln\u011b o v\u0161echny investice do t\u00e9to v\u00e1lky, \u010d\u00edm\u017e se mysl\u00ed investice za posledn\u00edch 10 let, kter\u00e9 pomohly prov\u00e9st pu\u010d v Kyjev\u011b v roce 2014.<\/p>\n<figure id=\"attachment_52699\" class=\"wp-caption aligncenter\" style=\"width: 695px;\"><a href=\"https:\/\/aeronet.news\/wp-content\/uploads\/DenysShmyhal.jpg\"><img decoding=\"async\" loading=\"lazy\" class=\"wp-image-52699 \" src=\"https:\/\/aeronet.news\/wp-content\/uploads\/DenysShmyhal-1024x682.jpg\" sizes=\"(max-width: 700px) 100vw, 700px\" srcset=\"https:\/\/aeronet.news\/wp-content\/uploads\/DenysShmyhal-1024x682.jpg 1024w, https:\/\/aeronet.news\/wp-content\/uploads\/DenysShmyhal-300x200.jpg 300w, https:\/\/aeronet.news\/wp-content\/uploads\/DenysShmyhal-768x511.jpg 768w, https:\/\/aeronet.news\/wp-content\/uploads\/DenysShmyhal-700x466.jpg 700w, https:\/\/aeronet.news\/wp-content\/uploads\/DenysShmyhal-536x357.jpg 536w, https:\/\/aeronet.news\/wp-content\/uploads\/DenysShmyhal-726x483.jpg 726w, https:\/\/aeronet.news\/wp-content\/uploads\/DenysShmyhal.jpg 1280w\" alt=\"\" width=\"695\" height=\"463\" \/><\/a><figcaption class=\"wp-caption-text\">Denys \u0160myhal, premi\u00e9r Ukrajiny<\/figcaption><\/figure>\n<p>To jsou stovky miliard dolar\u016f, kter\u00e9 byly do Ukrajiny nasyp\u00e1ny s c\u00edlem jej\u00ed privatizace. A jestli si n\u011bkdo mysl\u00ed, \u017ee Lond\u00fdn dovol\u00ed Kyjevu, aby riskoval v beznad\u011bjn\u00e9 v\u00e1lce obsazen\u00ed cel\u00e9 Ukrajiny Ruskou arm\u00e1dou, tak je opravdu naivn\u00ed.\u00a0<strong>Toto Lond\u00fdn nikdy nedovol\u00ed ve chv\u00edli, kdy uvid\u00ed a pochop\u00ed, \u017ee Ukrowehrmacht nen\u00ed schopen Ruskou arm\u00e1da porazit, jenom pouze zpomalovat.<\/strong>\u00a0To sam\u00e9 prov\u00e1d\u011bl Adolf Hitler, kdy\u017e je\u0161t\u011b po\u010d\u00e1tkem dubna 1945 rozd\u011bloval vysok\u00fdm gener\u00e1l\u016fm Wehrmachtu a SS rozs\u00e1hl\u00e9 pozemky v Rusku po v\u00edt\u011bzstv\u00ed nad Sov\u011btsk\u00fdm svazem. Toto je \u00fapln\u011b stejn\u00e1 situace, kdy\u017e Zelensk\u00fd na\u0159izuje premi\u00e9rovi urychlen\u00e9 zah\u00e1jen\u00ed privatizace v dob\u011b, kdy nad Ukrajinou l\u00e9taj\u00ed rakety a prob\u00edh\u00e1 v\u00e1lka.<\/p>\n<h6><span style=\"font-size: 18pt;\">Dohoda mezi Lond\u00fdnsk\u00fdmi kancel\u00e1\u0159emi a R\u017dK je u\u017e na stole?<\/span><\/h6>\n<p>Douf\u00e1m, \u017ee je v\u00e1m jasn\u00e9, \u017ee potenci\u00e1ln\u00ed z\u00e1jemci o privatizaci budou cht\u00edt zn\u00e1t jedinou v\u011bc: \u201c<em><strong>A co Rusov\u00e9? Nevezmou n\u00e1m zprivatizovan\u00fd majetek?<\/strong><\/em>\u201d A je jasn\u00e9, \u017ee Lond\u00fdn sv\u00e9 investory ujist\u00ed, \u017ee toto je dohodnuto s Ruskem, \u017ee rozd\u011blen\u00ed Ukrajiny povede tady a tady, tak\u017ee tady je to pro n\u00e1s bezpe\u010dn\u00e9, tady to zprivatizujeme, ale t\u00e1mhle za tou \u0159ekou, tam u\u017e je to bez garance, bez jak\u00fdchkoliv z\u00e1ruk. Ano, Ukrajina za\u010dne uprost\u0159ed v\u00e1lky Velkou privatizaci.\u00a0<strong>Zelebuben dostal povel z Lond\u00fdna a mus\u00ed konat. V\u00e1lka nev\u00e1lka. A v tuto chv\u00edli u\u017e mus\u00ed m\u00edt Lond\u00fdn s Moskvou dohody.<\/strong>\u00a0Lond\u00fdnem jsou my\u0161leny Lond\u00fdnsk\u00e9 kancel\u00e1\u0159e Domu Rothschild. A Moskvou je my\u0161len Rusk\u00fd \u017eidovsk\u00fd kongres. Maj\u00ed dohodu o Ukrajin\u011b?<\/p>\n<figure id=\"attachment_52700\" class=\"wp-caption aligncenter\" style=\"width: 686px;\"><a href=\"https:\/\/aeronet.news\/wp-content\/uploads\/MedvedevMap.jpg\"><img decoding=\"async\" loading=\"lazy\" class=\"wp-image-52700 \" src=\"https:\/\/aeronet.news\/wp-content\/uploads\/MedvedevMap-1024x682.jpg\" sizes=\"(max-width: 700px) 100vw, 700px\" srcset=\"https:\/\/aeronet.news\/wp-content\/uploads\/MedvedevMap-1024x682.jpg 1024w, https:\/\/aeronet.news\/wp-content\/uploads\/MedvedevMap-300x200.jpg 300w, https:\/\/aeronet.news\/wp-content\/uploads\/MedvedevMap-768x512.jpg 768w, https:\/\/aeronet.news\/wp-content\/uploads\/MedvedevMap-700x466.jpg 700w, https:\/\/aeronet.news\/wp-content\/uploads\/MedvedevMap-536x357.jpg 536w, https:\/\/aeronet.news\/wp-content\/uploads\/MedvedevMap-725x483.jpg 725w, https:\/\/aeronet.news\/wp-content\/uploads\/MedvedevMap.jpg 1280w\" alt=\"\" width=\"686\" height=\"457\" \/><\/a><figcaption class=\"wp-caption-text\">Mapa Ukrajiny podle Dmitrije Medved\u011bva. Tomuto v\u00fdsledku chce Lond\u00fdn p\u0159edej\u00edt<\/figcaption><\/figure>\n<p>Ano, je to velmi pravd\u011bpodobn\u00e9. Ve chv\u00edli, kdy v jeden den Amnesty International vraz\u00ed Kyjevu d\u00fdku do zad, a ve stejn\u00fd den Zelensk\u00fd a \u0160myhal ozn\u00e1m\u00ed neuv\u011b\u0159iteln\u00e9 zah\u00e1jen\u00ed privatizace Ukrajiny 1. z\u00e1\u0159\u00ed a uprost\u0159ed v\u00e1lky, mus\u00ed v\u00e1m doj\u00edt, k \u010demu do\u0161lo.\u00a0<strong>Lond\u00fdn u\u017e v\u00ed, jakou \u010d\u00e1st Ukrajiny mu R\u017dK dovol\u00ed o\u0161kubat, tedy pardon, zprivatizovat.<\/strong>\u00a0A na opl\u00e1tku Lond\u00fdn zah\u00e1j\u00ed \u00fastup od podpory Kyjevu, viz. ten report AI.<\/p>\n<p>Ne\u017e se ale koncept projev\u00ed v procesech \u0159\u00edzen\u00ed, m\u016f\u017ee to je\u0161t\u011b p\u00e1r t\u00fddn\u016f trvat. Konceptu\u00e1ln\u00ed gramotnost zde znovu dokl\u00e1d\u00e1, \u017ee v ka\u017ed\u00e9 v\u00e1lce jde v z\u00e1kulis\u00ed v\u017edycky jen o zisk z v\u00e1lky. Je\u0161t\u011b v\u010dera to byla konspirace Aeronetu, \u017ee Ukrajina rozmis\u0165uje zbran\u011b do civiln\u00edch objekt\u016f, a \u017ee ukrajinsk\u00e1 arm\u00e1da si d\u011bl\u00e1 z obyvatelstva \u017eiv\u00e9 \u0161t\u00edty. A dnes u\u017e je to jinak. Dnes u\u017e to nen\u00ed konspirace, je to pravda publikovan\u00e1 z\u00e1padn\u00edmi m\u00e9dii velebenou neziskovkou. Jak\u00fd je tedy rozd\u00edl mezi konspirac\u00ed a pravdou? Asi tak 6 m\u011bs\u00edc\u016f!<\/p>\n<p>-VK- \u0160\u00e9fredaktor AE News<\/p>\n<p><a href=\"https:\/\/aeronet.news\/amnesty-international-po-6-mesicich-po-aeronetu-konecne-priznala-ze-ukrajinska-armada-vyuziva-civilni-obyvatelstvo-jako-zive-stity-a-rozmistuje-do-civilnich-objektu-zbranove-systemy\/\">ZDROJ<\/a><\/p>\n<p>&nbsp;<\/p>\n","protected":false},"excerpt":{"rendered":"<p>Amnesty International po 6 m\u011bs\u00edc\u00edch po Aeronetu kone\u010dn\u011b p\u0159iznala, \u017ee ukrajinsk\u00e1 arm\u00e1da vyu\u017e\u00edv\u00e1 civiln\u00ed obyvatelstvo&#8230;<\/p>\n","protected":false},"author":2,"featured_media":13179,"comment_status":"closed","ping_status":"closed","sticky":false,"template":"","format":"standard","meta":[],"categories":[7],"tags":[1879,26,1746],"_links":{"self":[{"href":"https:\/\/www.infokuryr.cz\/n\/wp-json\/wp\/v2\/posts\/13178"}],"collection":[{"href":"https:\/\/www.infokuryr.cz\/n\/wp-json\/wp\/v2\/posts"}],"about":[{"href":"https:\/\/www.infokuryr.cz\/n\/wp-json\/wp\/v2\/types\/post"}],"author":[{"embeddable":true,"href":"https:\/\/www.infokuryr.cz\/n\/wp-json\/wp\/v2\/users\/2"}],"replies":[{"embeddable":true,"href":"https:\/\/www.infokuryr.cz\/n\/wp-json\/wp\/v2\/comments?post=13178"}],"version-history":[{"count":0,"href":"https:\/\/www.infokuryr.cz\/n\/wp-json\/wp\/v2\/posts\/13178\/revisions"}],"wp:featuredmedia":[{"embeddable":true,"href":"https:\/\/www.infokuryr.cz\/n\/wp-json\/wp\/v2\/media\/13179"}],"wp:attachment":[{"href":"https:\/\/www.infokuryr.cz\/n\/wp-json\/wp\/v2\/media?parent=13178"}],"wp:term":[{"taxonomy":"category","embeddable":true,"href":"https:\/\/www.infokuryr.cz\/n\/wp-json\/wp\/v2\/categories?post=13178"},{"taxonomy":"post_tag","embeddable":true,"href":"https:\/\/www.infokuryr.cz\/n\/wp-json\/wp\/v2\/tags?post=13178"}],"curies":[{"name":"wp","href":"https:\/\/api.w.org\/{rel}","templated":true}]}}