{"id":13173,"date":"2022-08-05T03:46:04","date_gmt":"2022-08-05T01:46:04","guid":{"rendered":"http:\/\/www.infokuryr.cz\/n\/?p=13173"},"modified":"2022-08-05T04:05:14","modified_gmt":"2022-08-05T02:05:14","slug":"prezivsi-holocaustu-varuje-obyvatele-zapadu-aby-vzdorovali-nastupujici-tyranii","status":"publish","type":"post","link":"https:\/\/www.infokuryr.cz\/n\/2022\/08\/05\/prezivsi-holocaustu-varuje-obyvatele-zapadu-aby-vzdorovali-nastupujici-tyranii\/","title":{"rendered":"P\u0159e\u017eiv\u0161\u00ed holocaustu varuje obyvatele Z\u00e1padu, aby vzdorovali nastupuj\u00edc\u00ed tyranii"},"content":{"rendered":"<div id=\"fb-root\"><\/div>\n<p>\u017dena, kter\u00e1 p\u0159e\u017eila brut\u00e1ln\u00ed holocaust nacistick\u00e9ho N\u011bmecka, m\u00e1 varov\u00e1n\u00ed pro lidi ze Z\u00e1padu.\u00a0Podle n\u00ed dnes existuj\u00ed paralely mezi sadistick\u00fdm Hitlerov\u00fdm re\u017eimem a dne\u0161n\u00edmi z\u00e1padn\u00edmi \u201edemokratick\u00fdmi\u201c zem\u011bmi a jejich v\u016fdci.<\/p>\n<p>Jak informoval port\u00e1l\u00a0<em><a href=\"https:\/\/www.theepochtimes.com\/resist-wake-up-stop-obeying-holocaust-survivor-draws-parallels-in-current-society-to-nazi-germany_4632304.html\" target=\"_blank\" rel=\"noopener\">The Epoch Times<\/a><\/em>\u00a0, Vera Sharavov\u00e1 m\u011bla jen t\u0159i roky, kdy\u017e ji a jej\u00ed rodinu b\u011bhem druh\u00e9 sv\u011btov\u00e9 v\u00e1lky vyhnali z Rumunska a poslali do koncentra\u010dn\u00edho t\u00e1bora na Ukrajin\u011b spravovan\u00e9ho nacisty, kde je nechali hladov\u011bt.<\/p>\n<h2>Pobyt v koncentra\u010dn\u00edm t\u00e1bo\u0159e a \u00fanik z n\u011bj<\/h2>\n<p>Sharavov\u00e1 poznamenala:\u00a0<em>&#8222;Neust\u00e1le se tam vzn\u00e1\u0161el oblak smrti.&#8220;<\/em><\/p>\n<p><em>\\&#8220;Ka\u017ed\u00fd t\u00fdden seznam ur\u010doval, kdo bude kam posl\u00e1n &#8211; zda to bude smrt nebo otroctv\u00ed v pracovn\u00edm t\u00e1bo\u0159e,\\&#8220;<\/em>\u00a0uvedla d\u00e1le.<\/p>\n<p>Kdy\u017e byla v t\u00e1bo\u0159e, jej\u00ed otec zem\u0159el na tyfus.\u00a0M\u011bla tehdy jen 5 let.\u00a0Tyfus byl v t\u00e1borech roz\u0161\u00ed\u0159en kv\u016fli chladu a podv\u00fd\u017eiv\u011b.<\/p>\n<p>Po t\u0159ech letech v t\u00e1bo\u0159e ji v roce 1944 zachr\u00e1nili.<\/p>\n<p><em>\u201eMoje matka se dozv\u011bd\u011bla, \u017ee n\u011bkolik sirotk\u016f bude transportov\u00e1no z t\u00e1bora.\u00a0Proto lhala a \u0159ekla, \u017ee jsem sirotek, abych si zachr\u00e1nila \u017eivot.\u00a0Takhle se mi poda\u0159ilo z t\u00e1bora odej\u00edt,\u201c<\/em>\u00a0uvedla Sharavov\u00e1.<\/p>\n<p>D\u00e1le pokra\u010dovala v diskusi o tom, jak d\u00edt\u011b bez rodi\u010d\u016f byla ponech\u00e1na, aby na v\u011bci p\u0159i\u0161la sama pomoc\u00ed sv\u00e9 intuice a toho, co pochopila o lidsk\u00e9 povaze, pokud jde o rozhodov\u00e1n\u00ed, na koho se m\u016f\u017ee spolehnout.<\/p>\n<p><em>\u201eMusela jsem posoudit, komu m\u016f\u017eu d\u016fv\u011b\u0159ovat, \u017ee se o m\u011b postar\u00e1,\u201c<\/em>\u00a0\u0159ekla Sharavov\u00e1 pro port\u00e1l\u00a0<em>The Epoch Times<\/em>\u00a0.<\/p>\n<p>Poda\u0159ilo se j\u00ed sp\u0159\u00e1telit s rodinou, se kterou cestovala ve vlaku do p\u0159\u00edstavu Constanta v Rumunsku.\u00a0Tam na n\u011b \u010dekaly t\u0159i lod\u011b, kter\u00e9 odvezly skupiny lid\u00ed do Palestiny.<\/p>\n<p>Kdy\u017e v\u0161ak v\u0161ichni dorazili do p\u0159\u00edstavu, zjistila, \u017ee j\u00ed bylo p\u0159id\u011bleno plavidlo se sirotky.\u00a0To by v\u0161ak znamenalo, \u017ee by nemohla b\u00fdt s rodinou, se kterou si vytvo\u0159ila pouto.\u00a0Proto se rozhodla vzbou\u0159it.<\/p>\n<p><em>\u201eAni za nic m\u011b nikdo nedok\u00e1zal p\u0159esv\u011bd\u010dit, abych nastoupila na tu lo\u010f<\/em>\u00a0,\u201c \u0159ekla.\u00a0<em>&#8222;Nakonec mi jako z\u00e1zrakem ustoupili.&#8220;<\/em><\/p>\n<p>Dostala sice mo\u0159skou nemoc, ale v tu noc se j\u00ed poda\u0159ilo usnout.\u00a0Pozd\u011bji zjistila, \u017ee lo\u010f se sirotky byla torp\u00e9dov\u00e1na a potopena.\u00a0A i kdy\u017e se c\u00edtila vinna za to, \u017ee je na\u017eivu, byla \u0161\u0165astn\u00e1 alespo\u0148 z toho, \u017ee se br\u00e1nila a nakonec se j\u00ed poda\u0159ilo dostat na druhou lo\u010f.<\/p>\n<p><em>&#8222;Neuposlechla jsem autoritu a to mi zachr\u00e1nilo \u017eivot<\/em>\u00a0,&#8220; \u0159ekla.<\/p>\n<h2>Pandemie v \u017een\u011b vzbudila star\u00e9 vzpom\u00ednky<\/h2>\n<p>V\u0161echny tyto zku\u0161enosti se j\u00ed vyno\u0159ily v mysli, kdy\u017e se Covid-19 za\u010dal \u0161\u00ed\u0159it po cel\u00e9m sv\u011bt\u011b a z\u00e1padn\u00ed vl\u00e1dy se staly autorit\u00e1\u0159sk\u00fdmi v jejich \u00fadajn\u00e9m pokusu \u201ekontrolovat \u0161\u00ed\u0159en\u00ed n\u00e1kazy\u201c.<\/p>\n<p><em>\u201eTak\u017ee te\u010f, kdy\u017e lid\u00e9 bezhlav\u011b poslouchaj\u00ed autority, vzd\u00e1vaj\u00ed se sv\u00fdch pr\u00e1v rozhodovat o sv\u00fdch \u017eivotech ao tom, co vstupuje do jejich vlastn\u00edho t\u011bla, vzpom\u00edn\u00e1m na tu dobu,\u201c<\/em>\u00a0\u0159ekla.<\/p>\n<p><em>The Epoch Times<\/em>\u00a0d\u00e1le poznamenali:<\/p>\n<p><em>\u201eDnes je Sharavov\u00e1 medic\u00ednskou aktivistkou a zakladatelkou Aliance pro ochranu lidsk\u00e9ho v\u00fdzkumu \u2013 s\u00edt\u011b laik\u016f a profesion\u00e1l\u016f, kte\u0159\u00ed pracuj\u00ed na prosazov\u00e1n\u00ed humanit\u00e1rn\u00edch hodnot a etick\u00fdch norem stanoven\u00fdch v Hippokratov\u011b p\u0159\u00edsaze, Norimbersk\u00e9m kodexu a V\u0161eobecn\u00e9 deklaraci o bioetice a lidsk\u00fdch pr\u00e1vech.\u201c<\/em><\/p>\n<p>P\u0159ipojila se ke Scottu Scharovi, spoluzakladateli spole\u010dnosti Our Amazing Grace&#8217;s Light Shines On, Inc.\u00a0(Sv\u011btlo na\u0161\u00ed \u00fa\u017easn\u00e9 Grace d\u00e1le sv\u00edt\u00ed).<\/p>\n<p>Scharova 19let\u00e1 dcera Grace zem\u0159ela v nemocnici v roce 2021 po injekci obsahuj\u00edc\u00ed kombinaci l\u00e9k\u016f, o kter\u00fdch pozd\u011bji zjistil, \u017ee je sou\u010d\u00e1st\u00ed feder\u00e1ln\u00edho covidov\u00e9ho protokolu pro nemocnice.<\/p>\n<p>Sharavov\u00e1 i Schara vid\u00ed paralely mezi Hitlerovou militarizac\u00ed medic\u00edny a t\u00edm, co se dnes d\u011bje v z\u00e1padn\u00edch st\u00e1tech.<\/p>\n<p>Deset let pot\u00e9, co Hitler p\u0159evzal moc v N\u011bmecku, spustil sv\u016fj program genocidy.\u00a0Tu zav\u00e1d\u011bl v mal\u00fdch postupn\u00fdch kroc\u00edch spolu s pomoc\u00ed re\u017eimov\u00fdch propagandist\u016f, kte\u0159\u00ed Hitlera a jeho stoupence vykreslovali jako hrdiny, \u0159ekla Sharavov\u00e1.<\/p>\n<p><em>&#8222;To, co se stalo Grace a to, co se stalo mnoha posti\u017een\u00fdm a star\u0161\u00edm lidem v z\u00e1padn\u00ed Evrop\u011b, Austr\u00e1lii, Kanad\u011b a Spojen\u00fdch st\u00e1tech b\u011bhem pandemie, byla\u00a0<a href=\"https:\/\/www.badatel.net\/zomrel-vam-pribuzny-na-covid-v-skutocnosti-ho-mozno-zabili-nemocnicni-lekari\/\">l\u00e9ka\u0159sk\u00e1 vra\u017eda<\/a>\u00a0,&#8220;<\/em>\u00a0uvedla Sharavov\u00e1 pro port\u00e1l\u00a0<em>The Epoch Times<\/em>\u00a0.<\/p>\n<p><em>&#8222;Nikdo to nenazval vra\u017edou,&#8220;<\/em>\u00a0\u0159ekla.<\/p>\n<p><em>\u201eNacist\u00e9 byli velmi zb\u011bhl\u00ed v propagand\u011b a jazyce.\u00a0\u017did\u00e9 byli naz\u00fdv\u00e1ni \u201a\u0161i\u0159itel\u00e9 nemoc\u00ed&#8216;.\u00a0Byly to podobn\u00e9 p\u0159\u00edvlastky, kter\u00fdmi dnes on\u00e1lepkovali ty, kte\u0159\u00ed nep\u0159ijali o\u010dkov\u00e1n\u00ed.\u201c<\/em><\/p>\n<p><em>\u201eVzep\u0159\u00edt se.\u00a0Probudit se.\u00a0P\u0159estat poslouchat,\u201c<\/em> \u0159ekla na z\u00e1v\u011br.<\/p>\n<p>Autor: JD Heyes, Zdroj:\u00a0<a href=\"https:\/\/www.naturalnews.com\/2022-08-03-holocaust-survivor-implores-westerners-resist-ongoing-tyranny.html\" target=\"_blank\" rel=\"noopener\">naturalnews.com<\/a><\/p>\n<p>&nbsp;<\/p>\n","protected":false},"excerpt":{"rendered":"<p>\u017dena, kter\u00e1 p\u0159e\u017eila brut\u00e1ln\u00ed holocaust nacistick\u00e9ho N\u011bmecka, m\u00e1 varov\u00e1n\u00ed pro lidi ze Z\u00e1padu.\u00a0Podle n\u00ed dnes&#8230;<\/p>\n","protected":false},"author":2,"featured_media":13174,"comment_status":"closed","ping_status":"closed","sticky":false,"template":"","format":"standard","meta":[],"categories":[7],"tags":[810,999,48,1402],"_links":{"self":[{"href":"https:\/\/www.infokuryr.cz\/n\/wp-json\/wp\/v2\/posts\/13173"}],"collection":[{"href":"https:\/\/www.infokuryr.cz\/n\/wp-json\/wp\/v2\/posts"}],"about":[{"href":"https:\/\/www.infokuryr.cz\/n\/wp-json\/wp\/v2\/types\/post"}],"author":[{"embeddable":true,"href":"https:\/\/www.infokuryr.cz\/n\/wp-json\/wp\/v2\/users\/2"}],"replies":[{"embeddable":true,"href":"https:\/\/www.infokuryr.cz\/n\/wp-json\/wp\/v2\/comments?post=13173"}],"version-history":[{"count":0,"href":"https:\/\/www.infokuryr.cz\/n\/wp-json\/wp\/v2\/posts\/13173\/revisions"}],"wp:featuredmedia":[{"embeddable":true,"href":"https:\/\/www.infokuryr.cz\/n\/wp-json\/wp\/v2\/media\/13174"}],"wp:attachment":[{"href":"https:\/\/www.infokuryr.cz\/n\/wp-json\/wp\/v2\/media?parent=13173"}],"wp:term":[{"taxonomy":"category","embeddable":true,"href":"https:\/\/www.infokuryr.cz\/n\/wp-json\/wp\/v2\/categories?post=13173"},{"taxonomy":"post_tag","embeddable":true,"href":"https:\/\/www.infokuryr.cz\/n\/wp-json\/wp\/v2\/tags?post=13173"}],"curies":[{"name":"wp","href":"https:\/\/api.w.org\/{rel}","templated":true}]}}