{"id":13171,"date":"2022-08-05T00:59:01","date_gmt":"2022-08-04T22:59:01","guid":{"rendered":"http:\/\/www.infokuryr.cz\/n\/?p=13171"},"modified":"2022-08-04T21:39:26","modified_gmt":"2022-08-04T19:39:26","slug":"prohlaseni-cinskeho-ministerstva-zahranici-ze-4-srpna-2022","status":"publish","type":"post","link":"https:\/\/www.infokuryr.cz\/n\/2022\/08\/05\/prohlaseni-cinskeho-ministerstva-zahranici-ze-4-srpna-2022\/","title":{"rendered":"Prohl\u00e1\u0161en\u00ed \u010d\u00ednsk\u00e9ho ministerstva zahrani\u010d\u00ed ze 4. srpna 2022"},"content":{"rendered":"<div id=\"fb-root\"><\/div>\n<p><span style=\"font-size: 18pt;\"><strong>Reakce na prohl\u00e1\u0161en\u00ed ministr\u016f zahrani\u010d\u00ed G7 a EU: M\u011bli by se probudit ze sv\u00e9ho velmocensk\u00e9ho snu<\/strong><\/span><\/p>\n<p>Mluv\u010d\u00ed ministerstva zahrani\u010d\u00ed \u010c\u00edny Hua Chunying (Chua \u010cchun-jing) na pravideln\u00e9 tiskov\u00e9 konferenci 4. srpna reagovala na \u0161patn\u00e9 pozn\u00e1mky k situaci v Tchajwansk\u00e9m pr\u016flivu a politice jedn\u00e9 \u010c\u00edny v r\u00e1mci spole\u010dn\u00e9ho prohl\u00e1\u0161en\u00ed ministr\u016f zahrani\u010d\u00ed zem\u00ed G7 a vysok\u00e9ho p\u0159edstavitele EU pro zahrani\u010dn\u00ed v\u011bci a bezpe\u010dnostn\u00ed politiku ze 3. srpna. Pan\u00ed Hua Chunying uvedla,<\/p>\n<p>\u201eToto prohl\u00e1\u0161en\u00ed ministr\u016f zahrani\u010d\u00ed G7 vyvol\u00e1v\u00e1 v lidech pocit zmatenosti v \u010dase a prostoru. Minist\u0159i zahrani\u010d\u00ed t\u011bchto zem\u00ed si evidentn\u011b mysl\u00ed, \u017ee \u017eij\u00ed v \u00e9\u0159e spojeneck\u00fdch sil osmi mocnost\u00ed p\u0159ed v\u00edce ne\u017e 120 lety. Dne\u0161n\u00ed sv\u011bt u\u017e nen\u00ed d\u00e9le m\u00edsto, kde mohou imperialistick\u00e9 mocnosti p\u0159edv\u00e1d\u011bt svou s\u00edlu a d\u011blat si co cht\u011bj\u00ed na \u010d\u00ednsk\u00e9m \u00fazem\u00ed. Dne\u0161n\u00ed \u010c\u00edna nen\u00ed tou starou \u010c\u00ednou, kter\u00e1 byla v\u00edce ne\u017e sto let \u0161ikanovan\u00e1 a jej\u00ed\u017e lid\u00e9 byli vra\u017ed\u011bni. Z tohoto velmocensk\u00e9ho snu je t\u0159eba se probudit!\u201c<\/p>\n<p>Hua Chunying zd\u016fraznila, \u017ee \u010c\u00edna m\u00e1 pr\u00e1vo chr\u00e1nit svou suverenitu a \u00fazemn\u00ed celistvost. Sou\u010dasn\u00e1 situace v Tchajwansk\u00e9m pr\u016flivu je i nad\u00e1le napjat\u00e1. Z\u00e1kladn\u00edm d\u016fvodem je to, \u017ee Spojen\u00e9 st\u00e1ty, bez ohledu na silnou opozici a v\u00e1\u017en\u00fd protest \u010c\u00edny, umo\u017enily t\u0159et\u00ed nejv\u00fd\u0161e postaven\u00e9 osobnosti ve vl\u00e1d\u011b USA, aby nav\u0161t\u00edvila Tchaj-wan v americk\u00e9m vojensk\u00e9m letadle, \u010d\u00edm\u017e v\u00e1\u017en\u011b podkop\u00e1vaj\u00ed z\u00e1kladn\u00ed principy mezin\u00e1rodn\u00edch vztah\u016f a suverenitu a \u00fazemn\u00ed celistvost \u010c\u00edny. Na prvn\u00edm m\u00edst\u011b byla zlovoln\u00e1 provokace Spojen\u00fdch st\u00e1t\u016f a na druh\u00e9m m\u00edst\u011b legitimn\u00ed obrana \u010c\u00edny. Tv\u00e1\u0159\u00ed v tv\u00e1\u0159 r\u016fzn\u00fdm provokac\u00edm, kter\u00e9 nehor\u00e1zn\u011b poru\u0161uj\u00ed \u010d\u00ednskou suverenitu a \u00fazemn\u00ed celistvost, jsou \u010d\u00ednsk\u00e1 protiopat\u0159en\u00ed opr\u00e1vn\u011bn\u00e1 a mus\u00ed b\u00fdt rozhodn\u00e1 a r\u00e1zn\u00e1.<\/p>\n<p><strong><span style=\"font-size: 18pt;\">Je to zlod\u011bj, kter\u00fd k\u0159i\u010d\u00ed, aby chytili zlod\u011bje<\/span><\/strong><\/p>\n<p>Ameri\u010dt\u00ed p\u0159edstavitel\u00e9 \u0159ekli, \u017ee za eskalaci situace v Tchajwansk\u00e9m pr\u016flivu je zodpov\u011bdn\u00e1 \u010c\u00edna. Je to zlod\u011bj, kter\u00fd k\u0159i\u010d\u00ed, aby chytili zlod\u011bje.<\/p>\n<p>Mluv\u010d\u00ed ministerstva zahrani\u010d\u00ed \u010c\u00edny Hua Chunying na pravideln\u00e9 tiskov\u00e9 konferenci 4. srpna vyvr\u00e1tila pozn\u00e1mky americk\u00fdch p\u0159edstavitel\u016f, \u017ee za eskalaci situace v Tchajwansk\u00e9m pr\u016flivu je zodpov\u011bdn\u00e1 \u010c\u00edna, a pouk\u00e1zala na to, \u017ee pozn\u00e1mky USA jsou typick\u00e9 t\u00edm, \u017ee zam\u011b\u0148uj\u00ed spr\u00e1vn\u00e9 a nespr\u00e1vn\u00e9.<\/p>\n<p>Podle zpr\u00e1v nejmenovan\u00fd vysok\u00fd \u00fa\u0159edn\u00edk americk\u00e9ho ministerstva zahrani\u010d\u00ed ned\u00e1vno \u0159ekl, \u017ee \u010c\u00edna by nem\u011bla pokra\u010dovat ve snaze zm\u011bnit status quo t\u00fdkaj\u00edc\u00ed se Tchaj-wanu z d\u016fvodu n\u00e1v\u0161t\u011bvy Pelosiov\u00e9 na Tchaj-wanu. Pokud dojde k n\u011bjak\u00e9 eskalaci nebo krizi v situaci p\u0159es Tchajwansk\u00fd pr\u016fliv po t\u00e9to n\u00e1v\u0161t\u011bv\u011b nese odpov\u011bdnost \u010c\u00edna.<\/p>\n<p><strong>V tomto ohledu Hua Chunying \u0159ekla:<\/strong><\/p>\n<p data-spm-anchor-id=\"C01140752918.PGN0TCDk84cd.0.i2\">\u201eOb\u011b strany Tchajwansk\u00e9ho pr\u016flivu pat\u0159\u00ed jedn\u00e9 \u010c\u00edn\u011b a Tchaj-wan je sou\u010d\u00e1st\u00ed \u010d\u00ednsk\u00e9ho \u00fazem\u00ed. Navzdory dlouhodob\u00e9 politick\u00e9 konfrontaci mezi ob\u011bma stranami nebyla \u010d\u00ednsk\u00e1 n\u00e1rodn\u00ed suverenita a \u00fazemn\u00ed celistvost nikdy rozd\u011blena. Toto je skute\u010dn\u00fd status quo v ot\u00e1zce Tchajwansk\u00e9ho pr\u016flivu. Spojen\u00e9 st\u00e1ty a s\u00edly pro \u201etchajwanskou nez\u00e1vislost\u201c se domluvily a provokovaly, co\u017e je z\u00e1kladn\u00ed d\u016fvod nap\u011bt\u00ed v Tchajwansk\u00e9m pr\u016flivu.\u201c<\/p>\n<p>Hua Chunying zd\u016fraznila, \u017ee jak\u00e9koli nap\u011bt\u00ed v sou\u010dasn\u00e9 situaci v Tchajwansk\u00e9m pr\u016flivu je zp\u016fsobeno pouze USA.\u00a0Hlavn\u00ed p\u0159\u00ed\u010dinou je, \u017ee Pelosiov\u00e1 jednala ze sobeck\u00fdch z\u00e1jm\u016f, trvala na n\u00e1v\u0161t\u011bv\u011b Tchaj-wanu a v\u00e1\u017en\u011b poru\u0161ila politiku jedn\u00e9 \u010c\u00edny.<\/p>\n<p><img decoding=\"async\" loading=\"lazy\" class=\"alignnone size-full wp-image-1185\" src=\"http:\/\/www.infokuryr.cz\/n\/wp-content\/uploads\/2021\/04\/kuryr-podpis.png\" alt=\"\" width=\"84\" height=\"24\" \/><\/p>\n<p>&nbsp;<\/p>\n","protected":false},"excerpt":{"rendered":"<p>Reakce na prohl\u00e1\u0161en\u00ed ministr\u016f zahrani\u010d\u00ed G7 a EU: M\u011bli by se probudit ze sv\u00e9ho velmocensk\u00e9ho&#8230;<\/p>\n","protected":false},"author":2,"featured_media":5571,"comment_status":"closed","ping_status":"closed","sticky":false,"template":"","format":"standard","meta":[],"categories":[7],"tags":[30,41,323,811,333],"_links":{"self":[{"href":"https:\/\/www.infokuryr.cz\/n\/wp-json\/wp\/v2\/posts\/13171"}],"collection":[{"href":"https:\/\/www.infokuryr.cz\/n\/wp-json\/wp\/v2\/posts"}],"about":[{"href":"https:\/\/www.infokuryr.cz\/n\/wp-json\/wp\/v2\/types\/post"}],"author":[{"embeddable":true,"href":"https:\/\/www.infokuryr.cz\/n\/wp-json\/wp\/v2\/users\/2"}],"replies":[{"embeddable":true,"href":"https:\/\/www.infokuryr.cz\/n\/wp-json\/wp\/v2\/comments?post=13171"}],"version-history":[{"count":0,"href":"https:\/\/www.infokuryr.cz\/n\/wp-json\/wp\/v2\/posts\/13171\/revisions"}],"wp:featuredmedia":[{"embeddable":true,"href":"https:\/\/www.infokuryr.cz\/n\/wp-json\/wp\/v2\/media\/5571"}],"wp:attachment":[{"href":"https:\/\/www.infokuryr.cz\/n\/wp-json\/wp\/v2\/media?parent=13171"}],"wp:term":[{"taxonomy":"category","embeddable":true,"href":"https:\/\/www.infokuryr.cz\/n\/wp-json\/wp\/v2\/categories?post=13171"},{"taxonomy":"post_tag","embeddable":true,"href":"https:\/\/www.infokuryr.cz\/n\/wp-json\/wp\/v2\/tags?post=13171"}],"curies":[{"name":"wp","href":"https:\/\/api.w.org\/{rel}","templated":true}]}}