{"id":13168,"date":"2022-08-05T01:06:21","date_gmt":"2022-08-04T23:06:21","guid":{"rendered":"http:\/\/www.infokuryr.cz\/n\/?p=13168"},"modified":"2022-08-04T19:56:09","modified_gmt":"2022-08-04T17:56:09","slug":"azerbajdzan-porusil-primeri-v-karabachu-ctyrikrat-za-den","status":"publish","type":"post","link":"https:\/\/www.infokuryr.cz\/n\/2022\/08\/05\/azerbajdzan-porusil-primeri-v-karabachu-ctyrikrat-za-den\/","title":{"rendered":"\u00c1zerb\u00e1jd\u017e\u00e1n poru\u0161il p\u0159\u00edm\u011b\u0159\u00ed v Karabachu \u010dty\u0159ikr\u00e1t za den"},"content":{"rendered":"<div id=\"fb-root\"><\/div>\n<p><b><span>Rusk\u00e9 m\u00edrov\u00e9 s\u00edly v N\u00e1horn\u00edm Karabachu zaznamenaly \u010dty\u0159i poru\u0161en\u00ed p\u0159\u00edm\u011b\u0159\u00ed ze strany \u00c1zerb\u00e1jd\u017e\u00e1nu, uvedlo rusk\u00e9 ministerstvo obrany.<\/span><\/b><\/p>\n<p><span>\u201eZa posledn\u00edch 24 hodin byla v z\u00f3n\u011b odpov\u011bdnosti rusk\u00e9ho m\u00edrov\u00e9ho kontingentu zaznamen\u00e1na \u010dty\u0159i poru\u0161en\u00ed re\u017eimu p\u0159\u00edm\u011b\u0159\u00ed v oblastech poho\u0159\u00ed Sarybaba a Buzdukh a tak\u00e9 v oblasti Mardakert ze strany \u00e1zerb\u00e1jd\u017e\u00e1nsk\u00fdch ozbrojen\u00fdch sil a v d\u016fsledku \u010deho\u017e byli zabiti dva z\u00e1stupci ozbrojen\u00fdch formac\u00ed N\u00e1horn\u00edho Karabachu a 14 bylo zran\u011bno,\u201c cituje prohl\u00e1\u0161en\u00ed odd\u011blen\u00ed <\/span><a href=\"https:\/\/ria.ru\/\" target=\"_blank\" rel=\"noopener\"><span>RIA Novosti<\/span><\/a><span>\u00a0.<\/span><\/p>\n<p><span>Velen\u00ed rusk\u00fdch m\u00edrov\u00fdch sil spole\u010dn\u011b s \u00e1zerb\u00e1jd\u017e\u00e1nskou a arm\u00e9nskou stranou tyto incidenty urovnalo, nebylo dovoleno naru\u0161en\u00ed linie kontaktu mezi stranami.<\/span><\/p>\n<p><span>Rusk\u00e9 ministerstvo zahrani\u010d\u00ed ji\u017e d\u0159\u00edve\u00a0<\/span><a href=\"https:\/\/vz.ru\/news\/2022\/8\/4\/1170996.html\" target=\"_blank\" rel=\"noopener\"><span>vyzvalo<\/span><\/a><span>\u00a0strany konfliktu v Karabachu, aby projevily zdr\u017eenlivost a dodr\u017eovaly p\u0159\u00edm\u011b\u0159\u00ed.<\/span><\/p>\n<p><span>O situaci v tomto regionu\u00a0<\/span><a href=\"https:\/\/vz.ru\/news\/2022\/8\/4\/1170989.html\" target=\"_blank\" rel=\"noopener\"><span>jednal<\/span><\/a><span> s ruskou Radou bezpe\u010dnosti tak\u00e9 prezident Vladimir Putin.<\/span><\/p>\n<p><img decoding=\"async\" loading=\"lazy\" class=\"alignnone size-full wp-image-1185\" src=\"http:\/\/www.infokuryr.cz\/n\/wp-content\/uploads\/2021\/04\/kuryr-podpis.png\" alt=\"\" width=\"84\" height=\"24\" \/><\/p>\n<p>&nbsp;<\/p>\n","protected":false},"excerpt":{"rendered":"<p>Rusk\u00e9 m\u00edrov\u00e9 s\u00edly v N\u00e1horn\u00edm Karabachu zaznamenaly \u010dty\u0159i poru\u0161en\u00ed p\u0159\u00edm\u011b\u0159\u00ed ze strany \u00c1zerb\u00e1jd\u017e\u00e1nu, uvedlo rusk\u00e9&#8230;<\/p>\n","protected":false},"author":2,"featured_media":13169,"comment_status":"closed","ping_status":"closed","sticky":false,"template":"","format":"standard","meta":[],"categories":[7],"tags":[2966,220,2965],"_links":{"self":[{"href":"https:\/\/www.infokuryr.cz\/n\/wp-json\/wp\/v2\/posts\/13168"}],"collection":[{"href":"https:\/\/www.infokuryr.cz\/n\/wp-json\/wp\/v2\/posts"}],"about":[{"href":"https:\/\/www.infokuryr.cz\/n\/wp-json\/wp\/v2\/types\/post"}],"author":[{"embeddable":true,"href":"https:\/\/www.infokuryr.cz\/n\/wp-json\/wp\/v2\/users\/2"}],"replies":[{"embeddable":true,"href":"https:\/\/www.infokuryr.cz\/n\/wp-json\/wp\/v2\/comments?post=13168"}],"version-history":[{"count":1,"href":"https:\/\/www.infokuryr.cz\/n\/wp-json\/wp\/v2\/posts\/13168\/revisions"}],"predecessor-version":[{"id":13170,"href":"https:\/\/www.infokuryr.cz\/n\/wp-json\/wp\/v2\/posts\/13168\/revisions\/13170"}],"wp:featuredmedia":[{"embeddable":true,"href":"https:\/\/www.infokuryr.cz\/n\/wp-json\/wp\/v2\/media\/13169"}],"wp:attachment":[{"href":"https:\/\/www.infokuryr.cz\/n\/wp-json\/wp\/v2\/media?parent=13168"}],"wp:term":[{"taxonomy":"category","embeddable":true,"href":"https:\/\/www.infokuryr.cz\/n\/wp-json\/wp\/v2\/categories?post=13168"},{"taxonomy":"post_tag","embeddable":true,"href":"https:\/\/www.infokuryr.cz\/n\/wp-json\/wp\/v2\/tags?post=13168"}],"curies":[{"name":"wp","href":"https:\/\/api.w.org\/{rel}","templated":true}]}}