{"id":1316,"date":"2021-05-02T06:17:03","date_gmt":"2021-05-02T04:17:03","guid":{"rendered":"http:\/\/www.infokuryr.cz\/n\/?p=1316"},"modified":"2021-05-02T06:17:03","modified_gmt":"2021-05-02T04:17:03","slug":"o-polske-imperialisticke-odvete-v-belorusku","status":"publish","type":"post","link":"https:\/\/www.infokuryr.cz\/n\/2021\/05\/02\/o-polske-imperialisticke-odvete-v-belorusku\/","title":{"rendered":"O polsk\u00e9 imperialistick\u00e9 odvet\u011b v B\u011blorusku"},"content":{"rendered":"<div id=\"fb-root\"><\/div>\n<div id=\"left-col\">\n<article id=\"clanek\">\n<p class=\"podnadpis\"><strong>Polsk\u00fd historick\u00fd narativ se zna\u010dn\u011b roz\u0161i\u0159uje<\/strong><\/p>\n<p class=\"autor\">Polsk\u00fd den\u00edk Puls Biznesu <a href=\"https:\/\/www.pb.pl\/bialorusini-najczesciej-wybieraja-polske-1114779\" target=\"_blank\" rel=\"external noopener\">informuje<\/a>, \u017ee d\u00edky programu Poland Business Harbour se do Polska p\u0159est\u011bhovalo asi 10 % zam\u011bstnanc\u016f b\u011blorusk\u00e9ho IT sektoru. Podle \u00fadaj\u016f kancel\u00e1\u0159e polsk\u00e9ho premi\u00e9ra opou\u0161t\u00ed republiku je\u0161t\u011b v\u00edce IT specialist\u016f a asi polovina z nich si pro odchod z vlasti vyb\u00edr\u00e1 Polsko.<\/p>\n<section class=\"clanek-obsah\">T\u011b\u017eko \u0159\u00edci, nakolik jsou tato \u010d\u00edsla d\u016fv\u011bryhodn\u00e1. Pol\u00e1ci mohou tak\u00e9 p\u0159eh\u00e1n\u011bt, nav\u00edc pokud o odlivu IT specialist\u016f z B\u011bloruska hovo\u0159\u00ed od za\u010d\u00e1tku politick\u00e9 krize v zemi po prezidentsk\u00fdch volb\u00e1ch, kter\u00e9 se konaly 9. srpna r. 2020. K lovu mozk\u016f, zac\u00edlen\u00e9m na B\u011blorusko se p\u0159ipojila krom\u011b Polska tak\u00e9 Ukrajina, Litva a Loty\u0161sko, ale Polsko zde vede a je schopn\u00e9 nab\u00eddnout solventn\u00ed popt\u00e1vku po b\u011blorusk\u00fdch po\u010d\u00edta\u010dov\u00fdch odborn\u00edc\u00edch.<\/p>\n<p>Za posledn\u00edch 15 let b\u011blorusk\u00e1 vl\u00e1da investovala mnoho prost\u0159edk\u016f do rozvoje IT sektoru, z velk\u00e9 \u010d\u00e1sti s oporou o sov\u011btsk\u00e9 technologick\u00e9 d\u011bdictv\u00ed; B\u011blorusk\u00e1 SSR byla jedn\u00edm z hlavn\u00edch center v\u00fdroby v\u00fdpo\u010detn\u00edch za\u0159\u00edzen\u00ed (PC) v Sov\u011btsk\u00e9m svazu, av\u0161ak s rozpadem SSSR toto ekonomick\u00e9 odv\u011btv\u00ed za\u010dalo ochabovat.<\/p>\n<p>Zalo\u017een\u00ed b\u011blorusk\u00e9ho Hi-Tech Parku ( \u041f\u0412\u0422) v r. 2005 bylo pokusem o zastaven\u00ed procesu, udr\u017een\u00ed odborn\u00edk\u016f a o zachov\u00e1n\u00ed odpov\u00eddaj\u00edc\u00ed infrastruktury. Zdaleka ne v\u0161e se poda\u0159ilo. Po krachu sov\u011btsk\u00e9ho pr\u016fmyslov\u00e9ho a technologick\u00e9ho komplexu, na kter\u00e9m pracoval b\u011blorusk\u00fd \u201ehi-tech\u201c, bylo nutn\u00e9 hledat nov\u00e9 uplatn\u011bn\u00ed na sv\u011btov\u00e9m trhu, kde zcela dominuj\u00ed z\u00e1padn\u00ed korporace. Zde B\u011blorusko mohlo usilovat leda o skromnou oblast outsourcingu, o smlouvy pro z\u00e1padn\u00ed z\u00e1kazn\u00edky.<\/p>\n<p>Zd\u00e1lo se, \u017ee pro malou republiku to sta\u010dilo. Z\u00e1padn\u00ed spole\u010dnosti ochotn\u011b spolupracovaly s b\u011blorusk\u00fdmi program\u00e1tory d\u00edky geografick\u00e9 poloze B\u011bloruska, lacinosti a kvalifikaci b\u011blorusk\u00e9 pracovn\u00ed s\u00edly. Z IT sektoru se za\u010dal utv\u00e1\u0159et presti\u017en\u00ed segment s platovou \u00farovn\u00ed zna\u010dn\u011b p\u0159evy\u0161uj\u00edc\u00ed pr\u016fm\u011br v zemi. V posledn\u00edch letech je pova\u017eov\u00e1n za hlavn\u00ed hybnou s\u00edlu b\u011blorusk\u00e9 ekonomiky.<\/p>\n<p>Nad\u011bje se v\u0161ak uk\u00e1zaly jako p\u0159ehnan\u00e9. \u00dasp\u011bch byl v\u011bt\u0161inou podm\u00edn\u011bn um\u011ble vytvo\u0159en\u00fdmi, pro IT sektor zlevn\u011bn\u00fdmi podm\u00ednkami. Toto odv\u011btv\u00ed pracovalo pro extern\u00ed z\u00e1kazn\u00edky s nedostate\u010dn\u00fdm p\u0159\u00ednosem pro rozvoj vlastn\u00ed b\u011blorusk\u00e9 ekonomiky, s v\u00fdjimkou sf\u00e9ry slu\u017eeb, a to p\u0159ev\u00e1\u017en\u011b v Minsku. Nav\u00edc p\u0159echod odborn\u00edk\u016f v dob\u0159e placenou IT sf\u00e9ru vys\u00e1valo dal\u0161\u00ed odv\u011btv\u00ed.<\/p>\n<p>A potom se \u201eaj\u0165\u00e1ci\u201c pod z\u00e1\u0161titou vl\u00e1dy a ofici\u00e1ln\u00ed tiskov\u00e9 kancel\u00e1\u0159e objevili v prvn\u00edch \u0159ad\u00e1ch protest\u016f proti Luka\u0161enkovi, po kter\u00fdch n\u00e1sledovala emigrace pracovn\u00edk\u016f t\u00e9to sf\u00e9ry.<\/p>\n<p>Pro Polsko je stimulace pracovn\u00ed emigrace z B\u011bloruska dlouholetou sou\u010d\u00e1st\u00ed jeho v\u00fdchodn\u00ed politiky. Polsko je zem\u00ed s imperialistick\u00fdm my\u0161len\u00edm. Ve Var\u0161av\u011b pova\u017euj\u00ed za svou p\u0159irozenou z\u00f3nu vlivu cel\u00fd prostor b\u00fdval\u00e9 \u0158e\u010di pospolit\u00e9, jej\u00ed\u017e sou\u010d\u00e1st\u00ed bylo i \u00fazem\u00ed dne\u0161n\u00edho B\u011bloruska.<\/p>\n<p>Zat\u00edm se sice Var\u0161ava zdr\u017euje p\u0159\u00edm\u00fdch \u00fatok\u016f na teritorium v\u00fdchodn\u00edch soused\u016f, ale zvy\u0161ov\u00e1n\u00ed vlivu na b\u00fdval\u00e9 \u201eKresy Wschodnie\u201c p\u0159esto nekon\u010d\u00ed. Pol\u00e1ci jsou jedni z hlavn\u00edch finan\u010dn\u00edk\u016f b\u011blorusk\u00e9 nacionalistick\u00e9 opozice, v Polsku funguj\u00ed po\u010detn\u00e9 vzd\u011bl\u00e1vac\u00ed programy pro b\u011bloruskou ml\u00e1de\u017e (stipendijn\u00ed program K. Kalinowskiego a dal\u0161\u00ed).<\/p>\n<p>Polsk\u00fd historick\u00fd narativ se zna\u010dn\u011b roz\u0161i\u0159uje v B\u011blorusku. Obdob\u00ed \u0158e\u010di pospolit\u00e9 a polsko-litevsk\u00e9 unie je p\u0159edstavov\u00e1no jako \u201ezlat\u00fd v\u011bk\u201c; historick\u00e9 \u010dinitele, souvisej\u00edc\u00ed s Polskem a polskou kulturou, av\u0161ak poch\u00e1zej\u00edc\u00ed z \u00fazem\u00ed B\u011bloruska, pova\u017euj\u00ed B\u011blorusov\u00e9 za \u201esv\u00e9\u201c (Tadeusz Ko\u015bciuszko, Adam Mickiewicz, Stanis\u0142aw Moniuszko, Micha\u0142 Ogi\u0144ski, Ignacy Domeyko a dal\u0161\u00ed).<\/p>\n<p>Polsko piln\u011b pracuje na vylep\u0161ov\u00e1n\u00ed sv\u00e9ho obrazu \u201e\u00fasp\u011b\u0161n\u00e9ho modern\u00edho evropsk\u00e9ho st\u00e1tu\u201c pro B\u011blorusy, kdy\u017e se prezentuje jako vzor k napodobov\u00e1n\u00ed.<\/p>\n<p>Polsko se zm\u011bnilo v demografick\u00fd vysava\u010d b\u011blorusk\u00fdch soused\u016f. Polsk\u00e1 ekonomika roste, ale obyvatelstvo st\u00e1rne a sni\u017euje se jeho po\u010det. Jestli\u017ee Ukrajinci a B\u011blorusov\u00e9 odch\u00e1zej\u00ed do Polska, Pol\u00e1ci zase m\u00ed\u0159\u00ed do bohat\u00fdch zem\u00ed Evropsk\u00e9 unie. Sn\u00ed\u017een\u00ed po\u010dtu obyvatelstva v Polsku m\u016f\u017eeme sledovat od r. 2012. a nyn\u00ed se jedn\u00e1 o \u00fabytek asi 40 tis\u00edc ob\u010dan\u016f za rok. Polsko, kter\u00e9 vystupuje proti migra\u010dn\u00edm kv\u00f3t\u00e1m, vnucovan\u00fdm Bruselem, usiluje o kompenzaci demografick\u00e9 ztr\u00e1ty pomoc\u00ed etnicky bl\u00edzk\u00e9ho obyvatelstva b\u00fdval\u00fdch \u201eKres\u016f Wschodnich\u201c. Nej\u00fasp\u011b\u0161n\u011bji se tuto politiku da\u0159\u00ed prov\u00e1d\u011bt v\u016f\u010di Ukrajin\u011b, ale te\u010f podmanilo i B\u011blorusko, kter\u00e9 u\u017e d\u00e1vno vede v po\u010dtu schengensk\u00fdch v\u00edz, vydan\u00fdch na osobu. Zna\u010dn\u00e1 \u010d\u00e1st t\u011bchto v\u00edz je polsk\u00e1.<\/p>\n<p>D\u016fle\u017eit\u00fdm faktorem polsk\u00e9 politiky v\u016f\u010di B\u011blorusku a Ukrajin\u011b je v\u00fddej Karty Pol\u00e1ka. Kompaktn\u00ed polsk\u00e1 men\u0161ina (m\u00e9n\u011b ne\u017e 300 tis\u00edc lid\u00ed) se koncentruje p\u0159ev\u00e1\u017en\u011b v Hrodensk\u00e9 oblasti a tak\u00e9 na z\u00e1pad\u011b Vitebsk\u00e9 a Minsk\u00e9 oblasti. Karty Pol\u00e1ka podstatn\u011b zjednodu\u0161uj\u00ed pracovn\u00ed za\u0159azen\u00ed a naturalizaci v Polsku a vlastn\u00ed je v\u00edce ne\u017e 100 tis\u00edc ob\u010dan\u016f. V Polsku se jedn\u00e1 o mo\u017enosti zm\u00edrn\u011bn\u00ed podm\u00ednek pro v\u00fddej Karty Pol\u00e1ka (nap\u0159\u00edklad je k tomu vy\u017eadov\u00e1na znalost polsk\u00e9ho jazyka). Kdy\u017e k tomu dojde, po\u010det vlastn\u00edk\u016f t\u011bchto karet v B\u011blorusku se podstatn\u011b zv\u00fd\u0161\u00ed. T\u00edm sp\u00ed\u0161e kdy\u017e velk\u00fd po\u010det B\u011blorus\u016f m\u00e1 \u201evolnou\u201c b\u011blorusko-polskou toto\u017enost a za dan\u00fdch okolnost\u00ed pohotov\u011b prohl\u00e1s\u00ed, \u017ee jsou Pol\u00e1ci.<\/p>\n<p>Epizoda s \u201eaj\u0165\u00e1ky\u201c je jen mal\u00e1 \u010d\u00e1st polsk\u00e9 politiky, kter\u00e1 se orientuje na emocion\u00e1ln\u00ed vazby B\u011blorus\u016f k Polsku a na od\u010derp\u00e1n\u00ed kvalifikovan\u00fdch pracovn\u00edch zdroj\u016f z republiky.<\/p>\n<div class=\"podcarou\">\n<p>Vsevolod \u0160imov<\/p>\n<p><a href=\"https:\/\/www.fondsk.ru\/news\/2021\/04\/28\/o-polskom-imperskom-revanshe-v-belorussii-53469.html\" target=\"_blank\" rel=\"external noopener\">\u041e \u043f\u043e\u043b\u044c\u0441\u043a\u043e\u043c \u0438\u043c\u043f\u0435\u0440\u0441\u043a\u043e\u043c \u0440\u0435\u0432\u0430\u043d\u0448\u0435 \u0432 \u0411\u0435\u043b\u043e\u0440\u0443\u0441\u0441\u0438\u0438<\/a> vy\u0161el 28.4.2021 na fondsk.ru. P\u0159eklad\u00a0 Zv\u011bdavec.<\/p>\n<p><a href=\"http:\/\/www.zvedavec.org\/komentare\/2021\/05\/8698-o-polske-imperialisticke-odvete-v-belorusku.htm\">Zvedavec.org<\/a><\/p>\n<\/div>\n<\/section>\n<section class=\"clanek-pri\">\n<div class=\"funkce\">\n<p class=\"odeslat-odkaz\">\n<\/div>\n<\/section>\n<\/article>\n<\/div>\n","protected":false},"excerpt":{"rendered":"<p>Polsk\u00fd historick\u00fd narativ se zna\u010dn\u011b roz\u0161i\u0159uje Polsk\u00fd den\u00edk Puls Biznesu informuje, \u017ee d\u00edky programu Poland&#8230;<\/p>\n","protected":false},"author":2,"featured_media":1317,"comment_status":"closed","ping_status":"closed","sticky":false,"template":"","format":"standard","meta":[],"categories":[7],"tags":[150,59,247,29,31],"_links":{"self":[{"href":"https:\/\/www.infokuryr.cz\/n\/wp-json\/wp\/v2\/posts\/1316"}],"collection":[{"href":"https:\/\/www.infokuryr.cz\/n\/wp-json\/wp\/v2\/posts"}],"about":[{"href":"https:\/\/www.infokuryr.cz\/n\/wp-json\/wp\/v2\/types\/post"}],"author":[{"embeddable":true,"href":"https:\/\/www.infokuryr.cz\/n\/wp-json\/wp\/v2\/users\/2"}],"replies":[{"embeddable":true,"href":"https:\/\/www.infokuryr.cz\/n\/wp-json\/wp\/v2\/comments?post=1316"}],"version-history":[{"count":0,"href":"https:\/\/www.infokuryr.cz\/n\/wp-json\/wp\/v2\/posts\/1316\/revisions"}],"wp:featuredmedia":[{"embeddable":true,"href":"https:\/\/www.infokuryr.cz\/n\/wp-json\/wp\/v2\/media\/1317"}],"wp:attachment":[{"href":"https:\/\/www.infokuryr.cz\/n\/wp-json\/wp\/v2\/media?parent=1316"}],"wp:term":[{"taxonomy":"category","embeddable":true,"href":"https:\/\/www.infokuryr.cz\/n\/wp-json\/wp\/v2\/categories?post=1316"},{"taxonomy":"post_tag","embeddable":true,"href":"https:\/\/www.infokuryr.cz\/n\/wp-json\/wp\/v2\/tags?post=1316"}],"curies":[{"name":"wp","href":"https:\/\/api.w.org\/{rel}","templated":true}]}}