{"id":1314,"date":"2021-05-02T06:09:05","date_gmt":"2021-05-02T04:09:05","guid":{"rendered":"http:\/\/www.infokuryr.cz\/n\/?p=1314"},"modified":"2021-05-02T06:09:43","modified_gmt":"2021-05-02T04:09:43","slug":"blbecci","status":"publish","type":"post","link":"https:\/\/www.infokuryr.cz\/n\/2021\/05\/02\/blbecci\/","title":{"rendered":"Blbe\u010dci"},"content":{"rendered":"<div id=\"fb-root\"><\/div>\n<p><strong>\u010casto se setk\u00e1v\u00e1m s komenty ve kter\u00fdch blbe\u010dci ukazuj\u00ed na Rusko s opovr\u017een\u00edm. Jak je to chud\u00e1 zem\u011b a zemljanky a bla bla bla&#8230;<\/strong><\/p>\n<p>V t\u00e9to souvislosti mn\u011b napadla jedna v\u011bc. Pamatuji si moc dob\u0159e, kdy\u017e jsem jel poprv\u00e9 do n\u011bmeck\u00e9ho otroctv\u00ed v devades\u00e1t\u00e9m prvn\u00edm. Jak jsme jen chodili po m\u011bst\u011b a s otev\u0159en\u00fdmi hubami jak sedl\u00e1ci ve m\u011bst\u011b jsme o\u010dumovali v\u0161e co bylo do t\u00e9 doby pro n\u00e1s tak nev\u00eddan\u00e9.<\/p>\n<div class=\"-wm-kvgmc6g5 -wm-cxmmr5t8 -wm-oygrvhab -wm-hcukyx3x -wm-c1et5uql -wm-ii04i59q\">\n<div dir=\"auto\">To jsme je\u0161t\u011b netu\u0161ili,\u017ee to v\u0161e je jen kapitalistick\u00e9 pozl\u00e1tko n\u011b\u010deho,co se n\u00e1m nikdy nedostane. S \u00fa\u017easem jsme o\u010dumovali nabl\u00edskan\u00e9 me\u010f\u00e1ky na ulici a lesk toho pozl\u00e1tka n\u00e1s tak zaslepil,\u017ee jsme nevid\u011bli tu \u0161p\u00ednu cel\u00e9ho toho syst\u00e9mu a naivn\u011b jsme si mysleli,\u017ee brzo to bude u\u017e i u n\u00e1s tak vypadat. V tom jsme se,\u017eel,nepletli. Pokud jde o syst\u00e9m rozd\u011bluj\u00edc\u00ed lidi na horn\u00edch deset tis\u00edc a spodn\u00ed l\u016fzu,v\u0161e se n\u00e1m splnilo do punt\u00edku.<\/div>\n<div><\/div>\n<div dir=\"auto\">Je to a\u017e k sm\u00edchu sledovat v\u0161echny ty blbe\u010dky jak dnes ukazuj\u00ed s opovr\u017een\u00edm na Rusko a na Putina coby dikt\u00e1tora. My jsme m\u011bli p\u0159ed Putinem n\u011bkolik let n\u00e1skok ne\u017e se dostal k moci a jak to dopadlo? Putin,kter\u00fd zd\u011bdil po p\u0159edch\u016fdc\u00edch Rusko skute\u010dn\u011b zb\u00edda\u010den\u00e9 ho za n\u011bkolik let zvedl z bl\u00e1ta a buduje ho d\u00e1l s nev\u00eddanou rychlost\u00ed. A co jsme dok\u00e1zali my? Mysl\u00edm,\u017ee ti blbe\u010dci kte\u0159\u00ed ukazuj\u00ed t\u011bmi prsty na Rusko,by si m\u011bli ty sv\u00e9 prsty str\u010dit hluboko do prdele,proto\u017ee jedin\u011b tam m\u016f\u017eou uk\u00e1zat na to,co se v na\u0161\u00ed zemi vybudovalo za 32 let.<\/div>\n<div><\/div>\n<div dir=\"auto\">Jen n\u011bkolik \u00fachyln\u00fdch um\u011bleck\u00fdch d\u011bl a jeden je\u0161t\u011b \u00fachyln\u011bj\u0161\u00ed tan\u010d\u00edc\u00ed d\u016fm v Praze. Kdy\u017e kritizujete Rusko tak uka\u017ete nejd\u0159\u00edve co jsme dok\u00e1zali my?! T\u0159ikr\u00e1t prodra\u017een\u00fd a \u010dasov\u011b prodlou\u017een\u00fd tunel Blanka. Ne\u017e se postav\u00ed par kilometr\u016f d\u00e1lnic trv\u00e1 roky jen ne\u017e se vysoud\u00edme se zelenou hav\u011bd\u00ed a jinak jen flekujeme star\u00e9 d\u00e1lnice kter\u00e9 postavili ti zl\u00ed komunisti. A to nemluv\u00edm o metru. Kdyby i to komunisti nepostavili m\u011bli by jsme leda hovno. Zat\u00edm co Putin Rusko buduje tak my jsme svou zem nechali akor\u00e1t rozebrat k\u00e1men po kameni a na to jsme hrd\u00ed? Na\u0161i politici m\u00edsto toho aby se starali,aby zem rozkv\u00e9tala,rvou se akor\u00e1t jen o koryta a koukaj\u00ed jen po tom kde co vytunelovat a jak si narvat kapsy.<\/div>\n<div><\/div>\n<div dir=\"auto\">Blbe\u010dci si ve sv\u00e9 tuposti ani neuv\u011bdomuj\u00ed realitu. V\u0161echny bych je poslal do toho &#8222;zaostal\u00e9ho&#8220; Ruska,jen a\u0165 se tam jdou pod\u00edvat a pak a\u0165 ukazuj\u00ed prstem. Cel\u00fd tento zasran\u00fd a prohnil\u00fd syst\u00e9m se u\u017e rozpad\u00e1 a spod pozl\u00e1tka u\u017e vyl\u00e9zaj\u00ed akor\u00e1t sra\u010dky. Co nevid\u011bt se budou d\u011bjiny opakovat jen s t\u00edm rozd\u00edlem,\u017ee nebudeme jezdit na z\u00e1pad ale pr\u00e1v\u011b do toho Ruska aby jsme pro zm\u011bnu tam s otev\u0159en\u00fdmi hubami jak sedl\u00e1ci ve m\u011bst\u011b o\u010dumovali a se z\u00e1vist\u00ed obdivovali skute\u010dnou civilizaci,lidskost a kulturu.<\/div>\n<div><\/div>\n<div dir=\"auto\">Pokud n\u00e1s tam ov\u0161em pust\u00ed. Nebudu se divit,\u017ee n\u00e1s budou br\u00e1t jen jako n\u011bjakou primit\u00edvn\u00ed chamra\u010f ze z\u00e1padu. A mo\u017en\u00e1 se pak i v rusk\u00fdch obchodech uk\u00e1\u017eou n\u00e1pisy &#8222;\u010ce\u0161i nekra\u010fte&#8220; a budeme op\u011bt tam kde jsme byli p\u0159ed t\u0159iceti l\u00e9ty. V prdeli. Po\u0159\u00e1d budeme jen ta \u017eebrota s otev\u0159en\u00fdmi hubami a pro\u010d? Prost\u011b proto,\u017ee m\u00e1me nena\u017eran\u00e9 a chamtiv\u00e9 politiky kter\u00fdm je u prdele kam jde na\u0161e zem\u011b,jen a\u0165 se napln\u00ed kapsy a o tom to cel\u00e9 je.<\/div>\n<div><\/div>\n<div dir=\"auto\">\/Lupo\/<\/div>\n<div><\/div>\n<div dir=\"auto\">PS: Na obr\u00e1zku je nov\u00e1 Moskva City,kter\u00e1 se za\u010dala stav\u011bt v r.1995. Kolik let by trvalo u n\u00e1s ne\u017e by se postavil jen jedin\u00fd takov\u00fd mrakodrap???<\/div>\n<\/div>\n<p><iframe loading=\"lazy\" title=\"YouTube video player\" src=\"https:\/\/www.youtube.com\/embed\/H6IdXM1vQss\" width=\"707\" height=\"390\" frameborder=\"0\" allowfullscreen=\"allowfullscreen\" data-mce-fragment=\"1\"><\/iframe><\/p>\n<div id=\"gpt_unit_\/162717810\/CZ-czechfreepress.cz\/cfp1-708x90_1\" data-google-query-id=\"COn90aGPqvACFUT-dwodVu0JkA\">\n<div id=\"google_ads_iframe_\/162717810\/CZ-czechfreepress.cz\/cfp1-708x90_1__container__\"><\/div>\n<\/div>\n<p><iframe loading=\"lazy\" title=\"YouTube video player\" src=\"https:\/\/www.youtube.com\/embed\/vtrQ-lBUjbA\" width=\"707\" height=\"390\" frameborder=\"0\" allowfullscreen=\"allowfullscreen\" data-mce-fragment=\"1\"><\/iframe><\/p>\n<div id=\"gpt_unit_\/162717810\/CZ-czechfreepress.cz\/cfp1-708x200_1\" data-google-query-id=\"CMfkv6GPqvACFQUUiwod0w0Gaw\">\n<div id=\"google_ads_iframe_\/162717810\/CZ-czechfreepress.cz\/cfp1-708x200_1__container__\"><\/div>\n<\/div>\n","protected":false},"excerpt":{"rendered":"<p>\u010casto se setk\u00e1v\u00e1m s komenty ve kter\u00fdch blbe\u010dci ukazuj\u00ed na Rusko s opovr\u017een\u00edm. Jak je&#8230;<\/p>\n","protected":false},"author":2,"featured_media":1315,"comment_status":"closed","ping_status":"closed","sticky":false,"template":"","format":"standard","meta":[],"categories":[6],"tags":[76,246,84,234,102,22],"_links":{"self":[{"href":"https:\/\/www.infokuryr.cz\/n\/wp-json\/wp\/v2\/posts\/1314"}],"collection":[{"href":"https:\/\/www.infokuryr.cz\/n\/wp-json\/wp\/v2\/posts"}],"about":[{"href":"https:\/\/www.infokuryr.cz\/n\/wp-json\/wp\/v2\/types\/post"}],"author":[{"embeddable":true,"href":"https:\/\/www.infokuryr.cz\/n\/wp-json\/wp\/v2\/users\/2"}],"replies":[{"embeddable":true,"href":"https:\/\/www.infokuryr.cz\/n\/wp-json\/wp\/v2\/comments?post=1314"}],"version-history":[{"count":0,"href":"https:\/\/www.infokuryr.cz\/n\/wp-json\/wp\/v2\/posts\/1314\/revisions"}],"wp:featuredmedia":[{"embeddable":true,"href":"https:\/\/www.infokuryr.cz\/n\/wp-json\/wp\/v2\/media\/1315"}],"wp:attachment":[{"href":"https:\/\/www.infokuryr.cz\/n\/wp-json\/wp\/v2\/media?parent=1314"}],"wp:term":[{"taxonomy":"category","embeddable":true,"href":"https:\/\/www.infokuryr.cz\/n\/wp-json\/wp\/v2\/categories?post=1314"},{"taxonomy":"post_tag","embeddable":true,"href":"https:\/\/www.infokuryr.cz\/n\/wp-json\/wp\/v2\/tags?post=1314"}],"curies":[{"name":"wp","href":"https:\/\/api.w.org\/{rel}","templated":true}]}}