{"id":1312,"date":"2021-05-02T06:04:14","date_gmt":"2021-05-02T04:04:14","guid":{"rendered":"http:\/\/www.infokuryr.cz\/n\/?p=1312"},"modified":"2021-05-02T06:04:14","modified_gmt":"2021-05-02T04:04:14","slug":"nadrazene-nemecke-rase-mely-deti-slouzit-jako-zive-krevni-konzervy","status":"publish","type":"post","link":"https:\/\/www.infokuryr.cz\/n\/2021\/05\/02\/nadrazene-nemecke-rase-mely-deti-slouzit-jako-zive-krevni-konzervy\/","title":{"rendered":"Nad\u0159azen\u00e9 n\u011bmeck\u00e9 rase m\u011bly d\u011bti slou\u017eit jako \u017eiv\u00e9 krevn\u00ed konzervy"},"content":{"rendered":"<div id=\"fb-root\"><\/div>\n<p><strong>Tak\u00e9 jeden z p\u0159\u00edb\u011bh\u016f, o nich\u017e se dozv\u00edd\u00e1me postupn\u011b, a\u010dkoli od konce d\u011bsiv\u00e9 v\u00e1lky uplynulo 76 let.<\/strong><\/p>\n<p>Necel\u00fdch 150 d\u011bt\u00ed z d\u011btsk\u00e9ho domova bylo zachr\u00e1n\u011bno state\u010dn\u00fdm \u0159editelem, partyz\u00e1ny a piloty dvou letadel, kter\u00e1 na oto\u010dku odv\u00e1\u017eela d\u011bti do bezpe\u010d\u00ed. To, \u017ee nakonec byly zachr\u00e1n\u011bny v\u0161echny d\u011bti, bylo ale mo\u017en\u00e9 d\u00edky ob\u011bti jednoho pilota, 28let\u00e9ho Alexandra Mamkina. P\u0159i posledn\u00edm letu s d\u011btmi na palub\u011b byl letoun po\u0161kozen n\u011bmeck\u00fdmi zbran\u011bmi. Kabina za\u010dala ho\u0159et.<\/p>\n<p>Pilot, kter\u00fd byl v plamenech p\u0159esto posadil letoun v bezpe\u010dn\u00e9m m\u00edst\u011b, kde u\u017e jednotky Rud\u00e9 arm\u00e1dy byly bl\u00edzko. Dodnes nikdo nech\u00e1pe, jak mohl \u010dlov\u011bk, s na kost oho\u0159el\u00fdma nohama a leteck\u00fdmi br\u00fdlemi doslova vtaven\u00fdmi do tv\u00e1\u0159e, v\u016fbec let\u011bt. Kdy\u017e vypadl u\u017e na zemi z letadla, p\u0159esto jeho prvn\u00ed ot\u00e1zkou bylo: co d\u011bti? Chlapec \u0160i\u0161kin ho ujistil, \u017ee otev\u0159el dve\u0159e a v\u0161ichni vych\u00e1zej\u00ed. Kdykoli se \u00fa\u010dastn\u00edci t\u00e9to akce po v\u00e1lce setkali, jejich prvn\u00ed p\u0159\u00edpitek, bez v\u00fdjimky, zn\u011bl &#8222;za Sa\u0161u&#8220;.<\/p>\n<p>A v\u00edte, pro\u010d musely d\u011bti ut\u00edkat, jet na vozech s ko\u0148mi a j\u00edt v naprost\u00e9 tichosti des\u00edtky kilometr\u016f (a byly mezi nimi i d\u011bti ve v\u011bku 3-5 let, kter\u00e9 star\u0161\u00ed nesly), ne\u017e se dostaly k letadl\u016fm? Proto\u017ee N\u011bmci pot\u0159ebovali hodn\u011b krve a d\u011btsk\u00e1 krev jim p\u0159ipadala jako velmi v\u00fdhodn\u00e1 varianta. Nad\u0159azen\u00e9 n\u011bmeck\u00e9 rase m\u011bly d\u011bti slou\u017eit jako \u017eiv\u00e9 krevn\u00ed konzervy.<\/p>\n<p>Nikdy na to nesm\u00edme zapom\u00ednat. NIKDY! Proto\u017ee jinak si ty hr\u016fzy budeme muset pro\u017e\u00edt znovu.<\/p>\n<p>Radka Zemanov\u00e1-Kopeck\u00e1<\/p>\n<p><em>Zdroj: FB Radky Zemanov\u00e9-Kopeck\u00e9<\/em><\/p>\n<p>&nbsp;<\/p>\n","protected":false},"excerpt":{"rendered":"<p>Tak\u00e9 jeden z p\u0159\u00edb\u011bh\u016f, o nich\u017e se dozv\u00edd\u00e1me postupn\u011b, a\u010dkoli od konce d\u011bsiv\u00e9 v\u00e1lky uplynulo&#8230;<\/p>\n","protected":false},"author":2,"featured_media":1313,"comment_status":"closed","ping_status":"closed","sticky":false,"template":"","format":"standard","meta":[],"categories":[6],"tags":[245,170,244,155,84],"_links":{"self":[{"href":"https:\/\/www.infokuryr.cz\/n\/wp-json\/wp\/v2\/posts\/1312"}],"collection":[{"href":"https:\/\/www.infokuryr.cz\/n\/wp-json\/wp\/v2\/posts"}],"about":[{"href":"https:\/\/www.infokuryr.cz\/n\/wp-json\/wp\/v2\/types\/post"}],"author":[{"embeddable":true,"href":"https:\/\/www.infokuryr.cz\/n\/wp-json\/wp\/v2\/users\/2"}],"replies":[{"embeddable":true,"href":"https:\/\/www.infokuryr.cz\/n\/wp-json\/wp\/v2\/comments?post=1312"}],"version-history":[{"count":0,"href":"https:\/\/www.infokuryr.cz\/n\/wp-json\/wp\/v2\/posts\/1312\/revisions"}],"wp:featuredmedia":[{"embeddable":true,"href":"https:\/\/www.infokuryr.cz\/n\/wp-json\/wp\/v2\/media\/1313"}],"wp:attachment":[{"href":"https:\/\/www.infokuryr.cz\/n\/wp-json\/wp\/v2\/media?parent=1312"}],"wp:term":[{"taxonomy":"category","embeddable":true,"href":"https:\/\/www.infokuryr.cz\/n\/wp-json\/wp\/v2\/categories?post=1312"},{"taxonomy":"post_tag","embeddable":true,"href":"https:\/\/www.infokuryr.cz\/n\/wp-json\/wp\/v2\/tags?post=1312"}],"curies":[{"name":"wp","href":"https:\/\/api.w.org\/{rel}","templated":true}]}}