{"id":12919,"date":"2022-07-30T03:59:08","date_gmt":"2022-07-30T01:59:08","guid":{"rendered":"http:\/\/www.infokuryr.cz\/n\/?p=12919"},"modified":"2022-07-30T03:59:08","modified_gmt":"2022-07-30T01:59:08","slug":"jiri-vyvadil-bozi-mlyny-melou","status":"publish","type":"post","link":"https:\/\/www.infokuryr.cz\/n\/2022\/07\/30\/jiri-vyvadil-bozi-mlyny-melou\/","title":{"rendered":"Ji\u0159\u00ed Vyvadil: Bo\u017e\u00ed ml\u00fdny melou?"},"content":{"rendered":"<div id=\"fb-root\"><\/div>\n<p><strong>Tak rychl\u00fd se\u0161up vl\u00e1dn\u00edho STANu m\u011b p\u0159\u00edjemn\u011b p\u0159ekvapil. Jist\u011b je to v podstat\u011b organizovan\u00e1 zlo\u010dineck\u00e1 skupina, ale \u017ee to lid\u00e9 tak rychle zreflektovali je fakt fajn. P\u00e1d z 8,5% na 4, 8% za pouh\u00fd m\u011bs\u00edc, to je v\u00fdkon. Akce dozimetr, kter\u00e1 uk\u00e1zala mafi\u00e1nsk\u00e9 metody a korupci, u strany, kterou nap\u0159\u00edklad zp\u011bv\u00e1k, kdysi fajn a docela norm\u00e1ln\u00ed, nyn\u00ed hluboce p\u0159esv\u011bd\u010den\u00fd havlista volil, coby z\u00e1ruku solidn\u00edho \u017eivota a budoucnosti. Dnes rad\u011bji ml\u010d\u00ed.<\/strong><\/p>\n<p>Ne \u017ee bych sn\u011bmovn\u00ed pr\u016fzkum Medianu bral jako slovo bo\u017e\u00ed. Nap\u0159\u00edklad 11% pro Pir\u00e1ty se mi zd\u00e1 zcela cinkl\u00e9.<\/p>\n<p>\u017de ov\u0161em m\u00e1 nejv\u011bt\u0161\u00ed opozi\u010dn\u00ed strana ANO m\u00e1 29% se mi p\u0159i tot\u00e1ln\u00edm selh\u00e1n\u00ed ODS p\u0159i \u0159\u00edzen\u00ed spole\u010dnosti, zd\u00e1 zcela uv\u011b\u0159iteln\u00e9 a \u017ee ODS, coby hlavn\u00ed vl\u00e1dn\u00ed strana pom\u011brn\u011b slab\u00fdch 16, 1 % si tu slabost tak\u00e9 zaslou\u017e\u00ed. A SPD jako strana m\u00e1 12,5 %. \u0160koda. V\u00a0zahrani\u010dn\u00ed oblasti by s\u00a0n\u00ed leckdo souhlasil v\u00edce ne\u017e s Babi\u0161em, ale jej\u00ed styl je pro v\u011bt\u0161inu populace, podobn\u011b jako nap\u0159\u00edklad u AFD v\u00a0N\u011bmecku p\u0159\u00edli\u0161 rozk\u0159i\u010den\u00fd.<\/p>\n<p>Jestli si \u010cSSD udr\u017e\u00ed 5,6% nedovedu odhadnout. V\u00a0tom si rozhodn\u011b po\u010dkejme na p\u0159\u00ed\u0161t\u00ed pr\u016fzkumy.<\/p>\n<p>P\u0159esto je celkov\u011b povzbudiv\u00e9, \u017ee strany vl\u00e1dn\u00ed koalice jako celek padaj\u00ed. Je to nejhor\u0161\u00ed vl\u00e1da od vzniku samostatn\u00e9 \u010cesk\u00e9 republiky.<\/p>\n<p>No p\u016fjde-li to tak d\u00e1l, ne\u0161kodilo by, kdyby n\u011bjak\u00fdm vn\u011bj\u0161\u00edm tlakem padla, jako kdysi ta Topol\u00e1nkova \u010di Ne\u010dasova. Oni toti\u017e pravideln\u011b vl\u00e1dy veden\u00e9 ODS s\u00a0v\u00fdjimkou t\u00e9 prv\u00e9 \u2013 Klausovy, kon\u010d\u00ed n\u011bjak\u00fdm skand\u00e1lem. Mimochodem u\u017e dnes m\u00e1 tato vl\u00e1da podob\u011b n\u00edzkou podporu jako ta Babi\u0161ova v\u00a0nejost\u0159ej\u0161\u00ed vln\u011b kovidu.<\/p>\n<p><a href=\"http:\/\/vasevec.parlamentnilisty.cz\/domaci-politika\/bozi-mlyny-melou\">Ji\u0159\u00ed Vyvadil<\/a><\/p>\n<p><img decoding=\"async\" loading=\"lazy\" class=\"alignnone size-medium wp-image-672\" src=\"http:\/\/www.infokuryr.cz\/n\/wp-content\/uploads\/2021\/04\/vyvadil-300x208.jpg\" alt=\"\" width=\"300\" height=\"208\" srcset=\"https:\/\/www.infokuryr.cz\/n\/wp-content\/uploads\/2021\/04\/vyvadil-300x208.jpg 300w, https:\/\/www.infokuryr.cz\/n\/wp-content\/uploads\/2021\/04\/vyvadil.jpg 318w\" sizes=\"(max-width: 300px) 100vw, 300px\" \/><\/p>\n<p>&nbsp;<\/p>\n","protected":false},"excerpt":{"rendered":"<p>Tak rychl\u00fd se\u0161up vl\u00e1dn\u00edho STANu m\u011b p\u0159\u00edjemn\u011b p\u0159ekvapil. Jist\u011b je to v podstat\u011b organizovan\u00e1 zlo\u010dineck\u00e1&#8230;<\/p>\n","protected":false},"author":2,"featured_media":5853,"comment_status":"closed","ping_status":"closed","sticky":false,"template":"","format":"standard","meta":[],"categories":[6],"tags":[29,424,2526],"_links":{"self":[{"href":"https:\/\/www.infokuryr.cz\/n\/wp-json\/wp\/v2\/posts\/12919"}],"collection":[{"href":"https:\/\/www.infokuryr.cz\/n\/wp-json\/wp\/v2\/posts"}],"about":[{"href":"https:\/\/www.infokuryr.cz\/n\/wp-json\/wp\/v2\/types\/post"}],"author":[{"embeddable":true,"href":"https:\/\/www.infokuryr.cz\/n\/wp-json\/wp\/v2\/users\/2"}],"replies":[{"embeddable":true,"href":"https:\/\/www.infokuryr.cz\/n\/wp-json\/wp\/v2\/comments?post=12919"}],"version-history":[{"count":0,"href":"https:\/\/www.infokuryr.cz\/n\/wp-json\/wp\/v2\/posts\/12919\/revisions"}],"wp:featuredmedia":[{"embeddable":true,"href":"https:\/\/www.infokuryr.cz\/n\/wp-json\/wp\/v2\/media\/5853"}],"wp:attachment":[{"href":"https:\/\/www.infokuryr.cz\/n\/wp-json\/wp\/v2\/media?parent=12919"}],"wp:term":[{"taxonomy":"category","embeddable":true,"href":"https:\/\/www.infokuryr.cz\/n\/wp-json\/wp\/v2\/categories?post=12919"},{"taxonomy":"post_tag","embeddable":true,"href":"https:\/\/www.infokuryr.cz\/n\/wp-json\/wp\/v2\/tags?post=12919"}],"curies":[{"name":"wp","href":"https:\/\/api.w.org\/{rel}","templated":true}]}}