{"id":12899,"date":"2022-07-29T07:41:23","date_gmt":"2022-07-29T05:41:23","guid":{"rendered":"http:\/\/www.infokuryr.cz\/n\/?p=12899"},"modified":"2022-07-29T07:41:23","modified_gmt":"2022-07-29T05:41:23","slug":"nikaragua-zakazala-jmenovanemu-americkemu-velvyslanci-vstup-do-zeme","status":"publish","type":"post","link":"https:\/\/www.infokuryr.cz\/n\/2022\/07\/29\/nikaragua-zakazala-jmenovanemu-americkemu-velvyslanci-vstup-do-zeme\/","title":{"rendered":"Nikaragua zak\u00e1zala jmenovan\u00e9mu americk\u00e9mu velvyslanci vstup do zem\u011b"},"content":{"rendered":"<div id=\"fb-root\"><\/div>\n<p>Nikaragujsk\u00e9 \u00fa\u0159ady se rozhodly zak\u00e1zat Hugo Rodriguezovi, nov\u011b jmenovan\u00e9mu americk\u00e9mu velvyslanci, vstup do zem\u011b.<\/p>\n<p>Informuje o tom agentura TASS s odvol\u00e1n\u00edm na prohl\u00e1\u0161en\u00ed ministerstva zahrani\u010d\u00ed latinskoamerick\u00e9 zem\u011b.<\/p>\n<p>D\u016fvodem tohoto rozhodnut\u00ed byly Rodriguezovy nep\u0159\u00e1telsk\u00e9 v\u00fdroky proti Nikaragui.<\/p>\n<p>\u201eNa schvalovac\u00edm sly\u0161en\u00ed ve V\u00fdboru pro zahrani\u010dn\u00ed vztahy Sen\u00e1tu Rodriguez u\u010dinil neuctiv\u00e1 prohl\u00e1\u0161en\u00ed proti na\u0161\u00ed zemi, ignoruj\u00edc\u00ed z\u00e1sady mezin\u00e1rodn\u00edho pr\u00e1va, Chartu OSN a V\u00edde\u0148skou \u00famluvu o diplomatick\u00fdch vztaz\u00edch&#8230; Vl\u00e1da Nikaraguy, vyu\u017e\u00edv\u00e1 sv\u00e9 pravomoci a chr\u00e1n\u00ed n\u00e1rodn\u00ed suverenitu, okam\u017eit\u011b ru\u0161\u00ed souhlas pro vstup, ud\u011blen\u00fd \u017eadateli Hugo Rodriguez,\u201c uv\u00e1d\u00ed se v prohl\u00e1\u0161en\u00ed.<\/p>\n<p>Je z\u0159ejm\u00e9, \u017ee USA ji\u017e dlouhodob\u011b ztr\u00e1cej\u00ed pozice i na vlastn\u00edm dvorku.<\/p>\n<p><img decoding=\"async\" loading=\"lazy\" class=\"alignnone size-full wp-image-1185\" src=\"http:\/\/www.infokuryr.cz\/n\/wp-content\/uploads\/2021\/04\/kuryr-podpis.png\" alt=\"\" width=\"84\" height=\"24\" \/><\/p>\n","protected":false},"excerpt":{"rendered":"<p>Nikaragujsk\u00e9 \u00fa\u0159ady se rozhodly zak\u00e1zat Hugo Rodriguezovi, nov\u011b jmenovan\u00e9mu americk\u00e9mu velvyslanci, vstup do zem\u011b. Informuje&#8230;<\/p>\n","protected":false},"author":2,"featured_media":12900,"comment_status":"closed","ping_status":"closed","sticky":false,"template":"","format":"standard","meta":[],"categories":[7],"tags":[1562,37,977],"_links":{"self":[{"href":"https:\/\/www.infokuryr.cz\/n\/wp-json\/wp\/v2\/posts\/12899"}],"collection":[{"href":"https:\/\/www.infokuryr.cz\/n\/wp-json\/wp\/v2\/posts"}],"about":[{"href":"https:\/\/www.infokuryr.cz\/n\/wp-json\/wp\/v2\/types\/post"}],"author":[{"embeddable":true,"href":"https:\/\/www.infokuryr.cz\/n\/wp-json\/wp\/v2\/users\/2"}],"replies":[{"embeddable":true,"href":"https:\/\/www.infokuryr.cz\/n\/wp-json\/wp\/v2\/comments?post=12899"}],"version-history":[{"count":0,"href":"https:\/\/www.infokuryr.cz\/n\/wp-json\/wp\/v2\/posts\/12899\/revisions"}],"wp:featuredmedia":[{"embeddable":true,"href":"https:\/\/www.infokuryr.cz\/n\/wp-json\/wp\/v2\/media\/12900"}],"wp:attachment":[{"href":"https:\/\/www.infokuryr.cz\/n\/wp-json\/wp\/v2\/media?parent=12899"}],"wp:term":[{"taxonomy":"category","embeddable":true,"href":"https:\/\/www.infokuryr.cz\/n\/wp-json\/wp\/v2\/categories?post=12899"},{"taxonomy":"post_tag","embeddable":true,"href":"https:\/\/www.infokuryr.cz\/n\/wp-json\/wp\/v2\/tags?post=12899"}],"curies":[{"name":"wp","href":"https:\/\/api.w.org\/{rel}","templated":true}]}}