{"id":1288,"date":"2021-05-01T05:07:01","date_gmt":"2021-05-01T03:07:01","guid":{"rendered":"http:\/\/www.infokuryr.cz\/n\/?p=1288"},"modified":"2021-05-01T05:07:01","modified_gmt":"2021-05-01T03:07:01","slug":"nase-svoboda","status":"publish","type":"post","link":"https:\/\/www.infokuryr.cz\/n\/2021\/05\/01\/nase-svoboda\/","title":{"rendered":"Na\u0161e svoboda"},"content":{"rendered":"<div id=\"fb-root\"><\/div>\n<div class=\"perex\"><strong>Na\u0161i otcov\u00e9 kv\u011btnov\u00e9 dny 1945 pro\u017e\u00edvali srdcem. Po \u0161esti letech \u00fazkosti, kdy matky se st\u0159\u00e1sly o sv\u00e9 d\u011bti, p\u0159ich\u00e1zela svoboda, bl\u00ed\u017eil se konec v\u00e1lky. Ta kdysi neporaziteln\u00e1 mnohamilionov\u00e1 arm\u00e1da prchala p\u0159ed sov\u011btskou Rudou arm\u00e1dou do americk\u00e9ho zajet\u00ed. Rud\u00e1 arm\u00e1da 24. dubna obkl\u00ed\u010dila Berl\u00edn, drtila N\u011bmce p\u0159\u00edmo v centru. 25.dubna do\u0161lo u m\u011bsta Torgau na Labi k setk\u00e1n\u00ed americk\u00e9 a sov\u011btsk\u00e9 arm\u00e1dy. Na fotografi\u00edch je vid\u011bt ta radost a touha po p\u0159\u00e1telstv\u00ed.<\/strong><\/div>\n<div class=\"content\">\n<p>V\u00a0tom roce si m\u00e1jov\u00e9 \u0161e\u0159\u00edky u n\u00e1s posp\u00ed\u0161ily. Snad i ten \u0161e\u0159\u00edk vyc\u00edtil, \u017ee ka\u017edou hodinou se bl\u00ed\u017e\u00ed tak dlouho o\u010dek\u00e1van\u00e1 svoboda. Rud\u00e1 arm\u00e1da spole\u010dn\u011b s\u00a01. \u010ds. arm\u00e1dn\u00edm sborem osvobozovala ji\u017e od \u0159\u00edjna 1944 \u010ceskoslovensko, 4.dubna byla osvobozena Bratislava, 22.4. Opava, Mikulov, 26.4. Brno, \u2026. V\u00ed n\u00e1\u0161 student, \u017ee slezskou metropoli Ostravu 30.4. osvobodila 1. \u010ds. tankov\u00e1 brig\u00e1da ? 1.5. povstali v\u00a0P\u0159erov\u011b, 2.5. v\u00a0Nymburku, Pod\u011bbradech, 3.5. povstala podkrkono\u0161sk\u00e1 \u00dapice, Turnov, Jilemnice, p\u0159edb\u011bhli Prahu \u010di Plze\u0148. N\u011bmci se mstili, vypalovali vesnice, vra\u017edili. Milionov\u00e1 arm\u00e1da \u201eMitte\u201c hledala cestu na z\u00e1pad.<\/p>\n<p>Bitva o Berl\u00edn se stala z\u00e1vodem Spojenc\u016f, kdo prvn\u00ed vstoup\u00ed do \u0159\u00ed\u0161sk\u00e9ho hlavn\u00edho m\u011bsta. Zejm\u00e9na britsk\u00fd premi\u00e9r W. Churchill cht\u011bl d\u00e1t sv\u011btu najevo, kdo je v\u00edt\u011bzem t\u00e9to v\u00e1lky. Jak\u00e1 pro\u017e\u00edval muka, kdy\u017e 13. dubna Rud\u00e1 arm\u00e1da osvobodila V\u00edde\u0148? Stalin si tuto mo\u017enost uv\u011bdomoval, jeho prioritou se stalo dobyt\u00ed Berl\u00edna. T\u00edmto \u00fatokem pov\u011b\u0159il mar\u0161\u00e1ly \u017dukova a Kon\u011bva, od 26.dubna prob\u00edhaly boje ji\u017e v\u00a0centru Berl\u00edna. 30.dubna sov\u011bt\u0161t\u00ed voj\u00e1ci Jegorov a Kantaria vzty\u010dili vlajku SSSR nad kopuli \u0158\u00ed\u0161sk\u00e9ho sn\u011bmu, ve stejn\u00fd den Hitler sp\u00e1chal sebevra\u017edu. 2. kv\u011btna berl\u00ednsk\u00e1 pos\u00e1dka kapitulovala. Tolik stru\u010dn\u00e1 historie. Jen v\u00a0Berl\u00edn\u011b padlo 200 tis\u00edc obr\u00e1nc\u016f Berl\u00edna, na 150 tis\u00edc sov\u011btsk\u00fdch hrdin\u016f. Tato \u010d\u00edsla vypov\u00eddaj\u00ed o urputnosti pouli\u010dn\u00edch boj\u016f o Berl\u00edn\u2026<\/p>\n<p>6. kv\u011btna vstoupila do povst\u00e1n\u00edm osvobozen\u00e9 Plzn\u011b americk\u00e1 arm\u00e1da. \u010cesk\u00e9 polistopadov\u00e9 vyd\u00e1n\u00ed v\u00e1le\u010dn\u00e9ho den\u00edku G. Pattona \u201e V\u00e1lka m\u00fdma o\u010dima \u201c v\u011bnuje Plzni a z\u00e1padn\u00edm \u010cech\u00e1m, n\u011bkolik \u0159\u00e1dk\u016f. Pro gener\u00e1la Pattona to byla nejsp\u00ed\u0161e jen epizoda na\u00a0jeho velk\u00e9 bojov\u00e9 cest\u011b. To dne\u0161n\u00ed vylep\u0161ov\u00e1n\u00ed z\u00e1sluh USA je proto ned\u016fstojn\u00e9, je nejsp\u00ed\u0161e snahou dohnat pon\u00ed\u017een\u00ed pod\u00edlu americk\u00e9 arm\u00e1dy p\u0159i osvobozen\u00ed \u010cSR.<\/p>\n<p>Nek\u00e1drujme hrdiny po 76 letech! Bojovali s n\u011bmeck\u00fdm nacismem, um\u00edrali za jejich, \u010di za na\u0161i vlast. Ti s rudou hv\u011bzdou, bojovali i za na\u0161i svobod\u011bnku. Dnes jejich pomn\u00edky miz\u00ed, hrdinov\u00e9 jsou pod rou\u0161kou noci zbab\u011ble odv\u00e1\u017een\u00ed do p\u0159\u00edtm\u00ed depozit\u00e1\u0159\u016f, maj\u00ed b\u00fdt vymaz\u00e1ni z na\u0161\u00ed historie, m\u00edsto fale\u0161n\u00e9ho potlesku, sp\u00ed\u0161e panuje ob\u010dansk\u00fd stud nad t\u00edmto krokem\u2026. Na jedn\u00e9 stran\u011b vid\u00edme p\u0159ebujel\u00e9 oslavy, na druh\u00e9 stran\u011b brut\u00e1ln\u00ed ne\u00factu k osvoboditel\u016fm \u010ceskoslovenska. T\u00edm smutn\u00fdm p\u0159\u00edkladem se stal z rozhodnut\u00ed n\u011bjak\u00e9ho starosty mar\u0161\u00e1l Kon\u011bv, slavn\u00fd v\u00edt\u011bz od Berl\u00edna, nositel \u010deskoslovensk\u00e9ho Vojensk\u00e9ho \u0159\u00e1du B\u00edl\u00e9ho lva 1. t\u0159\u00eddy, nositel nejvy\u0161\u0161\u00edch spojeneck\u00fdch vyznamen\u00e1n\u00edch USA, Brit\u00e1nie, Francie, Jugosl\u00e1vie, \u2026 pod jeho\u017e velen\u00edm bojoval i 1. \u010ds. arm\u00e1dn\u00ed sbor. Ka\u017ed\u00e1 ob\u011b\u0165, ka\u017ed\u00fd hrdina m\u00e1 m\u00edt na\u0161i \u00factu, jak t\u011bch 140 tis\u00edc padl\u00fdch p\u0159\u00edslu\u0161n\u00edk\u016f Rud\u00e9 arm\u00e1dy, tak i 30 tis\u00edc rumunsk\u00fdch voj\u00e1k\u016f, \u010di 116 americk\u00fdch hrdin\u016f, v\u0161ichni padli p\u0159i osvobozen\u00ed \u010ceskoslovenska. Pov\u011bzte mlad\u00fdm, jak t\u011b\u017ece se rodila svobod\u011bnka.<\/p>\n<\/div>\n<div class=\"content_sub\">\n<div class=\"content_sub_author\">\n<div class=\"autor\"><strong>P\u0159emysl Votava<\/strong><\/div>\n<div class=\"motto\">M\u00edstop\u0159edseda strany N\u00e1rodn\u00ed socialist\u00e9<\/div>\n<\/div>\n<\/div>\n<div><\/div>\n<div><img decoding=\"async\" loading=\"lazy\" class=\"alignnone  wp-image-1289\" src=\"http:\/\/www.infokuryr.cz\/n\/wp-content\/uploads\/2021\/05\/votava.jpg\" alt=\"\" width=\"97\" height=\"141\" \/><\/div>\n<div><\/div>\n","protected":false},"excerpt":{"rendered":"<p>Na\u0161i otcov\u00e9 kv\u011btnov\u00e9 dny 1945 pro\u017e\u00edvali srdcem. Po \u0161esti letech \u00fazkosti, kdy matky se st\u0159\u00e1sly&#8230;<\/p>\n","protected":false},"author":2,"featured_media":1290,"comment_status":"closed","ping_status":"closed","sticky":false,"template":"","format":"standard","meta":[],"categories":[6],"tags":[233,76,230,231,232],"_links":{"self":[{"href":"https:\/\/www.infokuryr.cz\/n\/wp-json\/wp\/v2\/posts\/1288"}],"collection":[{"href":"https:\/\/www.infokuryr.cz\/n\/wp-json\/wp\/v2\/posts"}],"about":[{"href":"https:\/\/www.infokuryr.cz\/n\/wp-json\/wp\/v2\/types\/post"}],"author":[{"embeddable":true,"href":"https:\/\/www.infokuryr.cz\/n\/wp-json\/wp\/v2\/users\/2"}],"replies":[{"embeddable":true,"href":"https:\/\/www.infokuryr.cz\/n\/wp-json\/wp\/v2\/comments?post=1288"}],"version-history":[{"count":0,"href":"https:\/\/www.infokuryr.cz\/n\/wp-json\/wp\/v2\/posts\/1288\/revisions"}],"wp:featuredmedia":[{"embeddable":true,"href":"https:\/\/www.infokuryr.cz\/n\/wp-json\/wp\/v2\/media\/1290"}],"wp:attachment":[{"href":"https:\/\/www.infokuryr.cz\/n\/wp-json\/wp\/v2\/media?parent=1288"}],"wp:term":[{"taxonomy":"category","embeddable":true,"href":"https:\/\/www.infokuryr.cz\/n\/wp-json\/wp\/v2\/categories?post=1288"},{"taxonomy":"post_tag","embeddable":true,"href":"https:\/\/www.infokuryr.cz\/n\/wp-json\/wp\/v2\/tags?post=1288"}],"curies":[{"name":"wp","href":"https:\/\/api.w.org\/{rel}","templated":true}]}}