{"id":12789,"date":"2022-07-27T01:12:13","date_gmt":"2022-07-26T23:12:13","guid":{"rendered":"http:\/\/www.infokuryr.cz\/n\/?p=12789"},"modified":"2022-07-26T18:31:22","modified_gmt":"2022-07-26T16:31:22","slug":"dostanete-to-zpatky-erdogan-odsuzuje-zapadni-politiky-za-jejich-postoj-k-putinovi","status":"publish","type":"post","link":"https:\/\/www.infokuryr.cz\/n\/2022\/07\/27\/dostanete-to-zpatky-erdogan-odsuzuje-zapadni-politiky-za-jejich-postoj-k-putinovi\/","title":{"rendered":"\u201eDostanete to zp\u00e1tky\u201c \u2013 Erdo\u011fan odsuzuje z\u00e1padn\u00ed politiky za jejich postoj k Putinovi"},"content":{"rendered":"<div id=\"fb-root\"><\/div>\n<p><strong>Tureck\u00fd prezident Recep Tayyip Erdo\u011fan kritizoval p\u0159edstavitele z\u00e1padn\u00edch zem\u00ed za jejich jedn\u00e1n\u00ed s ruskou hlavou st\u00e1tu.\u00a0Erdo\u011fan zd\u016fraznil, \u017ee Putin bude reagovat na neuctiv\u00e9 postoje v\u016f\u010di jeho zemi stejn\u00fdm zp\u016fsobem.<\/strong><\/p>\n<p><span>Tureck\u00fd prezident Recep Tayyip Erdo\u011fan v rozhovoru pro tureckou televizi\u00a0<\/span><em><span>TRT<\/span><\/em><span>\u00a0kritizoval z\u00e1padn\u00ed politiky za jejich postoj k rusk\u00e9mu prezidentovi Vladimiru Putinovi.\u00a0Erdo\u011fan tak\u00e9 vyj\u00e1d\u0159il, \u017ee toto chov\u00e1n\u00ed neodpov\u00edd\u00e1 politick\u00fdm norm\u00e1m:<\/span><\/p>\n<p><em><span>&#8222;Zn\u00e1te postoj z\u00e1padn\u00edch politik\u016f k Putinovi. To nen\u00ed hodn\u00e9 politiky. Cokoli mu ud\u011bl\u00e1te, vr\u00e1t\u00ed se v\u00e1m to.&#8220;<\/span><\/em><\/p>\n<p><em><span>Noviny The New York Times<\/span><\/em><span>\u00a0ned\u00e1vno\u00a0napsaly, \u017ee Erdo\u011fan u\u017e byl \u201ebolest\u00ed hlavy\u201c pro americk\u00e9ho prezidenta Joea Bidena a v\u016fdce dal\u0161\u00edch zem\u00ed NATO. V \u010dl\u00e1nku se uv\u00e1d\u00ed, \u017ee Erdo\u011fanovy \u010diny a Bidenova omezen\u00e1 schopnost je zadr\u017eet podtrhuj\u00ed jedine\u010dn\u00e9 postaven\u00ed tureck\u00e9ho v\u016fdce jako vojensk\u00e9ho spojence, jeho\u017e politika se \u201e\u010dasto rozch\u00e1z\u00ed s r\u00e9torikou kolektivn\u00edho Z\u00e1padu\u201c.<\/span><\/p>\n<p><span>N\u011bmeck\u00e1 ministryn\u011b zahrani\u010d\u00ed Annalena Baerbock d\u0159\u00edve 23. \u010dervence ozna\u010dila Erdo\u011fanovu p\u0159\u00edtomnost na spole\u010dn\u00e9 fotografii s jeho rusk\u00fdmi a \u00edr\u00e1nsk\u00fdmi prot\u011bj\u0161ky Vladimirem Putinem a Ebrahimem Raisim za nepochopitelnou pro p\u0159edstavitele vl\u00e1dy zem\u011b, kter\u00e1 \u201estejn\u011b jako Turecko je \u010dlenem NATO a kter\u00e1 vojensky podporoval Ukrajinu\u201c.\u00a0Baerbock doslova uvedla:<\/span><\/p>\n<p><em><span>&#8222;Skute\u010dnost, \u017ee je na tomto obr\u00e1zku tureck\u00fd prezident, je n\u00e1ro\u010dn\u00e1.&#8220;<\/span><\/em><\/p>\n<p><span>Erdo\u011fan v\u0161ak zd\u016fraznil, \u017ee m\u011bl p\u0159\u00edle\u017eitost projednat bilater\u00e1ln\u00ed vztahy s rusk\u00fdm prezidentem b\u011bhem summitu form\u00e1tu Astana v \u00cdr\u00e1nu.\u00a0Hlava st\u00e1tu uvedla, \u017ee sch\u016fzka prob\u011bhla v p\u0159\u00e1telsk\u00e9 atmosf\u00e9\u0159e a p\u0159es neshody s Moskvou byla p\u0159ijata d\u016fle\u017eit\u00e1 rozhodnut\u00ed:<\/span><\/p>\n<p><em><span>&#8222;Na\u0161e setk\u00e1n\u00ed s Putinem bylo skute\u010dn\u011b jin\u00e9. Proto\u017ee tady nikoho nevid\u00edme jako nep\u0159\u00edtele. Tak\u017ee to p\u0159in\u00e1\u0161\u00ed opravdu up\u0159\u00edmn\u00fd p\u0159\u00edstup z obou stran.&#8220;<\/span><\/em><\/p>\n<p><span>Tureck\u00fd v\u016fdce dodal, \u017ee jeho z\u00e1padn\u00ed prot\u011bj\u0161ky nejsou s Putinov\u00fdm jedn\u00e1n\u00edm spokojeni.\u00a0Ob\u011b strany v\u0161ak na setk\u00e1n\u00ed v \u00cdr\u00e1nu \u201esnadno vy\u0159e\u0161ily\u201c d\u016fle\u017eit\u00e9 ot\u00e1zky v bilater\u00e1ln\u00edch vztaz\u00edch.\u00a0Recep Tayyip Erdo\u011fan zd\u016fraznil, \u017ee Ankara by m\u011bla udr\u017eovat dialog s Moskvou zalo\u017een\u00fd na spole\u010dn\u00fdch z\u00e1jmech a roz\u0161\u00ed\u0159it jej v oblastech s potenci\u00e1lem.<\/span><\/p>\n<p><img decoding=\"async\" loading=\"lazy\" class=\"alignnone size-full wp-image-1185\" src=\"http:\/\/www.infokuryr.cz\/n\/wp-content\/uploads\/2021\/04\/kuryr-podpis.png\" alt=\"\" width=\"84\" height=\"24\" \/><\/p>\n<p>&nbsp;<\/p>\n","protected":false},"excerpt":{"rendered":"<p>Tureck\u00fd prezident Recep Tayyip Erdo\u011fan kritizoval p\u0159edstavitele z\u00e1padn\u00edch zem\u00ed za jejich jedn\u00e1n\u00ed s ruskou hlavou&#8230;<\/p>\n","protected":false},"author":2,"featured_media":831,"comment_status":"closed","ping_status":"closed","sticky":false,"template":"","format":"standard","meta":[],"categories":[7],"tags":[56,102,365],"_links":{"self":[{"href":"https:\/\/www.infokuryr.cz\/n\/wp-json\/wp\/v2\/posts\/12789"}],"collection":[{"href":"https:\/\/www.infokuryr.cz\/n\/wp-json\/wp\/v2\/posts"}],"about":[{"href":"https:\/\/www.infokuryr.cz\/n\/wp-json\/wp\/v2\/types\/post"}],"author":[{"embeddable":true,"href":"https:\/\/www.infokuryr.cz\/n\/wp-json\/wp\/v2\/users\/2"}],"replies":[{"embeddable":true,"href":"https:\/\/www.infokuryr.cz\/n\/wp-json\/wp\/v2\/comments?post=12789"}],"version-history":[{"count":0,"href":"https:\/\/www.infokuryr.cz\/n\/wp-json\/wp\/v2\/posts\/12789\/revisions"}],"wp:featuredmedia":[{"embeddable":true,"href":"https:\/\/www.infokuryr.cz\/n\/wp-json\/wp\/v2\/media\/831"}],"wp:attachment":[{"href":"https:\/\/www.infokuryr.cz\/n\/wp-json\/wp\/v2\/media?parent=12789"}],"wp:term":[{"taxonomy":"category","embeddable":true,"href":"https:\/\/www.infokuryr.cz\/n\/wp-json\/wp\/v2\/categories?post=12789"},{"taxonomy":"post_tag","embeddable":true,"href":"https:\/\/www.infokuryr.cz\/n\/wp-json\/wp\/v2\/tags?post=12789"}],"curies":[{"name":"wp","href":"https:\/\/api.w.org\/{rel}","templated":true}]}}