{"id":12768,"date":"2022-07-27T01:03:28","date_gmt":"2022-07-26T23:03:28","guid":{"rendered":"http:\/\/www.infokuryr.cz\/n\/?p=12768"},"modified":"2022-07-26T16:51:33","modified_gmt":"2022-07-26T14:51:33","slug":"novy-albansky-prezident-vyzval-k-politicke-jednote","status":"publish","type":"post","link":"https:\/\/www.infokuryr.cz\/n\/2022\/07\/27\/novy-albansky-prezident-vyzval-k-politicke-jednote\/","title":{"rendered":"Nov\u00fd alb\u00e1nsk\u00fd prezident vyzval k politick\u00e9 jednot\u011b"},"content":{"rendered":"<div id=\"fb-root\"><\/div>\n<p><span data-spm-anchor-id=\"C01140752918.PaZNIkA0prFD.0.i2\">Nov\u00fd alb\u00e1nsk\u00fd prezident Bajram Begaj vyzval n\u00e1rodn\u00ed politick\u00e9 strany, aby spolupracovaly pro budoucnost zem\u011b a upevnily pr\u00e1vn\u00ed st\u00e1t.<\/span><\/p>\n<p>Ve sv\u00e9m prvn\u00edm projevu ve funkci prezidenta pot\u00e9, co v ned\u011bli slo\u017eil p\u0159\u00edsahu, Begaj \u0159ekl, \u017ee bude podporovat a respektovat vl\u00e1du i opozici, a vyzval ke spolupr\u00e1ci nam\u00edsto boj\u016f.<\/p>\n<p>\u201eNebudu se chovat neutr\u00e1ln\u011b k tomu, kdo by stav\u011bl osobn\u00ed z\u00e1jmy nad z\u00e1jmy na\u0161eho n\u00e1roda,\u201c \u0159ekl b\u00fdval\u00fd \u0161\u00e9f obrany n\u00e1roda p\u0159i slavnostn\u00edm ceremoni\u00e1lu v parlamentu.<\/p>\n<p>\u201eJednota je pot\u0159ebn\u00e1 v\u00edce ne\u017e kdy jindy k zaji\u0161t\u011bn\u00ed vitality na\u0161eho n\u00e1roda. Ud\u011blejme v\u0161ichni spole\u010dn\u011b na\u0161i Alb\u00e1nii je\u0161t\u011b kr\u00e1sn\u011bj\u0161\u00ed, aby byla na m\u00edst\u011b, kam pat\u0159\u00ed,\u201c poznamenal Begaj.<\/p>\n<p>Begaj byl zvolen prezidentem 4. \u010dervna. Celkem 83 z\u00e1konod\u00e1rc\u016f se z\u00fa\u010dastnilo hlasov\u00e1n\u00ed, kter\u00e9 prob\u011bhlo na plen\u00e1rn\u00edm zased\u00e1n\u00ed parlamentu, kde Begaj z\u00edskal 78 hlas\u016f pro, \u010dty\u0159i z\u00e1konod\u00e1rci hlasovali proti a jeden se zdr\u017eel hlasov\u00e1n\u00ed.<\/p>\n<p><span data-spm-anchor-id=\"C01140752918.PaZNIkA0prFD.0.i3\">Bayram Begaj je gener\u00e1lmajor a p\u0159ed prezidentsk\u00fdmi volbami zast\u00e1val funkci n\u00e1\u010deln\u00edka gener\u00e1ln\u00edho \u0161t\u00e1bu alb\u00e1nsk\u00fdch ozbrojen\u00fdch sil. Funkci prezidenta zem\u011b by m\u011bl zast\u00e1vat v p\u0159\u00ed\u0161t\u00edch p\u011bti letech. B\u011bhem slavnostn\u00ed p\u0159\u00edsahy doprov\u00e1zela Begaje jeho man\u017eelka Armanda Begajov\u00e1 a jeho dva synov\u00e9.<\/span><\/p>\n<p>V ned\u011bli r\u00e1no b\u00fdval\u00fd prezident Ilir Meta zve\u0159ejnil na soci\u00e1ln\u00edch s\u00edt\u00edch sv\u016fj posledn\u00ed vzkaz lidem jako prezident, kter\u00fdm byl p\u011bt let od \u010dervence 2017.<\/p>\n<p>\u201eBylo mi mimo\u0159\u00e1dnou ct\u00ed a v\u00fdsadou slou\u017eit po t\u011bchto p\u011bt let jako prezident Alb\u00e1nsk\u00e9 republiky. P\u0159eji to nejlep\u0161\u00ed pro na\u0161i vlast a n\u00e1rod! P\u0159eji m\u00edr a prosperitu ka\u017ed\u00e9 alb\u00e1nsk\u00e9 rodin\u011b,\u201c napsal Meta.<\/p>\n<p><img decoding=\"async\" loading=\"lazy\" class=\"alignnone size-full wp-image-1185\" src=\"http:\/\/www.infokuryr.cz\/n\/wp-content\/uploads\/2021\/04\/kuryr-podpis.png\" alt=\"\" width=\"84\" height=\"24\" \/><\/p>\n<p>&nbsp;<\/p>\n","protected":false},"excerpt":{"rendered":"<p>Nov\u00fd alb\u00e1nsk\u00fd prezident Bajram Begaj vyzval n\u00e1rodn\u00ed politick\u00e9 strany, aby spolupracovaly pro budoucnost zem\u011b a&#8230;<\/p>\n","protected":false},"author":2,"featured_media":12769,"comment_status":"closed","ping_status":"closed","sticky":false,"template":"","format":"standard","meta":[],"categories":[7],"tags":[821,165,27],"_links":{"self":[{"href":"https:\/\/www.infokuryr.cz\/n\/wp-json\/wp\/v2\/posts\/12768"}],"collection":[{"href":"https:\/\/www.infokuryr.cz\/n\/wp-json\/wp\/v2\/posts"}],"about":[{"href":"https:\/\/www.infokuryr.cz\/n\/wp-json\/wp\/v2\/types\/post"}],"author":[{"embeddable":true,"href":"https:\/\/www.infokuryr.cz\/n\/wp-json\/wp\/v2\/users\/2"}],"replies":[{"embeddable":true,"href":"https:\/\/www.infokuryr.cz\/n\/wp-json\/wp\/v2\/comments?post=12768"}],"version-history":[{"count":1,"href":"https:\/\/www.infokuryr.cz\/n\/wp-json\/wp\/v2\/posts\/12768\/revisions"}],"predecessor-version":[{"id":12770,"href":"https:\/\/www.infokuryr.cz\/n\/wp-json\/wp\/v2\/posts\/12768\/revisions\/12770"}],"wp:featuredmedia":[{"embeddable":true,"href":"https:\/\/www.infokuryr.cz\/n\/wp-json\/wp\/v2\/media\/12769"}],"wp:attachment":[{"href":"https:\/\/www.infokuryr.cz\/n\/wp-json\/wp\/v2\/media?parent=12768"}],"wp:term":[{"taxonomy":"category","embeddable":true,"href":"https:\/\/www.infokuryr.cz\/n\/wp-json\/wp\/v2\/categories?post=12768"},{"taxonomy":"post_tag","embeddable":true,"href":"https:\/\/www.infokuryr.cz\/n\/wp-json\/wp\/v2\/tags?post=12768"}],"curies":[{"name":"wp","href":"https:\/\/api.w.org\/{rel}","templated":true}]}}