{"id":12767,"date":"2022-07-27T01:04:49","date_gmt":"2022-07-26T23:04:49","guid":{"rendered":"http:\/\/www.infokuryr.cz\/n\/?p=12767"},"modified":"2022-07-26T16:48:15","modified_gmt":"2022-07-26T14:48:15","slug":"robert-fico-je-certifikovanym-nepritelem-kyjevskeho-rezimu","status":"publish","type":"post","link":"https:\/\/www.infokuryr.cz\/n\/2022\/07\/27\/robert-fico-je-certifikovanym-nepritelem-kyjevskeho-rezimu\/","title":{"rendered":"Robert Fico je certifikovan\u00fdm nep\u0159\u00edtelem kyjevsk\u00e9ho re\u017eimu"},"content":{"rendered":"<div id=\"fb-root\"><\/div>\n<p><strong>P\u0159edseda slovensk\u00e9 strany Sm\u011br \u2013 soci\u00e1ln\u00ed demokracie Robert Fico byl na Ukrajin\u011b za\u0159azen na seznam nep\u0159\u00e1tel kyjevsk\u00e9ho re\u017eimu.<\/strong><\/p>\n<p style=\"font-weight: 400;\">St\u00e1tn\u00ed ukrajinsk\u00e1 agentura Centrum boje proti dezinformac\u00edm za\u0159adila na seznam 75 osob, kter\u00e9 podle n\u00ed podporuj\u00ed Rusko. Ukrajin\u011b se nel\u00edb\u00ed v\u00fdroky Fica o tom, \u017ee Ukrajina na rozd\u00edl od Ruska neplnila podm\u00ednky tzv. minsk\u00fdch dohod. Na str\u00e1nce je d\u00e1le uvedeno, \u017ee podle Fica nelze dok\u00e1zat, \u017ee rusk\u00e1 strana nese odpov\u011bdnost za konflikt na Ukrajin\u011b a tak\u00e9 to, \u017ee Z\u00e1pad by m\u011bl zru\u0161it sankce v\u016f\u010di Rusku.<\/p>\n<p style=\"font-weight: 400;\">Vedle Roberta Fica je na seznamu tak\u00e9 b\u00fdval\u00fd brazilsk\u00fd prezident Lulu da Silvu , francouzsk\u00e1 politi\u010dka Marine Le Pen a americk\u00fd republik\u00e1nsk\u00fd sen\u00e1tor Rand Paul.<\/p>\n<p style=\"font-weight: 400;\">Podle Fica Slovensko nem\u00e1 nic spole\u010dn\u00e9ho s v\u00e1lkou na Ukrajin\u011b!\u00a0\u00a0 Ukrajinci nebojuj\u00ed za n\u00e1s, ale za Ameri\u010dany, uvedl\u00a0 v\u00a0Bratislav\u011b na Slav\u00edn\u011b p\u0159i vzpom\u00ednce na osvobozen\u00ed Slovenska sov\u011btskou arm\u00e1dou.<\/p>\n<p><img decoding=\"async\" loading=\"lazy\" class=\"alignnone size-full wp-image-1185\" src=\"http:\/\/www.infokuryr.cz\/n\/wp-content\/uploads\/2021\/04\/kuryr-podpis.png\" alt=\"\" width=\"84\" height=\"24\" \/><\/p>\n<p>&nbsp;<\/p>\n","protected":false},"excerpt":{"rendered":"<p>P\u0159edseda slovensk\u00e9 strany Sm\u011br \u2013 soci\u00e1ln\u00ed demokracie Robert Fico byl na Ukrajin\u011b za\u0159azen na seznam&#8230;<\/p>\n","protected":false},"author":2,"featured_media":2543,"comment_status":"closed","ping_status":"closed","sticky":false,"template":"","format":"standard","meta":[],"categories":[7],"tags":[636,2887,26],"_links":{"self":[{"href":"https:\/\/www.infokuryr.cz\/n\/wp-json\/wp\/v2\/posts\/12767"}],"collection":[{"href":"https:\/\/www.infokuryr.cz\/n\/wp-json\/wp\/v2\/posts"}],"about":[{"href":"https:\/\/www.infokuryr.cz\/n\/wp-json\/wp\/v2\/types\/post"}],"author":[{"embeddable":true,"href":"https:\/\/www.infokuryr.cz\/n\/wp-json\/wp\/v2\/users\/2"}],"replies":[{"embeddable":true,"href":"https:\/\/www.infokuryr.cz\/n\/wp-json\/wp\/v2\/comments?post=12767"}],"version-history":[{"count":0,"href":"https:\/\/www.infokuryr.cz\/n\/wp-json\/wp\/v2\/posts\/12767\/revisions"}],"wp:featuredmedia":[{"embeddable":true,"href":"https:\/\/www.infokuryr.cz\/n\/wp-json\/wp\/v2\/media\/2543"}],"wp:attachment":[{"href":"https:\/\/www.infokuryr.cz\/n\/wp-json\/wp\/v2\/media?parent=12767"}],"wp:term":[{"taxonomy":"category","embeddable":true,"href":"https:\/\/www.infokuryr.cz\/n\/wp-json\/wp\/v2\/categories?post=12767"},{"taxonomy":"post_tag","embeddable":true,"href":"https:\/\/www.infokuryr.cz\/n\/wp-json\/wp\/v2\/tags?post=12767"}],"curies":[{"name":"wp","href":"https:\/\/api.w.org\/{rel}","templated":true}]}}