{"id":12759,"date":"2022-07-26T11:18:23","date_gmt":"2022-07-26T09:18:23","guid":{"rendered":"http:\/\/www.infokuryr.cz\/n\/?p=12759"},"modified":"2022-07-26T11:18:23","modified_gmt":"2022-07-26T09:18:23","slug":"nedelnik-adama-b-bartose-94-vlastenecke-primarky","status":"publish","type":"post","link":"https:\/\/www.infokuryr.cz\/n\/2022\/07\/26\/nedelnik-adama-b-bartose-94-vlastenecke-primarky\/","title":{"rendered":"NED\u011aLN\u00cdK ADAMA B. BARTO\u0160E (94): VLASTENECK\u00c9 PRIM\u00c1RKY"},"content":{"rendered":"<div id=\"fb-root\"><\/div>\n<p>V\u00e1\u017een\u00e9 a mil\u00e9 \u010dten\u00e1\u0159ky m\u00e9ho ned\u011bln\u00edku, v\u00e1\u017een\u00ed a mil\u00ed \u010dten\u00e1\u0159i. To, \u017ee m\u016fj ned\u011bln\u00edk \u010dtete op\u011bt a\u017e po \u010dtrn\u00e1cti dnech, nen\u00ed tentokr\u00e1t zp\u016fsobeno moj\u00ed \u201edovolenou\u201c, jako sp\u00ed\u0161e t\u00edm, co po dovolen\u00e9 p\u0159i\u0161lo. Spousta nahromad\u011bn\u00e9 pr\u00e1ce a hlavn\u011b \u2013 komun\u00e1ln\u00ed volby. Minul\u00fd t\u00fdden se pod\u00e1valy kandid\u00e1tky a j\u00e1 fini\u0161oval, tak\u017ee jsem se rozhodl ned\u011bln\u00edk vypustit. A proto\u017ee je dnes (v pond\u011bl\u00ed) posledn\u00ed mo\u017enost kandid\u00e1tky doplnit, pracoval jsem cel\u00fd uplynul\u00fd t\u00fdden (a v\u00edkend) na tom, aby byla kompletn\u00ed. Proto ta odmlka.<span id=\"more-13127\"><\/span><\/p>\n<p>Cht\u011bl bych p\u0159i t\u00e9 p\u0159\u00edle\u017eitosti pod\u011bkovat v\u0161em, kte\u0159\u00ed se svoj\u00ed \u00fa\u010dast\u00ed na kandid\u00e1tce souhlasili a t\u011bm, kte\u0159\u00ed mi s jej\u00edm zapln\u011bn\u00edm pom\u00e1hali, tedy t\u011bm, kte\u0159\u00ed sehnali dal\u0161\u00ed kandid\u00e1ty nebo mi byli n\u00e1pomocni v administrativ\u011b s t\u00edm spojen\u00e9. Rozum\u00edm i t\u011bm, kte\u0159\u00ed z r\u016fzn\u00fdch d\u016fvod\u016f na kandid\u00e1tku j\u00edt nemohli.<\/p>\n<p>I kdy\u017e to byla tak trochu \u00famorn\u00e1 d\u0159ina, jsem tak\u00e9 r\u00e1d, \u017ee jsem po dlouh\u00e9 dob\u011b vid\u011bl star\u00e9 zn\u00e1m\u00e9, by\u0165 jsme mohli prohodit jen p\u00e1r slov \u2013 na v\u00edc nebyl \u010das. Ur\u010dit\u011b si to ale vynahrad\u00edme v budoucnu, p\u016fjdeme na pivo \/ v\u00edno a pokec\u00e1me v klidu, beze sp\u011bchu. S n\u011bkter\u00fdmi jsme se kv\u016fli covidu a neust\u00e1l\u00fdm v\u00fdjime\u010dn\u00fdm stav\u016fm vid\u011bli po n\u011bkolika letech. A je dobr\u00e9 v\u011bd\u011bt, \u017ee o sob\u011b st\u00e1le v\u00edme a kdy\u017e je pot\u0159eba, dok\u00e1\u017eeme zabrat. Z voleb obecn\u011b jsem u\u017e vyst\u0159\u00edzliv\u011bl a ne\u010dek\u00e1m z\u00e1zraky, ale berte to sp\u00ed\u0161e jako \u201ecvi\u010den\u00ed\u201c. V\u017edy je dobr\u00e9 prov\u011b\u0159it, zda jsme schopni se s\u0161ikovat, ne\u017e abychom na v\u0161e rezignovali. Tak\u017ee je\u0161t\u011b jednou d\u00edky v\u0161em, toto cvi\u010den\u00ed jsme zvl\u00e1dli\u2026<\/p>\n<p>P\u0159esto bych dnes r\u00e1d psal i o jin\u00fdch volb\u00e1ch, ne\u017e jen t\u011bch komun\u00e1ln\u00edch. A toti\u017e \u2013 o prezidentsk\u00fdch. Ty budou hned vz\u00e1p\u011bt\u00ed \u2013 v lednu. M\u00e1m k tomu p\u00e1r pozn\u00e1mek.<\/p>\n<p>Na jednu stranu je t\u011b\u017ek\u00e9 se k nim vyjad\u0159ovat, kdy\u017e je\u0161t\u011b nejsou zn\u00e1mi kandid\u00e1ti. O n\u011bkter\u00fdch se mluv\u00ed, i kdy\u017e se k tomu oni sami je\u0161t\u011b po\u0159\u00e1dn\u011b nevyj\u00e1d\u0159ili a dokonce se u\u017e um\u00eds\u0165uj\u00ed v pr\u016fzkumech, ani\u017e by svoji kandidaturu ve\u0159ejn\u011b potvrdili. Jin\u00ed, kte\u0159\u00ed ji ohla\u0161ovali, z n\u00ed postupn\u011b vycouvali. Zase dal\u0161\u00ed, kte\u0159\u00ed p\u0159ed \u010dasem vzbudili ur\u010dit\u00fd ohlas, se najednou v pr\u016fzkumech objevuj\u00ed na jejich chvostu. A n\u011bkter\u00e1 dal\u0161\u00ed jm\u00e9na se je\u0161t\u011b ur\u010dit\u011b vyloupnou. Analytick\u00fd t\u00fdm N\u00e1rodn\u00ed demokracie nap\u0159\u00edklad zjistil, \u017ee do \u010dtrn\u00e1cti dn\u016f ohl\u00e1s\u00ed kandidaturu Robert \u0160lachta\u2026<\/p>\n<p>K tomu ud\u011bl\u00e1m jednu pozn\u00e1mku. Mus\u00edm. Bude osobn\u011b lad\u011bn\u00e1, to nepop\u00edr\u00e1m. N\u011bkte\u0159\u00ed voli\u010di volili P\u0159\u00edsahu Roberta \u0160lachty v domn\u011bn\u00ed, \u017ee je to \u201enov\u00e9 ko\u0161t\u011b\u201c, \u201enov\u00e1 krev\u201c, \u201enov\u00e1 strana\u201c \u010di co j\u00e1 v\u00edm nov\u00e9ho. N\u011bkte\u0159\u00ed lid\u00e9 maj\u00ed obsedantn\u00ed pot\u0159ebu uv\u011b\u0159it v\u0161emu, co se vyd\u00e1v\u00e1 za nov\u00e9, i kdy\u017e je to jen star\u00e1 vete\u0161. Jin\u00ed mohli \u0160lachtu volit z d\u016fvodu, \u017ee existovaly informace o tom, \u017ee tato volebn\u00ed formace byla podporov\u00e1na Babi\u0161em jako jeho \u201eb\u00e9\u010dko\u201c, se kter\u00fdm by p\u0159\u00edpadn\u011b vl\u00e1dnul (nebo alespo\u0148 proto, aby odebrala hlasy protivn\u00edk\u016fm). I kdyby to byla pravda, neznamen\u00e1 to, \u017ee \u0160lachta na Hrad je dobr\u00fd n\u00e1pad. U\u017e t\u0159eba jen proto, \u017ee \u0160lachta je p\u0159\u00edli\u0161 spojen s bandou kolem Brad\u00e1\u010dov\u00e9 a dal\u0161\u00edmi postavi\u010dkami, co chod\u00ed na k\u00e1vi\u010dku na americk\u00e9 velvyslanectv\u00ed.<\/p>\n<p>A ta moje osobn\u011b lad\u011bn\u00e1 pozn\u00e1mka \u2013 v\u0161em, co se mne na \u0160lachtu ptaj\u00ed, odpov\u00edd\u00e1m, \u017ee j\u00e1 v n\u011bm m\u00e1m jasno. \u010clov\u011bk, kter\u00fd p\u0159ed p\u00e1r lety podepsal p\u0159\u00edkaz o m\u00e9m sledov\u00e1n\u00ed polici\u00ed \u2013 m\u00e1m ten pap\u00edr s jeho podpisem coby \u0159editele \u00daOOZ ve sv\u00e9m spisu (jako bych byl n\u011bjak\u00fd nebezpe\u010dn\u00fd zlo\u010dinec) \u2013 takov\u00fd \u010dlov\u011bk je pro mne p\u00f3vl. Pokud m\u00edsto \u0159e\u0161en\u00ed skute\u010dn\u00e9ho organizovan\u00e9ho zlo\u010dinu, jak je uvedeno v n\u00e1zvu \u00fa\u0159adu, kter\u00e9mu \u0161\u00e9foval, \u0161picluje re\u017eimu nepohodln\u00e9 politiky, evidentn\u011b svoji funkci nezvl\u00e1dal a nem\u00e1 co vypr\u00e1v\u011bt o tom, jak s t\u011bmi mafi\u00e1ny zato\u010d\u00ed a \u017ee on je n\u011bjak\u00e1 spravedlnost, kter\u00e1 si na v\u0161echny do\u0161l\u00e1pne. Je to sm\u011b\u0161n\u00e1 figurka, kter\u00e1 \u201e\u0159e\u0161\u00ed\u201c jen tehdy, kdy\u017e to pot\u0159ebuj\u00ed na\u0161i transatlanti\u010dt\u00ed \u201epartne\u0159i\u201c, a organizovan\u00fd zlo\u010din ne\u0159e\u0161\u00ed v\u016fbec. A aby vyv\u00edjel alespo\u0148 n\u011bjakou \u010dinnost, tak nech\u00e1v\u00e1 sledovat a odposlouch\u00e1vat vlastence. D\u00e1l se o n\u011bm nebudu zmi\u0148ovat, proto\u017ee ani o \u0160lachtovi jsem necht\u011bl ps\u00e1t. Ostatn\u011b \u2013 \u0160lachta se mezi vlastenci odepsal minim\u00e1ln\u011b od chv\u00edle, kdy\u017e \u0159ekl, \u017ee o EU a NATO (rozum\u011bj \u2013 o odchodu z nich) se v\u016fbec nebudeme bavit. Tak\u017ee se nebudeme bavit ani my o n\u011bm\u2026<\/p>\n<p>Chci se sp\u00ed\u0161e v\u011bnovat t\u011bm kandid\u00e1t\u016fm na prezidenta, kte\u0159\u00ed se \u0159ad\u00ed (nebo by se alespo\u0148 r\u00e1di \u0159adili) k alternativ\u011b, nebo kte\u0159\u00ed by r\u00e1di hlasy alternativy z\u00edskali, i kdy\u017e s n\u00ed nemaj\u00ed p\u0159\u00edli\u0161 spole\u010dn\u00e9ho. Ale nen\u00ed m\u00fdm \u00fakolem tyto kandid\u00e1ty soudit, rozhodl jsem se, \u017ee budu sp\u00ed\u0161e jejich po\u010d\u00edn\u00e1n\u00ed bedliv\u011b sledovat, ne\u017e n\u011bjak\u00fd soud vynesu. Nikoho neodepisuji a nikoho tak\u00e9 dop\u0159edu neup\u0159ednost\u0148uji.<\/p>\n<p>Uzn\u00e1v\u00e1m tak\u00e9, \u017ee jich je nezvykle dost. Budu nam\u00e1tkou vzpom\u00ednat: Alena Vit\u00e1skov\u00e1, Josef Sk\u00e1la, Jakub Olbert, Hynek Bla\u0161ko, Petr Hannig apod. Mo\u017en\u00e1 jsem na n\u011bkoho zapomn\u011bl, mo\u017en\u00e1 se je\u0161t\u011b n\u011bkdo objev\u00ed. Minim\u00e1ln\u011b t\u011bchto p\u011bt bude o hlasy alternativy usilovat (pokud se ale voleb v\u016fbec z\u00fa\u010dastn\u00ed, proto\u017ee musej\u00ed sehnat dostate\u010dn\u00fd po\u010det podpis\u016f, aby v\u016fbec mohli kandidovat). Budou tak\u00e9 tac\u00ed, kte\u0159\u00ed s alternativou nemaj\u00ed zbla spole\u010dn\u00e9ho, ale budou se j\u00ed sna\u017eit zal\u00edbit (typick\u00fdm p\u0159\u00edkladem je Karel Jane\u010dek, kter\u00fd sv\u00fdm vystupov\u00e1n\u00edm proti o\u010dkov\u00e1n\u00ed d\u011bt\u00ed ur\u010ditou \u010d\u00e1st alternativy p\u0159ed \u010dasem pobl\u00e1znil a \u0161ikovn\u011b si omotal kolem prstu nap\u0159\u00edklad Dana Landu). O t\u011bch ale nyn\u00ed nemluv\u00edm.<\/p>\n<p>A je\u0161t\u011b jednu pozn\u00e1mku mus\u00edm u\u010dinit \u2013 kdysi jsem tu \u201ekac\u00ed\u0159sky\u201c navrhl, \u017ee by byl dobr\u00fdm kandid\u00e1tem V\u00e1clav Klaus. To ale bylo je\u0161t\u011b p\u0159ed ud\u00e1lostmi na Ukrajin\u011b. Zat\u00edmco v\u016f\u010di o\u010dkov\u00e1n\u00ed zauj\u00edmal V\u00e1clav Klaus st. rozumn\u00fd postoj, jeho alibistick\u00e9 v\u00fdroky po 24. \u00fanoru mne hluboce zklamaly. A\u017e jsem si \u0159\u00edkal, \u017ee jsem se v n\u011bm p\u0159epo\u010d\u00edtal. Je pravda, \u017ee posl\u00e9ze n\u011bkter\u00e9 sv\u00e9 v\u00fdroky korigoval, ale u\u017e bylo pozd\u011b. Uk\u00e1zalo se, \u017ee ani V\u00e1clav Klaus nem\u00e1 odvahu n\u011bkter\u00e9 v\u011bci pojmenovat spr\u00e1vn\u011b (i kdy\u017e v mnoha jin\u00fdch p\u0159\u00edpadech se mu to da\u0159ilo \u00fasp\u011b\u0161n\u011b, co\u017e se mu mus\u00ed nechat). Dokonce bych mohl \u0159\u00edci, \u017ee nem\u011bl ani odvahu o n\u011bkter\u00fdch v\u011bcech prost\u011b nemluvit, poml\u010det. Musel si prost\u011b demonstrativn\u011b \u201eum\u00fdt ruce\u201c, co\u017e mnoho lid\u00ed vlasteneck\u00e9ho sm\u00fd\u0161len\u00ed pova\u017eovalo za zbyte\u010dn\u00e9. Nakonec se ale prezidentsk\u00e9ho kl\u00e1n\u00ed podle v\u0161eho \u00fa\u010dastnit nebude, tak\u017ee nem\u00e1 smysl uva\u017eovat nad t\u00edm, zda by byl kandid\u00e1tem dobr\u00fdm, lep\u0161\u00edm \u010di nejlep\u0161\u00edm, jak jsem kdysi uva\u017eoval\u2026<\/p>\n<p>Ale zp\u011bt k t\u00e9 \u0159ad\u011b \u201evlasteneck\u00fdch\u201c kandid\u00e1t\u016f, kte\u0159\u00ed c\u00edl\u00ed na podobn\u00e9 voli\u010de, i kdy\u017e samoz\u0159ejm\u011b nemaj\u00ed zku\u0161enosti a \u201ev\u00e1hu\u201c V\u00e1clava Klause. Je to trochu nezvyk si je p\u0159edstavit na pomysln\u00e9m prezidentsk\u00e9m k\u0159esle, ale alespo\u0148 maj\u00ed v hlav\u011b v\u0161ech p\u011bt pohromad\u011b. A\u017e na to, \u017ee jich je pom\u011brn\u011b dost\u2026<\/p>\n<p>N\u011bkdo by si toti\u017e mohl \u0159\u00edci, \u017ee to je \u0161patn\u011b, kdy\u017e jich je tolik. \u017de se nedomluvili, \u017ee je sc\u00e9na rozt\u0159\u00ed\u0161t\u011bn\u00e1, \u017ee si vz\u00e1jemn\u011b seberou hlasy a kdesi cosi. Zn\u00e1te to. Tyto lamentace jsou snad nej\u010dast\u011bj\u0161\u00edm povzdechem vlastenc\u016f, kdy\u017e p\u0159ijde na kritiku vlastn\u00edch \u0159ad. Ale zkusme se na to pod\u00edvat i z druh\u00e9 strany. A za\u010dneme \u2013 pon\u011bkud ne\u010dekan\u011b \u2013 od na\u0161ich ideov\u00fdch nep\u0159\u00e1tel.<\/p>\n<p>Alespo\u0148 j\u00e1 jsem se v\u017edy divil, pro\u010d pravdol\u00e1ska d\u011bl\u00e1 takovou chybu, kdy\u017e nasazuje do prezidentsk\u00e9 volby tolik kandid\u00e1t\u016f, kte\u0159\u00ed si sv\u00e9 hlasy vz\u00e1jemn\u011b po\u017eerou. Je to tak v ka\u017ed\u00fdch volb\u00e1ch prezidenta. V\u0161ichni ti, co se v pravdol\u00e1ska\u0159sk\u00fdch kruz\u00edch t\u011b\u0161\u00ed n\u011bjak\u00e9 v\u00e1\u017enosti, kandiduj\u00ed. N\u011bkdy to skute\u010dn\u011b vypad\u00e1, jakoby se nedomluvili a kandidovali proti sob\u011b. D\u00edlem to tak skute\u010dn\u011b je, proto\u017ee ani havlistick\u00e9 hn\u00edzdo nen\u00ed jednotn\u00e9 a r\u016fzn\u00e9 frakce se v n\u011bm p\u0159etahuj\u00ed o moc. A d\u00edlem si \u2013 po \u010dase \u2013 mysl\u00edm, \u017ee to vlastn\u011b ze strany jejich loutkovodi\u010d\u016f nen\u00ed v\u016fbec \u0161patn\u00fd tah. Nejde jen o to, \u017ee vy\u0161lou do souboje v\u00edcero kandid\u00e1t\u016f, tak\u017ee je v\u011bt\u0161\u00ed \u0161ance, \u017ee n\u011bkdo z nich usp\u011bje (tedy pov\u011bstn\u00e9 nakladen\u00ed vaj\u00ed\u010dek do v\u00edce ko\u0161\u00edk\u016f, aby byla v\u011bt\u0161\u00ed \u0161ance, \u017ee vaj\u00ed\u010dka p\u0159e\u017eij\u00ed, ne\u017e kdyby byla v jednom ko\u0161\u00edku, kter\u00fd by se p\u0159evrhl). Mo\u017en\u00e1 je to naopak z\u00e1m\u011br, kter\u00fd by se dal popsat jako \u201eprim\u00e1rky\u201c\u2026<\/p>\n<p>Ano, havlist\u00e9 nasazuj\u00ed v\u00edcero kandid\u00e1t\u016f, aby se v t\u00e9to pomysln\u00e9 \u201evnitrostranick\u00e9\u201c sout\u011b\u017ei uk\u00e1zalo, kdo z nich je nejlep\u0161\u00ed, nejsiln\u011bj\u0161\u00ed, m\u00e1 nejlep\u0161\u00ed PR nebo dovede sehnat nejv\u00edce pen\u011bz, zkr\u00e1tka, kdo m\u00e1 nejv\u011bt\u0161\u00ed \u0161ance z\u00edskat hlasy voli\u010d\u016f. Na toho potom vsad\u00ed. Sami jsme p\u0159ece v minulosti vid\u011bli, \u017ee se jejich s\u00e1zen\u00ed na sv\u00e9ho kon\u011b vyv\u00edjelo v \u010dase \u2013 a to pom\u011brn\u011b ne\u010dekan\u011b. Nap\u0159\u00edklad Jan Fischer, kter\u00fd byl pova\u017eov\u00e1n za jejich favorita, byl nakonec odkopnut a byl ne\u010dekan\u011b podpo\u0159en Karel Schwarzenberg. Minule jsme zase vid\u011bli, \u017ee havlist\u00e9 nakonec v dobr\u00e9 v\u00ed\u0159e vsadili na intelektu\u00e1la Draho\u0161e (a odepsali r\u016fzn\u00e9 dal\u0161\u00ed sv\u00e9 kandid\u00e1ty), i kdy\u017e ani to jim nakonec nebylo platn\u00e9. To, co jsem v\u017edy pova\u017eoval za jejich skand\u00e1ln\u00ed chybu, nyn\u00ed vn\u00edm\u00e1m jako \u0161ikovn\u00fd tah \u2013 test bojem. Vy\u0161lou sv\u00e9 kandid\u00e1ty, nechaj\u00ed je v tom plavat a sleduj\u00ed, kdo z nich si nejl\u00e9pe vede. Na toho potom vsad\u00ed.<\/p>\n<p>Mysl\u00edm, \u017ee bychom se z toho mohli pou\u010dit (nebo se t\u00edm alespo\u0148 uklidnit), kdy\u017e n\u011bkter\u00fdm z n\u00e1s p\u0159ipad\u00e1, \u017ee je \u201evlasteneck\u00fdch\u201c kandid\u00e1t\u016f zase n\u011bjak p\u0159ehr\u0161el a \u017ee si budou vz\u00e1jemn\u011b \u0161kodit a pro\u010d si \u2013 do prkvan\u010dic \u2013 nemohli sednout za jeden st\u016fl a dohodnout se jako norm\u00e1ln\u00ed lid\u00e9, \u017ee? Ne, je to tak dob\u0159e. I mezi nimi toti\u017e prob\u00edhaj\u00ed \u201evlasteneck\u00e9\u201c prim\u00e1rky. A nechme je prob\u00edhat.<\/p>\n<p>Nejde jen o t\u0159\u00edben\u00ed n\u00e1zor\u016f, o to, aby se p\u0159edvedli, jak jsou dob\u0159\u00ed \u0159e\u010dn\u00edci, jak si vedou v debat\u00e1ch apod., ale jde i o mnohem p\u0159\u00edzemn\u011bj\u0161\u00ed v\u011bci. P\u0159\u00edzemn\u00ed v\u011bci, kter\u00e9 ale nakonec ve fin\u00e1le rozhodnou o tom, zda se v\u016fbec prezidentsk\u00e9ho kl\u00e1n\u00ed z\u00fa\u010dastn\u00ed. Ono se toti\u017e zat\u00edm zd\u00e1, \u017ee jich je moc, ale jen m\u00e1lokdo z nich se\u017eene pot\u0159ebn\u00e9 podpisy, aby mohl kandidovat. I o tom jsou tyto \u201eprim\u00e1rky\u201c. Kdo se uk\u00e1\u017ee jako neschopn\u00fd sehnat hlasy, ze hry vypadne. A nejde jen o to sehnat hlasy 50 tis\u00edc ob\u010dan\u016f. Kdy\u017e kandidoval Petr Hannig, velice z\u00e1hy jsme vyhodnotili, \u017ee sehnat podpisy by se v tak brzk\u00e9 dob\u011b a s minimem lidsk\u00fdch a finan\u010dn\u00edch zdroj\u016f, kter\u00e9 jsme m\u011bli k dispozici, nepoda\u0159ilo. Nakonec Petr Hannig sehnal podpisy poslanc\u016f. Poradil si jinak a prok\u00e1zal svoji schopnost se o funkci porvat, by\u0165 nakonec skon\u010dil jako p\u0159edposledn\u00ed. Ne v\u0161ichni z t\u011bch, kte\u0159\u00ed dnes cht\u011bj\u00ed kandidovat na prezidenta, nakonec pot\u0159ebn\u00e9 podpisy se\u017eenou. T\u00edm se mnoh\u00e9 vy\u0159e\u0161\u00ed. Co v\u00edm, nejl\u00e9pe si ve sh\u00e1n\u011bn\u00ed podpis\u016f zat\u00edm vede Alena Vit\u00e1skov\u00e1\u2026<\/p>\n<p>Ale nechci, abychom u\u017e nyn\u00ed vsadili na jednoho kon\u011b. Ba naopak. Po\u0161leme, my, vlastenci, do boje v\u00edce kandid\u00e1t\u016f. Podepi\u0161te kandidaturu klidn\u011b v\u0161em t\u011bm, kter\u00e9 jsem zmi\u0148oval, a\u0165 se p\u0159edvedou, a\u0165 dostanou \u0161anci, a\u0165 mohou kandidovat, a\u0165 jsou v debat\u00e1ch, a\u0165 p\u0159edstav\u00ed sv\u016fj program. A pak vsad\u00edme i my na nejlep\u0161\u00edho\u2026<\/p>\n<p>N\u00e1rodn\u00ed demokracie zat\u00edm nikoho konkr\u00e9tn\u00edho nepodporuje, i kdy\u017e n\u011bkter\u00fdm prezidentsk\u00fdm kandid\u00e1t\u016fm podpisy pom\u00e1h\u00e1 sb\u00edrat. \u010casto toti\u017e dost\u00e1v\u00e1m dotaz, koho podpo\u0159\u00edme. Odpov\u00edd\u00e1m na to, \u017ee je brzy. \u017de se pr\u00e1v\u011b i z\u00e1hy uk\u00e1\u017ee, kdo v\u016fbec je schopen splnit podm\u00ednky kandidatury a kdo to takzvan\u011b \u201ened\u00e1\u201c. Mo\u017en\u00e1 n\u00e1m nakonec nezbyde, ne\u017e podpo\u0159it toho, kdo ty podpisy skute\u010dn\u011b byl schopen z\u00edskat \u2013 a mo\u017en\u00e1 budeme m\u00edt jen jednoho vlasteneck\u00e9ho kandid\u00e1ta. Mo\u017en\u00e1 jich bude v\u00edc a pak se budeme rozhodovat podle toho, jak\u00e9 n\u00e1zory bude prezentovat, a\u017e bude na obrazovk\u00e1ch televiz\u00ed \u010di v r\u016fzn\u00fdch debat\u00e1ch.<\/p>\n<p>\u010cili \u2013 berme to jako vlasteneck\u00e9 prim\u00e1rky. Nikdo nov\u00fd se asi nevyloupne a v bl\u00edzk\u00e9 dob\u011b se uk\u00e1\u017ee, kdo byl v\u016fbec schopen se kandidatury z\u00fa\u010dastnit. Podle toho uvid\u00edme. Do t\u00e9 doby \u2013 dejme jim v\u0161em \u0161anci\u2026<\/p>\n<p>Asi toto jsem m\u011bl dnes na srdci<\/p>\n<p>Opatrujte se a u\u017e\u00edvejte l\u00e9ta<\/p>\n<p><em>Adam B. Barto\u0161<\/em><br \/>\n<em>p\u0159edseda N\u00e1rodn\u00ed demokracie<\/em><\/p>\n<p>PS a na z\u00e1v\u011br n\u011bco k pousm\u00e1n\u00ed:<\/p>\n<p><img decoding=\"async\" loading=\"lazy\" class=\"wp-image-13128 lazy-loaded aligncenter\" src=\"https:\/\/narodnidemokracie.cz\/wp-content\/uploads\/2022\/07\/fiolnik.jpg\" sizes=\"(max-width: 775px) 100vw, 775px\" srcset=\"https:\/\/narodnidemokracie.cz\/wp-content\/uploads\/2022\/07\/fiolnik.jpg 775w, https:\/\/narodnidemokracie.cz\/wp-content\/uploads\/2022\/07\/fiolnik-300x237.jpg 300w, https:\/\/narodnidemokracie.cz\/wp-content\/uploads\/2022\/07\/fiolnik-768x607.jpg 768w, https:\/\/narodnidemokracie.cz\/wp-content\/uploads\/2022\/07\/fiolnik-665x526.jpg 665w, https:\/\/narodnidemokracie.cz\/wp-content\/uploads\/2022\/07\/fiolnik-329x260.jpg 329w\" alt=\"\" width=\"549\" height=\"435\" data-lazy-type=\"image\" data-src=\"https:\/\/narodnidemokracie.cz\/wp-content\/uploads\/2022\/07\/fiolnik.jpg\" data-srcset=\"\" \/><\/p>\n<p><img decoding=\"async\" loading=\"lazy\" class=\"alignnone size-full wp-image-678\" src=\"http:\/\/www.infokuryr.cz\/n\/wp-content\/uploads\/2021\/04\/narodni_demokracie_logo.jpg\" alt=\"\" width=\"300\" height=\"85\" \/><\/p>\n<p>&nbsp;<\/p>\n","protected":false},"excerpt":{"rendered":"<p>V\u00e1\u017een\u00e9 a mil\u00e9 \u010dten\u00e1\u0159ky m\u00e9ho ned\u011bln\u00edku, v\u00e1\u017een\u00ed a mil\u00ed \u010dten\u00e1\u0159i. To, \u017ee m\u016fj ned\u011bln\u00edk \u010dtete&#8230;<\/p>\n","protected":false},"author":2,"featured_media":12760,"comment_status":"closed","ping_status":"closed","sticky":false,"template":"","format":"standard","meta":[],"categories":[6],"tags":[367,29,85],"_links":{"self":[{"href":"https:\/\/www.infokuryr.cz\/n\/wp-json\/wp\/v2\/posts\/12759"}],"collection":[{"href":"https:\/\/www.infokuryr.cz\/n\/wp-json\/wp\/v2\/posts"}],"about":[{"href":"https:\/\/www.infokuryr.cz\/n\/wp-json\/wp\/v2\/types\/post"}],"author":[{"embeddable":true,"href":"https:\/\/www.infokuryr.cz\/n\/wp-json\/wp\/v2\/users\/2"}],"replies":[{"embeddable":true,"href":"https:\/\/www.infokuryr.cz\/n\/wp-json\/wp\/v2\/comments?post=12759"}],"version-history":[{"count":0,"href":"https:\/\/www.infokuryr.cz\/n\/wp-json\/wp\/v2\/posts\/12759\/revisions"}],"wp:featuredmedia":[{"embeddable":true,"href":"https:\/\/www.infokuryr.cz\/n\/wp-json\/wp\/v2\/media\/12760"}],"wp:attachment":[{"href":"https:\/\/www.infokuryr.cz\/n\/wp-json\/wp\/v2\/media?parent=12759"}],"wp:term":[{"taxonomy":"category","embeddable":true,"href":"https:\/\/www.infokuryr.cz\/n\/wp-json\/wp\/v2\/categories?post=12759"},{"taxonomy":"post_tag","embeddable":true,"href":"https:\/\/www.infokuryr.cz\/n\/wp-json\/wp\/v2\/tags?post=12759"}],"curies":[{"name":"wp","href":"https:\/\/api.w.org\/{rel}","templated":true}]}}