{"id":12758,"date":"2022-07-26T08:45:45","date_gmt":"2022-07-26T06:45:45","guid":{"rendered":"http:\/\/www.infokuryr.cz\/n\/?p=12758"},"modified":"2022-07-26T08:45:45","modified_gmt":"2022-07-26T06:45:45","slug":"novinar-tyto-biologicke-zbrane-byly-vyvinuty-globalistickym-darebackym-statem-ktery-nas-chce-vyhladit","status":"publish","type":"post","link":"https:\/\/www.infokuryr.cz\/n\/2022\/07\/26\/novinar-tyto-biologicke-zbrane-byly-vyvinuty-globalistickym-darebackym-statem-ktery-nas-chce-vyhladit\/","title":{"rendered":"Novin\u00e1\u0159: Tyto biologick\u00e9 zbran\u011b byly vyvinuty globalistick\u00fdm dareb\u00e1ck\u00fdm st\u00e1tem, kter\u00fd n\u00e1s chce vyhladit"},"content":{"rendered":"<div id=\"fb-root\"><\/div>\n<p><span>O\u010dkovan\u00ed lid\u00e9 maj\u00ed podle ofici\u00e1ln\u00edch vl\u00e1dn\u00edch dokument\u016f mnohem vy\u0161\u0161\u00ed riziko onemocn\u011bn\u00ed a \u00famrt\u00ed ne\u017e neo\u010dkovan\u00ed lid\u00e9.\u00a0Vakc\u00edna proti koronaviru pravd\u011bpodobn\u011b nikdy nebyla navr\u017eena tak, aby ni\u010demu zabr\u00e1nila, \u0159\u00edk\u00e1 novin\u00e1\u0159 Pearson Sharp z One America News.<\/span><\/p>\n<p><span>Mezit\u00edm Big Pharma zah\u00e1jila \u00fatok na vitam\u00edny a dopl\u0148ky stravy.\u00a0Cht\u011bj\u00ed zak\u00e1zat jejich prodej.\u00a0Pro\u010d konzumovat zdrav\u00e9 vitam\u00edny a dopl\u0148ky stravy, kdy\u017e m\u016f\u017eete st\u00e1t ve front\u011b, abyste dostali v\u0161echny toxick\u00e9 chemik\u00e1lie a t\u011b\u017ek\u00e9 kovy, jak\u00e9 byste kdy cht\u011bli?<\/span><\/p>\n<p><span>P\u0159esn\u011b v to podle Davida Martina doufaj\u00ed na\u0161i bol\u0161evi\u010dt\u00ed suver\u00e9ni.\u00a0Nyn\u00ed existuje dostatek d\u016fkaz\u016f, \u017ee vakc\u00edna je biologickou zbran\u00ed navr\u017eenou tak, aby ochromila spole\u010dnost a nastolila nov\u00fd sv\u011btov\u00fd \u0159\u00e1d, \u0159\u00edk\u00e1 Sharp.<\/span><\/p>\n<div id=\"rumble_v1avr4x\">\n<div id=\"vid_v1avr4x\" class=\"rumble_v1avr4x-Rumble-cls\" tabindex=\"-1\">\n<div>\n<div data-chromium1318678=\"1\"><\/div>\n<div>\n<div><\/div>\n<\/div>\n<div>\n<div>\n<div><div class='videoWrapper'>\r\n\t            <iframe src='https:\/\/rumble.com\/embed\/pj.v1avr4x\/' frameborder='0' allowfullscreen><\/iframe>\r\n\t        <\/div><\/div>\n<\/div>\n<\/div>\n<div>\n<div><\/div>\n<\/div>\n<div title=\"P\u0159epnout na celou obrazovku\">\n<div><\/div>\n<\/div>\n<div title=\"nastaven\u00ed p\u0159ehr\u00e1v\u00e1n\u00ed\"><\/div>\n<div><\/div>\n<\/div>\n<\/div>\n<\/div>\n<p><span>Co chystaj\u00ed? Cht\u011bj\u00ed vyhladit 15 procent sv\u011btov\u00e9 populace, \u0159\u00edk\u00e1.\u00a0Tato experiment\u00e1ln\u00ed genov\u00e1 terapie, kterou naz\u00fdvaj\u00ed \u201evakc\u00edna\u201c, je \u00favodn\u00ed salvou v jejich strategii depopulace sv\u011bta.\u00a0Bill Gates o tom mluvil u\u017e v roce 2010.\u00a0\u0158\u00edkaj\u00ed n\u00e1m \u201ezbyte\u010dn\u00ed lid\u00e9\u201c.<\/span><\/p>\n<p><span>V\u00edce ne\u017e 90 procent \u00famrt\u00ed v Kanad\u011b v \u010dervnu bylo o\u010dkov\u00e1no.\u00a0Polovina z nich byla \u010dty\u0159n\u00e1sobn\u011b o\u010dkovan\u00e1.\u00a0A v\u00edce ne\u017e 90 procent t\u011bch, kte\u0159\u00ed ve Spojen\u00e9m kr\u00e1lovstv\u00ed zem\u0159eli od za\u010d\u00e1tku roku, bylo t\u0159ikr\u00e1t o\u010dkov\u00e1no.<\/span><\/p>\n<p><span>Nyn\u00ed bylo zji\u0161t\u011bno, \u017ee riziko z\u00e1va\u017en\u00fdch ne\u017e\u00e1douc\u00edch \u00fa\u010dink\u016f v N\u011bmecku nen\u00ed 1 ku 5 000, ale v\u00fdrazn\u011b vy\u0161\u0161\u00ed: 1 ku 2 500 u z\u00e1kladn\u00ed s\u00e9rie, 1 ku 1 667 u t\u011bch, kte\u0159\u00ed byli o\u010dkov\u00e1ni a 1 ku 1 250 u t\u011bch, kte\u0159\u00ed byli \u010dty\u0159ikr\u00e1t o\u010dkovan\u00e1.<\/span><\/p>\n<p><span>O\u010dkovan\u00ed Australan\u00e9 maj\u00ed tak\u00e9 37kr\u00e1t vy\u0161\u0161\u00ed pravd\u011bpodobnost, \u017ee skon\u010d\u00ed v nemocnici ne\u017e neo\u010dkovan\u00ed lid\u00e9.<\/span><\/p>\n<p><span>Nejprve byli o\u010dkov\u00e1ni star\u0161\u00ed lid\u00e9, proto\u017ee na\u0161e vl\u00e1da chce zab\u00edt co nejv\u00edce d\u016fchodc\u016f.\u00a0St\u00e1vaj\u00ed vl\u00e1du p\u0159\u00edli\u0161 mnoho pen\u011bz, \u0159\u00edk\u00e1 Sharp, kter\u00fd mluv\u00ed o bioterorismu.\u00a0&#8222;Tyto biologick\u00e9 zbran\u011b byly vytvo\u0159eny globalistick\u00fdm dareb\u00e1ck\u00fdm st\u00e1tem, kter\u00fd nen\u00e1vid\u00ed lidi a d\u011bl\u00e1 v\u0161e, co je v jeho sil\u00e1ch, aby n\u00e1s vyhladil.&#8220;<\/span><\/p>\n<p><img decoding=\"async\" loading=\"lazy\" class=\"alignnone size-full wp-image-1185\" src=\"http:\/\/www.infokuryr.cz\/n\/wp-content\/uploads\/2021\/04\/kuryr-podpis.png\" alt=\"\" width=\"84\" height=\"24\" \/><\/p>\n<p>&nbsp;<\/p>\n","protected":false},"excerpt":{"rendered":"<p>O\u010dkovan\u00ed lid\u00e9 maj\u00ed podle ofici\u00e1ln\u00edch vl\u00e1dn\u00edch dokument\u016f mnohem vy\u0161\u0161\u00ed riziko onemocn\u011bn\u00ed a \u00famrt\u00ed ne\u017e neo\u010dkovan\u00ed&#8230;<\/p>\n","protected":false},"author":2,"featured_media":5619,"comment_status":"closed","ping_status":"closed","sticky":false,"template":"","format":"standard","meta":[],"categories":[7],"tags":[279,794,213,651],"_links":{"self":[{"href":"https:\/\/www.infokuryr.cz\/n\/wp-json\/wp\/v2\/posts\/12758"}],"collection":[{"href":"https:\/\/www.infokuryr.cz\/n\/wp-json\/wp\/v2\/posts"}],"about":[{"href":"https:\/\/www.infokuryr.cz\/n\/wp-json\/wp\/v2\/types\/post"}],"author":[{"embeddable":true,"href":"https:\/\/www.infokuryr.cz\/n\/wp-json\/wp\/v2\/users\/2"}],"replies":[{"embeddable":true,"href":"https:\/\/www.infokuryr.cz\/n\/wp-json\/wp\/v2\/comments?post=12758"}],"version-history":[{"count":0,"href":"https:\/\/www.infokuryr.cz\/n\/wp-json\/wp\/v2\/posts\/12758\/revisions"}],"wp:featuredmedia":[{"embeddable":true,"href":"https:\/\/www.infokuryr.cz\/n\/wp-json\/wp\/v2\/media\/5619"}],"wp:attachment":[{"href":"https:\/\/www.infokuryr.cz\/n\/wp-json\/wp\/v2\/media?parent=12758"}],"wp:term":[{"taxonomy":"category","embeddable":true,"href":"https:\/\/www.infokuryr.cz\/n\/wp-json\/wp\/v2\/categories?post=12758"},{"taxonomy":"post_tag","embeddable":true,"href":"https:\/\/www.infokuryr.cz\/n\/wp-json\/wp\/v2\/tags?post=12758"}],"curies":[{"name":"wp","href":"https:\/\/api.w.org\/{rel}","templated":true}]}}