{"id":12753,"date":"2022-07-26T07:51:41","date_gmt":"2022-07-26T05:51:41","guid":{"rendered":"http:\/\/www.infokuryr.cz\/n\/?p=12753"},"modified":"2022-07-26T07:51:41","modified_gmt":"2022-07-26T05:51:41","slug":"mit-hlavu-jako-starosta-a-co-takhle-uloziste-jaderneho-odpadu","status":"publish","type":"post","link":"https:\/\/www.infokuryr.cz\/n\/2022\/07\/26\/mit-hlavu-jako-starosta-a-co-takhle-uloziste-jaderneho-odpadu\/","title":{"rendered":"M\u00edt hlavu jako starosta\u2026 a co takhle \u00falo\u017ei\u0161t\u011b jadern\u00e9ho odpadu?"},"content":{"rendered":"<div id=\"fb-root\"><\/div>\n<p><strong>Vrchnost, co si \u0159\u00edk\u00e1 STAN se se\u0161la na mimo\u0159\u00e1dn\u00e9m sjezdu, aby si zvolila nov\u00e9 veden\u00ed t\u00e9 sv\u00e9 vrchnosti.<\/strong><\/p>\n<p>A bylo kolem toho spousta bubnov\u00e1n\u00ed. \u017de pr\u00fd je to d\u016fkaz t\u00e9 nov\u00e9 politick\u00e9 kult\u016f\u016f\u016fry, \u017ee jako chybi\u010dka a\u00a0Hlubo\u010dek se vloudili a\u00a0\u017ee strana utrp\u011bla jak\u00fdsi \u0161r\u00e1me\u010dek, ale te\u010f pr\u00fd u\u017e budou hled\u011bt jenom dop\u0159edu! Samoz\u0159ejm\u011b ke sv\u011btl\u00fdm z\u00edt\u0159k\u016fm, kter\u00e9 uhod\u00ed dokonce u\u017e n\u011bkdy pozejt\u0159\u00ed nebo popozejt\u0159\u00ed, proto\u017ee pr\u00fd maj\u00ed dva m\u011bs\u00edce \u010dasu na to, aby obnovili d\u016fv\u011bru lid\u00ed. A\u00a0pr\u00fd si mus\u00ed jednak uv\u011bdomit, \u017ee nyn\u00ed hraj\u00ed prvn\u00ed politickou ligu a\u00a0abych nezapomn\u011bl, jejich \u010derstv\u011b zvolen\u00fd m\u00edstop\u0159edseda \u010c\u00ed\u017eek, kter\u00fd kdysi starostoval kousek od Plzn\u011b \u2013 ve Sp\u00e1len\u00e9m Po\u0159\u00ed\u010d\u00ed tak k\u00a0tomu p\u0159idal, \u017ee mus\u00ed i\u00a0trochu zezelenat. A\u00a0nakonec v\u0161e korunoval hodn\u00fd a\u00a0usilovn\u00fd ministr vnitra Raku\u0161an, co je odhodl\u00e1n lovit rusk\u00e9 \u0161v\u00e1by, kter\u00e9ho je\u0161t\u011b p\u0159ed \u010dasem jeho vlastn\u00ed pod\u0159\u00edzen\u00ed vy\u0161et\u0159ovali s\u00a0jak\u00fdmisi, samoz\u0159ejm\u011b neopr\u00e1vn\u011bn\u00fdmi podez\u0159en\u00edmi na nekalosti v\u00a0dob\u011b, kdy ba\u010doval v\u00a0Kol\u00edn\u011b, v\u0161echno to tlach\u00e1n\u00ed korunoval hl\u00e1\u0161kou, \u017ee STAN se nesm\u00ed b\u00e1t p\u0159iznat, \u017ee jsou pro zaveden\u00ed Eura.<\/p>\n<p>To je v\u00a0kostce, vedle seznamu jmen nov\u011b zvolen\u00e9 galerky nejvy\u0161\u0161\u00edch STANov\u00fdch papal\u00e1\u0161\u016f asi tak v\u0161echno, co se d\u00e1 o\u00a0tom jejich trdlov\u00e1n\u00ed napsat.<\/p>\n<p>Snad za zm\u00ednku stoj\u00ed je\u0161t\u011b jeden statistick\u00fd \u00fadaj \u2013 305 deleg\u00e1t\u016f, 297 z\u00a0nich volilo Rakou\u0161e za p\u0159edsedu fam\u00edglie a\u00a0292 mu ten titul odk\u00fdvlo. I\u00a0Kim by s\u00a0takov\u00fdm v\u00fdsledkem byl spokojen!!! Gratuluji!<\/p>\n<p>U\u017e zb\u00fdv\u00e1 jen, aby mu za \u017eiva postavili tak\u00e9 pomn\u00edk, ud\u011blili titul Nejdra\u017e\u0161\u00ed v\u016fdce nebo n\u011bjak\u00fd jin\u00fd podobn\u00fd, nechali n\u011bkde vyrobit odznaky s\u00a0jeho portr\u00e9tem a\u00a0vetkli si je dobrovoln\u011b povinn\u011b do klop u\u00a0sak a\u00a0hrd\u011b s\u00a0nimi ma\u0161\u00edrovali ka\u017ed\u00fd den. A\u00a0bude to dokonal\u00e9.<\/p>\n<p>Kdybych tady se sv\u00fdm kr\u00e1tk\u00fdm popiskem starostensk\u00e9ho t\u0159e\u0161t\u011bn\u00ed skon\u010dil, tak bych \u0159ekl v\u0161e podstatn\u00e9 z\u00a0pohledu mainstreamov\u00e9ho koment\u00e1tora.<\/p>\n<p>Jen\u017ee moje babi\u010dka pou\u017e\u00edvala r\u010den\u00ed \u2013 ten mus\u00ed m\u00edt hlavu jako starosta! Kdy\u017e cht\u011bla popsat situaci n\u011bkoho, kde pr\u00e1v\u011b \u0159e\u0161il opravdu v\u00e1\u017en\u00e9 v\u011bci, p\u0159edev\u0161\u00edm probl\u00e9my. Tak\u017ee mne napadlo polo\u017eit si jednoduchou ot\u00e1zku \u2013 maj\u00ed\/m\u011bli Starostov\u00e9 hlavu jako starosta?<\/p>\n<p>Podle nad\u0161en\u00fdch \u0159e\u010d\u00ed, sm\u011bl\u00fdch viz\u00ed, velk\u00fdch c\u00edl\u016f \u2013 typu budeme pracovat na budoucnosti t\u00e9to zem\u011b, jej\u00ed prosperit\u011b, na zezelen\u00e1n\u00ed a\u00a0z\u0159ejm\u011b i\u00a0na tom zaveden\u00ed Eura, pak tu hlavu jako starosta nemaj\u00ed. A\u00a0probl\u00e9my? Tak ty u\u017e je v\u016fbec netr\u00e1p\u00ed, Viz logo jejich potlachu<\/p>\n<p><img decoding=\"async\" loading=\"lazy\" class=\"wp-image-155045 aligncenter\" src=\"https:\/\/www.novarepublika.online\/wp-content\/uploads\/2022\/07\/STAN_logo_flastrik.png\" sizes=\"(max-width: 462px) 100vw, 462px\" srcset=\"https:\/\/www.novarepublika.online\/wp-content\/uploads\/2022\/07\/STAN_logo_flastrik.png 462w, https:\/\/www.novarepublika.online\/wp-content\/uploads\/2022\/07\/STAN_logo_flastrik-300x272.png 300w\" alt=\"\" width=\"393\" height=\"356\" \/><\/p>\n<p>Prost\u011b malink\u00e1 nehodi\u010dka, jen takov\u00fd \u0161r\u00e1me\u010dek uka\u017e pofouk\u00e1me to a\u00a0ne\u017e se o\u017een\u00ed\u0161, v\u0161echno bude zase dobr\u00e9!!! N\u00e1plasti\u010dka z\u00a0autol\u00e9k\u00e1rni\u010dky to zprav\u00ed raz dva!<\/p>\n<p>Tohle zn\u011blo sjezdov\u00fdm s\u00e1lem po\u0159\u00e1d stejn\u011b i\u00a0kdy\u017e stokr\u00e1t jinak.<\/p>\n<p>Ale n\u011bkolikr\u00e1t a\u00a0to dokonce i\u00a0mluvidel samotn\u00e9ho Drahocen\u00e9ho v\u016fdce uk\u00e1plo cosi jodov\u00e9 tinktury \u2026. m\u016f\u017eeme si za to sami\u2026.<\/p>\n<p>P\u0159edstavte si \u2013 oni pochopili, \u017ee si za to opravdu mohou jen a\u00a0pouze oni sami! \u017de nejde o\u00a0\u00fa\u010delovku, spiknut\u00ed, hon, kamp\u00e1\u0148, atd. atd., ale \u017ee si za to mohou sami. Po\u00a0mysl\u00edm celkem \u0161esti skand\u00e1lech za p\u016fl roku, co jsou ve vl\u00e1d\u011b? Se sd\u011blovadly, kter\u00e9 jim jdou naprosto bezp\u0159\u00edkladn\u011b nikoliv po\u00a0krku, ale zcela krotce na ruku? V\u00a0takov\u00e9 situaci bl\u00e1bolit cosi o\u00a0\u00fa\u010delovce a\u00a0p\u0159ipraven\u00e9 \u0161tvav\u00e9 kampani? To by ne\u0161lo, ani kdyby partaj st\u00e1la u\u017e na hran\u011b Nusel\u00e1ku a\u00a0hodlala skon\u010dit svou politick\u00fd \u017eivot skokem dol\u016f\u2026.<\/p>\n<p>Tak\u017ee p\u0159izn\u00e1n\u00ed, \u017ee ten smrad, co se kolem STAN od sam\u00e9ho za\u010d\u00e1tku jejich vl\u00e1dn\u00edho anga\u017em\u00e1 nep\u0159etr\u017eit\u011b \u0161\u00ed\u0159\u00ed, je skute\u010dn\u011b jen jejich smrad. Nezbyla jin\u00e1 mo\u017enost. Ale od soboty u\u017e von\u00ed jen a\u00a0pouze po\u00a0fialk\u00e1ch! Smrad m\u00e1 utrum!<\/p>\n<p>Uvid\u00edme. Tohle je t\u00e9ma, kter\u00e9 stoj\u00ed za trochu p\u0159ezkumu. A\u00a0vlastn\u011b tak\u00e9 d\u016fvod, pro\u010d sed\u00edm a\u00a0klepu p\u00edsmena.<\/p>\n<p>Povede se STANu p\u0159esv\u011bd\u010dit \u010desk\u00e9 buldy, \u017ee opravdu ale opravdu u\u017e jsou\u00a0budou \u010dist\u00ed? \u017de jde o\u00a0spolek navon\u011bn\u00fdch frajer\u016f?<\/p>\n<p>Pro hovo\u0159\u00ed n\u011bkolik danost\u00ed.<\/p>\n<p>STAN nen\u00ed partaj\u00ed v\u00a0prav\u00e9m slova smyslu, tak, jak ji vn\u00edm\u00e1 v\u011bt\u0161ina z\u00a0n\u00e1s.Tedy spole\u010denstv\u00ed lid\u00ed, vyzn\u00e1vaj\u00edc\u00ed n\u011bjakou \u010ditelnou a\u00a0setrvalou n\u00e1zorovou doktrinu. Kter\u00e1 je nav\u00edc \u010diteln\u00e1 a\u00a0srozumiteln\u00e1 , ba vlastn\u00ed ur\u010dit\u00e9 \u010d\u00e1sti voli\u010dsk\u00e9ho elektor\u00e1tu a\u00a0to dlouhodob\u011b.<\/p>\n<p>STAN dosud n\u011bjak\u00fd uchopiteln\u00fd my\u0161lenkov\u00fd a\u00a0programov\u00fd koncept nikdy nep\u0159edstavil a\u00a0nep\u0159edlo\u017eil. To, \u010demu se \u0159\u00edk\u00e1 volebn\u00ed program, k\u00a0jednotliv\u00fdm p\u0159\u00edpad\u016fm, kdy jdou lid\u00ed k\u00a0urn\u00e1m, m\u016f\u017eeme v\u00a0klidu zapomenout a\u00a0pova\u017eovat za naprost\u00fd bl\u00e1bol. Proto\u017ee ten, kdo kandidoval, nav\u00edc opakovan\u011b, spole\u010dn\u011b s\u00a0Kalouskem, aby ho naposled vym\u011bnil za Pir\u00e1ty \/jsou u\u00a0n\u00e1s v\u016fbec dva politick\u00e9 proudy, kter\u00e9 by si byly v\u00edce ciz\u00ed ne\u017e ten lumpenkapitalistick\u00fd reprezentovan\u00fd Kalouskem a\u00a0anarchistick\u00fd, p\u0159edstavovan\u00fd Pir\u00e1ty?\/.<\/p>\n<p>Prost\u011b STAN je \u00fa\u010delov\u00fd spolek amorfn\u00edho charakteru, kde krom\u011b povinn\u00e9ho antirusismu a\u00a0p\u0159\u00edsah\u00e1n\u00ed se a\u00a0zakl\u00edn\u00e1n\u00ed liber\u00e1ln\u00ed demokraci\u00ed nenaleznete u\u017e v\u016fbec nic!!! Tihle jsou schopni koalovat se skoro ka\u017ed\u00fdm a\u00a0za jak\u00fdchkoli podm\u00ednek. V\u00fdjimkou tvo\u0159\u00ed jen Okamura a\u00a0zbytky po\u00a0kdysi komunistech. Proto\u017ee ti se je\u0161t\u011b n\u011bjak\u00fd \u010das do t\u00e9 liber\u00e1ln\u00ed hatmatilky nevejdou. A\u00a0ZAT\u00cdM nejsou dost siln\u00ed na to, aby je ti ostatn\u00ed nucen\u011b museli vz\u00edt na v\u011bdom\u00ed. Ale jestli to takhle s\u00a0inflac\u00ed a\u00a0energiemi p\u016fjde d\u00e1l\u2026 tak si um\u00edm p\u0159edstavit, \u017ee pr\u00e1v\u011b STAN n\u00e1hle zjist\u00ed, \u017ee vlastn\u011b ten Okamura m\u00e1 \u0159adu dobr\u00fdch my\u0161lenek. Zejm\u00e9na jestli jim co nevid\u011bt za\u010dne \u00fasp\u011b\u0161n\u011b lovit v\u00a0jejich voli\u010dsk\u00fdch rajonech.<\/p>\n<p>V\u00edm, \u017ee jsem za\u010dal t\u00edm, \u017ee STAN m\u00e1 sv\u00e9 siln\u00e9 str\u00e1nky a\u00a0zat\u00edm jaksi nic nejmenoval. Prvn\u00ed z\u00a0nich je to, \u017ee nejsou stranou. Jen spolkem. Kari\u00e9rist\u016f. Respektive kari\u00e9ristick\u00fdch blech. Kde si ka\u017ed\u00e1 blecha sk\u00e1\u010de, jak ji napadne a\u00a0sm\u011brem, kter\u00fd ji napadne, proto\u017ee neexistuje stranick\u00e1 doktr\u00edna, vymezuj\u00edc\u00ed h\u0159i\u0161t\u011b, nato\u017e sm\u011br, kter\u00fdm je povoleno sk\u00e1kat! Tak\u017ee p\u0159\u00edpustn\u00e9 je v\u0161echno a\u00a0neukotven\u00fd voli\u010d, zas a\u017e tak nesleduj\u00edc\u00ed politiku si v\u017edycky najde n\u011bco na tom kam a\u00a0jak sk\u00e1\u010de Pepa, Franta, Jarda, prost\u011b ten jejich starosta, kde to voli\u010dovi konvenuje!!!! Tohle si \u017e\u00e1dn\u00e1 jin\u00e1 politick\u00e1 formace u\u00a0n\u00e1s nem\u016f\u017ee dovolit.<\/p>\n<p>Jak to funguje v\u00a0praxi si na vlastn\u00ed k\u016f\u017ei vyzkou\u0161eli Barto\u0161 a\u00a0spol. Kte\u0159\u00ed odpracovali a\u00a0odfinancovali parlamentn\u00ed volby a\u00a0n\u00e1sledn\u011b je \u201ena\u0161i\u201c Pepov\u00e9, Jardov\u00e9 a\u00a0Frantov\u00e9 krou\u017ekov\u00e1n\u00edm p\u0159esk\u00e1kali a\u00a0vytla\u010dili do bezv\u00fdznamnosti. Prvn\u00ed velk\u00fd politick\u00fd starostensk\u00fd Rakou\u0161ovsk\u00fd podraz! Do p\u0159edvolebn\u00ed koaly u\u017e s\u00a0nimi nikdo nikdy nep\u016fjde. Prost\u011b podvod na partnera. Kdyby Raku\u0161an m\u011bl trochu politick\u00e9 poctivosti v\u00a0t\u011ble, pak by rozhodl, \u017ee \u010d\u00e1st zvolen\u00fdch poslanc\u016f za STAN prost\u011b odstoup\u00ed a\u00a0p\u0159enech\u00e1 sv\u00e1 k\u0159esla Pir\u00e1t\u016fm\u2026 Ale to bych od n\u011bj jeho blech nat\u011b\u0161en\u00fdch na \u010derstvou krev cht\u011bl moc. V\u00edm.<\/p>\n<p>Druh\u00e1 velk\u00e1 v\u00fdhoda je rozplizlost STAN. Opakuji \u2013 oni nejsou politick\u00e1 strana. Oni jsou spolek. Rozprost\u0159en\u00fd po\u00a0cel\u00e9 zemi. Zejm\u00e9na na venkov\u011b. Jejich dom\u00e9nou jsou obce a\u00a0men\u0161\u00ed m\u011bsta. Ve velk\u00fdch , u\u00a0m\u011b\u0161\u0165\u00e1k\u016f maj\u00ed utrum. Ve statut\u00e1rn\u00edch m\u011bstysech lid\u00e9 cht\u011bj\u00ed vid\u011bt jasn\u00e9 partajn\u00ed hrany a\u00a0pozice. Ale vesnice a\u00a0mal\u00e1 m\u011bsta? Tady je to zejm\u00e9na o\u00a0chodn\u00edc\u00edch, vodovodech, zda funguje hospoda, obchod a\u00a0po\u0161ta. Jak dobr\u00e1 je m\u00edstn\u00ed \u0161kola. Na tomhle se l\u00e1me chleba. A\u00a0p\u0159esn\u011b tohle je skoro nevy\u010derpateln\u00e1 s\u00edla STAN. Pokud ten jejich Pepa nebo Jarda je \u0161ikovn\u00fd d\u011bl\u00e1k a\u00a0kandiduje n\u011bkam v\u00fd\u0161 \u2013 kraj, sen\u00e1t, parlament, tak ze \u0161irok\u00e9ho okol\u00ed dostane podporu! Je p\u0159ece \u201en\u00e1\u0161\u201c, on by n\u00e1s nikdy nepodved, na rozd\u00edl od t\u011bch Pra\u017e\u00e1k\u016f, co maj\u00ed ru\u010di\u010dky dozadu, my ho zn\u00e1me!!<\/p>\n<p>Kv\u016fli tomuhle zav\u011bt\u0159il a\u00a0sko\u010dil takov\u00fd \u0161\u00edbr jako je Kalousek, kdysi po\u00a0Gazd\u00edkovi a\u00a0dal\u0161\u00edch tzv.\u00a0starostech!!! A\u00a0kv\u016fli tomuhle nakonec STAN sm\u00e1zl tohohle \u0161\u00edbra v\u0161ech \u0161\u00edbr\u016f, \u017ee by mu fotbalov\u00fd Berbr z\u00e1vid\u011bt mohl! V\u00a0pytli blech si uv\u011bdomili, jakou reputa\u010dn\u00ed \u0161kodu pro STAN n\u011bkdo jako b\u00fdval\u00fd \u0161\u00e9f TOP p\u0159edstavuje. P\u0159ece si nepo\u0161kod\u00ed tu svou jedine\u010dnou v\u00fdhodou a\u00a0nenechaj\u00ed tutov\u00e9ho \u0161kodi\u010de po\u0161pinit dobr\u00e9 jm\u00e9no Pepy nebo Jardy v\u00a0\u0161irok\u00e9m okol\u00ed.<\/p>\n<p>A p\u0159esn\u011b stejn\u011b to funguje i\u00a0opa\u010dn\u011b nyn\u00ed, kdy\u017e STAN p\u00e1chne skand\u00e1ly na hony daleko \u2013 n\u00e1\u0161 Pepa nebo Jarda je \u010distej! Ten d\u011bl\u00e1 pro lidi a\u00a0t\u011bmi machly nem\u011bl nic spole\u010dn\u00e9ho, my mu v\u011b\u0159\u00edme!<\/p>\n<p>Tohle je \u00fapln\u011b jasn\u00ed, prost\u00e1 a\u00a0j\u00e1 dod\u00e1v\u00e1m \u2013 \u010dist\u00e1 kalkulace! A\u00a0na prvn\u00ed pohled se zd\u00e1, \u017ee mus\u00ed Rakou\u0161ovi a\u00a0spol. vyj\u00edt. Do voleb je sice bl\u00edzkou, ale pro takov\u00e9hle uva\u017eov\u00e1n\u00ed dostate\u010dn\u011b daleko. Nav\u00edc \u2013 funguje efekt pytle blech! Ka\u017ed\u00e1 sk\u00e1\u010de jin\u00fdm sm\u011brem a\u00a0voli\u010d si sv\u00e9, kdy\u017e chce hledat, najde. Co se mu l\u00edb\u00ed.<\/p>\n<p>Je n\u011bco, co tenhle Rakou\u0161\u016fv kalkul m\u016f\u017ee zhatit? Samoz\u0159ejm\u011b! A\u00a0je to vlastn\u011b tot\u00e9\u017e, co d\u011bl\u00e1 STAN siln\u00fdm. Rubov\u00e1 strana t\u00e9hle mince pracuje proti nim. Kdybych byl voli\u010dem STAN a\u00a0v\u00a0parlamentk\u00e1ch mnoho nesch\u00e1zelo, proto\u017ee jsem si byl celkem jist\u00fd, \u017ee soc-dem neprojde p\u0159es 5% hranici a\u00a0p\u0159em\u00fd\u0161lel pr\u00e1v\u011b o\u00a0STAN a\u00a0nakonec volil op\u011bt oran\u017e\u00e1dy a\u00a0to kv\u016fli b\u00fdval\u00e9mu hejtmanovi Bernardovi, kter\u00fd se nechal zvolit za soc-dem, aby nakonec dezertoval, kdy\u017e se preference strany propadli pr\u00e1v\u011b ke Starost\u016fm, co\u017e je pro mne zcela nezkousnuteln\u00e9, pak bych se zab\u00fdval v\u00a0souvislosti s\u00a0Raku\u0161anem a\u00a0jeho tlupou jednou jedinou ot\u00e1zkou:<\/p>\n<h2>Co pro mne ud\u011blal STAN a\u00a0jeho minist\u0159i za toho p\u016fl roku, co jsou ve vl\u00e1d\u011b????<\/h2>\n<p>Z tohohle bych m\u011bl hlavu jako starosta! Nic dal\u0161\u00edho by mne nezaj\u00edmalo!!!<\/p>\n<p>A ta bilance je zdrcuj\u00edc\u00ed:<\/p>\n<ul>\n<li><strong>p\u0159ivl\u00e9kli k\u00a0n\u00e1m Ukrajince a\u00a0to v\u00a0nejvy\u0161\u0161\u00edm po\u010dtu na obyvatele z\u00a0cel\u00e9 EU<\/strong><\/li>\n<li><strong>nad\u0159adili pot\u0159eby t\u011bchto Ukrajinc\u016f nad pot\u0159eby \u010desk\u00e9ho obyvatelstva<\/strong><\/li>\n<li><strong>prodlu\u017euj\u00ed v\u00e1lku na Ukrajin\u011b dod\u00e1vkami zbran\u00ed a\u00a0vojensk\u00e9ho materi\u00e1lu<\/strong><\/li>\n<li><strong>vl\u00e1da s\u00a0\u00fa\u010dast\u00ed STAN nese hlavn\u00ed odpov\u011bdnost za \u0161\u00edlenou inflaci, kter\u00e1 znehodnocuje moje celo\u017eivotn\u00ed \u00faspory a\u00a0vykr\u00e1d\u00e1 ka\u017ed\u00e1 den obsah m\u00e9 pen\u011b\u017eenky<\/strong><\/li>\n<li><strong>ministr pr\u016fmyslu za STAN Sikela svou ne\/\u010dinnost\u00ed p\u0159ipustil nev\u00eddan\u00fd r\u016fst cen PHM a\u00a0energi\u00ed a\u00a0je\u0161t\u011b se t\u00edm chlub\u00ed<\/strong><\/li>\n<li><strong>Raku\u0161an jako ministr vnitra vyhodil policejn\u00edho \u0159editele je\u0161t\u011b p\u0159ed t\u00edm, ne\u017e nastoupil do \u00fa\u0159adu a\u00a0n\u00e1sledn\u011b rozpustil specializovan\u00e9 \u00fatvary policie pro boj s\u00a0organizovan\u00fdm zlo\u010dinem<\/strong><\/li>\n<li>(<em>a co\u00a0<strong>cenzura<\/strong>, kterou u\u00a0n\u00e1s zavedli, aby se hlas opozice nedostal k\u00a0voli\u010d\u016fm?! \u2013 pozn. red. Nov\u00e9 republiky<\/em>)<\/li>\n<\/ul>\n<p>Tohle je p\u0159esn\u00fd v\u00fd\u010det p\u016fsoben\u00ed STAN ve vl\u00e1d\u011b. P\u0159irozen\u011b \u2013 plus skand\u00e1ly!!!<\/p>\n<p>Jsem si v\u011bdom toho, \u017ee naprost\u00e1 v\u011bt\u0161ina ob\u010dan\u016f Horn\u00edch Doln\u00edch a\u00a0m\u011bst do 5\u00a0000 obyvatel, co\u017e jsou klasick\u00e9 regiony STAN, si n\u011bjak\u00fd takov\u00fd soupis \u201e\u00fasp\u011bch\u016f\u201c Drahocenn\u00e9ho v\u016fdce Rakou\u0161e a\u00a0jeho pytle blech v\u00a0\u017e\u00e1dn\u00e9m p\u0159\u00edpad\u011b neud\u011bl\u00e1 a\u00a0nebude ho \u0159e\u0161it.<\/p>\n<p>Ukrajinci ho \u0161tvou, podpora Ukrajiny nejsp\u00ed\u0161 u\u017e taky, ale je\u0161t\u011b po\u0159\u00e1d ne dost, vykopnut\u00ed n\u011bjak\u00e9ho policajta rozbit\u00ed \u00fatvar\u016f je pro n\u011bj m\u00e9n\u011b ne\u017e p\u0159\u00ed\u0161t\u00ed \u00faroda citrus\u016f na Florid\u011b.<\/p>\n<p>Ale inflace a\u00a0zdra\u017eov\u00e1n\u00ed???? Tak to ude\u0159\u00ed na podzim!!!A\u017e na podzim. Pak se teprve probere. A\u017e dostane od sv\u00fdch dodavatel\u016f energi\u00ed nov\u00fd rozpis z\u00e1loh!! To bude r\u00e1na! P\u0159\u00edmo mezi rohy! Pak to pro v\u011bt\u0161inu z\u00a0nich za\u010dne b\u00fdt o\u00a0\u00fapln\u011b jin\u00fdch v\u011bcech!!! Jejich Pepa a\u00a0Jarda, kdy\u017e budou m\u00edt \u0161t\u011bst\u00ed, p\u0159estanou b\u00fdt d\u016fle\u017eit\u00ed. Bez \u0161t\u011bst\u00ed se jich tetka Nov\u00e1kov\u00e1 zept\u00e1 \u2013 a\u00a0ty Pepo, co tam v\u00a0t\u00fd Praze d\u011bl\u00e1\u0161, \u017ee jsi tohle dopustil! Proto jsem t\u011b nevolila a\u00a0u\u017e volit nebudu! Nev\u011b\u0159\u00edm ti, ty u\u017e jsi taky Pra\u017e\u00e1k!<\/p>\n<p>A tetka bude m\u00edt pravdu!!! Ten Jarda nebo Pepa jsou \u00fapln\u011b stejn\u00ed. Jako Pra\u017e\u00e1ci. Kdy\u017e se dostanou v\u00a0velk\u00fdm koryt\u016fm! A\u00a0s\u00a0Rakou\u0161em v\u00a0\u010dele ani jinak nelze.<\/p>\n<p>A j\u00e1 dod\u00e1v\u00e1m, \u017ee STAN je dal\u0161\u00ed politick\u00e1 fata morg\u00e1na \u010desk\u00e9ho politick\u00e9ho nebe. Tak si s\u00e1m pro sebe naz\u00fdv\u00e1m politick\u00e9 subjekty, kter\u00e9 stoj\u00ed na levicov\u00e9 voli\u010dsk\u00e9 z\u00e1kladn\u011b a\u00a0provozuje bezskrupul\u00f3zn\u00ed pravicovou politiku! S\u00a0t\u00edm kdysi za\u010dali Bure\u0161ovi zelen\u00ed a\u00a0lidovci, pak s\u00a0t\u00edm pokra\u010dovali Kecy Ve\u0159ejn\u00e9 a\u00a0nyn\u00ed Pir\u00e1ti a\u00a0pr\u00e1v\u011b STAN!<\/p>\n<p>Jde jen o\u00a0to, ne\u017e si to v\u011bt\u0161inov\u00fd \u010desk\u00fd bulda s\u00a0volebn\u00edm l\u00edstkem uv\u011bdom\u00ed. A\u00a0jednou mu to ur\u010dit\u011b dojde. Doufejme.<\/p>\n<p>A Raku\u0161an k\u00a0tomu u\u010dinil na tom potlachu mal\u00fd, ale v\u00fdznamn\u00fd, proto\u017ee nep\u0159ehl\u00e9dnuteln\u00fd krok \u2013 tou hl\u00e1\u0161kou o\u00a0tom, aby se STAN neb\u00e1l p\u0159iznat se k\u00a0Euru. Jsem dlouhodob\u011b p\u0159\u00edznivec tohoto kroku, ale v\u00a0\u017e\u00e1dn\u00e9m p\u0159\u00edpad\u011b pr\u00e1v\u011b te\u010f. Kdy si mysl\u00edm, \u017ee eur je naopak nejlep\u0161\u00ed, pokud je n\u011bkdo dr\u017e\u00ed, se zbavit a\u00a0p\u0159ej\u00edt do \u0160v\u00fdcara nebo norsk\u00e9 koruny. To u\u017e jsem ostatn\u011b psal. Proto\u017ee mi nen\u00ed jasn\u00e9, jak ECB bude zvy\u0161ovat sazby, aby potla\u010dila inflaci a\u00a0sou\u010dasn\u011b nezv\u00fd\u0161\u00ed obsluhov\u00e1n\u00ed n\u00e1rodn\u00edho dluhu p\u0159edlu\u017een\u00fdm ekonomik\u00e1m It\u00e1lie, Francie a\u00a0podobn\u00fdm. Jedno vylu\u010duje druh\u00e9! A\u00a0jestli se tohle chozen\u00ed po\u00a0hladin\u011b vody nepoda\u0159\u00ed, tak si za\u017eijeme ke covidu, gigainflaci, v\u00e1lce na Ukrajin\u011b je\u0161t\u011b finan\u010dn\u00ed katastrofu v\u00a0d\u011bjin\u00e1ch sv\u011bta unik\u00e1tn\u00ed \u2013 zhroucen\u00ed velk\u00e9ho m\u011bnov\u00e9ho syst\u00e9mu. Boj\u00edm se dom\u00fd\u0161let d\u016fsledky! Vlastn\u011b ne \u2013 p\u0159esn\u011bj\u0161\u00ed je, \u017ee toho nejsem schopen. A\u00a0v\u00a0takov\u00e9 konstelaci se p\u0159iznat k\u00a0euru m\u016f\u017ee jen ten, kdo podle Zemana nen\u00ed schopen m\u011bnit svoje n\u00e1zory. (<em>Vlk se ohledn\u011b eurosojuzn\u00ed m\u011bny eura dopustil protimluvu. Euro chce, ale te\u010f ne. A\u00a0kdy tady? A\u017e nebudeme vstupem do euroz\u00f3ny platit dluhy, kter\u00e9 nasekaly Francie, It\u00e1lie a\u00a0dal\u0161\u00ed z\u00a0jihu? Vlku, EURO je p\u0159ece\u00a0<strong>politick\u00fd<\/strong>\u00a0projekt nadn\u00e1rodn\u00edho kapit\u00e1lu a\u00a0jako takov\u00fd v\u00a0sou\u010dasn\u00e9m procesu p\u0159eform\u00e1tov\u00e1n\u00ed sv\u011btov\u00fdch ekonomik skon\u010d\u00ed \u2013 pozn. N.R. -vd-<\/em>)<\/p>\n<p>Ale vra\u0165me se je\u0161t\u011b zp\u011bt do sjezdov\u00e9ho s\u00e1lu!! P\u0159ipome\u0148me si, co tam s\u00a0takovou vervou Rakou\u0161 i\u00a0jeho nov\u00ed podr\u017eta\u0161kov\u00e9 hl\u00e1sali nej\u010dast\u011bji. Toti\u017e \u017ee p\u0159edv\u00e1d\u011bj\u00ed tu novou politickou kulturu. \u017de jako o\u0161kliv\u00e1 ka\u010d\u00e1tka vymetli a\u00a0tud\u00ed\u017e ostuda u\u017e se jich net\u00fdk\u00e1. Oni p\u0159ece vyvozuj\u00ed ty d\u016fsledky!<\/p>\n<p>Tak se na to vymeten\u00ed pod\u00edvejme. Za\u010dn\u011bme soupisem t\u011bch o\u0161kliv\u00fdch ka\u010d\u00e1tek:<\/p>\n<ul>\n<li>Farsk\u00fd<\/li>\n<li>Michal\u00edk<\/li>\n<li>Hlubo\u010dek a\u00a0ten jeho poskok<\/li>\n<li>Gazd\u00edk<\/li>\n<li>Pol\u010d\u00e1k<\/li>\n<\/ul>\n<p>Snad jsem na nikoho nezapomn\u011bl.<\/p>\n<p>Michal\u00edk zem\u0159el, Hlubo\u010dek a\u00a0poskok jsou v\u00a0base. Tak\u017ee ty fakt nikam volit nelze. Ale ti ostatn\u00ed?<\/p>\n<p>Usm\u011bvav\u00fd Gazd\u00ed\u010dek a\u00a0Pol\u010d\u00e1k? Jist\u011b \u2013 Gazd\u00edk musel z\u00a0ministerstva. I\u00a0z\u00a0veden\u00ed pytle blech. Ale \u017ee by se vzdal poslaneck\u00e9ho mand\u00e1tu??? Tot\u00e9\u017e Pol\u010d\u00e1k \u2013 pry\u010d z\u00a0veden\u00ed STAN, ale po\u0159\u00e1d je europoslanec. Oba ani sebem\u00e9n\u011b nenazna\u010dili, \u017ee by si byli v\u011bdomi n\u011bjak\u00fdch proh\u0159e\u0161k\u016f a\u00a0slo\u017eili svoje mand\u00e1ty a\u00a0pustili ke \u017elabu lidi s\u00a0\u010distou vestou! Ani n\u00e1pad. A\u00a0dosud od nich Raku\u0161an a\u00a0zjevn\u011b ani nikdo dal\u0161\u00ed necht\u011bl sebemen\u0161\u00ed vysv\u011btlen\u00ed, pro\u010d dlouhou \u0159adu let pou\u017e\u00edvali speci\u00e1ln\u00ed kryptovan\u00fd telefon, kter\u00fd jim dal pr\u00e1v\u011b Hlubo\u010dek. Pro\u010d ho jako museli nutn\u011b m\u00edt. Takhle j\u00e1 si o\u010distu od o\u0161kliv\u00fdch ka\u010d\u00e1tek v\u011bru nep\u0159edstavuji! Na rozd\u00edl od Rakou\u0161e.<\/p>\n<p>Ale \u00fapln\u011b super je Farsk\u00fd. Pro ty, co u\u017e zapomn\u011bli \u2013 to je ten pan\u00e1\u010dek, co jako za STAN kandidoval na premi\u00e9ra!!! A\u00a0to v\u00a0dob\u011b, kdy d\u00e1vno p\u0159ed volbami v\u011bd\u011bl, \u017ee mu Fulbrighotva nadace dala st\u00edpko na studijn\u00ed pobyt v\u00a0J\u00faEsEj, aby se spr\u00e1vn\u011b vzd\u011blal a\u00a0po\u00a0n\u00e1vratu n\u00e1m to tady spr\u00e1vn\u011b, po\u00a0americku, ba\u010doval. Na tom nen\u00ed v\u00a0z\u00e1sad\u011b nic \u0161patn\u00e9ho. A\u017e na dv\u011b mali\u010dkost\u00ed. Tou prvn\u00ed je podvod na sv\u00fdch vlastn\u00edch voli\u010d\u00edch, kter\u00fdm sliboval, \u017ee je bude zastupovat v\u00a0parlamentu a\u00a0tam bojovat za jejich z\u00e1jmy a\u00a0p\u0159i\u00a0tom u\u017e d\u00e1vno dr\u017eel v\u00a0ruce vy\u0159\u00edzen\u00e9 pap\u00edry do t\u00e9 Ameriky. Za mne podvod.<\/p>\n<p>Ale on to vymyslel tak, aby se v\u00a0USA na\u017eral a\u00a0plat mu v\u00a0parlamentu z\u016fstal cel\u00fd. Hodlal prost\u011b zastupovat svoje voli\u010de a\u00a0poslancovat z\u00a0Ameriky. Tedy zejm\u00e9na \u2013 br\u00e1t to st\u00edpko a\u00a0ten poslaneck\u00fdch plat. Najednou. Za mne korupce a\u00a0podvod!<\/p>\n<p>A jak \u017ee se zametlo na potlachu s\u00a0o\u0161kliv\u00fdm ka\u010d\u00e1tkem jm\u00e9nem Farsk\u00fd? No tak za trest musel odstoupit z\u00a0volby prvn\u00edho podr\u017eta\u017eky, opravuji m\u00edstop\u0159edsedy STAN a\u00a0z\u00edskal od deleg\u00e1t\u016f pov\u011b\u0159en\u00ed st\u00e1t se jen \u0159adov\u00fdm vrchn\u00edm Rakou\u0161ov\u00fdm knechtem, opravuji \u2013 m\u00edstop\u0159edsedou!! Opravdu naprosto dokonal\u00e9 vymeten\u00ed o\u0161kliv\u00e9ho k\u00e1\u010dete jm\u00e9nem Farsk\u00fd!!! A\u00a0on sebev\u011bdom\u011b v\u0161e tvrdil hl\u00e1\u0161kou, \u017ee se hodl\u00e1 zab\u00fdvat budoucnost\u00ed strany a\u00a0nebude se pl\u00e9st do krizov\u00e9 komunikace, proto\u017ee ta mu moc nejde\u2026. M\u00e1 ty svat\u00e1 prostoto. Nena\u017eranej koryt\u00e1\u0159 a\u00a0budoucnost strany\u2026. Fakt mu ta krizov\u00e1 komunikace nejde, to tedy ne!<\/p>\n<p>Je\u0161t\u011b p\u00e1r slov k\u00a0m\u00edstop\u0159edsedovi tady od n\u00e1s \u2013 \u010c\u00ed\u017ekovi. Je to, jestli se nepletu, u\u017e dv\u011b obdob\u00ed n\u00e1m\u011bstek hejtmana. Univerz\u00e1ln\u00ed n\u00e1m\u011bstek pro v\u0161echno. Osobn\u011b jsem s\u00a0n\u00edm nikdy nejednal, ale p\u00e1rkr\u00e1t na r\u016fzn\u00fdch akc\u00ed potkal. Velmi agiln\u00ed. N\u011bkolikr\u00e1t jsem ho za\u017eil se Schwarzenbergem nebo k\u0159imick\u00fdm Lobkowizem. Rotoval kolem nich v\u017edycky jako dru\u017eice, v\u00a0hlubok\u00e9m p\u0159edklonu, \u017ee jsem m\u011bl strach, aby se dok\u00e1zal n\u00e1sledn\u011b narovnat. Tohle mi sta\u010dilo. P\u0159esn\u011b takov\u00e9 \u017eeru\u2026.<\/p>\n<p>Ale nejde o\u00a0to. P\u0159em\u00fd\u0161l\u00edm nad n\u011b\u010d\u00edm jin\u00fdm. Ned\u00e1 mi sp\u00e1t to jeho po\u017eadovan\u00e9 zezelen\u00e1n\u00ed starost\u016f!!!<\/p>\n<p>Fiala a\u00a0Sikela ozna\u010duj\u00ed za sv\u00e9 obrovsk\u00e9 v\u00edt\u011bzstv\u00ed ozna\u010duj\u00ed souhlas Bruselu s\u00a0t\u00edm, \u017ee j\u00e1dro je zase uzn\u00e1no za bezemisn\u00ed energetickou technologii. Sikela je za STAN. Fiala, co n\u00e1m nikdy nebude lh\u00e1t i\u00a0net\u00e1hlo Sikela se chlub\u00ed ciz\u00edm pe\u0159\u00edm. Tohle jde za Babi\u0161em a\u00a0Havl\u00ed\u010dkem. A\u00a0p\u0159edev\u0161\u00edm za Putinem. Ale p\u0159edpokl\u00e1d\u00e1m, \u017ee kdy\u017e je to te\u010f tedy to v\u00edt\u011bzstv\u00ed p\u011btihlav\u00e9 san\u011b a\u00a0Sikela je ten rezortn\u00ed v\u00edt\u011bzn\u00fd ministrant a\u00a0nominoval ho STAN, tak je to i\u00a0v\u00edt\u011bzstv\u00ed \u010c\u00ed\u017eka a\u00a0samoz\u0159ejm\u011b i\u00a0Raku\u0161ana.<\/p>\n<p>Pak nech\u00e1pu, \u017ee se jich n\u011bkdo nezeptal \u2013 jak to zezelen\u00e1n\u00ed bude konkr\u00e9tn\u011b vypadat??? U\u017e m\u00e1 vnitro a\u00a0pr\u016fmysl jasno, kde bude kone\u010dn\u011b \u00falo\u017ei\u0161t\u011b jadern\u00e9ho odpadu??? Nikdo z\u00a0intrevj\u016fk\u016f ani \u0165uk v\u00a0tomto sm\u011bru\u2026 Co\u017e neudivuje. Ale r\u00e1d bych sly\u0161el pr\u00e1v\u011b \u010c\u00ed\u017ekovu odpov\u011b\u010f!!! Zatracen\u011b r\u00e1d. Jedna ze zva\u017eovan\u00fdch lokalit je nedaleko jeho domovsk\u00e9 obce \u2013 Sp\u00e1len\u00e9ho Po\u0159\u00ed\u010d\u00ed!!!! A\u00a0co v\u00edm, tak tam vehementn\u011b v\u0161ichni proti \u00falo\u017ei\u0161ti protestuj\u00ed. Stejn\u011b jako v\u00a0dal\u0161\u00edch zva\u017eovan\u00fdch m\u00edstech. Vsad\u00edm se, \u017ee v\u011bt\u0161inov\u011b v\u00a0okol\u00ed vl\u00e1dnou p\u0159\u00edslu\u0161n\u00edci STAN!!! A\u00a0bez \u00falo\u017ei\u0161t\u011b n\u00e1m EU j\u00e1dro zam\u00e1zne. Tak\u017ee jak starostov\u00e9 i\u00a0STAROSTOV\u00c9? Jak je to s\u00a0t\u00edm energetick\u00fdm v\u00edt\u011bzstv\u00edm v\u00a0Bruselu minim\u00e1ln\u011b u\u00a0v\u00e1s? Kecy o\u00a0tom, \u017ee mne chcete zachra\u0148ovat si laskav\u011b nechte od cesty.<\/p>\n<p>Z toho m\u00e1m fakt tu hlavu jako starosta!<\/p>\n<p>Tak\u017ee Rakou\u0161i a\u00a0spol. \u2013 kdy\u017e se nept\u00e1 nikdo, tak mus\u00edm j\u00e1:<\/p>\n<p>Jak to m\u00e1te s\u00a0t\u00edm definitivn\u00edm jadern\u00fdm \u00falo\u017ei\u0161t\u011bm? Proto\u017ee kdy\u017e se neuvede do trval\u00e9ho provozu nejd\u00e9le do roku 2050, tak je s\u00a0j\u00e1drem \u0161lus! Takhle to rozhodli v\u00a0tom Bruselu!!! Bud\u00ed\u010deeeeeeeeeeeeeeeeeeeeek! Bud\u00ed\u010deeeeeeeeeeeeeeeeeeeeeeeeeeeeeeeeeeek!<\/p>\n<p>Dobrej potlach, fakt dobrej! Tedy jestli byly dobr\u00e9 chleb\u00ed\u010dky, a\u00a0v\u00a0dostate\u010dn\u00e9m mno\u017estv\u00ed a\u00a0ne\u010depovali tepl\u00e9 pivo. Jinak nula.<\/p>\n<p><strong>Petr Vlk<\/strong><\/p>\n<p>&nbsp;<\/p>\n","protected":false},"excerpt":{"rendered":"<p>Vrchnost, co si \u0159\u00edk\u00e1 STAN se se\u0161la na mimo\u0159\u00e1dn\u00e9m sjezdu, aby si zvolila nov\u00e9 veden\u00ed&#8230;<\/p>\n","protected":false},"author":2,"featured_media":8694,"comment_status":"closed","ping_status":"closed","sticky":false,"template":"","format":"standard","meta":[],"categories":[6],"tags":[29,2886,424,1483],"_links":{"self":[{"href":"https:\/\/www.infokuryr.cz\/n\/wp-json\/wp\/v2\/posts\/12753"}],"collection":[{"href":"https:\/\/www.infokuryr.cz\/n\/wp-json\/wp\/v2\/posts"}],"about":[{"href":"https:\/\/www.infokuryr.cz\/n\/wp-json\/wp\/v2\/types\/post"}],"author":[{"embeddable":true,"href":"https:\/\/www.infokuryr.cz\/n\/wp-json\/wp\/v2\/users\/2"}],"replies":[{"embeddable":true,"href":"https:\/\/www.infokuryr.cz\/n\/wp-json\/wp\/v2\/comments?post=12753"}],"version-history":[{"count":0,"href":"https:\/\/www.infokuryr.cz\/n\/wp-json\/wp\/v2\/posts\/12753\/revisions"}],"wp:featuredmedia":[{"embeddable":true,"href":"https:\/\/www.infokuryr.cz\/n\/wp-json\/wp\/v2\/media\/8694"}],"wp:attachment":[{"href":"https:\/\/www.infokuryr.cz\/n\/wp-json\/wp\/v2\/media?parent=12753"}],"wp:term":[{"taxonomy":"category","embeddable":true,"href":"https:\/\/www.infokuryr.cz\/n\/wp-json\/wp\/v2\/categories?post=12753"},{"taxonomy":"post_tag","embeddable":true,"href":"https:\/\/www.infokuryr.cz\/n\/wp-json\/wp\/v2\/tags?post=12753"}],"curies":[{"name":"wp","href":"https:\/\/api.w.org\/{rel}","templated":true}]}}