{"id":12751,"date":"2022-07-26T03:45:55","date_gmt":"2022-07-26T01:45:55","guid":{"rendered":"http:\/\/www.infokuryr.cz\/n\/?p=12751"},"modified":"2022-07-26T03:45:55","modified_gmt":"2022-07-26T01:45:55","slug":"simon-black-rozhodl-jsem-se","status":"publish","type":"post","link":"https:\/\/www.infokuryr.cz\/n\/2022\/07\/26\/simon-black-rozhodl-jsem-se\/","title":{"rendered":"Simon Black: \u201eRozhodl jsem se. . .\u201c"},"content":{"rendered":"<div id=\"fb-root\"><\/div>\n<section class=\"perex\">V roce 1445 nastoupil ve \u0161pan\u011blsk\u00e9 Valencii \u010dtrn\u00e1ctilet\u00fd chlapec Rodrigo do sv\u00e9ho prvn\u00edho zam\u011bstn\u00e1n\u00ed jako \u201esakrist\u00e1n\u201c m\u00edstn\u00ed katedr\u00e1ly.<\/p>\n<p>St\u00e1t se sakrist\u00e1nem byla docela velk\u00e1 zodpov\u011bdnost, zvl\u00e1\u0161\u0165 pro kluka; Rodrigo m\u011bl v podstat\u011b na starosti \u00fa\u010detnictv\u00ed, z\u00e1znamy a cenn\u00fd majetek katedr\u00e1ly. Nebyl to v\u0161ak oby\u010dejn\u00fd \u010dtrn\u00e1ctilet\u00fd kluk.<\/p>\n<\/section>\n<section class=\"clanek-obsah\">Rodrigo byl \u010dlenem v\u00fdznamn\u00e9ho rodu Borgi\u016f, co\u017e byla n\u011bco jako rodina Clinton\u016f v 15. stolet\u00ed. Nen\u00ed tedy divu, \u017ee mlad\u00fd Rodrigo rychle stoupal v c\u00edrkevn\u00edch kruz\u00edch.<\/p>\n<p>V roce 1455, kdy\u017e bylo Rodrigovi 24 let, se jeho str\u00fdc Alonso stal pape\u017eem Kallixtem III. T\u00e9m\u011b\u0159 okam\u017eit\u011b pot\u00e9 byl Rodrigo jmenov\u00e1n biskupem ve Valencii, pot\u00e9 kardin\u00e1lem a nakonec vicekancl\u00e9\u0159em cel\u00e9 katolick\u00e9 c\u00edrkve.<\/p>\n<p>Tuto funkci zast\u00e1val v\u00edce ne\u017e t\u0159i desetilet\u00ed, b\u011bhem nich\u017e sv\u016fj \u00fa\u0159ad plundroval k osobn\u00edmu prosp\u011bchu.<\/p>\n<p>Rodrigovo korup\u010dn\u00ed jedn\u00e1n\u00ed bylo natolik legend\u00e1rn\u00ed, \u017ee se jeho p\u0159\u00edjmen\u00ed (Borgia) stalo v ital\u0161tin\u011b synonymem pro \u00faplatk\u00e1\u0159stv\u00ed, nepotismus a mor\u00e1ln\u00ed degeneraci.<\/p>\n<p>B\u011bhem sv\u00e9ho p\u016fsoben\u00ed ve funkci vicekancl\u00e9\u0159e zplodil sedm neman\u017eelsk\u00fdch d\u011bt\u00ed s mnoha milenkami. Pravideln\u011b organizoval a nav\u0161t\u011bvoval orgie, v\u010detn\u011b t\u011bch, kter\u00e9 se \u00fadajn\u011b konaly ve Vatik\u00e1nu.<\/p>\n<p>Rozd\u00e1val \u00fa\u0159ady sv\u00fdm zkorumpovan\u00fdm rodinn\u00fdm p\u0159\u00edslu\u0161n\u00edk\u016fm, vyd\u00edral sv\u00e9 odp\u016frce a dokonce vyu\u017e\u00edval pape\u017eskou arm\u00e1du k potla\u010den\u00ed sv\u00fdch nep\u0159\u00e1tel.<\/p>\n<p>A co v\u00edc, v\u0161ichni to v\u011bd\u011bli. Rodrigo Borgia se ani neobt\u011b\u017eoval skr\u00fdvat proh\u0159e\u0161ky&#8230; byl to zn\u00e1m\u00fd zlo\u010dinec.<\/p>\n<p>Ale na tom nez\u00e1le\u017eelo. Z\u00edskal takovou moc, \u017ee kdy\u017e p\u0159esn\u011b p\u0159ed 530 lety, 25. \u010dervence 1492, zem\u0159el pape\u017e Inocenc VIII., kardin\u00e1lsk\u00e9 kolegium zvolilo nov\u00fdm pape\u017eem Rodriga Borgiu.<\/p>\n<p>Kdy\u017e se roz\u0161\u00ed\u0159ila zpr\u00e1va, \u017ee nov\u00fdm pape\u017eem se stal zkorumpovan\u00fd Rodrigo Borgia, lid\u00e9 byli naprosto znechuceni.<\/p>\n<p>Bylo to v dob\u011b, kdy d\u016fv\u011bra v katolickou c\u00edrkev rychle klesala. Rodrigo Borgia (dnes zn\u00e1m\u00fd jako pape\u017e Alexandr VI.) byl jen jedn\u00edm z p\u0159\u00edklad\u016f v\u011bt\u0161\u00edho probl\u00e9mu v c\u00edrkvi.<\/p>\n<p>C\u00edrkevn\u00ed p\u0159edstavitel\u00e9 v\u0161ude prod\u00e1vali \u00fa\u0159ady, kradli pen\u00edze a pokrytecky poru\u0161ovali p\u0159ik\u00e1z\u00e1n\u00ed, kter\u00e1 hl\u00e1sali sv\u00fdm stoupenc\u016fm.<\/p>\n<p>Lid\u00e9 to v\u011bd\u011bli. Nebyli hloup\u00ed. V\u011bd\u011bli, \u017ee jim jejich \u201ev\u016fdci\u201c l\u017eou. V\u011bd\u011bli, \u017ee hniloba a korupce jsou hlubok\u00e9.<\/p>\n<p>Zn\u00ed v\u00e1m n\u011bco z toho pov\u011bdom\u011b?<\/p>\n<p><a href=\"https:\/\/www.sovereignman.com\/trends\/nancy-pelosi-finally-loses-some-money-35447\/\" target=\"_blank\" rel=\"external noopener\">Vezm\u011bme si mimo\u0159\u00e1dn\u00e9 investi\u010dn\u00ed schopnosti p\u0159edsedkyn\u011b Sn\u011bmovny reprezentant\u016f USA Nancy Pelosiov\u00e9<\/a>. Pardon, mysl\u00edm \u201eman\u017eela\u201c Pelosiov\u00e9, jeho\u017e v\u00fdnosy na burze d\u011blaj\u00ed z Warrena Buffetta hloup\u00e9ho amat\u00e9ra.<\/p>\n<p>Jeho posledn\u00edm velk\u00fdm obchodem byl n\u00e1kup akci\u00ed v\u00fdrobce \u010dip\u016f Nvidia t\u011bsn\u011b p\u0159edt\u00edm, ne\u017e se Kongres rozhodl hlasovat o nov\u00e9 legislativ\u011b, kter\u00e1 Nvidii zdarma z\u00e1sobuje st\u00e1tn\u00edmi pen\u011bzi.<\/p>\n<p>Pelosiov\u00e1 samoz\u0159ejm\u011b trv\u00e1 na tom, \u017ee sv\u00e9mu man\u017eelovi \u017e\u00e1dn\u00e9 rady ohledn\u011b akci\u00ed neposkytuje.<\/p>\n<p>Nikdo j\u00ed nev\u011b\u0159\u00ed. V\u0161ichni v\u011bd\u00ed, \u017ee je to prolhan\u00e1 podvodnice. A p\u0159esto se l\u00e9ta a l\u00e9ta dr\u017e\u00ed na nejvy\u0161\u0161\u00edch mocensk\u00fdch postech.<\/p>\n<p>Podobn\u011b si lid\u00e9 v\u0161\u00edmaj\u00ed glob\u00e1ln\u00edch elit, kter\u00e9 l\u00e9taj\u00ed soukrom\u00fdmi letadly na klimatick\u00e9 konference, aby mohly mluvit o tom,\u00a0<a href=\"https:\/\/www.sovereignman.com\/trends\/if-you-dont-want-an-emperor-stop-giving-him-your-money-35315\/\" target=\"_blank\" rel=\"external noopener\">jak p\u0159im\u011bt roln\u00edky j\u00edst brouky a plevel<\/a>, aby se sn\u00ed\u017eily emise CO\u2082.<\/p>\n<p>Lid\u00e9 si tak\u00e9 v\u0161imli, \u017ee ministerstvo spravedlnosti otev\u0159en\u011b zva\u017euje, zda s obvin\u011bn\u00edm prezidentova syna z korupce a da\u0148ov\u00fdch trestn\u00fdch \u010din\u016f po\u010dk\u00e1 a\u017e na volby v polovin\u011b volebn\u00edho obdob\u00ed, pokud ho v\u016fbec obvin\u00ed.<\/p>\n<p>A p\u0159esto bylo tot\u00e9\u017e ministerstvo spravedlnosti pov\u011b\u0159eno st\u00edh\u00e1n\u00edm rodi\u010d\u016f, kte\u0159\u00ed se zlob\u00ed, \u017ee jejich d\u011bti jsou indoktrinov\u00e1ny \u0161koln\u00edmi osnovami.<\/p>\n<p>Lid\u00e9 si tak\u00e9 v\u0161imli, kdy\u017e se jejich centr\u00e1ln\u00ed bank\u00e9\u0159i zapojili do n\u011b\u010deho, co se rovn\u00e1 obchodov\u00e1n\u00ed s d\u016fv\u011brn\u00fdmi informacemi&#8230; a p\u0159itom byli naprosto bezradn\u00ed a nekompetentn\u00ed ohledn\u011b inflace.<\/p>\n<p>Posledn\u00ed dva roky si lid\u00e9 v\u0161\u00edmali zjevn\u00fdch l\u017e\u00ed a pokrytectv\u00ed v souvislosti s pravidly uzam\u010den\u00ed COVID-19. Politici a \u00fa\u0159edn\u00edci ve\u0159ejn\u00e9ho zdravotnictv\u00ed k\u0159i\u010deli na ve\u0159ejnost, aby nosila rou\u0161ku, a pak si ji okam\u017eit\u011b sundali, kdy\u017e si mysleli, \u017ee kamery u\u017e nejsou v z\u00e1b\u011bru.<\/p>\n<p>\u0158ekli lidem, aby z\u016fstali doma a kr\u010dili se strachy, ale pak pro sebe uspo\u0159\u00e1dali lukrativn\u00ed politickou sb\u00edrku (kalifornsk\u00fd guvern\u00e9r Gavin Newsom)&#8230; nebo si jen za\u0161li ke kade\u0159n\u00edkovi (Pelosiov\u00e1), proto\u017ee \u201esvou osobn\u00ed hygienu beru velmi v\u00e1\u017en\u011b\u201c (starostka Chicaga Lori Lightfootov\u00e1).<\/p>\n<p>O v\u00edkendu se se\u0161el v\u00fdbor Sv\u011btov\u00e9 zdravotnick\u00e9 organizace, aby ur\u010dil, zda toto ohnisko opi\u010d\u00edch ne\u0161tovic p\u0159edstavuje \u201emimo\u0159\u00e1dnou ud\u00e1lost mezin\u00e1rodn\u00edho v\u00fdznamu pro ve\u0159ejn\u00e9 zdrav\u00ed\u201c neboli \u201ePHEIC\u201c.<\/p>\n<p>Po n\u011bkolikahodinov\u00e9m jedn\u00e1n\u00ed v\u00fdbor NEROZHODL, \u017ee opi\u010d\u00ed ne\u0161tovice jsou PHEIC.<\/p>\n<p>Jedn\u00e1 se o v\u00fdbor \u201eodborn\u00edk\u016f\u201c, tj. lid\u00ed, kte\u0159\u00ed byli Sv\u011btovou zdravotnickou organizac\u00ed speci\u00e1ln\u011b vybr\u00e1ni, aby v tomto v\u00fdboru pracovali, proto\u017ee jsou uzn\u00e1van\u00ed a maj\u00ed odborn\u00e9 znalosti v oblasti ve\u0159ejn\u00e9ho zdrav\u00ed a infek\u010dn\u00edch nemoc\u00ed.<\/p>\n<p>A v\u00fdbor odborn\u00edk\u016f nepova\u017eoval opi\u010d\u00ed ne\u0161tovice za ohro\u017een\u00ed ve\u0159ejn\u00e9ho zdrav\u00ed.<\/p>\n<p>U\u017e v\u00edce ne\u017e dva roky n\u00e1m \u0159\u00edkaj\u00ed, abychom v\u011b\u0159ili v\u011bd\u011b a odborn\u00edk\u016fm. Teoreticky by to tedy m\u011bl b\u00fdt konec p\u0159\u00edb\u011bhu.<\/p>\n<p>Gener\u00e1ln\u00ed \u0159editel Sv\u011btov\u00e9 zdravotnick\u00e9 organizace Dr. Tedros Adhanom v\u0161ak vydal vlastn\u00ed p\u0159\u00edkaz, kter\u00fdm v\u00fdbor odborn\u00edk\u016f zru\u0161il.<\/p>\n<p>\u201e<b>Rozhodl jsem se<\/b>,\u201c \u0159ekl v sobotu Dr. Tedros sv\u011btu, \u201e\u017ee celosv\u011btov\u00e1 epidemie opi\u010d\u00edch ne\u0161tovic p\u0159edstavuje mimo\u0159\u00e1dnou ud\u00e1lost v oblasti ve\u0159ejn\u00e9ho zdrav\u00ed, kter\u00e1 vyvol\u00e1v\u00e1 mezin\u00e1rodn\u00ed obavy.\u201c<\/p>\n<p>Tak\u017ee&#8230; zapome\u0148te na v\u0161echno, co \u0159\u00edkali o d\u016fv\u011b\u0159e v odborn\u00edky. Z\u0159ejm\u011b bychom m\u011bli v\u011b\u0159it odborn\u00edk\u016fm jen do t\u00e9 doby, ne\u017e n\u011bjak\u00fd v\u00fd\u0161e postaven\u00fd politik vy\u0159e\u0161\u00ed v\u011bdeck\u00e9 ot\u00e1zky za n\u00e1s v\u0161echny. Ten rozhodl.<\/p>\n<p>Je opravdu zvl\u00e1\u0161tn\u00ed, \u017ee si tito lid\u00e9 st\u00e1le mysl\u00ed, \u017ee jsou d\u016fv\u011bryhodn\u00ed.<\/p>\n<p>Tedrosovi ani Sv\u011btov\u00e9 zdravotnick\u00e9 organizaci nikdo nev\u011b\u0159\u00ed. Nikdo nev\u011b\u0159\u00ed Kongresu. D\u016fv\u011bra v t\u00e9m\u011b\u0159 v\u0161echny v\u00fdznamn\u00e9 instituce, v\u010detn\u011b velk\u00fdch technologick\u00fdch spole\u010dnost\u00ed, m\u00e9di\u00ed, bank, \u0161kol a dokonce i zdravotnick\u00e9ho syst\u00e9mu, v posledn\u00edch n\u011bkolika letech prudce klesla.<\/p>\n<p>To v\u0161ak nen\u00ed d\u016fvod k zoufalstv\u00ed. Sv\u011bt se v t\u00e9to situaci u\u017e jednou ocitl.<\/p>\n<p>Na p\u0159elomu 14. a 15. stolet\u00ed tak\u00e9 klesala d\u016fv\u011bra a sebed\u016fv\u011bra. Rodrigo Borgia &#8211; pape\u017e Alexandr VI. &#8211; byl v\u0161eobecn\u011b opovrhov\u00e1n. A byl jen p\u0159\u00edznakem ned\u016fv\u011bry, kterou lid\u00e9 v\u016f\u010di c\u00edrkvi poci\u0165ovali.<\/p>\n<p>Ale p\u0159\u00edliv a odliv se obr\u00e1til.<\/p>\n<p>Jen o n\u011bkolik let pozd\u011bji napsal Martin Luther sv\u00fdch slavn\u00fdch 95 tez\u00ed a zah\u00e1jil tak novou \u00e9ru ve sv\u011bt\u011b.<\/p>\n<p>Historikov\u00e9 toto obdob\u00ed d\u011bjin naz\u00fdvaj\u00ed reformac\u00ed a v jeho pr\u016fb\u011bhu se rychle oslabila moc a autorita c\u00edrkve, co\u017e p\u0159ipravilo p\u016fdu pro renesanci a dal\u0161\u00ed obdob\u00ed.<\/p>\n<p>Osv\u00edcenstv\u00ed, v n\u011bm\u017e nov\u00e9 inovace v\u00fdrazn\u011b zlep\u0161ily kvalitu \u017eivota.<\/p>\n<p>Je d\u016fle\u017eit\u00e9 si uv\u011bdomit, \u017ee reformace by nebyla mo\u017en\u00e1, neb\u00fdt relativn\u011b nov\u00e9 technologie, kter\u00e1 se v Evrop\u011b objevila &#8211; knihtisku.<\/p>\n<p>Poprv\u00e9 v historii mohly nov\u00e9 my\u0161lenky kolovat po cel\u00e9m kontinentu a b\u00fdt \u0161iroce roz\u0161\u00ed\u0159eny b\u011bhem n\u011bkolika t\u00fddn\u016f. Tiska\u0159sk\u00fd lis dokonce umo\u017enil \u010d\u00edst d\u00edla autor\u016f, kte\u0159\u00ed byli zak\u00e1z\u00e1ni (a \u00fa\u0159ady se neost\u00fdchaly zlikvidovat ka\u017ed\u00e9ho, koho pova\u017eovaly za hrozbu).<\/p>\n<p>Dnes m\u00e1me podobnou m\u00edru ned\u016fv\u011bry jako lid\u00e9 v roce 1500. M\u00e1me tak\u00e9 podobn\u00e9 rozv\u00edjej\u00edc\u00ed se technologie. A nemluv\u00edm jen o internetu, kter\u00fd je jako novodob\u00fd knihtisk.<\/p>\n<p>M\u00e1me tak\u00e9 relativn\u011b novou technologii, jako je blockchain, kter\u00e1 byla navr\u017eena speci\u00e1ln\u011b pro maximalizaci d\u016fv\u011bry a decentralizace. A to je teprve na za\u010d\u00e1tku.<\/p>\n<p>\u017divot na po\u010d\u00e1tku 15. stolet\u00ed musel vypadat dost bez\u00fat\u011b\u0161n\u011b. D\u016fv\u011bra byla na dn\u011b a lid\u00e9 byli frustrovan\u00ed.<\/p>\n<p>Domn\u00edv\u00e1m se, \u017ee jsme nyn\u00ed v podobn\u00e9 situaci. Ale to tak\u00e9 znamen\u00e1, \u017ee jsme na prahu nov\u00e9 renesance&#8230; a \u017ee star\u00e1 mocensk\u00e1 struktura je na odchodu.<\/p>\n<p>Lid\u00e9 jako Tedros, Pelosiov\u00e1, bezradn\u00ed centr\u00e1ln\u00ed bank\u00e9\u0159i a cel\u00e1 jejich parta se ze v\u0161ech sil sna\u017e\u00ed, aby se oni sami a jejich \u00fa\u0159ady staly bezv\u00fdznamn\u00fdmi. A da\u0159\u00ed se jim to.<\/p>\n<div class=\"podcarou\">\n<p><a href=\"https:\/\/www.thedailybell.com\/all-articles\/news-analysis\/i-have-decided\/\" target=\"_blank\" rel=\"external noopener\">\u201cI have decided&#8230;\u201d<\/a> vy\u0161el 25.7.2022 na thedailybell.com. P\u0159eklad Zv\u011bdavec.<\/p>\n<\/div>\n<\/section>\n<p>P\u0159evzato\u00a0<a href=\"https:\/\/zvedavec.news\/komentare\/2022\/07\/9252-rozhodl-jsem-se-.htm\">Zvedavec.org<\/a><\/p>\n<p>&nbsp;<\/p>\n<p>&nbsp;<\/p>\n","protected":false},"excerpt":{"rendered":"<p>V roce 1445 nastoupil ve \u0161pan\u011blsk\u00e9 Valencii \u010dtrn\u00e1ctilet\u00fd chlapec Rodrigo do sv\u00e9ho prvn\u00edho zam\u011bstn\u00e1n\u00ed jako&#8230;<\/p>\n","protected":false},"author":2,"featured_media":2580,"comment_status":"closed","ping_status":"closed","sticky":false,"template":"","format":"standard","meta":[],"categories":[7],"tags":[23,29,2453,122,276],"_links":{"self":[{"href":"https:\/\/www.infokuryr.cz\/n\/wp-json\/wp\/v2\/posts\/12751"}],"collection":[{"href":"https:\/\/www.infokuryr.cz\/n\/wp-json\/wp\/v2\/posts"}],"about":[{"href":"https:\/\/www.infokuryr.cz\/n\/wp-json\/wp\/v2\/types\/post"}],"author":[{"embeddable":true,"href":"https:\/\/www.infokuryr.cz\/n\/wp-json\/wp\/v2\/users\/2"}],"replies":[{"embeddable":true,"href":"https:\/\/www.infokuryr.cz\/n\/wp-json\/wp\/v2\/comments?post=12751"}],"version-history":[{"count":0,"href":"https:\/\/www.infokuryr.cz\/n\/wp-json\/wp\/v2\/posts\/12751\/revisions"}],"wp:featuredmedia":[{"embeddable":true,"href":"https:\/\/www.infokuryr.cz\/n\/wp-json\/wp\/v2\/media\/2580"}],"wp:attachment":[{"href":"https:\/\/www.infokuryr.cz\/n\/wp-json\/wp\/v2\/media?parent=12751"}],"wp:term":[{"taxonomy":"category","embeddable":true,"href":"https:\/\/www.infokuryr.cz\/n\/wp-json\/wp\/v2\/categories?post=12751"},{"taxonomy":"post_tag","embeddable":true,"href":"https:\/\/www.infokuryr.cz\/n\/wp-json\/wp\/v2\/tags?post=12751"}],"curies":[{"name":"wp","href":"https:\/\/api.w.org\/{rel}","templated":true}]}}