{"id":12747,"date":"2022-07-26T03:39:58","date_gmt":"2022-07-26T01:39:58","guid":{"rendered":"http:\/\/www.infokuryr.cz\/n\/?p=12747"},"modified":"2022-07-26T03:39:58","modified_gmt":"2022-07-26T01:39:58","slug":"volodymyr-zelensky-podepsal-dekrety-zbavujici-igora-kolomojskeho-a-petro-porosenka-ukrajinskych-obcanstvi","status":"publish","type":"post","link":"https:\/\/www.infokuryr.cz\/n\/2022\/07\/26\/volodymyr-zelensky-podepsal-dekrety-zbavujici-igora-kolomojskeho-a-petro-porosenka-ukrajinskych-obcanstvi\/","title":{"rendered":"Volodymyr Zelensk\u00fd podepsal dekrety zbavuj\u00edc\u00ed Igora Kolomojsk\u00e9ho a Petro Poro\u0161enka ukrajinsk\u00fdch ob\u010danstv\u00ed"},"content":{"rendered":"<div id=\"fb-root\"><\/div>\n<h4>Volodymyr Zelensk\u00fd podepsal dekrety zbavuj\u00edc\u00ed Igora Kolomojsk\u00e9ho a Petro Poro\u0161enka ukrajinsk\u00fdch ob\u010danstv\u00ed v odvet\u011b, \u017ee oba vydali souhlas Moskv\u011b s jeho odstran\u011bn\u00edm z funkce, aby mohla za\u010d\u00edt m\u00edrov\u00e1 jedn\u00e1n\u00ed s Rusy! Do\u0161lo na progn\u00f3zu Aeronetu, \u017ee pokud bude hrozit roz\u0161\u00ed\u0159en\u00ed spec-operace Rusk\u00e9 arm\u00e1dy na z\u00e1pad Ukrajiny podle v\u00fdroku Sergeje Lavrova, Kolomojsk\u00fd se s\u00e1m zbav\u00ed Zelensk\u00e9ho! Henry Kissinger nav\u00edc pro n\u011bmeck\u00fd Spiegel varoval, \u017ee pokud Z\u00e1pad nezah\u00e1j\u00ed jedn\u00e1n\u00ed s Ruskem, vypukne v Evrop\u011b v\u00e1lka, jako byla ta T\u0159icetilet\u00e1 kv\u016fli reformaci Evropy!<\/h4>\n<p>Situace na Ukrajin\u011b se jen p\u00e1r dn\u00ed po projevu rusk\u00e9ho ministra zahrani\u010d\u00ed Sergeje Lavrova pro ruskou televizi RT za\u010dala odv\u00edjet p\u0159esn\u011b tak, jak jsem v m\u00e9m \u010dl\u00e1nku\u00a0<strong>[<a href=\"https:\/\/aeronet.news\/video-sergej-lavrov-prohlasil-ze-geograficke-cile-ruske-armady-se-vzhledem-k-dodavkam-americkych-raketovych-komplexu-dlouheho-doletu-ukrajine-podstatne-rozsirily\/\">1<\/a>]<\/strong>\u00a0p\u0159edpov\u00eddal.\u00a0<strong>Hlavn\u00ed sponzor prezidentsk\u00e9 volebn\u00ed kampan\u011b Volodymyra Zelensk\u00e9ho a izraelsko-ukrajinsk\u00fd oligarcha Igor Kolomojsk\u00fd vydal souhlas Moskv\u011b s odstran\u011bn\u00edm Volodymyra Zelensk\u00e9ho z k\u0159esla prezidenta.\u00a0<\/strong>Znamen\u00e1 to, \u017ee nen\u00ed u\u017e z\u00e1jem pokra\u010dovat ve v\u00e1lce na Ukrajin\u011b na stran\u011b ukrajinsk\u00fdch oligarch\u016f.<\/p>\n<p>Informaci n\u00e1m do redakce sd\u011blili ru\u0161t\u00ed novin\u00e1\u0159i, kte\u0159\u00ed v t\u011bchto chv\u00edl\u00edch monitoruj\u00ed zpravodajsk\u00e9 informace a datov\u00e9 kan\u00e1ly na Ukrajin\u011b. Rozhodnut\u00ed Kolomojsk\u00e9ho hodit Zelensk\u00e9ho p\u0159es palubu je podle v\u0161eho motivov\u00e1no hrozbou Sergeje Lavrova, kter\u00fd v rozhovoru pro RT uvedl, \u017ee c\u00edle rusk\u00e9 spec-operace na Ukrajin\u011b se zm\u011bnily a Rusk\u00e1 arm\u00e1da bude postupovat d\u00e1l a hloub\u011bji na Z\u00e1pad.<\/p>\n<figure id=\"attachment_52569\" class=\"wp-caption aligncenter\" style=\"width: 697px;\"><a href=\"https:\/\/aeronet.news\/wp-content\/uploads\/ZelenskyOrder.jpg\"><img decoding=\"async\" loading=\"lazy\" class=\"wp-image-52569 \" src=\"https:\/\/aeronet.news\/wp-content\/uploads\/ZelenskyOrder-711x1024.jpg\" sizes=\"(max-width: 700px) 100vw, 700px\" srcset=\"https:\/\/aeronet.news\/wp-content\/uploads\/ZelenskyOrder-711x1024.jpg 711w, https:\/\/aeronet.news\/wp-content\/uploads\/ZelenskyOrder-208x300.jpg 208w, https:\/\/aeronet.news\/wp-content\/uploads\/ZelenskyOrder-768x1106.jpg 768w, https:\/\/aeronet.news\/wp-content\/uploads\/ZelenskyOrder-700x1008.jpg 700w, https:\/\/aeronet.news\/wp-content\/uploads\/ZelenskyOrder-248x357.jpg 248w, https:\/\/aeronet.news\/wp-content\/uploads\/ZelenskyOrder-335x483.jpg 335w, https:\/\/aeronet.news\/wp-content\/uploads\/ZelenskyOrder.jpg 889w\" alt=\"\" width=\"697\" height=\"1004\" \/><\/a><figcaption class=\"wp-caption-text\">Dekret Zelensk\u00e9ho o zbaven\u00ed ob\u010danstv\u00ed Poro\u0161enka a dal\u0161\u00edch osob<\/figcaption><\/figure>\n<p>V \u010dl\u00e1nku jsem p\u0159edpov\u011bd\u011bl, \u017ee tak daleko to Kolomojsk\u00fd zaj\u00edt nenech\u00e1 a s\u00e1m se pokus\u00ed Zelensk\u00e9ho odstranit.\u00a0<strong>Zelensk\u00fd se z\u0159ejm\u011b o tomto pl\u00e1nu dozv\u011bd\u011bl, a proto v pond\u011bl\u00ed podepsal dekret, kter\u00fdm zbavuje ob\u010danstv\u00ed Ukrajiny hned n\u011bkolik vysoce postaven\u00fdch osob, mezi nimi pr\u00e1v\u011b Igora Kolomojsk\u00e9ho a b\u00fdval\u00e9ho prezidenta Petro Poro\u0161enka.<\/strong>\u00a0Na ve\u0159ejnost unikl dokument, kde opravdu Poro\u0161enkovo jm\u00e9no o zbaven\u00ed ob\u010danstv\u00ed figuruje, jm\u00e9no Kolomjsk\u00e9ho na dokumentu ale chyb\u00ed, a to z d\u016fvodu, \u017ee podle rusk\u00fdch m\u00e9di\u00ed byl zbaven ob\u010danstv\u00ed ji\u017e p\u0159ed n\u011bkolika dny, zat\u00edmco Poro\u0161enko a dal\u0161\u00ed teprve a\u017e dnes.<\/p>\n<h6><span style=\"font-size: 18pt;\">Zelensk\u00fd se zbavil Kolomojsk\u00e9ho v odvet\u011b, proto\u017ee filantrop ho od\u0159\u00edzl jako kotvu<\/span><\/h6>\n<p>Kolomojsk\u00fd je akcion\u00e1\u0159em ukrajinsk\u00e9 a od roku 2016 zn\u00e1rodn\u011bn\u00e9 banky Privatbank, kter\u00e1 je hlavn\u00edm bankovn\u00edm domem pro finance mezi Ukrajinou, Izraelem a USA. Banka m\u00e1 pobo\u010dky sice po cel\u00e9 Ukrajin\u011b, ale nejv\u00edce na z\u00e1pad\u011b, kde banka poskytovala \u00fav\u011bry a hypot\u00e9ky na infrastrukturu, o kterou Kolomojsk\u00fd nechce p\u0159ij\u00edt.\u00a0<strong>Kolomojsk\u00fd vede s Ukrajinou o banku soudn\u00ed spor a odstran\u011bn\u00ed prezidenta Zelensk\u00e9ho by bylo jist\u011b p\u0159edehrou k mo\u017en\u00e9mu n\u00e1vratu banky do soukrom\u00fdch rukou.<\/strong>\u00a0Rusk\u00fd postup na z\u00e1pad by zni\u010dil stovky akvizic a nemovitost\u00ed, kter\u00e9 Privatbank financuje na hypot\u00e9ky, anebo dokonce vlastn\u00ed a pronaj\u00edm\u00e1.<\/p>\n<figure id=\"attachment_52571\" class=\"wp-caption aligncenter\" style=\"width: 695px;\"><a href=\"https:\/\/aeronet.news\/wp-content\/uploads\/Zelensky_Kolomoisky_meeting.jpg\"><img decoding=\"async\" loading=\"lazy\" class=\"wp-image-52571 \" src=\"https:\/\/aeronet.news\/wp-content\/uploads\/Zelensky_Kolomoisky_meeting-1024x580.jpg\" sizes=\"(max-width: 700px) 100vw, 700px\" srcset=\"https:\/\/aeronet.news\/wp-content\/uploads\/Zelensky_Kolomoisky_meeting-1024x580.jpg 1024w, https:\/\/aeronet.news\/wp-content\/uploads\/Zelensky_Kolomoisky_meeting-300x170.jpg 300w, https:\/\/aeronet.news\/wp-content\/uploads\/Zelensky_Kolomoisky_meeting-768x435.jpg 768w, https:\/\/aeronet.news\/wp-content\/uploads\/Zelensky_Kolomoisky_meeting-700x396.jpg 700w, https:\/\/aeronet.news\/wp-content\/uploads\/Zelensky_Kolomoisky_meeting-630x357.jpg 630w, https:\/\/aeronet.news\/wp-content\/uploads\/Zelensky_Kolomoisky_meeting-853x483.jpg 853w, https:\/\/aeronet.news\/wp-content\/uploads\/Zelensky_Kolomoisky_meeting.jpg 1280w\" alt=\"\" width=\"695\" height=\"393\" \/><\/a><figcaption class=\"wp-caption-text\">Igor Kolomojsk\u00fd po lev\u00e9 ruce Volodymyra Zelensk\u00e9ho<\/figcaption><\/figure>\n<p>Postup rusk\u00e9 arm\u00e1dy na z\u00e1pad by zni\u010dil tyto assety a Privatbank by to p\u0159ivedlo ke krachu. Kolomojsk\u00fd se proto logicky bude sna\u017eit o ukon\u010den\u00ed v\u00e1lky a tomu paradoxn\u011b br\u00e1n\u00ed jeho vlastn\u00ed k\u016f\u0148, kter\u00e9 za\u010dal b\u011bhat pro jinou st\u00e1j, pro Ameri\u010dany a\u00a0<strong>Kolomojsk\u00fd te\u010f zji\u0161\u0165uje, \u017ee Zelensk\u00e9ho d\u00e1lkov\u00e9 ovl\u00e1d\u00e1n\u00ed se nach\u00e1z\u00ed ve Washingtonu a v Lond\u00fdn\u011b.<\/strong>\u00a0Pokud Zelensk\u00fd nep\u0159istoup\u00ed na m\u00edrov\u00e1 jedn\u00e1n\u00ed, Rusov\u00e9 skon\u010d\u00ed nakonec a\u017e v U\u017ehorodu na hranic\u00edch se Slovenskem a za nimi bude fronta v podob\u011b zni\u010den\u00e9 infrastruktury a ve\u0161ker\u00fdch investic Kolomojsk\u00e9ho Privatbank. A te\u010f d\u016fle\u017eit\u00e1 vsuvka.<\/p>\n<h6><span style=\"font-size: 18pt;\">\u010cokol\u00e1dov\u00fd baron Poro\u0161enko byl zbaven ukrajinsk\u00e9ho ob\u010danstv\u00ed, proto\u017ee pe\u010de s Kolomojsk\u00fdm proti Zelensk\u00e9mu<\/span><\/h6>\n<p>Petro Poro\u0161enko byl pom\u011brn\u011b dlouho v Polsku a s Pol\u00e1ky dojedn\u00e1val k\u0161efty. Pro koho? Pro Kolomojsk\u00e9ho! Pol\u00e1ci si toti\u017e na Ukrajin\u011b budou cht\u00edt realizovat sv\u00e9 pl\u00e1ny, budou stav\u011bt, budou budovat a budou pot\u0159ebovat \u00fav\u011bry. A ty m\u00e1 zajistit h\u00e1dejte, kdo? Ano, p\u0159ece Kolomojsk\u00e9ho Privatbank. Jen\u017ee Privatbank je jenom banka, kter\u00e1 si p\u016fj\u010duje od jin\u00fdch bank. A k tomu pot\u0159ebuje m\u00edt Privatbank n\u011bco na proti\u00fa\u010det, obvykle hypote\u010dn\u00ed certifik\u00e1ty, co\u017e jsou bankovn\u00ed deriv\u00e1ty poskytovan\u00e9 jin\u00e9 bance z v\u00fdnos\u016f hypot\u00e9k poskytnut\u00fdch bankou koncov\u00e9mu klientovi. Banka tyto v\u00fdnosy budouc\u00ed (futures) poskytne jako kvitanci a bankovn\u00ed kryt\u00ed lond\u00fdnsk\u00fdm bank\u00e1m Domu Rothschild.<\/p>\n<figure id=\"attachment_52572\" class=\"wp-caption aligncenter\" style=\"width: 698px;\"><a href=\"https:\/\/aeronet.news\/wp-content\/uploads\/PoroshenkoKolomojski.jpg\"><img decoding=\"async\" loading=\"lazy\" class=\"wp-image-52572 \" src=\"https:\/\/aeronet.news\/wp-content\/uploads\/PoroshenkoKolomojski-1024x578.jpg\" sizes=\"(max-width: 700px) 100vw, 700px\" srcset=\"https:\/\/aeronet.news\/wp-content\/uploads\/PoroshenkoKolomojski-1024x578.jpg 1024w, https:\/\/aeronet.news\/wp-content\/uploads\/PoroshenkoKolomojski-300x169.jpg 300w, https:\/\/aeronet.news\/wp-content\/uploads\/PoroshenkoKolomojski-768x434.jpg 768w, https:\/\/aeronet.news\/wp-content\/uploads\/PoroshenkoKolomojski-700x395.jpg 700w, https:\/\/aeronet.news\/wp-content\/uploads\/PoroshenkoKolomojski-632x357.jpg 632w, https:\/\/aeronet.news\/wp-content\/uploads\/PoroshenkoKolomojski-855x483.jpg 855w, https:\/\/aeronet.news\/wp-content\/uploads\/PoroshenkoKolomojski.jpg 1280w\" alt=\"\" width=\"698\" height=\"394\" \/><\/a><figcaption class=\"wp-caption-text\">Jedn\u00e1n\u00ed Kolomojsk\u00e9ho s Poro\u0161enkem v dob\u011b, kdy byl prezidentem<\/figcaption><\/figure>\n<p>Aby tedy Privatbank mohla na obnov\u011b Ukrajiny profitovat, mus\u00ed polovina Ukrajiny z\u016fstat nedot\u010den\u00e1, mus\u00ed na n\u00ed z\u016fstat hypot\u00e9\u010dn\u00ed nemovitosti, mus\u00ed na n\u00ed z\u016fstat klienti, mus\u00ed d\u00e1l spl\u00e1cet. A k tomu je nutn\u00e9 zastavit postup Rus\u016f.\u00a0<strong>K zastaven\u00ed postupu Rus\u016f je pot\u0159eba za\u010d\u00edt jednat s Rusy. A za\u010d\u00edt jednat s Rusy znamen\u00e1, \u017ee Kyjev u\u017e nesm\u00ed \u017e\u00e1dat Z\u00e1pad o dal\u0161\u00ed zbran\u011b a mus\u00ed usilovat o m\u00edr.<\/strong><\/p>\n<p>Pokra\u010dov\u00e1n\u00ed boj\u016f a dal\u0161\u00ed Zelensk\u00e9ho burcov\u00e1n\u00ed do boje vede k tomu, \u017ee geografick\u00e9 c\u00edle Rusk\u00e9 arm\u00e1dy se napln\u00ed a\u017e po dosa\u017een\u00ed U\u017ehorodu. A to by byla katastrofa pro Privatbank. Nemohla by financovat obnovu Ukrajiny, nem\u011bla by toti\u017e kde si p\u016fj\u010dit pen\u00edze a \u010d\u00edm je zaru\u010dit. Je to jednoduch\u00e1 bankovn\u00ed aritmetika, pro\u010d si Kolomojsk\u00fd pr\u00e1v\u011b spo\u010d\u00edtal, \u017ee se mus\u00ed t\u00e9 loutky Zelensk\u00e9ho zbavit. O tom, \u017ee Kolomojsk\u00fd p\u0159ed n\u011bkolika dny p\u0159i\u0161el o ob\u010danstv\u00ed, informoval ukrajinsk\u00fd Forbes.<\/p>\n<h6><span style=\"font-size: 18pt;\">Kolomojsk\u00e9mu zn\u00e1rodnil Poro\u0161enko banku v roce 2016, ale te\u010f maj\u00ed spole\u010dn\u00fd projekt s Pol\u00e1ky na rekonstrukci z\u00e1padn\u00ed Ukrajiny, ale k tomu pot\u0159ebuj\u00ed znovu zprivatizovat Privatbank<\/span><\/h6>\n<p class=\"news-text__announce\">V registru St\u00e1tn\u00ed migra\u010dn\u00ed slu\u017eby pro kontrolu pas\u016f je pas miliard\u00e1\u0159e Igora Kolomojsk\u00e9ho veden jako \u201eneplatn\u00fd\u201c.\u00a0Informuje o tom\u00a0Forbes Ukrajina\u00a0<strong>[<a href=\"https:\/\/href.li\/?https:\/\/forbes.ua\/news\/kolomoyskogo-diysno-mogli-pozbaviti-gromadyanstva-yogo-pasport-zaznacheniy-u-bazi-migratsiynoi-sluzhbi-yak-nediysniy-25072022-7345\" target=\"_blank\" rel=\"nofollow noopener\">2<\/a>]<\/strong>\u00a0s odkazem na \u00fadaje St\u00e1tn\u00ed migra\u010dn\u00ed slu\u017eby a nejmenovan\u00e9ho \u00fa\u010dastn\u00edka soudn\u00edho \u0159\u00edzen\u00ed mezi oligarchou a st\u00e1tem vlastn\u011bnou \u201cPrivatbankou\u201d.\u00a0Pasov\u00e9 \u00fadaje Igora Kolomojsk\u00e9ho jsou ve\u0159ejn\u011b dostupn\u00e9 nap\u0159\u00edklad v archivovan\u00fdch z\u00e1pisech z jedn\u00e1n\u00ed akcion\u00e1\u0159\u016f Privatbanky p\u0159ed zn\u00e1rodn\u011bn\u00edm v roce 2016, kter\u00e9 jsou st\u00e1le uchov\u00e1v\u00e1ny na ofici\u00e1ln\u00edch str\u00e1nk\u00e1ch banky.\u00a0V datab\u00e1zi DMS je doklad s touto \u0159adou a \u010d\u00edslem ozna\u010den jako \u201eneplatn\u00fd\u201c.<\/p>\n<figure id=\"attachment_33984\" class=\"wp-caption aligncenter\" style=\"width: 696px;\"><a href=\"https:\/\/aeronet.news\/wp-content\/uploads\/PrivatBank.jpg\"><img decoding=\"async\" loading=\"lazy\" class=\"wp-image-33984 \" src=\"https:\/\/aeronet.news\/wp-content\/uploads\/PrivatBank-1024x562.jpg\" sizes=\"(max-width: 700px) 100vw, 700px\" srcset=\"https:\/\/aeronet.news\/wp-content\/uploads\/PrivatBank-1024x562.jpg 1024w, https:\/\/aeronet.news\/wp-content\/uploads\/PrivatBank-300x165.jpg 300w, https:\/\/aeronet.news\/wp-content\/uploads\/PrivatBank-768x421.jpg 768w, https:\/\/aeronet.news\/wp-content\/uploads\/PrivatBank-700x384.jpg 700w, https:\/\/aeronet.news\/wp-content\/uploads\/PrivatBank-651x357.jpg 651w, https:\/\/aeronet.news\/wp-content\/uploads\/PrivatBank-881x483.jpg 881w, https:\/\/aeronet.news\/wp-content\/uploads\/PrivatBank.jpg 1280w\" alt=\"\" width=\"696\" height=\"382\" \/><\/a><figcaption class=\"wp-caption-text\">Privatbank<\/figcaption><\/figure>\n<p>Podle mluv\u010d\u00edho Forbesu byl Kolomojsk\u00e9ho pas je\u0161t\u011b den p\u0159edt\u00edm (24. \u010dervence) uveden jako platn\u00fd.\u00a0Jak mluv\u010d\u00ed up\u0159esnil, pas Gennadije Bogolyubova byl v datab\u00e1zi DMS tak\u00e9 ozna\u010den jako neplatn\u00fd.\u00a0Je\u0161t\u011b v roce 2017 se Bogoljubov vzdal ukrajinsk\u00e9ho ob\u010danstv\u00ed, ale v roce 2019 dostal povolen\u00ed k trval\u00e9mu pobytu na Ukrajin\u011b.\u00a0Pr\u00e1vn\u00edk Oleksandr Vinnychenko, kter\u00fd h\u00e1j\u00ed z\u00e1jmy Kolomojsk\u00e9ho v jednom z p\u0159\u00edpad\u016f Privatbanky, \u0159ekl, \u017ee si nen\u00ed v\u011bdom mo\u017en\u00e9ho zbaven\u00ed Kolomojsk\u00e9ho ob\u010danstv\u00ed.<\/p>\n<p>Klienta odm\u00edtl v t\u00e9to v\u011bci kontaktovat.\u00a0<strong>Ukrajinsk\u00e1 Pravda publikovala [<a href=\"https:\/\/href.li\/?https:\/\/censor.net\/ua\/news\/3355463\/v_op_podumuyut_zabraty_gromadyanstvo_u_kolomoyiskogo_korbana_i_rabinovycha_zmi\" target=\"_blank\" rel=\"nofollow noopener\">3<\/a>] 20. \u010dervence informaci s odkazem na zdroje o mo\u017en\u00e9m zbaven\u00ed ukrajinsk\u00e9ho ob\u010danstv\u00ed Kolomojsk\u00e9ho<\/strong>, spolup\u0159edsedy prorusk\u00e9 strany OPZZH Vadyma Rabinovy\u010de, zak\u00e1zan\u00e9 v b\u0159eznu 2022, a Gennadyho Korbana, sou\u010dasn\u00e9ho \u0161\u00e9fa \u00fazemn\u00ed obrany Dn\u011bpropetrovsk\u00e9 oblasti .\u00a0Na internet p\u0159itom unikla \u00fadajn\u00e1 kopie prezidentsk\u00e9ho dekretu se seznamem osob zbaven\u00fdch ob\u010danstv\u00ed.<\/p>\n<h6><span style=\"font-size: 18pt;\">Zelensk\u00fd trp\u00ed \u201cHitlerov\u00fdm syndromem\u201d<\/span><\/h6>\n<p>22. \u010dervence pohrani\u010dn\u00edci zabavili\u00a0<strong>[<a href=\"https:\/\/href.li\/?https:\/\/censor.net\/ua\/news\/3355867\/golova_shtabu_oborony_dnipra_korban_pidtverdyv_scho_u_nogo_na_kordoni_vyluchyly_pasport_ta_ne_puskayut\" target=\"_blank\" rel=\"nofollow noopener\">4<\/a>]<\/strong>\u00a0Korban\u016fv pas na hranic\u00edch p\u0159i pokusu o n\u00e1vrat z Polska na Ukrajinu\u00a0a vydali akt, \u017ee jde o osobu bez st\u00e1tn\u00ed p\u0159\u00edslu\u0161nosti.\u00a0Pohrani\u010dn\u00edci se p\u0159itom odvol\u00e1vali na prezidentsk\u00fd dekret o ukon\u010den\u00ed ob\u010danstv\u00ed.\u00a0Na webu prezidenta v\u0161ak zat\u00edm nebyly zve\u0159ejn\u011bny \u017e\u00e1dn\u00e9 dokumenty.\u00a0<strong>Zbavov\u00e1n\u00ed ob\u010danstv\u00ed je p\u0159itom akt v ostr\u00e9m rozporu s Helsinsk\u00fdm protokolem, kter\u00fd ale Kyjevu zjevn\u011b t\u011b\u017ekou hlavu ned\u011bl\u00e1 a evrop\u0161t\u00ed politici toto Zelensk\u00e9ho jedn\u00e1n\u00ed v rozporu s lidsk\u00fdmi pr\u00e1vy p\u0159ehl\u00ed\u017eej\u00ed.<\/strong><\/p>\n<p>Ke zbaven\u00ed ob\u010danstv\u00ed podle ukrajinsk\u00e9ho z\u00e1kona \u201eo st\u00e1tn\u00edm ob\u010danstv\u00ed\u201c doch\u00e1z\u00ed v p\u0159\u00edpad\u011b dobrovoln\u00e9ho nabyt\u00ed ob\u010danstv\u00ed jin\u00e9ho st\u00e1tu ob\u010danem Ukrajiny, nabyt\u00ed ukrajinsk\u00e9ho ob\u010danstv\u00ed osobou v d\u016fsledku podvodu, dobrovoln\u00e9ho vstupu do vojensk\u00e9 slu\u017eby jin\u00e9ho st\u00e1tu.\u00a0Krom\u011b ukrajinsk\u00e9ho Kolomojsk\u00fd hl\u00e1sil, \u017ee m\u00e1 pasy z Kypru a Izraele. Dosud to ale Zelensk\u00e9mu a nikomu na Ukrajin\u011b nevadilo.<\/p>\n<figure id=\"attachment_51442\" class=\"wp-caption aligncenter\" style=\"width: 684px;\"><a href=\"https:\/\/aeronet.news\/wp-content\/uploads\/LloydZelenskyBlinken.jpg\"><img decoding=\"async\" loading=\"lazy\" class=\"wp-image-51442 \" src=\"https:\/\/aeronet.news\/wp-content\/uploads\/LloydZelenskyBlinken.jpg\" sizes=\"(max-width: 1280px) 100vw, 1280px\" srcset=\"https:\/\/aeronet.news\/wp-content\/uploads\/LloydZelenskyBlinken.jpg 1280w, https:\/\/aeronet.news\/wp-content\/uploads\/LloydZelenskyBlinken-300x200.jpg 300w, https:\/\/aeronet.news\/wp-content\/uploads\/LloydZelenskyBlinken-768x512.jpg 768w, https:\/\/aeronet.news\/wp-content\/uploads\/LloydZelenskyBlinken-1024x682.jpg 1024w, https:\/\/aeronet.news\/wp-content\/uploads\/LloydZelenskyBlinken-700x466.jpg 700w, https:\/\/aeronet.news\/wp-content\/uploads\/LloydZelenskyBlinken-536x357.jpg 536w, https:\/\/aeronet.news\/wp-content\/uploads\/LloydZelenskyBlinken-725x483.jpg 725w\" alt=\"\" width=\"684\" height=\"456\" \/><\/a><figcaption class=\"wp-caption-text\">Toto foto vyjad\u0159uje nejl\u00e9pe sou\u010dasn\u00e9 postaven\u00ed Ukrajiny. Dva dr\u00e1bov\u00e9 okolo a loutka uprost\u0159ed. Austin Lloyd, Volodymyr Zelensk\u00fd a Antony Blinken<\/figcaption><\/figure>\n<p>Volodymyr Zelensk\u00fd trp\u00ed tzv. \u201c<em>Hitlerov\u00fdm syndromem<\/em>\u201d popsan\u00fdm sv\u011bdky posledn\u00edch t\u00fddn\u016f Adolfa Hitlera. Jeho paranoia, \u017ee ho cht\u011bj\u00ed odstranit vlastn\u00ed lid\u00e9, d\u016fstojn\u00edci, gener\u00e1lov\u00e9 a poradci, byla tak obrovsk\u00e1, \u017ee vyh\u00e1zel z vel\u00edc\u00edch pozic des\u00edtky vel\u00edc\u00edch d\u016fstojn\u00edk\u016f, kte\u0159\u00ed pot\u00e9 chyb\u011bli p\u0159i obran\u011b Berl\u00edna. Tato paranoia je skv\u011ble filmov\u011b ztv\u00e1rn\u011bna ve filmu\u00a0<em>Die Untergang<\/em>.<\/p>\n<p><strong>Zelensk\u00fd tu\u0161\u00ed, \u017ee je v roli loutky, a ty obvykle kon\u010d\u00ed \u0161patn\u011b, proto se sna\u017e\u00ed pos\u00edlit sv\u00e9 pozice a zbavuje se v\u0161ech lid\u00ed, o kter\u00fdch se mu donese n\u011bco, co by mohlo nazna\u010dovat, \u017ee mu jdou po krku.<\/strong>\u00a0Paranoiu u Zelensk\u00e9ho prohlubuj\u00ed i syntetick\u00e9 drogy, p\u0159edev\u0161\u00edm pervitin v posledn\u00ed dob\u011b, na kter\u00fd p\u0159e\u0161el po p\u0159eru\u0161en\u00ed dod\u00e1vek kokainu z Lond\u00fdna. Nen\u00ed p\u0159ekvapen\u00edm, \u017ee se Kolomojsk\u00fd chce Zelensk\u00e9ho zbavit, proto\u017ee Ukrajina nem\u016f\u017ee Rusy porazit, m\u016f\u017ee pouze p\u0159ij\u00edt o ve\u0161ker\u00e9 sv\u00e9 \u00fazem\u00ed ve zni\u010duj\u00edc\u00ed v\u00e1lce. A to nemus\u00ed b\u00fdt v\u00e1lka, kter\u00e1 skon\u010d\u00ed u U\u017ehorodu.<\/p>\n<h6><span style=\"font-size: 18pt;\">Dal\u0161\u00ed varov\u00e1n\u00ed sv\u011btu od Kissingera<\/span><\/h6>\n<p>Henry Kissinger v posledn\u00edm rozhovoru\u00a0<strong>[<a href=\"https:\/\/href.li\/?https:\/\/www.spiegel.de\/international\/world\/interview-with-henry-kissinger-for-war-in-ukraine-there-is-no-good-historical-example-a-64b77d41-5b60-497e-8d2f-9041a73b1892\" target=\"_blank\" rel=\"nofollow noopener\">5<\/a>]<\/strong>\u00a0pro Der Spiegel prohl\u00e1sil, \u017ee\u00a0<strong>Z\u00e1pad mus\u00ed zah\u00e1jit jedn\u00e1n\u00ed s Ruskem, jinak bude hrozit velk\u00e1 a dlouh\u00e1 v\u00e1lka v cel\u00e9 Evrop\u011b, kter\u00e1 bude m\u00edt charakter T\u0159icetilet\u00e9 v\u00e1lky neblah\u00e9 pam\u011bti.<\/strong>\u00a0Ta p\u0159itom vypukla v Evrop\u011b v podobn\u011b situaci reform\u00e1tov\u00e1n\u00ed Evropy, tehdy kv\u016fli proces\u016fm reformace a protestantsk\u00fdm hnut\u00edm po\u017eaduj\u00edc\u00edch svobodn\u00e9 vyzn\u00e1n\u00ed, ne pouze katolick\u00e9 dogma. Ideologick\u00fd st\u0159et je dnes op\u011bt v Evrop\u011b definov\u00e1n silou trans-atlantick\u00e9ho dogmatismu a euro-asijsk\u00e9ho globalismu.<\/p>\n<figure id=\"attachment_52070\" class=\"wp-caption aligncenter\" style=\"width: 695px;\"><a href=\"https:\/\/aeronet.news\/wp-content\/uploads\/HenryKissingerTheBoss.jpg\"><img decoding=\"async\" loading=\"lazy\" class=\"wp-image-52070 \" src=\"https:\/\/aeronet.news\/wp-content\/uploads\/HenryKissingerTheBoss-1024x640.jpg\" sizes=\"(max-width: 700px) 100vw, 700px\" srcset=\"https:\/\/aeronet.news\/wp-content\/uploads\/HenryKissingerTheBoss-1024x640.jpg 1024w, https:\/\/aeronet.news\/wp-content\/uploads\/HenryKissingerTheBoss-300x188.jpg 300w, https:\/\/aeronet.news\/wp-content\/uploads\/HenryKissingerTheBoss-768x480.jpg 768w, https:\/\/aeronet.news\/wp-content\/uploads\/HenryKissingerTheBoss-700x438.jpg 700w, https:\/\/aeronet.news\/wp-content\/uploads\/HenryKissingerTheBoss-571x357.jpg 571w, https:\/\/aeronet.news\/wp-content\/uploads\/HenryKissingerTheBoss-773x483.jpg 773w, https:\/\/aeronet.news\/wp-content\/uploads\/HenryKissingerTheBoss.jpg 1280w\" alt=\"\" width=\"695\" height=\"435\" \/><\/a><figcaption class=\"wp-caption-text\">Henry Kissinger<\/figcaption><\/figure>\n<p>Z t\u00e9to v\u00e1lky vyjde v\u00edt\u011bzn\u011b globalizace a jej\u00ed digit\u00e1ln\u00ed v\u011bk, obyvatelstvo se zastropovan\u00fdmi p\u0159\u00edjmy \u017eij\u00edc\u00ed v nevolnick\u00e9m syst\u00e9mu kreditn\u00edho syst\u00e9mu, s p\u0159\u00edd\u011bly energi\u00ed, p\u0159\u00edd\u011bly potravin. Redukce obyvatelstva je p\u0159itom hlavn\u00edm c\u00edlem globalizace a rozb\u00edjen\u00ed star\u00e9ho ekonomick\u00e9ho \u0159\u00e1du je nyn\u00ed v pln\u00e9m proudu.<\/p>\n<p><strong>DER SPIEGEL:<\/strong>\u00a0Americk\u00fd prezident Joe Biden ozna\u010dil sou\u010dasnou geopolitickou situaci za boj mezi demokraci\u00ed a autokraci\u00ed. Nov\u00e1 n\u011bmeck\u00e1 vl\u00e1da si rovn\u011b\u017e p\u0159edsevzala prov\u00e1d\u011bt zahrani\u010dn\u00ed politiku v\u00edce zalo\u017eenou na \u201chodnot\u00e1ch\u201d. Jak na to reagujete?<\/p>\n<p><strong>Kissinger:<\/strong>\u00a0Vzhledem k m\u00e9 osobn\u00ed historii je preference demokracie samoz\u0159ejm\u00e1. Skute\u010dn\u00e1 demokracie je pro m\u011b \u017e\u00e1dan\u011bj\u0161\u00edm syst\u00e9mem.\u00a0<strong>Pokud se v\u0161ak ve vztaz\u00edch sou\u010dasn\u00e9ho sv\u011bta stane hlavn\u00edm c\u00edlem, vede to k mision\u00e1\u0159sk\u00e9mu impulsu, kter\u00fd by mohl vy\u00fastit ve vojensk\u00fd konflikt typu T\u0159icetilet\u00e9 v\u00e1lky.<\/strong>\u00a0Nyn\u00ed prezident Biden sou\u010dasn\u011b prohl\u00e1sil, \u017ee nem\u00e1 \u017e\u00e1dnou touhu m\u011bnit \u010d\u00ednskou vl\u00e1du, \u017ee se nesna\u017e\u00ed zasahovat do dom\u00e1c\u00ed situace. Mysl\u00edm si tedy, \u017ee \u010del\u00ed stejn\u00e9mu probl\u00e9mu jako ka\u017ed\u00fd v\u00fdznamn\u00fd v\u016fdce v sou\u010dasnosti. Samoz\u0159ejm\u011b jsou situace, kdy je povinnost se br\u00e1nit, a to Evropa v tomto konfliktu o Ukrajinu vn\u00edmala. St\u00e1tnick\u00e9 chov\u00e1n\u00ed v tomto obdob\u00ed mus\u00ed b\u00fdt schopno obs\u00e1hnout historickou roli rovnov\u00e1hy sil, novou roli \u0161pi\u010dkov\u00fdch technologi\u00ed a zachov\u00e1n\u00ed z\u00e1kladn\u00edch hodnot. To je nov\u00e1 v\u00fdzva pro toto obdob\u00ed.<\/p>\n<p>Polo\u017e\u00edm v\u00e1m ot\u00e1zku, kterou dost\u00e1vaj\u00ed studenti 1. semestru finan\u010dnictv\u00ed na Sorbonn\u011b v p\u0159edn\u00e1\u0161ce o politick\u00e9 ekonomii.\u00a0<em><strong>V\u00edte, jak lze leg\u00e1ln\u011b okr\u00e1st obyvatelstvo o ve\u0161ker\u00e9 majetky, movit\u00e9 i nemovit\u00e9, ani\u017e by si v\u0161imli, \u017ee jsou okr\u00e1d\u00e1ni?<\/strong><\/em>\u00a0V\u011bt\u0161ina student\u016f na tuto ot\u00e1zku poprv\u00e9 nikdy nedovede odpov\u011bd\u011bt. Odpov\u011b\u010f je p\u0159itom jednoduch\u00e1: Leg\u00e1ln\u011b lze obyvatelstvo okr\u00e1st pomoc\u00ed inflace, kterou rozpout\u00e1te rozhazov\u00e1n\u00edm pen\u011bz pod n\u011bjakou z\u00e1minkou, v dob\u011b n\u011bjak\u00e9 krize. Potom sta\u010d\u00ed jenom inflaci nechat b\u011b\u017eet a d\u00edvat se. Neochota sou\u010dasn\u00fdch vl\u00e1d zakro\u010dit proti inflaci v Evrop\u011b je sou\u010d\u00e1st\u00ed bourac\u00edho kladiva Komise 300, kter\u00e1 vydala pokyn zbavit obyvatelstvo z\u00e1padn\u00edch zem\u00ed majetk\u016f, ale tak, aby se lid\u00e9 necht\u011bli bou\u0159it.<\/p>\n<h6><span style=\"font-size: 18pt;\">Meyrinkovo pravidlo infla\u010dn\u00edho tunelu, ze kter\u00e9ho obyvatelstvo vyleze odrban\u00e9 \u00fapln\u011b o v\u0161echen majetek a \u00faspory<\/span><\/h6>\n<p>Nelze ty majetky sebrat dekretem, ani zn\u00e1rodnit, to by vypukly nepokoje. Ty majetky se prost\u011b lidem odeberou leg\u00e1ln\u011b, tedy obrovskou inflac\u00ed, kterou politici z\u00e1m\u011brn\u011b prohlubuj\u00ed, t\u0159eba sankcemi proti Rusku, o kter\u00fdch v\u00ed dop\u0159edu moc dob\u0159e, \u017ee dopadnou pr\u00e1v\u011b na vlastn\u00ed lidi a prohloub\u00ed dramaticky dom\u00e1c\u00ed inflaci.\u00a0<strong>Lid\u00e9 projdou infla\u010dn\u00edm tunelem zbaveni p\u0159i pr\u016fchodu o ve\u0161ker\u00e9 sv\u00e9 majetky a \u00faspory. To je tzv.\u00a0<em>Meyrinkovo pravidlo<\/em>. Inflace ve\u0161ker\u00e9 \u00faspory znehodnot\u00ed, celo\u017eivotn\u00ed pr\u00e1ce a d\u0159ina lid\u00ed zmiz\u00ed v luftu.<\/strong>\u00a0V\u0161echno zdra\u017e\u00ed, co\u017e vy\u010derp\u00e1 zdroje dom\u00e1cnost\u00ed. Na konci vy\u010derp\u00e1n\u00ed dom\u00e1cnosti s\u00e1hnou nakonec na sv\u00e9 nemovitosti a za\u010dnou je masov\u011b prod\u00e1vat, ale jejich cena bude klesat, proto\u017ee nebude nikdo, kdo by si je mohl dovolit.<\/p>\n<figure id=\"attachment_52157\" class=\"wp-caption aligncenter\" style=\"width: 694px;\"><a href=\"https:\/\/aeronet.news\/wp-content\/uploads\/LidSkostiPetrFiala.jpg\"><img decoding=\"async\" loading=\"lazy\" class=\"wp-image-52157 \" src=\"https:\/\/aeronet.news\/wp-content\/uploads\/LidSkostiPetrFiala-1024x682.jpg\" sizes=\"(max-width: 700px) 100vw, 700px\" srcset=\"https:\/\/aeronet.news\/wp-content\/uploads\/LidSkostiPetrFiala-1024x682.jpg 1024w, https:\/\/aeronet.news\/wp-content\/uploads\/LidSkostiPetrFiala-300x200.jpg 300w, https:\/\/aeronet.news\/wp-content\/uploads\/LidSkostiPetrFiala-768x512.jpg 768w, https:\/\/aeronet.news\/wp-content\/uploads\/LidSkostiPetrFiala-700x466.jpg 700w, https:\/\/aeronet.news\/wp-content\/uploads\/LidSkostiPetrFiala-536x357.jpg 536w, https:\/\/aeronet.news\/wp-content\/uploads\/LidSkostiPetrFiala-725x483.jpg 725w, https:\/\/aeronet.news\/wp-content\/uploads\/LidSkostiPetrFiala.jpg 1280w\" alt=\"\" width=\"694\" height=\"462\" \/><\/a><figcaption class=\"wp-caption-text\">Petr Fiala, premi\u00e9r zem\u011b, kde lidem jednoho dne toho moc nezbyde p\u0159i jeho stylu vl\u00e1dnut\u00ed\u2026<\/figcaption><\/figure>\n<p>Za zlomek je potom odkoup\u00ed banky, velryby, investi\u010dn\u00ed \u017eraloci, tzv.\u00a0<em>Meyrinkovi ryb\u00e1\u0159i<\/em>. T\u00edm se obyvatelstvo okrade o ve\u0161ker\u00e9 majetky. Proto ani \u010desk\u00e1 vl\u00e1da te\u010f nechce nijak proti inflaci zakro\u010dovat. Proto nechce sn\u00ed\u017eit DPH u potravin. Proto nechce zastropovat elekt\u0159inu. Jedou prost\u011b podle p\u0159\u00edkazu komise podle Meyrinkova pravidla. Neschopnost politik\u016f d\u011blat n\u011bco s inflac\u00ed je ve skute\u010dnosti pl\u00e1n. Pouze se d\u00edvaj\u00ed, jak inflace okr\u00e1d\u00e1 lidi o majetky, pen\u00edze, hodnoty. C\u00edlem je zchudnut\u00ed a n\u00e1sledn\u00e9 zotro\u010den\u00ed z\u00e1padn\u00ed populace pomoc\u00ed UBI (nepodm\u00edn\u011bn\u00e9ho p\u0159ijmu) a sd\u00edlen\u00e9 ekonomiky.<\/p>\n<h6><span style=\"font-size: 18pt;\">P\u0159i bour\u00e1n\u00ed proces\u016f star\u00e9ho \u0159\u00edzen\u00ed se neodvol\u00e1vejte na logiku, nikde tam nen\u00ed pot\u0159eba<\/span><\/h6>\n<p>Je smutn\u00e9, \u017ee mus\u00edm tady vysv\u011btlovat takov\u00e9 z\u00e1klady finan\u010dn\u00edch trh\u016f, ale st\u00e1le to vypad\u00e1, \u017ee se neda\u0159\u00ed otev\u0159\u00edt lidem o\u010di ke konceptu\u00e1ln\u00ed gramotnosti.\u00a0<strong>Kdy\u017e se bouraj\u00ed procesy \u0159\u00edzen\u00ed, jsou k pr\u00e1ci povol\u00e1ni diletanti, kte\u0159\u00ed ale nejsou neschopn\u00ed, oni jsou v\u0161ehoschopn\u00ed.<\/strong>\u00a0To je t\u0159eba rozli\u0161ovat. Za druh\u00e9, p\u0159i bour\u00e1n\u00ed proces\u016f \u0159\u00edzen\u00ed se nehled\u00ed na zdrav\u00fd rozum, ani na logiku. Nehledejte logiku v tom, \u017ee evrop\u0161t\u00ed politici ni\u010d\u00ed od roku 2020 vlastn\u00ed ekonomiky, pr\u016fmysly, trhy, finan\u010dn\u00ed trhy, \u017ee nyn\u00ed ni\u010d\u00ed svoji energetickou bezpe\u010dnost a soci\u00e1ln\u00ed soudr\u017enost kv\u016fli mamut\u00ed inflaci.<\/p>\n<figure id=\"attachment_52389\" class=\"wp-caption aligncenter\" style=\"width: 691px;\"><a href=\"https:\/\/aeronet.news\/wp-content\/uploads\/PutinDumaMeeting1.jpg\"><img decoding=\"async\" loading=\"lazy\" class=\"wp-image-52389 \" src=\"https:\/\/aeronet.news\/wp-content\/uploads\/PutinDumaMeeting1-1024x576.jpg\" sizes=\"(max-width: 700px) 100vw, 700px\" srcset=\"https:\/\/aeronet.news\/wp-content\/uploads\/PutinDumaMeeting1-1024x576.jpg 1024w, https:\/\/aeronet.news\/wp-content\/uploads\/PutinDumaMeeting1-300x169.jpg 300w, https:\/\/aeronet.news\/wp-content\/uploads\/PutinDumaMeeting1-768x432.jpg 768w, https:\/\/aeronet.news\/wp-content\/uploads\/PutinDumaMeeting1-700x394.jpg 700w, https:\/\/aeronet.news\/wp-content\/uploads\/PutinDumaMeeting1-635x357.jpg 635w, https:\/\/aeronet.news\/wp-content\/uploads\/PutinDumaMeeting1-859x483.jpg 859w, https:\/\/aeronet.news\/wp-content\/uploads\/PutinDumaMeeting1.jpg 1280w\" alt=\"\" width=\"691\" height=\"389\" \/><\/a><figcaption class=\"wp-caption-text\">Putin\u016fv projev k \u0161\u00e9f\u016fm frakc\u00ed Rusk\u00e9 dumy o konci star\u00e9ho sv\u011btov\u00e9ho \u0159\u00e1du<\/figcaption><\/figure>\n<p>P\u0159i bour\u00e1n\u00ed proces\u016f se logika neuplat\u0148uje, proto\u017ee nen\u00ed ji\u017e pot\u0159eba k dr\u017een\u00ed konstrukce \u0159\u00edzen\u00ed. A za t\u0159et\u00ed, kdykoliv se n\u011bco bour\u00e1, je to kv\u016fli tomu, aby na uvoln\u011bn\u00e9m m\u00edst\u011b se n\u011bco nov\u00e9ho vybudovalo. A k tomu jsou ji\u017e nachyst\u00e1ni k\u00e1d\u0159i, kte\u0159\u00ed se\u00a0<em>nazakecaj\u00ed<\/em>. Pokud studujete projevy Vladimira Putina, u\u017e v\u00edte. Nen\u00ed t\u0159eba v\u00edce vysv\u011btlovat.\u00a0<strong>Glob\u00e1ln\u00ed reset p\u0159esune syst\u00e9my \u0159\u00edzen\u00ed z USA do \u010c\u00edny s jej\u00edm soci\u00e1ln\u00edm kreditem a Rusko se bude pod\u00edlet na globalizaci podle pl\u00e1nu, ale ne podle toho Pax Americana. V\u0161e ostatn\u00ed pob\u011b\u017e\u00ed po ose globalizace.<\/strong>\u00a0A pouze v\u00e1lka mezi Ruskem a USA na evropsk\u00e9 p\u016fd\u011b by to mohla zm\u011bnit. To je v\u00fdslednice a z\u00e1v\u011br dvou mo\u017enost\u00ed. Ot\u00e1zkou je, jestli je v\u016fbec na co se je\u0161t\u011b t\u011b\u0161it, anebo dob\u0159e u\u017e bylo? Sami si odpov\u011bzte.<\/p>\n<p>-VK- \u0160\u00e9fredaktor AE News<\/p>\n<p><a href=\"https:\/\/aeronet.news\/volodymyr-zelensky-podepsal-dekrety-zbavujici-igora-kolomojskeho-a-petro-porosenka-ukrajinskych-obcanstvi-v-odvete-ze-oba-vydali-souhlas-moskve-s-jeho-odstranenim-z-funkce-aby-mohla-zacit-mirova\/\">ZDROJ<\/a><\/p>\n<p>&nbsp;<\/p>\n","protected":false},"excerpt":{"rendered":"<p>Volodymyr Zelensk\u00fd podepsal dekrety zbavuj\u00edc\u00ed Igora Kolomojsk\u00e9ho a Petro Poro\u0161enka ukrajinsk\u00fdch ob\u010danstv\u00ed v odvet\u011b, \u017ee&#8230;<\/p>\n","protected":false},"author":2,"featured_media":12748,"comment_status":"closed","ping_status":"closed","sticky":false,"template":"","format":"standard","meta":[],"categories":[7],"tags":[2885,2103,26,1000],"_links":{"self":[{"href":"https:\/\/www.infokuryr.cz\/n\/wp-json\/wp\/v2\/posts\/12747"}],"collection":[{"href":"https:\/\/www.infokuryr.cz\/n\/wp-json\/wp\/v2\/posts"}],"about":[{"href":"https:\/\/www.infokuryr.cz\/n\/wp-json\/wp\/v2\/types\/post"}],"author":[{"embeddable":true,"href":"https:\/\/www.infokuryr.cz\/n\/wp-json\/wp\/v2\/users\/2"}],"replies":[{"embeddable":true,"href":"https:\/\/www.infokuryr.cz\/n\/wp-json\/wp\/v2\/comments?post=12747"}],"version-history":[{"count":0,"href":"https:\/\/www.infokuryr.cz\/n\/wp-json\/wp\/v2\/posts\/12747\/revisions"}],"wp:featuredmedia":[{"embeddable":true,"href":"https:\/\/www.infokuryr.cz\/n\/wp-json\/wp\/v2\/media\/12748"}],"wp:attachment":[{"href":"https:\/\/www.infokuryr.cz\/n\/wp-json\/wp\/v2\/media?parent=12747"}],"wp:term":[{"taxonomy":"category","embeddable":true,"href":"https:\/\/www.infokuryr.cz\/n\/wp-json\/wp\/v2\/categories?post=12747"},{"taxonomy":"post_tag","embeddable":true,"href":"https:\/\/www.infokuryr.cz\/n\/wp-json\/wp\/v2\/tags?post=12747"}],"curies":[{"name":"wp","href":"https:\/\/api.w.org\/{rel}","templated":true}]}}