{"id":12724,"date":"2022-07-25T12:14:22","date_gmt":"2022-07-25T10:14:22","guid":{"rendered":"http:\/\/www.infokuryr.cz\/n\/?p=12724"},"modified":"2022-07-25T12:14:22","modified_gmt":"2022-07-25T10:14:22","slug":"petr-hannig-dedictvi-nejkrutejsiho-kolonialniho-mysleni","status":"publish","type":"post","link":"https:\/\/www.infokuryr.cz\/n\/2022\/07\/25\/petr-hannig-dedictvi-nejkrutejsiho-kolonialniho-mysleni\/","title":{"rendered":"Petr Hannig: D\u011bdictv\u00ed nejkrut\u011bj\u0161\u00edho koloni\u00e1ln\u00edho my\u0161len\u00ed"},"content":{"rendered":"<div id=\"fb-root\"><\/div>\n<div class=\"opener\">N\u011bkolik zn\u00e1m\u00fdch m\u011b upozornilo na to, jak drze peskoval p\u0159edseda frakce Liber\u00e1l\u016f a demokrat\u016f pro Evropu Guy Verhofstadt v Evropsk\u00e9m parlamentu na\u0161eho premi\u00e9ra Petra Fialu.<\/div>\n<div id=\"art-text\" class=\"text\">\n<p>I kdy\u017e s mnoh\u00fdmi akcemi Petra Fialy nesouhlas\u00edm, nap\u0159\u00edklad s jeho p\u0159\u00edstupem k dod\u00e1v\u00e1n\u00ed zbran\u00ed na Ukrajinu a up\u0159ednost\u0148ov\u00e1n\u00ed Ukrajinc\u016f z oblast\u00ed kde nezu\u0159\u00ed v\u00e1lka p\u0159ed na\u0161imi pot\u0159ebn\u00fdmi ob\u010dany, tak takov\u00e9 jedn\u00e1n\u00ed v\u016f\u010di premi\u00e9rovi zem\u011b, jej\u00ed\u017e jsem ob\u010danem, m\u011b hluboce ur\u00e1\u017e\u00ed.<\/p>\n<p>Nev\u00edm, jak reagoval n\u00e1\u0161 premi\u00e9r, ale b\u00fdt j\u00edm, tak vstanu a odejdu ze s\u00e1lu. Nen\u00ed p\u0159ece mo\u017en\u00e9, aby jak\u00e1koliv pochybnost premi\u00e9ra suver\u00e9nn\u00edho st\u00e1tu, zda odstran\u011bn\u00ed pr\u00e1va veta jednotliv\u00fdch st\u00e1t\u016f p\u0159i schvalov\u00e1n\u00ed z\u00e1kon\u016f, kter\u00e9 dolehnou na ob\u010dany na\u0161\u00ed zem\u011b, byla ozna\u010dov\u00e1na b\u00fdval\u00fdm premi\u00e9rem jin\u00e9ho, plochou daleko men\u0161\u00edho st\u00e1tu ne\u017e je ten n\u00e1\u0161, st\u00e1tu, kter\u00fd je na rozd\u00edl od toho na\u0161eho, su\u017eov\u00e1n n\u00e1rodnostn\u00edmi rozm\u00ed\u0161kami a terorismem, jako plan\u00e9 filozofov\u00e1n\u00ed. Aby politik parlamentu EU peskoval na\u0161eho premi\u00e9ra.<\/p>\n<p>P\u0159\u00edmo \u0159ekl. NEZDR\u017dUJTE. Ano, tak se d\u00edvaj\u00ed politici z\u00e1padu na nov\u00e9 st\u00e1ty EU. Ve\u0161ker\u00e9 jejich n\u00e1mitky vyj\u00e1d\u0159en\u00e9 politiky pova\u017euj\u00ed za zdr\u017eov\u00e1n\u00ed. Samoz\u0159ejm\u011b, oni jsou ti rozumn\u00ed, ti dosp\u011bl\u00ed, ti, kte\u0159\u00ed p\u0159ece maj\u00ed v\u017edycky pravdu.<\/p>\n<p>Ma\u010farsko, podle Verhofstadta EU vyd\u00edr\u00e1 t\u00edm, \u017ee vyjedn\u00e1v\u00e1 pro sv\u00e9 ob\u010dany lep\u0161\u00ed ceny energi\u00ed.<\/p>\n<p>\u010cesk\u00e1 republika a Slovensko zdr\u017euje zase t\u00edm, \u017ee nem\u016f\u017ee okam\u017eit\u011b p\u0159estat odeb\u00edrat ropu z Ruska. Jen\u017ee tito politici s my\u0161len\u00edm koloni\u00e1ln\u00edch mocnost\u00ed v\u016fbec neberou v potaz to, \u017ee b\u00fdval\u00e9 socialistick\u00e9 st\u00e1ty jsou ze sta procent z\u00e1visl\u00e9 na dod\u00e1vk\u00e1ch z Ruska a b\u00fdval\u00fdch sov\u011btsk\u00fdch republik, na rozd\u00edl od st\u00e1t\u016f z\u00e1padn\u00edch. Jsou tak sebest\u0159edn\u00ed, \u017ee v\u016fbec nech\u00e1pou re\u00e1lie st\u00e1t\u016f, kter\u00e9 byly a jsou napojeny na ropovody a plynovody z Ruska a dal\u0161\u00edch postsov\u011btsk\u00fdch st\u00e1t\u016f a mnoh\u00e9 z nich nemaj\u00ed p\u0159\u00edm\u00fd p\u0159\u00edstup k mo\u0159i. Tud\u00ed\u017e budou v\u017edy na n\u011bjak\u00e9m jin\u00e9m st\u00e1tu z\u00e1visl\u00e9. A vy\u010d\u00edtat jim tuto nevyhnutelnou z\u00e1vislost je arogantn\u00ed.<\/p>\n<p>Takov\u00e9mu belgick\u00e9mu p\u0159edsedovi frakce liber\u00e1l\u016f a demokrat\u016f je \u00fapln\u011b jedno, zda ve v\u00fdchodn\u00ed a st\u0159edn\u00ed Evrop\u011b budou lid\u00e9 mrznout, zda pr\u016fmysl a slu\u017eby zkrachuj\u00ed, proto\u017ee nebudou pohonn\u00e9 hmoty. \u017de lid\u00e9 budou m\u00edt hlad.<\/p>\n<p>Mysl\u00edm si, \u017ee by bylo vhodn\u00e9 p\u0159ipomenout toto z historie mal\u00e9ho kr\u00e1lovstv\u00ed um\u011ble vytvo\u0159en\u00e9ho v roce 1830 odtr\u017een\u00edm od Nizozemska. Belgick\u00e1 koloni\u00e1ln\u00ed spr\u00e1va byla nejkrut\u011bj\u0161\u00ed ze v\u0161ech koloni\u00e1ln\u00edch spr\u00e1v. Kr\u00e1l Leopold II. belgick\u00fd, dostal od mezin\u00e1rodn\u00edho spole\u010denstv\u00ed v roce 1885, prost\u0159ednictv\u00edm Berl\u00ednsk\u00e9 konference, tzv. \u201eSvobodn\u00fd st\u00e1t Kongo\u201c jako\u017eto osobn\u00ed dr\u017eavu. Drancoval Belgick\u00e9 Kongo takov\u00fdm krut\u00fdm zp\u016fsobem, kter\u00fd byl i ve srovn\u00e1n\u00ed s Nizozemci \u010di Angli\u010dany nesrovnateln\u00fd. Vyd\u011blal na krutovl\u00e1d\u011b pro sv\u016fj osobn\u00ed prosp\u011bch na dne\u0161n\u00ed pom\u011bry p\u0159es miliardu eur. Proslul svou tvrdost\u00ed a bezcitnost\u00ed. \u0158ad\u00ed se k masov\u00fdm vrah\u016fm, proto\u017ee zavinil smrt n\u011bkolika milion\u016f Afri\u010dan\u016f. Pro jeho vl\u00e1du v Kongu byl poprv\u00e9 pou\u017eit v\u00fdraz \u201ezlo\u010diny proti lidskosti\u201c. Nechal zavra\u017edit 10 milion\u016f Kon\u017ean\u016f a proslul t\u00edm, \u017ee nechal Afri\u010dany mu\u010dit, t\u0159eba useknut\u00edm ruky. A\u017e v roce 1908 p\u0159edal Kongo ve prosp\u011bch Belgie jako klasickou kolonii. Bohatstv\u00ed Belgie mezi sv\u011btov\u00fdmi v\u00e1lkami, byla toti\u017e jednou z nejbohat\u0161\u00edch zem\u00ed sv\u011bta, je, dalo by se \u0159\u00edct, z potu a krve Afri\u010dan\u016f.<\/p>\n<p>I dekolonizace prob\u00edhala v Belgick\u00e9m Kongu tragicky. S\u00e1m si pamatuji na mu\u010den\u00ed a tragickou smrt Patrika Lumumby, prvn\u00edho premi\u00e9ra Konga po dekolonizaci. Belgi\u010dani velice neradi z Konga odch\u00e1zeli a drancovali dlouho po form\u00e1ln\u00edm odchodu z Konga je\u0161t\u011b provincii bohatou na nerostn\u00e9 bohatstv\u00ed, Katangu, kter\u00e1 se, i za p\u0159isp\u011bn\u00ed b\u00fdval\u00fdch koloniz\u00e1tor\u016f, od Konga tehdy odtrhla.<\/p>\n<p>Pt\u00e1m se: Jak to, \u017ee toto se z historie Belgie v\u0161eobecn\u011b nev\u00ed? Guy Verhofstadt m\u00e1 v krvi z\u0159ejm\u011b belgick\u00e9 koloni\u00e1ln\u00ed geny. D\u00edv\u00e1 se na st\u00e1ty v\u00fdchodn\u00ed a st\u0159edn\u00ed Evropy svrchu. Zdr\u017euj\u00ed. Je tedy bezpodm\u00edne\u010dn\u011b t\u0159eba zachovat pr\u00e1vo veta v EU, pr\u00e1v\u011b kv\u016fli takov\u00fdmto z\u00e1padn\u00edm politik\u016fm. Mysl\u00edm si, \u017ee nejenom je t\u0159eba zachovat V4, ale naopak roz\u0161\u00ed\u0159it jej na v\u0161echny postsocialistick\u00e9 st\u00e1ty, aby z\u00e1padn\u00ed st\u00e1ty EU musely akceptovat specifickou situaci v\u00fdchodn\u00ed a st\u0159edn\u00ed Evropy.<\/p>\n<p>Mimochodem, jak to, \u017ee Andrej Babi\u0161, jeho\u017e ANO je pr\u00e1v\u011b ve frakci, kterou vede Guy Verhofstdt, z t\u00e9to frakce nevystoup\u00ed, nebo alespo\u0148 neprotestuje proti t\u00f3nu, jak\u00fdm se tento neurval\u00fd belgick\u00fd politik (nechvaln\u011b zn\u00e1m\u00fd i z dal\u0161\u00edch sv\u00fdch vystoupen\u00ed), pustil do premi\u00e9ra \u010cR. Budeme muset v EU dr\u017eet spolu, i kdy\u017e se na dom\u00e1c\u00ed p\u016fd\u011b budeme pr\u00e1t do morku kost\u00ed. Vy\u0161egradsk\u00e1 \u010dty\u0159ka mus\u00ed b\u00fdt zachov\u00e1na. Jinak n\u00e1s \u010dek\u00e1 \u00fad\u011bl kolonie.<\/p>\n<p><strong>Petr Hannig,<\/strong> p\u0159edseda Rozumn\u00fdch v koalici Praha n\u00e1\u0161 domov, kandid\u00e1t na sen\u00e1tora<\/p>\n<\/div>\n<p>&nbsp;<\/p>\n","protected":false},"excerpt":{"rendered":"<p>N\u011bkolik zn\u00e1m\u00fdch m\u011b upozornilo na to, jak drze peskoval p\u0159edseda frakce Liber\u00e1l\u016f a demokrat\u016f pro&#8230;<\/p>\n","protected":false},"author":2,"featured_media":823,"comment_status":"closed","ping_status":"closed","sticky":false,"template":"","format":"standard","meta":[],"categories":[6],"tags":[41,1566,2883,557],"_links":{"self":[{"href":"https:\/\/www.infokuryr.cz\/n\/wp-json\/wp\/v2\/posts\/12724"}],"collection":[{"href":"https:\/\/www.infokuryr.cz\/n\/wp-json\/wp\/v2\/posts"}],"about":[{"href":"https:\/\/www.infokuryr.cz\/n\/wp-json\/wp\/v2\/types\/post"}],"author":[{"embeddable":true,"href":"https:\/\/www.infokuryr.cz\/n\/wp-json\/wp\/v2\/users\/2"}],"replies":[{"embeddable":true,"href":"https:\/\/www.infokuryr.cz\/n\/wp-json\/wp\/v2\/comments?post=12724"}],"version-history":[{"count":0,"href":"https:\/\/www.infokuryr.cz\/n\/wp-json\/wp\/v2\/posts\/12724\/revisions"}],"wp:featuredmedia":[{"embeddable":true,"href":"https:\/\/www.infokuryr.cz\/n\/wp-json\/wp\/v2\/media\/823"}],"wp:attachment":[{"href":"https:\/\/www.infokuryr.cz\/n\/wp-json\/wp\/v2\/media?parent=12724"}],"wp:term":[{"taxonomy":"category","embeddable":true,"href":"https:\/\/www.infokuryr.cz\/n\/wp-json\/wp\/v2\/categories?post=12724"},{"taxonomy":"post_tag","embeddable":true,"href":"https:\/\/www.infokuryr.cz\/n\/wp-json\/wp\/v2\/tags?post=12724"}],"curies":[{"name":"wp","href":"https:\/\/api.w.org\/{rel}","templated":true}]}}