{"id":12719,"date":"2022-07-25T03:31:00","date_gmt":"2022-07-25T01:31:00","guid":{"rendered":"http:\/\/www.infokuryr.cz\/n\/?p=12719"},"modified":"2022-07-25T03:31:00","modified_gmt":"2022-07-25T01:31:00","slug":"ukrajince-p-fialu-z-toho-klepne-cesi-na-dovolene-na-balkane-tankuji-schvalne-u-ruskeho-lukoilu","status":"publish","type":"post","link":"https:\/\/www.infokuryr.cz\/n\/2022\/07\/25\/ukrajince-p-fialu-z-toho-klepne-cesi-na-dovolene-na-balkane-tankuji-schvalne-u-ruskeho-lukoilu\/","title":{"rendered":"\u201eUkrajince\u201c P. Fialu z toho klepne. \u010ce\u0161i na dovolen\u00e9 na Balk\u00e1n\u011b tankuj\u00ed schv\u00e1ln\u011b u rusk\u00e9ho Lukoilu"},"content":{"rendered":"<div id=\"fb-root\"><\/div>\n<p><strong>Cestoval jsem na rodinnou dovolenou do \u0158ecka a po cest\u011b jsem zastavil v Srbsku a Severn\u00ed Makedonii na tankovac\u00ed stanici\u00a0<a href=\"https:\/\/lukoil.hr\/hr\/\">Lukoil<\/a>. K m\u00e9mu p\u0159ekvapen\u00ed tam tankovali mnoz\u00ed \u010ce\u0161i jedouc\u00ed na dovolenou<\/strong>\u00a0(Alb\u00e1nie, \u0158ecko, Turecko\u2026.). Jeliko\u017e bylo po cest\u011b mnoho jin\u00fdch mo\u017enost\u00ed tankov\u00e1n\u00ed, tak jsem se s n\u011bkolika z nich dal do \u0159e\u010di a\u00a0<strong>oni tak skute\u010dn\u011b cht\u011bj\u00ed vyj\u00e1d\u0159it sv\u016fj politick\u00fd postoj k sou\u010dasn\u00e9 krizi na Ukrajin\u011b a politice \u201eukrajinsk\u00e9\u201c vl\u00e1dy Petra Fialy (ODS). Lukoil je toti\u017e rusk\u00e1 ropn\u00e1 spole\u010dnost, kter\u00e1 m\u00e1 \u00fazk\u00e9 vazby na rusk\u00fd st\u00e1t.<\/strong><\/p>\n<p>Mnoha \u010cech\u016fm je<strong>\u00a0bli\u017e\u0161\u00ed norm\u00e1ln\u00ed rusk\u00fd sv\u011bt, kde \u017eena je \u017eena a mu\u017e je mu\u017e a rodina spojen\u00ed obou z nich, ne\u017e perverzn\u00ed z\u00e1pad rozkl\u00e1dan\u00fd nejstar\u0161\u00ed mafi\u00ed sv\u011bta<\/strong>. Necht\u011bj\u00ed b\u00fdt sou\u010d\u00e1st\u00ed likvidace z\u00e1padn\u00edho sv\u011bta a jeho n\u00e1hradou dovezen\u00fdmi barevn\u00fdmi imigranty z Afriky a Asie. Ofici\u00e1ln\u00ed propaganda tak dopad\u00e1 u n\u00e1s v \u010cesku na ne\u00farodnou p\u016fdu.<\/p>\n<p>Jen bych v\u0161em n<strong>a\u0161im turist\u016fm doporu\u010dil, aby p\u0159i podobn\u00e9m tankov\u00e1n\u00ed rad\u011bji platili v hotovosti a ne kartou. Podle platby kartou je totalitn\u00ed \u201eliber\u00e1ln\u011b demokratick\u00fd\u201c re\u017eim m\u016f\u017ee snadno dohledat. Soukmenovci \u201eUkrajince\u201c Fialy jsou schopni na\u0161e lidi za takov\u00e9 akty st\u00edhat, n\u011bjak\u00fd perverzn\u00ed paragraf si snadno vymysl\u00ed ex post a justici maj\u00ed pevn\u011b ve sv\u00fdch ruk\u00e1ch.<\/strong><\/p>\n<p>Milo\u0161 S. t.\u010d. Na Balk\u00e1n\u011b<\/p>\n<p><a href=\"https:\/\/ceskavec.com\/2022\/07\/ukrajince-p-fialu-z-toho-klepne-cesi-na-dovolene-na-balkane-demonstrativne-tankuji-u-ruskeho-lukoilu\">\u010cesk\u00e1 v\u011bc<\/a><\/p>\n<p>&nbsp;<\/p>\n","protected":false},"excerpt":{"rendered":"<p>Cestoval jsem na rodinnou dovolenou do \u0158ecka a po cest\u011b jsem zastavil v Srbsku a&#8230;<\/p>\n","protected":false},"author":2,"featured_media":12720,"comment_status":"closed","ping_status":"closed","sticky":false,"template":"","format":"standard","meta":[],"categories":[6],"tags":[1257,670,1497],"_links":{"self":[{"href":"https:\/\/www.infokuryr.cz\/n\/wp-json\/wp\/v2\/posts\/12719"}],"collection":[{"href":"https:\/\/www.infokuryr.cz\/n\/wp-json\/wp\/v2\/posts"}],"about":[{"href":"https:\/\/www.infokuryr.cz\/n\/wp-json\/wp\/v2\/types\/post"}],"author":[{"embeddable":true,"href":"https:\/\/www.infokuryr.cz\/n\/wp-json\/wp\/v2\/users\/2"}],"replies":[{"embeddable":true,"href":"https:\/\/www.infokuryr.cz\/n\/wp-json\/wp\/v2\/comments?post=12719"}],"version-history":[{"count":0,"href":"https:\/\/www.infokuryr.cz\/n\/wp-json\/wp\/v2\/posts\/12719\/revisions"}],"wp:featuredmedia":[{"embeddable":true,"href":"https:\/\/www.infokuryr.cz\/n\/wp-json\/wp\/v2\/media\/12720"}],"wp:attachment":[{"href":"https:\/\/www.infokuryr.cz\/n\/wp-json\/wp\/v2\/media?parent=12719"}],"wp:term":[{"taxonomy":"category","embeddable":true,"href":"https:\/\/www.infokuryr.cz\/n\/wp-json\/wp\/v2\/categories?post=12719"},{"taxonomy":"post_tag","embeddable":true,"href":"https:\/\/www.infokuryr.cz\/n\/wp-json\/wp\/v2\/tags?post=12719"}],"curies":[{"name":"wp","href":"https:\/\/api.w.org\/{rel}","templated":true}]}}