{"id":12674,"date":"2022-07-24T01:01:58","date_gmt":"2022-07-23T23:01:58","guid":{"rendered":"http:\/\/www.infokuryr.cz\/n\/?p=12674"},"modified":"2022-07-23T16:45:05","modified_gmt":"2022-07-23T14:45:05","slug":"dalsi-skandal-mame-na-svete-jak-dlouho-tohle-jeste-budeme-trpet","status":"publish","type":"post","link":"https:\/\/www.infokuryr.cz\/n\/2022\/07\/24\/dalsi-skandal-mame-na-svete-jak-dlouho-tohle-jeste-budeme-trpet\/","title":{"rendered":"DAL\u0160\u00cd SKAND\u00c1L M\u00c1ME NA SV\u011aT\u011a! JAK DLOUHO TOHLE JE\u0160T\u011a BUDEME TRP\u011aT?"},"content":{"rendered":"<div id=\"fb-root\"><\/div>\n<header><em>Na sn\u00edmku pachatel podivn\u00e9 \u201cspravedlnosti\u201d, soudce \u0160t\u011bp\u00e1n V\u00fdborn\u00fd, bratr lidoveck\u00e9ho p\u0159edsedy poslaneck\u00e9ho klubu Marka V\u00fdborn\u00e9ho<\/em><\/header>\n<p>\u017de pr\u00fd stanovisko vl\u00e1dy bylo pouze doporu\u010den\u00edm (zaj\u00edmav\u00e9 je, \u017ee seznam zablokovan\u00fdch web\u016f p\u0159esn\u011b odpov\u00eddal seznamu v\u00a0onom doporu\u010den\u00ed) a\u00a0\u017ee pr\u00fd blokov\u00e1n\u00ed web\u016f \u201enejde proti svobod\u011b slova a\u00a0pr\u00e1va na informace. Soudce \u0160t\u011bp\u00e1n V\u00fdborn\u00fd k\u00a0tomu doplnil, \u017ee: \u201eI p\u0159i\u00a0v\u011bdom\u00ed zaru\u010den\u00ed pr\u00e1va na p\u0159ij\u00edm\u00e1n\u00ed informac\u00ed, jako\u017eto odrazu svobody projevu, nelze dovodit ve\u0159ejn\u00e9 subjektivn\u00ed pr\u00e1vo jednotlivce na p\u0159ij\u00edm\u00e1n\u00ed informac\u00ed z\u00a0konkr\u00e9tn\u00ed internetov\u00e9 str\u00e1nky.\u201c<\/p>\n<p><strong>Coby pr\u00e1vn\u00edk, advok\u00e1t a\u00a0bojovn\u00edk za svobodu slova pova\u017euji tento v\u00fdrok za naprosto \u0161\u00edlen\u00fd.<\/strong>\u00a0Z jeho logiky plyne, \u017ee lze prost\u011b a\u00a0jednodu\u0161e zablokovat v\u0161echny weby, s\u00a0jejich\u017e obsahem nebude vl\u00e1da souhlasit, a\u00a0tud\u00ed\u017e spr\u00e1vci dom\u00e9n jejich zablokov\u00e1n\u00ed \u201edoporu\u010d\u00ed\u201c.<\/p>\n<p>Co je ale je\u0161t\u011b skand\u00e1ln\u011bj\u0161\u00ed, je z\u00a0m\u00e9ho pohledu fakt, \u017ee v\u00fd\u0161e jmenovan\u00fd soudce \u0160t\u011bp\u00e1n V\u00fdborn\u00fd, jen\u017e toto rozhodnut\u00ed ve vysoce politicky exponovan\u00e9 v\u011bci rozhodoval, je<strong>\u00a0bratrem Marka V\u00fdborn\u00e9ho<\/strong>, jen\u017e je v\u00a0sou\u010dasn\u00e9 dob\u011b p\u0159edsedou poslaneck\u00e9ho klubu KDU-\u010cSL!!!!<\/p>\n<p>Nezlobte se, ale jestli tohle nen\u00ed podjatost, tak u\u017e fakt nev\u00edm, co by se za ni m\u011blo pova\u017eovat.<\/p>\n<p>P\u0159ece o\u00a0v\u011bci, kter\u00e1 se z\u00e1sadn\u011b t\u00fdk\u00e1 vl\u00e1dy, nem\u016f\u017ee rozhodovat soudce, jen\u017e je bratrem vysoce postaven\u00e9ho funkcion\u00e1\u0159e jedn\u00e9 ze stran, je\u017e je sou\u010d\u00e1st\u00ed vl\u00e1dn\u00ed koalice!<\/p>\n<p>To u\u017e je\u00a0<strong>naprost\u00e1 rezignace na nez\u00e1vislost justice v\u00a0t\u00e9to zemi.<\/strong><\/p>\n<p>Poj\u010fme s\u00a0t\u00edm u\u017e kone\u010dn\u011b n\u011bco ud\u011blat!<\/p>\n<p>V pond\u011bl\u00ed jsem psal, \u017ee chci 3.9.\u00a0zaplnit V\u00e1clav\u00e1k a\u017e po\u00a0M\u016fstek. Po\u00a0tomhle fiasku pevn\u011b douf\u00e1m, \u017ee posledn\u00ed \u010dlov\u011bk bude st\u00e1t a\u017e na Starom\u00e1ku.<\/p>\n<p>P\u0159ij\u010fte v\u0161ichni \u2013 a\u0165 u\u017e se n\u00e1m kone\u010dn\u011b p\u0159estanou sm\u00e1t do o\u010d\u00ed.<\/p>\n<p id=\"jsc_c_10c\"><em>Autor:\u00a0<a href=\"https:\/\/www.facebook.com\/rajchl.jindrich\/?__cft__%5B0%5D=AZXe8VLnaf7yBl54pup1KG_Cpvu-kAjiou7AtKXZyshM-RKCprH4Zef53wUmUmer91EgGkWQ2X6KcDCtOzldcSvloqiXHe5sPLJSeoP_a4lHMSDnc0V8lE93xFISg5YKXo2wQ2zUOA0hE_b7dfYp_cLAUn6u3bUzazPekDkm_A9MXg&amp;__tn__=-UC%2CP-R\">Jind\u0159ich Rajchl<\/a><\/em><\/p>\n<p>&nbsp;<\/p>\n","protected":false},"excerpt":{"rendered":"<p>Na sn\u00edmku pachatel podivn\u00e9 \u201cspravedlnosti\u201d, soudce \u0160t\u011bp\u00e1n V\u00fdborn\u00fd, bratr lidoveck\u00e9ho p\u0159edsedy poslaneck\u00e9ho klubu Marka V\u00fdborn\u00e9ho&#8230;<\/p>\n","protected":false},"author":2,"featured_media":12675,"comment_status":"closed","ping_status":"closed","sticky":false,"template":"","format":"standard","meta":[],"categories":[6],"tags":[28,520,2869,48,2868],"_links":{"self":[{"href":"https:\/\/www.infokuryr.cz\/n\/wp-json\/wp\/v2\/posts\/12674"}],"collection":[{"href":"https:\/\/www.infokuryr.cz\/n\/wp-json\/wp\/v2\/posts"}],"about":[{"href":"https:\/\/www.infokuryr.cz\/n\/wp-json\/wp\/v2\/types\/post"}],"author":[{"embeddable":true,"href":"https:\/\/www.infokuryr.cz\/n\/wp-json\/wp\/v2\/users\/2"}],"replies":[{"embeddable":true,"href":"https:\/\/www.infokuryr.cz\/n\/wp-json\/wp\/v2\/comments?post=12674"}],"version-history":[{"count":0,"href":"https:\/\/www.infokuryr.cz\/n\/wp-json\/wp\/v2\/posts\/12674\/revisions"}],"wp:featuredmedia":[{"embeddable":true,"href":"https:\/\/www.infokuryr.cz\/n\/wp-json\/wp\/v2\/media\/12675"}],"wp:attachment":[{"href":"https:\/\/www.infokuryr.cz\/n\/wp-json\/wp\/v2\/media?parent=12674"}],"wp:term":[{"taxonomy":"category","embeddable":true,"href":"https:\/\/www.infokuryr.cz\/n\/wp-json\/wp\/v2\/categories?post=12674"},{"taxonomy":"post_tag","embeddable":true,"href":"https:\/\/www.infokuryr.cz\/n\/wp-json\/wp\/v2\/tags?post=12674"}],"curies":[{"name":"wp","href":"https:\/\/api.w.org\/{rel}","templated":true}]}}