{"id":12673,"date":"2022-07-24T01:00:10","date_gmt":"2022-07-23T23:00:10","guid":{"rendered":"http:\/\/www.infokuryr.cz\/n\/?p=12673"},"modified":"2022-07-23T16:41:54","modified_gmt":"2022-07-23T14:41:54","slug":"jindrich-kulhavy-rozhodli-se-zpretrhat-vsechny-vztahy","status":"publish","type":"post","link":"https:\/\/www.infokuryr.cz\/n\/2022\/07\/24\/jindrich-kulhavy-rozhodli-se-zpretrhat-vsechny-vztahy\/","title":{"rendered":"Jind\u0159ich Kulhav\u00fd: Rozhodli se zp\u0159etrhat v\u0161echny vztahy"},"content":{"rendered":"<div id=\"fb-root\"><\/div>\n<p><span class=\"anotation\">\u00a0Na\u0161e sou\u010dasn\u00e1 vl\u00e1da podpo\u0159en\u00e1 v\u011bt\u0161inou v\u00a0Parlamentu \u010cR a maj\u00edc\u00ed zast\u00e1n\u00ed i v\u00a0ideologicky pomaten\u00fdch a naprosto zbyte\u010dn\u00fdch sen\u00e1torech d\u011bl\u00e1 v\u0161e proto, aby znemo\u017enila budouc\u00ed vl\u00e1d\u011b n\u00e1vrat k\u00a0obnoven\u00ed jak\u00fdchkoliv pozitivn\u00edch vztah\u016f se zem\u011bmi, jejich\u017e v\u00fdznam ve sv\u011bt\u011b je nep\u0159ehl\u00e9dnuteln\u00fd. Vystupovan\u00ed p\u0159edstavitel\u016f na\u0161eho st\u00e1tu v\u00a0dob\u011b, kdy se prezident Milo\u0161 Zeman naprosto nepochopiteln\u011b st\u00e1hnul do \u00fastrann\u00ed a u\u017e nen\u00ed schopen ovliv\u0148ovat na\u0161i zahrani\u010dn\u00ed a ani dom\u00e1c\u00ed politiku tak, aby to k\u00a0n\u011b\u010demu pozitivn\u00edmu vedlo, je skute\u010dn\u011b alarmuj\u00edc\u00ed.<\/span><\/p>\n<div id=\"pagetext\">\n<p>\u00a0 Unik\u00e1tn\u00ed vlastnost, kterou je vysok\u00e1 m\u00edra \u0159i\u0165olezectv\u00ed, se projevuje p\u0159edev\u0161\u00edm u Petra Fialy. Je\u0161t\u011b v\u00a0roce 2014 hovo\u0159il naprosto jinak a z\u00a0dne\u0161n\u00edho pohledu velmi kriticky sm\u011brem k\u00a0Evropsk\u00e9 unii. Oto\u010dil o 180\u00b0, stal se z\u00a0n\u011bj propag\u00e1tor bruselsk\u00fdch nesmysl\u016f a stanul v\u00a0pomysln\u00e9m \u010dele unie, by\u0165 jde o p\u016flro\u010dn\u00ed ,,\u010destn\u00e9\u201c p\u0159edsednictv\u00ed na\u0161\u00ed zem\u011b. K\u00e9\u017e by se opakovala situace z\u00a0na\u0161eho p\u0159ede\u0161l\u00e9ho p\u0159evzet\u00ed t\u00e9to role, kdy\u017e to skon\u010dilo p\u00e1dem Topol\u00e1nkovy vl\u00e1dy. ODS tenkr\u00e1t i nyn\u00ed st\u00e1la v\u00a0\u010dele na\u0161\u00ed republiky a je tedy re\u00e1ln\u00e9, aby to v\u00a0dob\u011b, kdy se politick\u00e9 zm\u011bny d\u011bj\u00ed i v\u00a0dal\u0161\u00edch st\u00e1tech kolem, Fialova vl\u00e1da zhroutila. D\u016fvod\u016f je k\u00a0tomu mnoho a v\u0161echny jsou natolik z\u00e1sadn\u00ed, \u017ee ka\u017ed\u00fd jeden z\u00a0nich m\u016f\u017ee b\u00fdt za\u010d\u00e1tkem Fialova konce. Probl\u00e9mem z\u016fst\u00e1v\u00e1 slo\u017een\u00ed i cel\u00e9ho parlamentu, ve kter\u00e9m m\u00e1 sou\u010dasn\u00e1 P\u011btikoalice v\u011bt\u0161inu a jej\u00ed soudr\u017enost t\u011b\u017eko n\u011bco naru\u0161\u00ed, proto\u017ee u\u017e tak by bez pomoci Pavla Rychetsk\u00e9ho jen t\u011b\u017eko vznikla a po rozpadu je nere\u00e1ln\u00e9, aby vznikla znovu.<\/p>\n<p>Jestli\u017ee se n\u011bkomu hlavn\u00edm probl\u00e9mem vl\u00e1dy jev\u00ed skute\u010dnost, \u017ee v\u00a0n\u00ed zasedaj\u00ed z\u00e1stupci STAN, kter\u00e1 pro\u0161la mimo\u0159\u00e1dn\u011b citlivou kauzou party kolem Hlubu\u010dka, pak v\u011b\u0159te tomu, \u017ee jde jen o \u0161pi\u010dku ledovce pluj\u00edc\u00edho v\u00a0na\u0161em rybn\u00ed\u010dku. Barmsk\u00e9 eskap\u00e1dy premi\u00e9ra Fialy a jeho tah\u00e1n\u00ed grant\u016f na podporu populace v\u00a0Barm\u011b jsou uk\u00e1zkou r\u00fd\u017eov\u00e1n\u00ed zlata z\u00a0n\u00e1rodn\u00edho rozpo\u010dtu. Ka\u017ed\u00fd, kdo se toho takto \u00fa\u010dastn\u00ed, by m\u011bl b\u00fdt pod hled\u00e1\u010dkem policist\u016f, m\u00e9di\u00ed a ka\u017ed\u00e9mu podobn\u00e9mu nesmysln\u00e9mu projektu by se m\u011bla v\u011bnovat zv\u00fd\u0161en\u00e1 pozornost. Bohu\u017eel syst\u00e9m neziskovek a nadac\u00ed je p\u0159edur\u010den\u00fd k\u00a0pran\u00ed pen\u011bz, vytahov\u00e1n\u00ed pro st\u00e1t relativn\u011b mal\u00fdch, ov\u0161em pro b\u011b\u017en\u00e9ho ob\u010dana nesmysln\u011b vysok\u00fdch \u010d\u00e1stek v\u00a0\u0159\u00e1dech milion\u016f a v\u00edce, je systematick\u00fdm plundrov\u00e1n\u00edm st\u00e1tn\u00ed pokladny a mo\u017enost\u00ed, jak z\u00a0n\u011bjak\u00e9ho d\u016fvodu p\u0159el\u00edt st\u00e1tn\u00ed pen\u00edze do soukrom\u00fdch kapes. V\u011bt\u0161ina t\u011bch neziskovek je toti\u017e napojena na ur\u010dit\u00e9 lidi v\u00a0politick\u00e9 sf\u00e9\u0159e a n\u011bkter\u00e9 u\u017e z\u00edskali dokonce nekontrolovatelnou moc i p\u0159\u00edjmy. T\u0159eba \u010clov\u011bk v\u00a0t\u00edsni. V\u0161e je zabalen\u00e9 do ideologicky p\u0159ijateln\u00fdch fr\u00e1z\u00ed, \u010dasto se mluv\u00ed o pomoci, solidarit\u011b, z\u00e1chran\u011b, ale za v\u0161\u00edm hledejte p\u0159edev\u0161\u00edm pen\u00edze a snadn\u00e9 zisky. Absolutn\u00ed v\u011bt\u0161ina dotac\u00ed se stala prost\u00fdm darem t\u011bm, kte\u0159\u00ed si o n\u011bj \u0159eknou na spr\u00e1vn\u00e9m m\u00edst\u011b, a pot\u00e9 se rozd\u011bl\u00ed s\u00a0t\u00edm, kdo dar zajistil. Fiala evidentn\u011b v\u00a0tomto byznysu dlouhodob\u011b jede a m\u00e9dia ml\u010d\u00ed.<\/p>\n<p>STAN se podobn\u011b, jako kdysi V\u011bci ve\u0159ejn\u00e9 vlastn\u011bn\u00e9 V\u00edtem B\u00e1rtou, stali projektem sm\u011b\u0159uj\u00edc\u00edm k\u00a0zaji\u0161t\u011bn\u00ed solidn\u00edho v\u00fdd\u011blku pro sv\u00e9 stvo\u0159itele a v\u00fdznamn\u00e9 stranick\u00e9 \u0161pi\u010dky. Rodina R\u00e9dl\u016f se dostala ke zdroji a poctiv\u011b si ho ope\u010dov\u00e1vala. \u00a0Sta\u010d\u00ed si naj\u00edt p\u00e1r ambici\u00f3zn\u00edch a nenasytn\u00fdch lid\u00ed tou\u017e\u00edc\u00edch po majetku a ochotn\u00fdch j\u00edt do ur\u010dit\u00e9ho rizika. Pot\u00e9 u\u017e se st\u00e1\u010d\u00ed pen\u00edze jako to d\u011bl\u00e1 v\u010dela\u0159 s\u00a0medem. Nen\u00ed to bezpracn\u00e9, nar\u00e1\u017e\u00edte i na poctiv\u00e9 lidi, kte\u0159\u00ed se necht\u011bj\u00ed \u00fa\u010dastnit machinac\u00ed, ale v\u011bt\u0161ina m\u00e1 p\u0159irozenou lidskou vlastnost a tou\u017e\u00ed po tom m\u00edt se l\u00e9pe. Hlubu\u010dek byl naivn\u00ed a u\u017e za doby sv\u00e9 politick\u00e9 anga\u017eovanosti za\u010dal nakupovat byty ve \u0160pan\u011blsku. Po str\u00e1nce investi\u010dn\u00ed dobr\u00fd po\u010din vedouc\u00ed k\u00a0udr\u017een\u00ed hodnoty vlastn\u00edch finan\u010dn\u00edch prost\u0159edk\u016f, z\u00a0pohledu ob\u010dana a policie v\u0161ak vznikl opr\u00e1vn\u011bn\u00fd z\u00e1jem o informaci, kde na to zn\u00e1m\u00fd \u010desk\u00fd gay prost\u011b bere. A proto\u017ee pra\u017esk\u00fd Dopravn\u00ed podnik je proslulou studnic\u00ed mo\u017enost\u00ed, jak manipulovat v\u00a0r\u00e1mci jeho existence s\u00a0\u010d\u00edmkoliv, ostatn\u011b nen\u00ed poprv\u00e9 v\u00a0centru z\u00e1jmu vy\u0161et\u0159ov\u00e1n\u00ed, Hlubu\u010dek sedl na lep a upozornil na praktiky, kter\u00fdmi je na\u0161e politick\u00e1 sc\u00e9na prorostl\u00e1. R\u00e9dl se stal novodob\u00fdm kmotrem men\u0161\u00edho form\u00e1tu, ne\u017e byl t\u0159eba Mr\u00e1zek, nicm\u00e9n\u011b uk\u00e1zal, \u017ee se za posledn\u00edch 30 let moc nezm\u011bnilo, jen pole mo\u017en\u00e9ho p\u016fsoben\u00ed se z\u00fa\u017eilo, proto\u017ee st\u00e1tu u\u017e toho moc nezb\u00fdv\u00e1. Nicm\u00e9n\u011b cesti\u010dek vedouc\u00edch k\u00a0pen\u011bz\u016fm je v\u00a0t\u00e9to sf\u00e9\u0159e st\u00e1le dost<\/p>\n<p>Rozpad vl\u00e1dy je p\u0159esto zat\u00edm pouh\u00fdm p\u0159\u00e1n\u00edm. STAN je dr\u017eeno nad vodou pr\u00e1v\u011b pro k\u0159ehkost v\u011bt\u0161iny. Zvl\u00e1\u0161t\u011b, kdy\u017e kauza dosahuje a\u017e do Top09. Ta veden\u00e1 ideologicky ,,spr\u00e1vn\u011b\u201c vychovanou a arogantn\u00ed Pekarovou Adamovou dostala r\u00e1nu ze sv\u00e9ho st\u0159edu, kdy se na chvilku do sebe pustli jej\u00ed zakladatel Kalousek se st\u00e1vaj\u00edc\u00ed p\u0159edsedkyn\u00ed. Vzpome\u0148me si na pozd\u011bj\u0161\u00ed nen\u00e1vist ODS v\u016f\u010di b\u00fdval\u00e9mu p\u0159edsedovi Klausovi a m\u016f\u017eeme konstatovat, \u017ee nikdo nen\u00ed nav\u017edy prorokem. Pekarov\u00e1 je extr\u00e9mn\u011b cti\u017e\u00e1dostiv\u00e1 a hloup\u00e1 z\u00e1rove\u0148, nicm\u00e9n\u011b se sou\u010dasn\u00e9 koalice bude dr\u017eet jako kl\u00ed\u0161t\u011b, proto\u017ee si uv\u011bdomuje, \u017ee podobnou p\u0159\u00edle\u017eitost u\u017e by t\u011b\u017eko jindy dostala. A funkce v\u00a0Bruselu, kter\u00fd \u017eeny za\u010daly ovl\u00e1dat, je tak l\u00e1kav\u00e1. Jen t\u011bch pen\u011bz, co to m\u016f\u017ee hodit. Nezapom\u00ednejme na Pir\u00e1ty. Lipavsk\u00fd je dal\u0161\u00edm str\u016fjcem extr\u00e9mn\u00edho vytv\u00e1\u0159en\u00ed nen\u00e1visti v\u016f\u010di Rusku a \u010c\u00edn\u011b.<\/p>\n<p>Naprosto ignoruj\u00edc\u00ed skute\u010dn\u00fd v\u00fdvoj je nebezpe\u010dn\u00fdm pro na\u0161i budoucnost a bude velmi slo\u017eit\u00e9 diplomaticky ukon\u010dit chov\u00e1n\u00ed \u010cR k\u00a0t\u011bmto velmocem, kter\u00e9 za\u010dalo u\u017e za Babi\u0161e. Zvl\u00e1\u0161t\u011b maj\u00ed li Pir\u00e1ti stejn\u011b uva\u017eov\u00e1n\u00ed neschopn\u00e9 v\u00a0osob\u011b prim\u00e1tora H\u0159iba \u010di podporu mlad\u00fdch politik\u016f typu Kol\u00e1\u0159e, bratr\u016f \u010ci\u017einsk\u00fdch a podobn\u00fdch vychovan\u00fdch k\u00a0p\u0159\u00edm\u00e9 nen\u00e1visti sm\u011b\u0159uj\u00edc\u00ed proti v\u00fdchodn\u00edm civilizac\u00edm. Jejich nad\u0161en\u00ed pro likvidaci v\u0161eho, co by skute\u010dn\u00fdm diplomat\u016fm uleh\u010dilo n\u00e1vrat k\u00a0dob\u011b, kdy jsme energeticky a obchodn\u011b vych\u00e1zeli z\u00a0dobr\u00e9 spolupr\u00e1ce s\u00a0Ruskem a \u010c\u00ednou, m\u016f\u017ee b\u00fdt v\u00a0d\u016fsledku p\u0159\u00ed\u010dinou ekonomick\u00e9ho propadu na\u0161\u00ed zem\u011b a nastaven\u00ed n\u00edzk\u00e9 \u017eivotn\u00ed \u00farovn\u011b pro v\u011bt\u0161inu z\u00a0n\u00e1s. Tato vl\u00e1da je prost\u011b skute\u010dn\u011b t\u00edm nejhor\u0161\u00edm, co tu mohlo vzniknout. Poj\u010fme je zastavit, dokud je \u010das.<\/p>\n<\/div>\n<p><a href=\"https:\/\/www.inadhled.live\/uvaha-dne\/rozhodli-se-zpretrhat-vsechny-vztahy\/\">Jind\u0159ich Kulhav\u00fd<\/a><\/p>\n<p>&nbsp;<\/p>\n","protected":false},"excerpt":{"rendered":"<p>\u00a0Na\u0161e sou\u010dasn\u00e1 vl\u00e1da podpo\u0159en\u00e1 v\u011bt\u0161inou v\u00a0Parlamentu \u010cR a maj\u00edc\u00ed zast\u00e1n\u00ed i v\u00a0ideologicky pomaten\u00fdch a naprosto&#8230;<\/p>\n","protected":false},"author":2,"featured_media":9668,"comment_status":"closed","ping_status":"closed","sticky":false,"template":"","format":"standard","meta":[],"categories":[6],"tags":[29,122,99],"_links":{"self":[{"href":"https:\/\/www.infokuryr.cz\/n\/wp-json\/wp\/v2\/posts\/12673"}],"collection":[{"href":"https:\/\/www.infokuryr.cz\/n\/wp-json\/wp\/v2\/posts"}],"about":[{"href":"https:\/\/www.infokuryr.cz\/n\/wp-json\/wp\/v2\/types\/post"}],"author":[{"embeddable":true,"href":"https:\/\/www.infokuryr.cz\/n\/wp-json\/wp\/v2\/users\/2"}],"replies":[{"embeddable":true,"href":"https:\/\/www.infokuryr.cz\/n\/wp-json\/wp\/v2\/comments?post=12673"}],"version-history":[{"count":0,"href":"https:\/\/www.infokuryr.cz\/n\/wp-json\/wp\/v2\/posts\/12673\/revisions"}],"wp:featuredmedia":[{"embeddable":true,"href":"https:\/\/www.infokuryr.cz\/n\/wp-json\/wp\/v2\/media\/9668"}],"wp:attachment":[{"href":"https:\/\/www.infokuryr.cz\/n\/wp-json\/wp\/v2\/media?parent=12673"}],"wp:term":[{"taxonomy":"category","embeddable":true,"href":"https:\/\/www.infokuryr.cz\/n\/wp-json\/wp\/v2\/categories?post=12673"},{"taxonomy":"post_tag","embeddable":true,"href":"https:\/\/www.infokuryr.cz\/n\/wp-json\/wp\/v2\/tags?post=12673"}],"curies":[{"name":"wp","href":"https:\/\/api.w.org\/{rel}","templated":true}]}}