{"id":12648,"date":"2022-07-23T01:00:37","date_gmt":"2022-07-22T23:00:37","guid":{"rendered":"http:\/\/www.infokuryr.cz\/n\/?p=12648"},"modified":"2022-07-22T20:01:44","modified_gmt":"2022-07-22T18:01:44","slug":"skandalni-rozsudek-soudce-ktery-je-bratrem-poslance-za-kdu-csl","status":"publish","type":"post","link":"https:\/\/www.infokuryr.cz\/n\/2022\/07\/23\/skandalni-rozsudek-soudce-ktery-je-bratrem-poslance-za-kdu-csl\/","title":{"rendered":"Skand\u00e1ln\u00ed rozsudek soudce, kter\u00fd je bratrem poslance za KDU-\u010cSL &#8230;"},"content":{"rendered":"<div id=\"fb-root\"><\/div>\n<h4>Soudce, kter\u00fd je bratrem poslance za KDU-\u010cSL bojuj\u00edc\u00edho proti rusk\u00fdm dezinformac\u00edm, v rozsudku o blokaci web\u016f prohl\u00e1sil, \u017ee jednotlivec v \u010cR nem\u00e1 subjektivn\u00ed pr\u00e1vo na p\u0159ij\u00edm\u00e1n\u00ed informac\u00ed z konkr\u00e9tn\u00ed internetov\u00e9 str\u00e1nky, a proto zablokov\u00e1n\u00ed \u201cn\u011bkter\u00fdch\u201d str\u00e1nek nep\u0159edstavuje poru\u0161en\u00ed pr\u00e1v jedince! Skand\u00e1ln\u00ed rozsudek s je\u0161t\u011b skand\u00e1ln\u011bj\u0161\u00edm zd\u016fvodn\u011bn\u00edm znamen\u00e1, \u017ee jedinec nem\u00e1 pr\u00e1vo na pit\u00ed piva v \u201ckonkr\u00e9tn\u00ed\u201d hospod\u011b, kdy\u017e si m\u016f\u017ee vyp\u00edt pivo i jinde! A jak je mo\u017en\u00e9, \u017ee o \u017ealob\u011b na blokov\u00e1n\u00ed tzv. dezinforma\u010dn\u00edch web\u016f rozhodoval pr\u00e1v\u011b soudce, kter\u00fd je bratrem poslance, kter\u00fd se anga\u017euje pr\u00e1v\u011b v boji proti dezinformac\u00edm?<\/h4>\n<p>Server Aktualne.cz ve \u010dtvrtek p\u0159inesl informaci\u00a0<strong>[<a href=\"https:\/\/href.li\/?https:\/\/zpravy.aktualne.cz\/domaci\/prvni-verdikt-vypnuti-dezinfo-webu-kvuli-ruske-invazi-bylo-v\/r~9bfdeffc081911ed93abac1f6b220ee8\/\" target=\"_blank\" rel=\"nofollow noopener\">1<\/a>]<\/strong>\u00a0o prvn\u00edm rozsudku ve v\u011bci \u017ealoby na \u010desk\u00fd st\u00e1t kv\u016fli blokov\u00e1n\u00ed opozi\u010dn\u00edch web\u016f v \u010cR, kter\u00e9 byly od 25. \u00fanora blokov\u00e1ny ve spolupr\u00e1ci s n\u00e1rodn\u00edm spr\u00e1vcem CZ.NIC kv\u016fli \u00fadajn\u00e9mu napojen\u00ed na rusk\u00e9 dezinforma\u010dn\u00ed zdroje. Soudce M\u011bstsk\u00e9ho soudu v Praze \u0160t\u011bp\u00e1n V\u00fdborn\u00fd rozhodoval o \u017ealob\u011b jedn\u00e9 soukrom\u00e9 osoby, kter\u00e1 podala \u017ealobu na Vl\u00e1du \u010cR kv\u016fli cenzu\u0159e.<\/p>\n<p>Soudce \u017ealobu zam\u00edtl a v rozsudku uvedl dva d\u016fvody, z nich\u017e ten druh\u00fd je natolik skand\u00e1ln\u00ed, \u017ee naprosto nem\u00e1 obdoby. Prvn\u00edm d\u016fvodem zam\u00edtnut\u00ed \u017ealoby je chybn\u00e1 adresnost \u00fadajn\u00e9ho pachatele.\u00a0<strong>\u017daloba nam\u00edsto CZ.NIC \u017ealovala vl\u00e1du \u010cR, kter\u00e1 se ale podle soudu ni\u010deho nedopustila, kdy\u017e sdru\u017een\u00ed CZ.NIC \u201cdoporu\u010dila\u201d vypnut\u00ed 8 web\u016f, proto\u017ee se jednalo pouze o doporu\u010den\u00ed a nikoliv o p\u0159\u00edkaz st\u00e1tu v\u016f\u010di CZ.NIC.<\/strong>\u00a0Blokace tak prob\u011bhla z rozhodnut\u00ed a svobodn\u00e9 v\u016fle zam\u011bstnanc\u016f CZ.NIC a vl\u00e1da tedy za to nenese zodpov\u011bdnost.<\/p>\n<figure id=\"attachment_52544\" class=\"wp-caption aligncenter\"><a href=\"https:\/\/aeronet.news\/wp-content\/uploads\/dezinformacni_weby_blokace.jpg\"><img decoding=\"async\" loading=\"lazy\" class=\"wp-image-52544 size-large\" src=\"https:\/\/aeronet.news\/wp-content\/uploads\/dezinformacni_weby_blokace-1024x552.jpg\" sizes=\"(max-width: 700px) 100vw, 700px\" srcset=\"https:\/\/aeronet.news\/wp-content\/uploads\/dezinformacni_weby_blokace-1024x552.jpg 1024w, https:\/\/aeronet.news\/wp-content\/uploads\/dezinformacni_weby_blokace-300x162.jpg 300w, https:\/\/aeronet.news\/wp-content\/uploads\/dezinformacni_weby_blokace-768x414.jpg 768w, https:\/\/aeronet.news\/wp-content\/uploads\/dezinformacni_weby_blokace-700x377.jpg 700w, https:\/\/aeronet.news\/wp-content\/uploads\/dezinformacni_weby_blokace-663x357.jpg 663w, https:\/\/aeronet.news\/wp-content\/uploads\/dezinformacni_weby_blokace-897x483.jpg 897w, https:\/\/aeronet.news\/wp-content\/uploads\/dezinformacni_weby_blokace.jpg 1162w\" alt=\"\" width=\"700\" height=\"377\" \/><\/a><figcaption class=\"wp-caption-text\">Ozn\u00e1men\u00ed CZ.NIC ze dne 25. \u00fanora 2022<\/figcaption><\/figure>\n<p>Tato \u010d\u00e1st rozsudku n\u00e1s v\u016fbec nep\u0159ekvapuje, proto\u017ee p\u0159esn\u011b takto to bylo provedeno, aby vl\u00e1da za nic nemohla a v\u0161echno aby odsk\u00e1kal de facto CZ.NIC, kter\u00fd se rozhodl vl\u00e1d\u011b a tajn\u00fdm slu\u017eb\u00e1m vyhov\u011bt. Jen\u017ee dal\u0161\u00ed \u010d\u00e1st rozsudku je naprost\u00e9 \u0161\u00edlenstv\u00ed. Soudce V\u00fdborn\u00fd toti\u017e v rozsudku uvedl n\u00e1sleduj\u00edc\u00ed: \u201c<em><strong>I p\u0159i v\u011bdom\u00ed zaru\u010den\u00ed pr\u00e1va na p\u0159ij\u00edm\u00e1n\u00ed informac\u00ed, jako\u017eto odrazu svobody projevu, nelze dovodit ve\u0159ejn\u00e9 subjektivn\u00ed pr\u00e1vo jednotlivce na p\u0159ij\u00edm\u00e1n\u00ed informac\u00ed z konkr\u00e9tn\u00ed internetov\u00e9 str\u00e1nky.<\/strong><\/em>\u201c<\/p>\n<p>Podle soudce si \u010dten\u00e1\u0159i zablokovan\u00fdch web\u016f mohli informace p\u0159e\u010d\u00edst jinde. A soudce v od\u016fvodn\u011bn\u00ed pokra\u010duje: \u201c<em>Soudu je obecn\u011b zn\u00e1mo, \u017ee ve\u0161ker\u00e9 internetov\u00e9 str\u00e1nky, jejich\u017e \u201avypnut\u00ed\u2018 \u017ealobce rozporoval, byly nad\u00e1le dostupn\u00e9 pod jin\u00fdmi koncovkami, tj. na jin\u00fdch internetov\u00fdch dom\u00e9n\u00e1ch.\u00a0<strong>U\u017eivatel internetu, kter\u00fd cht\u011bl tyto informace nad\u00e1le p\u0159ij\u00edmat, je tedy mohl nad\u00e1le z\u00edskat.<\/strong>\u00a0I proto soud nemohl seznat, \u017ee by v dan\u00e9m p\u0159\u00edpad\u011b bylo v\u016fbec pojmov\u011b zasa\u017eeno do pr\u00e1v \u017ealobce<\/em>\u201c.<\/p>\n<h6><span style=\"font-size: 18pt;\">Soudce a bratr lidoveck\u00e9ho poslance podle pr\u00e1vn\u00edk\u016f de facto od \u010dtvrtka legalizoval st\u00e1tn\u00ed cenzuru v \u010cR se v\u0161emi d\u016fsledky<\/span><\/h6>\n<p>Kdy\u017e jsme na\u0161emu pr\u00e1vn\u00edkovi dali k p\u0159e\u010dten\u00ed tyto v\u00fdroky, tak nenach\u00e1zel slov.\u00a0<strong>Soudce V\u00fdborn\u00fd toti\u017e t\u00edmto rozsudkem v \u010cR de facto zlegalizoval st\u00e1tn\u00ed cenzuru v podob\u011b vyp\u00edn\u00e1n\u00ed web\u016f, proto\u017ee lid\u00e9 se pr\u00fd informace ze zablokovan\u00fdch str\u00e1nek mohou dozv\u011bd\u011bt z jin\u00fdch, rozum\u011bj nezablokovan\u00fdch server\u016f nebo z jin\u00fdch dom\u00e9n zablokovan\u00fdch subjekt\u016f.<\/strong><\/p>\n<p>Tenhle v\u00fdrok soudce je natolik absurdn\u00ed, \u017ee jej lze dokladovat v takov\u00e9 absurdn\u00ed rovin\u011b, \u017ee kdy\u017e st\u00e1t zav\u0159e nepohodlnou hospodu, kde se budou sch\u00e1zet protist\u00e1tn\u00ed \u017eivly, tak to bude v duchu tohoto rozsudku z\u0159ejm\u011b rovn\u011b\u017e v po\u0159\u00e1dku, proto\u017ee nep\u016fjde dovodit subjektivn\u00ed pr\u00e1vo jedince na pit\u00ed piva v t\u00e9 konkr\u00e9tn\u00ed zav\u0159en\u00e9 hospod\u011b, kdy\u017e si \u010dlov\u011bk to pivo m\u016f\u017ee vyp\u00edt i v jin\u00e9, nezav\u0159en\u00e9 hospod\u011b, tedy u nezav\u0159en\u00e9 konkurence. Anebo na jin\u00e9 adrese, kam se majitel t\u00e9 zav\u0159en\u00e9 hospody na obrovsk\u00e9 vlastn\u00ed n\u00e1klady nucen\u011b p\u0159est\u011bhuje a otev\u0159e lok\u00e1l na jin\u00e9 ulici.<\/p>\n<figure id=\"attachment_52543\" class=\"wp-caption aligncenter\"><a href=\"https:\/\/aeronet.news\/wp-content\/uploads\/AdvokatJindrichRajchl.jpg\"><img decoding=\"async\" loading=\"lazy\" class=\"wp-image-52543 size-full\" src=\"https:\/\/aeronet.news\/wp-content\/uploads\/AdvokatJindrichRajchl.jpg\" sizes=\"(max-width: 700px) 100vw, 700px\" srcset=\"https:\/\/aeronet.news\/wp-content\/uploads\/AdvokatJindrichRajchl.jpg 700w, https:\/\/aeronet.news\/wp-content\/uploads\/AdvokatJindrichRajchl-138x300.jpg 138w, https:\/\/aeronet.news\/wp-content\/uploads\/AdvokatJindrichRajchl-472x1024.jpg 472w, https:\/\/aeronet.news\/wp-content\/uploads\/AdvokatJindrichRajchl-165x357.jpg 165w, https:\/\/aeronet.news\/wp-content\/uploads\/AdvokatJindrichRajchl-223x483.jpg 223w\" alt=\"\" width=\"700\" height=\"1519\" \/><\/a><figcaption class=\"wp-caption-text\">Status advok\u00e1ta Jind\u0159icha Rajchla ze strany PRO<\/figcaption><\/figure>\n<p>N\u00e1klady na p\u0159esun a ztr\u00e1tu klient\u016f mu ale nikdo neuhrad\u00ed. A to nen\u00ed p\u0159ehnan\u00e9. P\u0159esn\u011b toto lze z rozsudku odvodit i v jin\u00fdch oblastech ne\u017e jsou jenom webov\u00e9 str\u00e1nky. Tento rozsudek je nejv\u011bt\u0161\u00edm paskvilem \u010desk\u00e9 justice po roce 1989, proto\u017ee tento rozsudek zakl\u00e1d\u00e1 v \u010cR od \u010dtvrtka pr\u00e1vo st\u00e1tu na sv\u00e9voln\u00e9 vyp\u00edn\u00e1n\u00ed nepohodln\u00fdch web\u016f, proto\u017ee\u00a0<strong>soud v Praze jasn\u011b uvedl, \u017ee ob\u010dan \u010cR v roli jednotlivce nem\u00e1 dovozen\u00e9 subjektivn\u00ed pr\u00e1vo na \u010derp\u00e1n\u00ed informac\u00ed z konkr\u00e9tn\u00ed webov\u00e9 str\u00e1nky, proto\u017ee si informace m\u016f\u017ee p\u0159e\u010d\u00edst i jinde.<\/strong>\u00a0A\u017e Fialova vl\u00e1da zav\u0159e mal\u00e9 \u017eivnostn\u00edky s prodejem potravin, soudy \u0159eknou, \u017ee ob\u010dan nem\u00e1 dovozen\u00e9 subjektivn\u00ed pr\u00e1vo nakupovat si zbo\u017e\u00ed v konkr\u00e9tn\u00edm obchod\u011b u Franty nebo u Pepy, proto\u017ee si zbo\u017e\u00ed m\u016f\u017ee p\u0159ece nakoupit \u201cjinde\u201d.<\/p>\n<h6><span style=\"font-size: 18pt;\">Lidoveck\u00fd poslanec v boji proti prorusk\u00fdm dezinformac\u00edm a jeho br\u00e1cha na soudu rozhoduje kauzu, kter\u00e1 \u017ealuje pr\u00e1v\u011b blokaci tzv. prorusk\u00fdch web\u016f<\/span><\/h6>\n<p>A to nen\u00ed v\u0161echno, p\u0159\u00e1tel\u00e9. Jak jsme byli dnes do redakce upozorn\u011bn\u00ed, za t\u00edmto rozsudkem dost mo\u017en\u00e1 stoj\u00ed i gigantick\u00fd st\u0159et z\u00e1jm\u016f, jak\u00fd si ani nedovedete p\u0159edstavit. Advok\u00e1t Ji\u0159\u00ed Rajchl ze strany PRO toti\u017e na soci\u00e1ln\u00edch s\u00edt\u00edch odhalil, \u017ee\u00a0<strong>soudce M\u011bstsk\u00e9ho soudu v Praze \u0160t\u011bp\u00e1n V\u00fdborn\u00fd je ve skute\u010dnosti br\u00e1chou poslance za KDU-\u010cSL Marka V\u00fdborn\u00e9ho, kter\u00fd se anga\u017euje v boji pr\u00e1v\u011b proti tzv. alternativn\u00edm web\u016fm<\/strong>, kter\u00e9 byly 25. \u00fanora tohoto roku zablokov\u00e1ny.<\/p>\n<p>Poslanec Marek V\u00fdborn\u00fd toti\u017e jen tak nam\u00e1tkou publikoval na Facebooku dne 1. b\u0159ezna 2022 \u010dl\u00e1nek\u00a0<strong>[<a href=\"https:\/\/href.li\/?https:\/\/www.parlamentnilisty.cz\/politika\/politici-volicum\/Vyborny-KDU-CSL-Nejcastejsi-dezinformace-o-valce-na-Ukrajine-694402\" target=\"_blank\" rel=\"nofollow noopener\">2<\/a>]<\/strong>\u00a0proti dezinformac\u00edm, kter\u00fd nazval\u00a0<em><strong>Nej\u010dast\u011bj\u0161\u00ed dezinformace o v\u00e1lce na Ukrajin\u011b<\/strong><\/em>. V \u010dl\u00e1nku se sna\u017e\u00ed varovat p\u0159ed tzv. prorusk\u00fdmi dezinformacemi a sna\u017e\u00ed se vysv\u011btlil \u010dten\u00e1\u0159\u016fm tzv. z\u00e1padn\u00ed narativ pohledu na ud\u00e1losti na Ukrajin\u011b. Na konci \u010dl\u00e1nku poslanec Marek V\u00fdborn\u00fd sv\u016fj text uzav\u00edr\u00e1 t\u011bmito slovy, a \u010dt\u011bte dob\u0159e:<\/p>\n<p><em>Na jak\u00fd nejbizarn\u011bj\u0161\u00ed hoax jste narazili vy? Napi\u0161te n\u00e1m do koment\u00e1\u0159\u016f. Internetem se v\u017edy budou \u0161\u00ed\u0159it nepravdy. Na druhu stranu je to ov\u0161em m\u00edsto, kde si lze z kvalitn\u00edch a ofici\u00e1ln\u00edch zdroj\u016f ov\u011b\u0159it cokoliv.\u00a0<strong>Nenechte se snadno lapit do s\u00edt\u011b dezinform\u00e1tor\u016f a informace si v\u017edy ov\u011b\u0159ujte<\/strong>.<\/em><\/p>\n<p>Tak\u017ee si to shr\u0148me, a\u0165 se v tom zorientujeme. Dne 25. \u00fanora \u010desk\u00fd spr\u00e1vce dom\u00e9n CZ.NIC zablokuje na \u201cdoporu\u010den\u00ed\u201d vl\u00e1dy \u010cR a tajn\u00fdch slu\u017eeb 8 opozi\u010dn\u00edch web\u016f. Tyto weby ve v\u011bt\u0161\u00edm \u010di men\u0161\u00edm \u0161oku se p\u0159esunou na vlastn\u00ed n\u00e1klady na ciz\u00ed zahrani\u010dn\u00ed a tzv. generick\u00e9 dom\u00e9ny a servery v cizin\u011b. Nikdo jim n\u00e1klady ze strany vl\u00e1dy neuhrad\u00ed. K blokaci se p\u0159ipojuj\u00ed i jednotliv\u00ed \u010de\u0161t\u00ed ISP oper\u00e1to\u0159i, ale ze strachu z \u017ealob postupn\u011b a v tichosti blokace ru\u0161\u00ed, n\u011bkte\u0159\u00ed ale v blokov\u00e1n\u00ed d\u00e1le pokra\u010duj\u00ed.<\/p>\n<p>\u010cten\u00e1\u0159i zablokovan\u00fdch web\u016f se postupn\u011b p\u0159es soci\u00e1ln\u00ed s\u00edt\u011b informuj\u00ed, na jak\u00e9 nov\u00e9 koncovky dom\u00e9n se jednotliv\u00e9 zablokovan\u00e9 weby p\u0159esunuly.\u00a0<strong>P\u0159esn\u011b po 3 m\u011bs\u00edc\u00edch ale dost\u00e1v\u00e1 CZ.NIC strach z mo\u017en\u00fdch \u017ealob a oznamuje vl\u00e1d\u011b \u010cR, \u017ee s blokacemi na sv\u00e9 triko kon\u010d\u00ed, a\u0165 si vl\u00e1da weby blokuje sama<\/strong>, ale na z\u00e1klad\u011b z\u00e1kona, kter\u00fd zat\u00edm nen\u00ed, ale Raku\u0161anovo vnitro na n\u011bm podle slov ministra usilovn\u011b pracuje, i kdy\u017e v utajen\u00e9m a neve\u0159ejn\u00e9m re\u017eimu.<\/p>\n<h6><span style=\"font-size: 18pt;\">Rozsudek de facto legalizuje st\u00e1tn\u00ed cenzuru v \u010cR s od\u016fvodn\u011bn\u00edm, \u017ee ty zablokovan\u00e9 weby nikomu chyb\u011bt nebudou, proto\u017ee ty informace z nich si lze p\u0159e\u010d\u00edst \u201cjinde\u201d\u2026<\/span><\/h6>\n<p>A v t\u00e9to chv\u00edli a situaci p\u0159ich\u00e1z\u00ed prvn\u00ed rozsudek ohledn\u011b \u017ealoby na blokov\u00e1n\u00ed web\u016f, kter\u00fd de facto \u00fanorov\u00e9 zablokov\u00e1n\u00ed web\u016f legalizuje, a to z d\u016fvodu, \u017ee podle soudce, \u0160t\u011bp\u00e1na V\u00fdborn\u00e9ho, bratra poslance Marka V\u00fdborn\u00e9ho, kter\u00fd se aktivizuje proti tzv. dezinformac\u00edm ze zablokovan\u00fdch a potom odblokovan\u00fdch web\u016f, nedo\u0161lo k po\u0161kozen\u00ed pr\u00e1v ob\u010dana, proto\u017ee nelze odvodit u jednotlivce subjektivn\u00ed pr\u00e1vo na \u010derp\u00e1n\u00ed informac\u00ed z n\u011bjak\u00e9 \u201ckonkr\u00e9tn\u00ed\u201d webov\u00e9 str\u00e1nky, proto\u017ee podle soudce m\u016f\u017ee jednotlivec tyto informaci na\u010derpat i jinde, rozum\u011bj z web\u016f, kter\u00e9 nejsou vl\u00e1dou zablokov\u00e1ny.<\/p>\n<figure id=\"attachment_52541\" class=\"wp-caption aligncenter\" style=\"width: 688px;\"><a href=\"https:\/\/aeronet.news\/wp-content\/uploads\/MarekVybornyCT24.jpg\"><img decoding=\"async\" loading=\"lazy\" class=\"wp-image-52541 \" src=\"https:\/\/aeronet.news\/wp-content\/uploads\/MarekVybornyCT24-1024x576.jpg\" sizes=\"(max-width: 700px) 100vw, 700px\" srcset=\"https:\/\/aeronet.news\/wp-content\/uploads\/MarekVybornyCT24-1024x576.jpg 1024w, https:\/\/aeronet.news\/wp-content\/uploads\/MarekVybornyCT24-300x169.jpg 300w, https:\/\/aeronet.news\/wp-content\/uploads\/MarekVybornyCT24-768x432.jpg 768w, https:\/\/aeronet.news\/wp-content\/uploads\/MarekVybornyCT24-700x394.jpg 700w, https:\/\/aeronet.news\/wp-content\/uploads\/MarekVybornyCT24-635x357.jpg 635w, https:\/\/aeronet.news\/wp-content\/uploads\/MarekVybornyCT24-859x483.jpg 859w, https:\/\/aeronet.news\/wp-content\/uploads\/MarekVybornyCT24.jpg 1280w\" alt=\"\" width=\"688\" height=\"387\" \/><\/a><figcaption class=\"wp-caption-text\">Marek V\u00fdborn\u00fd, poslanec za KDU-\u010cSL<\/figcaption><\/figure>\n<p>Suma sum\u00e1rum,\u00a0<strong>bratr pana poslance Marka V\u00fdborn\u00e9ho ve \u010dtvrtek de facto zlegalizoval Fialovu st\u00e1tn\u00ed cenzuru a vystavil vl\u00e1d\u011b bianco \u0161ek k dal\u0161\u00edm blokac\u00edm web\u016f jako na b\u011b\u017e\u00edc\u00edm p\u00e1se.<\/strong>\u00a0V n\u00e1sleduj\u00edc\u00edch dnech lze proto o\u010dek\u00e1vat op\u011btovn\u00e9 zablokov\u00e1n\u00ed web\u016f alternativy v \u010cR, proto\u017ee tento rozsudek pr\u00e1v\u011b legalizoval zav\u00edr\u00e1n\u00ed nepohodln\u00fdch web\u016f s od\u016fvodn\u011bn\u00edm, \u017ee jednotlivec, rozum\u011bj ob\u010dan \u010cR, nem\u00e1 garantov\u00e1no pr\u00e1vo na \u010dten\u00ed \u010dl\u00e1nk\u016f a informac\u00ed na konkr\u00e9tn\u00edm webu, proto\u017ee si m\u016f\u017ee ty informace p\u0159e\u010d\u00edst i jinde na nejmenovan\u00fdch nekonkr\u00e9tn\u00edch webech, rozum\u011bj na nezablokovan\u00fdch webech mainstreamu.<\/p>\n<h6><span style=\"font-size: 18pt;\">Je v po\u0159\u00e1dku, kdy\u017e \u017ealobu proti blokaci opozi\u010dn\u00edch web\u016f rozhoduje soudce, kter\u00fd je br\u00e1chou poslance, kter\u00fd proti opozi\u010dn\u00edm web\u016fm bojuje v politick\u00e9 rovin\u011b?<\/span><\/h6>\n<p>Jestli tohle nen\u00ed klientelismus, kdy bratr v roli soudce de facto legalizuje st\u00e1tn\u00ed blokov\u00e1n\u00ed nepohodln\u00fdch web\u016f, kter\u00e9 kritizuje soudc\u016fv bratr ve sn\u011bmovn\u011b a v \u010dl\u00e1nc\u00edch na soci\u00e1ln\u00edch s\u00edt\u00edch, tak to u\u017e potom v\u00e1\u017en\u011b nev\u00edm, jak\u00fd v\u00edce k\u0159iklav\u00fd klientelismus by musel existovat, aby to n\u011bkomu otev\u0159elo o\u010di.\u00a0<strong>Vl\u00e1da Petra Fialy tak t\u00edmto rozsudkem dost\u00e1v\u00e1 do ruky neuv\u011b\u0159iteln\u00fd kan\u00f3n hromadn\u00e9ho ni\u010den\u00ed<\/strong>, proto\u017ee te\u010f bude moci tvrdit, \u017ee zablokov\u00e1n\u00ed \u201ckonkr\u00e9tn\u00edch\u201d web\u016f nen\u00ed cenzurou, proto\u017ee \u010dten\u00e1\u0159i si podle stanoviska soudu mohou informace p\u0159e\u010d\u00edst i jinde na neblokovan\u00fdch webech.<\/p>\n<figure id=\"attachment_50100\" class=\"wp-caption aligncenter\" style=\"width: 697px;\"><a href=\"https:\/\/aeronet.news\/wp-content\/uploads\/PetrFialaProjev.jpg\"><img decoding=\"async\" loading=\"lazy\" class=\"wp-image-50100 \" src=\"https:\/\/aeronet.news\/wp-content\/uploads\/PetrFialaProjev-1024x619.jpg\" sizes=\"(max-width: 700px) 100vw, 700px\" srcset=\"https:\/\/aeronet.news\/wp-content\/uploads\/PetrFialaProjev-1024x619.jpg 1024w, https:\/\/aeronet.news\/wp-content\/uploads\/PetrFialaProjev-300x181.jpg 300w, https:\/\/aeronet.news\/wp-content\/uploads\/PetrFialaProjev-768x464.jpg 768w, https:\/\/aeronet.news\/wp-content\/uploads\/PetrFialaProjev-700x423.jpg 700w, https:\/\/aeronet.news\/wp-content\/uploads\/PetrFialaProjev-590x357.jpg 590w, https:\/\/aeronet.news\/wp-content\/uploads\/PetrFialaProjev-799x483.jpg 799w, https:\/\/aeronet.news\/wp-content\/uploads\/PetrFialaProjev.jpg 1280w\" alt=\"\" width=\"697\" height=\"421\" \/><\/a><figcaption class=\"wp-caption-text\">Hlavn\u011b slu\u0161n\u011b. Petr Fiala, premi\u00e9r \u010cR<\/figcaption><\/figure>\n<p>Tento absurdn\u00ed\u00a0<strong>judik\u00e1t m\u016f\u017ee m\u00edt dalekos\u00e1hl\u00e9 d\u016fsledky a dopady, proto\u017ee se m\u016f\u017eeme do\u010dkat masivn\u00ed reinterpretace rozsudku i do oblasti blokace webov\u00fdch r\u00e1di\u00ed, webov\u00fdch televiz\u00ed, soci\u00e1ln\u00edch skupin na Facebooku a jinde,<\/strong>\u00a0proto\u017ee ve v\u0161ech p\u0159\u00edpadech bude vl\u00e1da tvrdit, \u017ee blokac\u00ed konkr\u00e9tn\u00ed FB skupiny nebo konkr\u00e9tn\u00edho r\u00e1dia nedo\u0161lo k dovozen\u00ed \u00fajmy subjektivn\u00edho pr\u00e1va jedince, proto\u017ee informace si p\u0159ece m\u016f\u017ee sehnat a z\u00edskat \u201cjinde\u201d. D\u00e1my a p\u00e1nov\u00e9, v\u00edtejte v zem\u00ed, kde dobrou noc u\u017e ned\u00e1vaj\u00ed li\u0161ky, ale zdrav\u00fd rozum, proto\u017ee li\u0161ky s vyd\u011b\u0161en\u00edm utekly p\u0159i pohledu na tyto rozsudky soud\u016f, kter\u00e9 pop\u00edraj\u00ed logiku a zdrav\u00fd rozum ve spole\u010dnosti, kter\u00e1 je nemocn\u00e1, totalitn\u011b transformovan\u00e1 a mohutn\u011b nacifikovan\u00e1.<\/p>\n<p>-VK- \u0160\u00e9fredaktor AE News<\/p>\n<p><a href=\"https:\/\/aeronet.news\/soudce-ktery-je-bratrem-poslance-za-kdu-csl-bojujiciho-proti-ruskym-dezinformacim-v-rozsudku-o-blokaci-webu-prohlasil-ze-jednotlivec-v-cr-nema-subjektivni-pravo-na-prijimani-informaci\/\">ZDROJ<\/a><\/p>\n<p>&nbsp;<\/p>\n","protected":false},"excerpt":{"rendered":"<p>Soudce, kter\u00fd je bratrem poslance za KDU-\u010cSL bojuj\u00edc\u00edho proti rusk\u00fdm dezinformac\u00edm, v rozsudku o blokaci&#8230;<\/p>\n","protected":false},"author":2,"featured_media":1636,"comment_status":"closed","ping_status":"closed","sticky":false,"template":"","format":"standard","meta":[],"categories":[6],"tags":[28,520,1009,2869,2868],"_links":{"self":[{"href":"https:\/\/www.infokuryr.cz\/n\/wp-json\/wp\/v2\/posts\/12648"}],"collection":[{"href":"https:\/\/www.infokuryr.cz\/n\/wp-json\/wp\/v2\/posts"}],"about":[{"href":"https:\/\/www.infokuryr.cz\/n\/wp-json\/wp\/v2\/types\/post"}],"author":[{"embeddable":true,"href":"https:\/\/www.infokuryr.cz\/n\/wp-json\/wp\/v2\/users\/2"}],"replies":[{"embeddable":true,"href":"https:\/\/www.infokuryr.cz\/n\/wp-json\/wp\/v2\/comments?post=12648"}],"version-history":[{"count":0,"href":"https:\/\/www.infokuryr.cz\/n\/wp-json\/wp\/v2\/posts\/12648\/revisions"}],"wp:featuredmedia":[{"embeddable":true,"href":"https:\/\/www.infokuryr.cz\/n\/wp-json\/wp\/v2\/media\/1636"}],"wp:attachment":[{"href":"https:\/\/www.infokuryr.cz\/n\/wp-json\/wp\/v2\/media?parent=12648"}],"wp:term":[{"taxonomy":"category","embeddable":true,"href":"https:\/\/www.infokuryr.cz\/n\/wp-json\/wp\/v2\/categories?post=12648"},{"taxonomy":"post_tag","embeddable":true,"href":"https:\/\/www.infokuryr.cz\/n\/wp-json\/wp\/v2\/tags?post=12648"}],"curies":[{"name":"wp","href":"https:\/\/api.w.org\/{rel}","templated":true}]}}