{"id":12591,"date":"2022-07-21T01:09:39","date_gmt":"2022-07-20T23:09:39","guid":{"rendered":"http:\/\/www.infokuryr.cz\/n\/?p=12591"},"modified":"2022-07-20T19:52:21","modified_gmt":"2022-07-20T17:52:21","slug":"svet-se-zlomil-putin-zahajil-hru-na-dvou-polich-a-zahajil-proces-nebezpecny-pro-spojene-staty","status":"publish","type":"post","link":"https:\/\/www.infokuryr.cz\/n\/2022\/07\/21\/svet-se-zlomil-putin-zahajil-hru-na-dvou-polich-a-zahajil-proces-nebezpecny-pro-spojene-staty\/","title":{"rendered":"\u201eSv\u011bt se zlomil\u201c: Putin zah\u00e1jil hru na dvou pol\u00edch a zah\u00e1jil proces nebezpe\u010dn\u00fd pro Spojen\u00e9 st\u00e1ty"},"content":{"rendered":"<div id=\"fb-root\"><\/div>\n<p><strong><span>N\u00e1v\u0161t\u011bva rusk\u00e9ho prezidenta Vladimira Putina v \u00cdr\u00e1nu je jedn\u00edm z prvk\u016f formov\u00e1n\u00ed nov\u00e9ho p\u00f3lu moci.<\/span><\/strong><\/p>\n<p><span>Rusk\u00fd v\u016fdce uskute\u010dnil ofici\u00e1ln\u00ed n\u00e1v\u0161t\u011bvu Teher\u00e1nu 19. \u010dervence.\u00a0Toho dne se konal summit s garanty astansk\u00e9ho procesu o S\u00fdrii, b\u011bhem kter\u00e9ho Vladimir Putin jednal s prezidenty \u00cdr\u00e1nu a Turecka Ibrahimem Raisim a Recepem Tayyipem Erdoganem.\u00a0Jak pozd\u011bji \u0159ekl \u0161\u00e9f kremelsk\u00e9 tiskov\u00e9 slu\u017eby Dmitrij Peskov, hlavu st\u00e1tu mo\u017en\u00e1 \u010dek\u00e1 na podzim n\u011bkolik v\u00fdznamn\u011bj\u0161\u00edch zahrani\u010dn\u00edch cest.<\/span><\/p>\n<p><span>Takov\u00e9 kroky maj\u00ed za c\u00edl pos\u00edlit politick\u00e9 a ekonomick\u00e9 vazby Ruska s jeho partnery, \u0159ekl Leonid Krutakov, politolog a docent na Finan\u010dn\u00ed univerzit\u011b p\u0159i vl\u00e1d\u011b Rusk\u00e9 federace.\u00a0Za strategick\u00e9 spojence Moskvy lze dnes ozna\u010dit \u00cdr\u00e1n, Indii a \u010c\u00ednu.\u00a0Pozitivn\u00ed sign\u00e1ly p\u0159ich\u00e1zej\u00ed z Turecka.\u00a0Ankara se jako \u010dlen NATO neboj\u00ed konfrontovat USA a spolupracovat s Ruskem v cel\u00e9 \u0159ad\u011b ot\u00e1zek.<\/span><\/p>\n<p><strong><em>\u201eToto je p\u0159ibli\u017en\u00fd po\u010det mocnost\u00ed, se kter\u00fdmi m\u00e1 nyn\u00ed Rusk\u00e1 federace z\u00e1jem v\u00e9st dialog.\u00a0Touhy zem\u00ed se shoduj\u00ed s n\u00e1rodn\u00edmi z\u00e1jmy Moskvy.\u00a0Sv\u011bt je v bod\u011b zlomu.\u00a0Mnoho zem\u00ed si nyn\u00ed vyb\u00edr\u00e1 bu\u010f Spojen\u00e9 st\u00e1ty, nebo Rusko.\u00a0Minim\u00e1ln\u011b za\u010dnou hr\u00e1t na dvou pol\u00edch, \u201cpoznamenal specialista.<\/em><\/strong><\/p>\n<p><span>Ud\u00e1losti, kter\u00e9 se odehr\u00e1ly na konci \u00fanora, uvedly mezin\u00e1rodn\u00ed spole\u010denstv\u00ed do pohybu.\u00a0Ve skute\u010dnosti dostala jasn\u00fd sign\u00e1l, \u017ee hegemonie Spojen\u00fdch st\u00e1t\u016f kon\u010d\u00ed.\u00a0Rusko nehodl\u00e1 \u010dinit rozhodnut\u00ed s ohledem na Washington.\u00a0A je st\u00e1le v\u00edce zem\u00ed, kter\u00e9 podporuj\u00ed postoj Moskvy v t\u00e9to ot\u00e1zce.<\/span><\/p>\n<p><img decoding=\"async\" loading=\"lazy\" class=\"alignnone size-full wp-image-1185\" src=\"http:\/\/www.infokuryr.cz\/n\/wp-content\/uploads\/2021\/04\/kuryr-podpis.png\" alt=\"\" width=\"84\" height=\"24\" \/><\/p>\n<p>&nbsp;<\/p>\n","protected":false},"excerpt":{"rendered":"<p>N\u00e1v\u0161t\u011bva rusk\u00e9ho prezidenta Vladimira Putina v \u00cdr\u00e1nu je jedn\u00edm z prvk\u016f formov\u00e1n\u00ed nov\u00e9ho p\u00f3lu moci&#8230;.<\/p>\n","protected":false},"author":2,"featured_media":12592,"comment_status":"closed","ping_status":"closed","sticky":false,"template":"","format":"standard","meta":[],"categories":[7],"tags":[122,102,22,276,37],"_links":{"self":[{"href":"https:\/\/www.infokuryr.cz\/n\/wp-json\/wp\/v2\/posts\/12591"}],"collection":[{"href":"https:\/\/www.infokuryr.cz\/n\/wp-json\/wp\/v2\/posts"}],"about":[{"href":"https:\/\/www.infokuryr.cz\/n\/wp-json\/wp\/v2\/types\/post"}],"author":[{"embeddable":true,"href":"https:\/\/www.infokuryr.cz\/n\/wp-json\/wp\/v2\/users\/2"}],"replies":[{"embeddable":true,"href":"https:\/\/www.infokuryr.cz\/n\/wp-json\/wp\/v2\/comments?post=12591"}],"version-history":[{"count":0,"href":"https:\/\/www.infokuryr.cz\/n\/wp-json\/wp\/v2\/posts\/12591\/revisions"}],"wp:featuredmedia":[{"embeddable":true,"href":"https:\/\/www.infokuryr.cz\/n\/wp-json\/wp\/v2\/media\/12592"}],"wp:attachment":[{"href":"https:\/\/www.infokuryr.cz\/n\/wp-json\/wp\/v2\/media?parent=12591"}],"wp:term":[{"taxonomy":"category","embeddable":true,"href":"https:\/\/www.infokuryr.cz\/n\/wp-json\/wp\/v2\/categories?post=12591"},{"taxonomy":"post_tag","embeddable":true,"href":"https:\/\/www.infokuryr.cz\/n\/wp-json\/wp\/v2\/tags?post=12591"}],"curies":[{"name":"wp","href":"https:\/\/api.w.org\/{rel}","templated":true}]}}