{"id":12574,"date":"2022-07-21T01:00:06","date_gmt":"2022-07-20T23:00:06","guid":{"rendered":"http:\/\/www.infokuryr.cz\/n\/?p=12574"},"modified":"2022-07-20T15:18:10","modified_gmt":"2022-07-20T13:18:10","slug":"vznika-podivna-zapadni-iluze-ruske-izolace-osa-teheran-moskva","status":"publish","type":"post","link":"https:\/\/www.infokuryr.cz\/n\/2022\/07\/21\/vznika-podivna-zapadni-iluze-ruske-izolace-osa-teheran-moskva\/","title":{"rendered":"Vznik\u00e1 podivn\u00e1 z\u00e1padn\u00ed iluze rusk\u00e9 izolace \u2013 osa Teher\u00e1n-Moskva"},"content":{"rendered":"<div id=\"fb-root\"><\/div>\n<div class=\"ArticleView-summary\"><\/div>\n<div class=\"Text-root Text-type_5 ArticleView-text ViewText-root \">\n<p><strong>Na teher\u00e1nsk\u00e9m summitu se Rusko setkalo s \u00cdr\u00e1nem, zaho\u0159kl\u00fdm nep\u0159\u00edtelem Spojen\u00fdch st\u00e1t\u016f, a Tureckem, \u010dlenem NATO.\u00a0Na sch\u016fzce bylo jasn\u00e9, \u017ee Kreml je diplomaticky v\u0161echno, jen ne \u201eizolovan\u00fd\u201c \u2013 na rozd\u00edl od medi\u00e1ln\u00edho zobrazen\u00ed na Z\u00e1pad\u011b.\u00a0Od ukrajinsk\u00e9 v\u00e1lky se Moskva a Teher\u00e1n sna\u017e\u00ed vytvo\u0159it asijsk\u00fd protimodel k arabsko-izraelsk\u00e9mu modelu uspo\u0159\u00e1d\u00e1n\u00ed na Bl\u00edzk\u00e9m v\u00fdchod\u011b.<\/strong><\/p>\n<p><span>Rusk\u00fd prezident Vladimir Putin v \u00fater\u00fd odcestoval do \u00cdr\u00e1nu na summit se sv\u00fdm \u00edr\u00e1nsk\u00fdm prot\u011bj\u0161kem Ebrahimem Raisim a tureck\u00fdm prezidentem Recepem Tayyipem Erdo\u011fanem.\u00a0Putin poprv\u00e9 od rusk\u00e9 speci\u00e1ln\u00ed operace na Ukrajin\u011b opustil postsov\u011btsk\u00fd prostor.<\/span><\/p>\n<p><span>Zat\u00edmco se Z\u00e1pad po vojensk\u00e9 operaci na Ukrajin\u011b pokou\u0161\u00ed pomoc\u00ed cenzury m\u00e9di\u00ed prezentovat Rusko jako \u201eizolovan\u00e9\u201c, prvn\u00ed sn\u00edmky ze syrsk\u00e9ho summitu v Teher\u00e1nu jasn\u011b uk\u00e1zaly, \u017ee<strong> Kreml je diplomaticky v\u0161echno, jen ne \u201eizolovan\u00fd\u201c<\/strong>.\u00a0Vztahy Ruska se sv\u011btem jsou siln\u011bj\u0161\u00ed ne\u017e d\u0159\u00edve.\u00a0Summit spojil Rusko s region\u00e1ln\u00edm \u00cdr\u00e1nem t\u011b\u017ek\u00e9 v\u00e1hy a Tureckem, kter\u00fd je \u010dlenem NATO, kde tyto t\u0159i n\u00e1rody jednaly o tom, jak se vypo\u0159\u00e1dat se S\u00fdri\u00ed a Ukrajinou.\u00a0\u00cdr\u00e1nsk\u00fd ministr zahrani\u010d\u00ed Hossein Amir-Abdollahian ozna\u010dil v\u010derej\u0161\u00ed summit za za\u010d\u00e1tek sousedsk\u00e9 a region\u00e1ln\u00ed politiky, ve kter\u00e9 nen\u00ed m\u00edsto pro z\u00e1padn\u00ed program.<\/span><\/p>\n<p><span>Putin a Erdo\u011fan na sv\u00e9m bilater\u00e1ln\u00edm setk\u00e1n\u00ed v Teher\u00e1nu diskutovali o snaze uvolnit miliony tun ukrajinsk\u00e9 p\u0161enice uv\u00edzl\u00e9 v \u010dernomo\u0159sk\u00fdch p\u0159\u00edstavech.\u00a0Bylo to prvn\u00ed setk\u00e1n\u00ed mezi Putinem a Erdo\u011fanem od za\u010d\u00e1tku ukrajinsk\u00e9 v\u00e1lky, ve kter\u00e9m Erdo\u011fan opakovan\u011b nab\u00edzel zprost\u0159edkovatele.\u00a0Rusk\u00fd prezident hovo\u0159il o pokroku v jedn\u00e1n\u00ed o obnoven\u00ed zablokovan\u00fdch dod\u00e1vek obil\u00ed z Ukrajiny.\u00a0Pod\u011bkoval tureck\u00e9 hlav\u011b st\u00e1tu za jeho zprost\u0159edkov\u00e1n\u00ed p\u0159i \u201eposunut\u00ed\u201c dohody o ukrajinsk\u00e9m v\u00fdvozu obil\u00ed.\u00a0Putin v\u0161ak v Teher\u00e1nu \u0159ekl, \u017ee Moskva p\u0159ijme dohodu o obil\u00ed na Ukrajin\u011b, pokud Z\u00e1pad zru\u0161\u00ed omezen\u00ed rusk\u00e9ho v\u00fdvozu obil\u00ed.\u00a0<\/span><\/p>\n<p><span>Ob\u011b hlavy st\u00e1t\u016f se setkaly s \u00edr\u00e1nsk\u00fdm prezidentem Ebrahimem Raisim na summitu v Teher\u00e1nu, p\u0159edev\u0161\u00edm za \u00fa\u010delem projedn\u00e1n\u00ed situace v S\u00fdrii.\u00a0T\u0159i garantuj\u00edc\u00ed mocnosti organizuj\u00ed od roku 2017 rozhovory o syrsk\u00e9m konfliktu ve form\u00e1tu Astana.\u00a0P\u0159ed summitem v Astan\u011b vedl Erdo\u011fan bilater\u00e1ln\u00ed jedn\u00e1n\u00ed s \u00edr\u00e1nskou hlavou st\u00e1tu Al\u00edm Chamene\u00edm o syrsk\u00e9 ot\u00e1zce.\u00a0P\u0159ed p\u0159\u00edjezdem rusk\u00e9ho prezidenta do Teher\u00e1nu varoval \u00edr\u00e1nsk\u00fd revolu\u010dn\u00ed v\u016fdce Turecko p\u0159ed dal\u0161\u00ed invaz\u00ed do S\u00fdrie.\u00a0Chamene\u00ed na\u0161el ostr\u00e1 slova proti tureck\u00e9 politice v S\u00fdrii a prohl\u00e1sil, \u017ee dal\u0161\u00ed invaze do severn\u00ed S\u00fdrie po\u0161kod\u00ed cel\u00fd region a jen prosp\u011bje terorist\u016fm.\u00a0Tureck\u00fd prezident tehdy vysv\u011btlil, \u017ee teroristick\u00e9 skupiny v S\u00fdrii ovl\u00e1daly USA.<\/span><\/p>\n<p><span>Putin\u016fv zahrani\u010dn\u011bpolitick\u00fd poradce Jurij U\u0161akov v \u00fater\u00fd tak\u00e9 ozn\u00e1mil, \u017ee Kreml odm\u00edt\u00e1 tureckou vojenskou operaci v severn\u00ed S\u00fdrii.\u00a0Bude to o politick\u00e9 dohod\u011b.\u00a0Na syrsk\u00e9m summitu v \u00fater\u00fd ve\u010der Rusko, \u00cdr\u00e1n a Turecko odsoudily pokra\u010duj\u00edc\u00ed \u00fatoky Izraele na civiln\u00ed c\u00edle v S\u00fdrii.\u00a0T\u0159i hlavy st\u00e1t\u016f zopakovaly, \u017ee krizi v S\u00fdrii lze vy\u0159e\u0161it pouze m\u00edrovou cestou a samotn\u00fdmi Sy\u0159any.\u00a0<\/span><\/p>\n<p><span>Rusk\u00fd prezident b\u011bhem sv\u00e9ho projevu odsoudil Z\u00e1pad za drancov\u00e1n\u00ed syrsk\u00fdch zdroj\u016f americkou okupac\u00ed na severov\u00fdchod\u011b S\u00fdrie.\u00a0Mezit\u00edm tureck\u00fd prezident ozna\u010dil Astansk\u00fd proces za jedinou platformu, kter\u00e1 p\u0159ijala nezbytn\u00e1 opat\u0159en\u00ed pro m\u00edr v S\u00fdrii.\u00a0Putin tak\u00e9 vyzval OSN, aby poskytla Dama\u0161ku humanit\u00e1rn\u00ed pomoc bez p\u0159edb\u011b\u017en\u00fdch podm\u00ednek.<\/span><\/p>\n<p><span>\u00datern\u00ed osobn\u00ed setk\u00e1n\u00ed rusk\u00e9ho prezidenta Putina a \u00edr\u00e1nsk\u00e9ho prezidenta Chamene\u00edho v Teher\u00e1nu bylo d\u016fle\u017eit\u011bj\u0161\u00ed ne\u017e vrcholn\u00e1 sch\u016fzka t\u0159\u00ed \u0161\u00e9f\u016f vl\u00e1d o S\u00fdrii.\u00a0Chamene\u00ed rozhoduje o strategick\u00fdch ot\u00e1zk\u00e1ch v \u00cdr\u00e1nu.\u00a0Velkolep\u00e9 v\u00fdroky Putina a Chamene\u00edho, jejich\u017e zem\u011b stoj\u00ed v \u010dele boje proti z\u00e1padn\u00edmu sv\u011btov\u00e9mu \u0159\u00e1du, u\u017e vyvolaly rozruch.\u00a0Z\u00e1padn\u00ed sankce nejv\u00edce zas\u00e1hly Teher\u00e1n a Moskvu.\u00a0\u00a0<\/span><\/p>\n<p><span>Chamene\u00ed vy\u010d\u00edtal Z\u00e1padu expanzi NATO na v\u00fdchod.\u00a0Kdyby Rusko nevyvinulo iniciativu ve sv\u00e9 vojensk\u00e9 operaci na Ukrajin\u011b, do\u0161lo by k dal\u0161\u00edmu konfliktu.\u00a0P\u0159i jedn\u00e1n\u00ed s rusk\u00fdm prezidentem Putinem n\u00e1bo\u017eensk\u00fd v\u016fdce \u00cdr\u00e1nu v\u00fdslovn\u011b prohl\u00e1sil, \u017ee pokud by Rusko nezastavilo akce NATO na Ukrajin\u011b, po n\u011bjak\u00e9 dob\u011b by vojensk\u00e1 aliance zah\u00e1jila v\u00e1lku proti Rusku \u201epod z\u00e1minkou osvobozen\u00ed Krymu\u201c.\u00a0\u00a0<\/span><\/p>\n<p><span>Rusk\u00fd prezident se k situaci na Ukrajin\u011b vyj\u00e1d\u0159il slovy: &#8222;Nikdo nen\u00ed pro v\u00e1lku&#8220;.\u00a0Dodal, \u017ee \u201eztr\u00e1ta \u017eivota je velkou trag\u00e9di\u00ed\u201c.\u00a0\u201eChov\u00e1n\u00ed Z\u00e1padu n\u00e1m v\u0161ak nedalo jinou mo\u017enost, ne\u017e reagovat,\u201c uvedla rusk\u00e1 hlava st\u00e1tu.<\/span><\/p>\n<p><span>Putin vid\u011bl americkou vra\u017edu gener\u00e1la Qassema Soleimaniho na za\u010d\u00e1tku roku 2020 jako dal\u0161\u00ed p\u0159\u00edklad pobou\u0159en\u00ed Washingtonu.\u00a0Na jin\u00e9m m\u00edst\u011b ve sv\u00fdch pozn\u00e1mk\u00e1ch Putin uvedl, \u017ee sankce Z\u00e1padu proti Rusku byly k jeho vlastn\u00ed \u0161kod\u011b, co\u017e zp\u016fsobilo probl\u00e9my, jako jsou prudce rostouc\u00ed ceny ropy a potravinov\u00e9 krize.<\/span><\/p>\n<p><span>Chamene\u00ed tak\u00e9 vyzval k oslaben\u00ed americk\u00e9ho dolaru jako mezin\u00e1rodn\u00ed m\u011bny.\u00a0V \u00fater\u00fd r\u00e1no bylo v \u00cdr\u00e1nu ozn\u00e1meno zaveden\u00ed rusk\u00e9ho rublu pro devizov\u00e9 makl\u00e9\u0159e.\u00a0V \u00fater\u00fd tak\u00e9 rusk\u00e1 st\u00e1tn\u00ed energetick\u00e1 spole\u010dnost Gazprom a \u00edr\u00e1nsk\u00e1 st\u00e1tn\u00ed ropn\u00e1 spole\u010dnost NIOC podepsaly v Teher\u00e1nu memorandum o porozum\u011bn\u00ed o spole\u010dn\u00fdch projektech v hodnot\u011b 40 miliard dolar\u016f.<\/span><\/p>\n<p><span>Teher\u00e1nsk\u00fd summit se konal kr\u00e1tce po cest\u011b americk\u00e9ho prezidenta Joe Bidena do regionu.\u00a0Biden se pouze o v\u00edkendu vr\u00e1til ze sunnitsk\u00e9 monarchie Sa\u00fadsk\u00e9 Ar\u00e1bie bez z\u00e1vazku zv\u00fd\u0161it produkci ropy.<\/span><\/p>\n<p><span>\u00cdr\u00e1n m\u00e1 v sou\u010dasnosti pro rusk\u00e9 veden\u00ed mimo\u0159\u00e1dn\u00fd z\u00e1jem, proto\u017ee se chce pou\u010dit ze sv\u00fdch zku\u0161enost\u00ed s tlakem z\u00e1padn\u00edch sankc\u00ed.\u00a0Kdy\u017e byl rusk\u00fd ministr zahrani\u010d\u00ed Sergej Lavrov koncem \u010dervna v Teher\u00e1nu, zab\u00fdval se zejm\u00e9na ot\u00e1zkou, jak u\u010dinit ekonomiku nez\u00e1vislou na Z\u00e1pad\u011b.<\/span><\/p>\n<p><span>\u00cdr\u00e1n a Rusko z\u0159ejm\u011b vstupuj\u00ed do strategick\u00e9ho partnerstv\u00ed, kter\u00e9 zahrnuje i vojensk\u00e9 kroky.\u00a0Jake Sullivan, poradce americk\u00e9ho prezidenta pro n\u00e1rodn\u00ed bezpe\u010dnost, minul\u00fd t\u00fdden \u0159ekl, \u017ee Washington m\u00e1 informace, \u017ee Rusko pl\u00e1nuje z\u00edskat drony z \u00cdr\u00e1nu.\u00a0<\/span><em><span>CNN<\/span><\/em><span>\u00a0uvedla, \u017ee rusk\u00e9 delegace opakovan\u011b nav\u0161t\u00edvily \u00edr\u00e1nsk\u00e9 v\u00fdcvikov\u00e9 st\u0159edisko dron\u016f v \u00edr\u00e1nsk\u00e9m m\u011bst\u011b Ka\u0161an.\u00a0St\u00e1le \u010dast\u011bji se objevuj\u00ed n\u00e1znaky, \u017ee se Moskva a Teher\u00e1n od ukrajinsk\u00e9 v\u00e1lky sbl\u00ed\u017eily a sna\u017e\u00ed se vytvo\u0159it asijsk\u00fd protimodel k arabsko-izraelsk\u00e9mu modelu po\u0159\u00e1dku na Bl\u00edzk\u00e9m v\u00fdchod\u011b.\u00a0Ob\u011b zem\u011b se tak\u00e9 sna\u017e\u00ed p\u0159ipoutat Turecko t\u011bsn\u011bji na svou stranu.<\/span><\/p>\n<div class=\"EmbedBlock-root EmbedBlock-externalVideo EmbedBlock-vk\">\n<div class=\"VkEmbed\"><em>Autor: Seyed Alireza Mousavi<\/em><\/div>\n<\/div>\n<p>&nbsp;<\/p>\n<\/div>\n","protected":false},"excerpt":{"rendered":"<p>Na teher\u00e1nsk\u00e9m summitu se Rusko setkalo s \u00cdr\u00e1nem, zaho\u0159kl\u00fdm nep\u0159\u00edtelem Spojen\u00fdch st\u00e1t\u016f, a Tureckem, \u010dlenem&#8230;<\/p>\n","protected":false},"author":2,"featured_media":12575,"comment_status":"closed","ping_status":"closed","sticky":false,"template":"","format":"standard","meta":[],"categories":[7],"tags":[38,22,623,2849,55],"_links":{"self":[{"href":"https:\/\/www.infokuryr.cz\/n\/wp-json\/wp\/v2\/posts\/12574"}],"collection":[{"href":"https:\/\/www.infokuryr.cz\/n\/wp-json\/wp\/v2\/posts"}],"about":[{"href":"https:\/\/www.infokuryr.cz\/n\/wp-json\/wp\/v2\/types\/post"}],"author":[{"embeddable":true,"href":"https:\/\/www.infokuryr.cz\/n\/wp-json\/wp\/v2\/users\/2"}],"replies":[{"embeddable":true,"href":"https:\/\/www.infokuryr.cz\/n\/wp-json\/wp\/v2\/comments?post=12574"}],"version-history":[{"count":0,"href":"https:\/\/www.infokuryr.cz\/n\/wp-json\/wp\/v2\/posts\/12574\/revisions"}],"wp:featuredmedia":[{"embeddable":true,"href":"https:\/\/www.infokuryr.cz\/n\/wp-json\/wp\/v2\/media\/12575"}],"wp:attachment":[{"href":"https:\/\/www.infokuryr.cz\/n\/wp-json\/wp\/v2\/media?parent=12574"}],"wp:term":[{"taxonomy":"category","embeddable":true,"href":"https:\/\/www.infokuryr.cz\/n\/wp-json\/wp\/v2\/categories?post=12574"},{"taxonomy":"post_tag","embeddable":true,"href":"https:\/\/www.infokuryr.cz\/n\/wp-json\/wp\/v2\/tags?post=12574"}],"curies":[{"name":"wp","href":"https:\/\/api.w.org\/{rel}","templated":true}]}}