{"id":12572,"date":"2022-07-20T07:53:40","date_gmt":"2022-07-20T05:53:40","guid":{"rendered":"http:\/\/www.infokuryr.cz\/n\/?p=12572"},"modified":"2022-07-20T07:53:40","modified_gmt":"2022-07-20T05:53:40","slug":"putin-po-trilateralni-schuzce-v-teheranu-zlomili-jsme-pater-terorismu","status":"publish","type":"post","link":"https:\/\/www.infokuryr.cz\/n\/2022\/07\/20\/putin-po-trilateralni-schuzce-v-teheranu-zlomili-jsme-pater-terorismu\/","title":{"rendered":"Putin po trilater\u00e1ln\u00ed sch\u016fzce v Teher\u00e1nu: \u201eZlomili jsme p\u00e1te\u0159 terorismu\u201c"},"content":{"rendered":"<div id=\"fb-root\"><\/div>\n<div class=\"ArticleView-summary\">\n<div class=\"Text-root Text-type_1 \"><strong>V Teher\u00e1nu prob\u011bhly rozhovory mezi \u00cdr\u00e1nem, Ruskem a Tureckem.\u00a0Hlavy st\u00e1t\u016f uspo\u0159\u00e1daly spole\u010dnou tiskovou konferenci.\u00a0Vladimir Putin pot\u00e9 odpov\u00eddal na dotazy novin\u00e1\u0159\u016f.<\/p>\n<p><\/strong><\/div>\n<\/div>\n<div class=\"Text-root Text-type_5 ArticleView-text ViewText-root \">\n<p><span>19. \u010dervence v r\u00e1mci platformy Astana Rusko, \u00cdr\u00e1n a Turecko znovu jednaly o urovn\u00e1n\u00ed konfliktu v S\u00fdrii.\u00a0Rusk\u00fd prezident Vladimir Putin bezprost\u0159edn\u011b po spole\u010dn\u00e9 tiskov\u00e9 konferenci s hlavami st\u00e1t\u016f form\u00e1tu Astana v \u00edr\u00e1nsk\u00e9m hlavn\u00edm m\u011bst\u011b Teher\u00e1nu podrobn\u011b odpov\u00eddal na dotazy novin\u00e1\u0159\u016f.\u00a0Rusk\u00fd v\u016fdce znovu vyzval USA, aby p\u0159estaly drancovat syrsk\u00fd lid.\u00a0Putin doslovn\u011b:<\/span><\/p>\n<p><em><strong>&#8222;Ameri\u010dt\u00ed voj\u00e1ci by m\u011bli opustit tuto oblast. M\u011bli by p\u0159estat drancovat syrsk\u00fd st\u00e1t a lidi a ileg\u00e1ln\u011b odtud vyv\u00e1\u017eet ropu.&#8220;<\/strong><\/em><\/p>\n<p><span>Na situaci v S\u00fdrii upozornil i \u00edr\u00e1nsk\u00fd prezident Ebrahim Raisi p\u0159i spole\u010dn\u00e9m prohl\u00e1\u0161en\u00ed t\u0159\u00ed garantovan\u00fdch zem\u00ed o urovn\u00e1n\u00ed konfliktu v S\u00fdrii.\u00a0Putin dodal, \u017ee pr\u00e1ce v S\u00fdrii pokra\u010duj\u00ed a kompromisy vedly k tomu, \u017ee v\u00edce ne\u017e 90 procent zem\u011b je ji\u017e kontrolov\u00e1no ofici\u00e1ln\u00edmi \u00fa\u0159ady:<\/span><\/p>\n<p><strong><em>&#8222;Zlomili jsme tam p\u00e1te\u0159 mezin\u00e1rodn\u00edho terorismu.&#8220;<\/em><\/strong><\/p>\n<p><span>\u0158e\u0161ily se tak\u00e9 bilater\u00e1ln\u00ed vztahy mezi Ruskem a \u00cdr\u00e1nem.\u00a0Putin ozn\u00e1mil, \u017ee bylo dohodnuto pou\u017e\u00edv\u00e1n\u00ed n\u00e1rodn\u00edch m\u011bn pro p\u0159\u00edm\u00e9 platby mezi ob\u011bma zem\u011bmi.\u00a0Poznamenal, \u017ee s Ebrahimem Raisim mluvil hlavn\u011b o ekonomick\u00fdch ot\u00e1zk\u00e1ch.\u00a0Putin nav\u00edc upozornil, \u017ee obchod mezi Ruskem a \u00cdr\u00e1nem se za posledn\u00edch \u0161est m\u011bs\u00edc\u016f zv\u00fd\u0161il o 40 procent.<\/span><\/p>\n<p><strong><em>&#8222;M\u00e1me slibn\u00e9 oblasti pro na\u0161i spolupr\u00e1ci nap\u0159\u00ed\u010d r\u016fzn\u00fdmi sektory. Jedn\u00edm\u00a0<\/em><em>z\u00a0<\/em><em>nich\u00a0<\/em><em>je\u00a0<\/em><em>rozvoj\u00a0<\/em><em>infrastruktury\u00a0<\/em><em>.&#8220;<\/em><\/strong><\/p>\n<p><span>Vladimir Putin jednal s tureck\u00fdm prezidentem Recepem Tayyipem Erdo\u011fanem o potravinov\u00e9 bezpe\u010dnosti a dod\u00e1vk\u00e1ch obil\u00ed z Ruska a Ukrajiny na sv\u011btov\u00e9 trhy.\u00a0Putin pod\u011bkoval Erdo\u011fanovi za jeho snahu \u201ezprost\u0159edkovat t\u00edm, \u017ee Turecku poskytne platformu pro jedn\u00e1n\u00ed o potravinov\u00fdch ot\u00e1zk\u00e1ch a v\u00fdvozu obil\u00ed p\u0159es \u010cern\u00e9 mo\u0159e\u201c.\u00a0S odkazem na dal\u0161\u00ed aspekty jedn\u00e1n\u00ed s tureck\u00fdm prezidentem Putin uvedl:<\/span><\/p>\n<p><strong><em>&#8222;Rusko-tureck\u00e1 spolupr\u00e1ce se dynamicky rozv\u00edj\u00ed v n\u011bkolika oblastech.&#8220;<\/em><\/strong><\/p>\n<p><span>USA by m\u011bly zru\u0161it v\u0161echna omezen\u00ed v\u00fdvozu obil\u00ed z Ruska, pokud cht\u011bj\u00ed zlep\u0161it situaci na trhu s potravinami, \u0159ekl Putin.\u00a0Na ot\u00e1zku, zda je Rusko pr\u00e1vem obvi\u0148ov\u00e1no z energetick\u00e9 krize, Putin odpov\u011bd\u011bl, \u017ee Evropa zanedb\u00e1vala tradi\u010dn\u00ed energetiku a spol\u00e9hala na alternativn\u00ed zdroje:<\/span><\/p>\n<p><strong><em>&#8222;Jsou to velc\u00ed specialist\u00e9 na netradi\u010dn\u00ed vztahy. V energetice se proto rozhodli vsadit na netradi\u010dn\u00ed energie: sol\u00e1rn\u00ed a v\u011btrnou energii. Ale pak najednou dlouh\u00e1 zima, bezv\u011bt\u0159\u00ed. To je v\u0161e.&#8220;<\/em><\/strong><\/p>\n<p><span>Nord Stream 2 mus\u00ed b\u00fdt uveden do provozu, aby mohl dod\u00e1vat plyn do Evropy.\u00a0Podle Putina se polovina ropovodu ji\u017e vyu\u017e\u00edv\u00e1 pro rusk\u00fd dom\u00e1c\u00ed trh.<\/span><\/p>\n<p><span>Ukrajina mezit\u00edm p\u0159isp\u00edv\u00e1 k energetick\u00e9 krizi.\u00a0Zem\u011b z politick\u00fdch d\u016fvod\u016f uzav\u0159ela jednu ze sv\u00fdch energetick\u00fdch tras.\u00a0Pr\u00fd \u201eproto\u017ee \u010derpac\u00ed stanice plynu nen\u00ed pod jejich kontrolou, ale na \u00fazem\u00ed Lugansk\u00e9 lidov\u00e9 republiky\u201c.\u00a0Putin d\u00e1le up\u0159esnil:<\/span><\/p>\n<p><strong><em>&#8222;Ale tato stanice se p\u0159ed n\u011bkolika m\u011bs\u00edci dostala pod kontrolu Lugansk\u00e9 lidov\u00e9 republiky. Ned\u00e1vno ji zav\u0159eli. Bez\u00a0<\/em><em>jak\u00e9hokoli\u00a0<\/em><em>d\u016fvodu\u00a0<\/em><em>&#8230;&#8220;<\/em><\/strong><\/p>\n<p><span>Putin s odkazem na vojenskou operaci na Ukrajin\u011b jmenoval zem\u011b, kter\u00e9 se nab\u00eddly jako prost\u0159edn\u00edk v rozhovorech mezi Ruskem a Ukrajinou.\u00a0Jde o Turecko, Sa\u00fadskou Ar\u00e1bii a Spojen\u00e9 arabsk\u00e9 emir\u00e1ty.<\/span><\/p>\n<p><span>Rusk\u00fd prezident zd\u016fraznil, \u017ee Kyjev nen\u00ed p\u0159ipraven vyjedn\u00e1vat a nepln\u00ed sv\u00e9 z\u00e1vazky, zat\u00edmco rusk\u00e9 jednotky se z Kyjeva st\u00e1hly, aby vytvo\u0159ily podm\u00ednky pro jedn\u00e1n\u00ed mezi zem\u011bmi.<\/span><\/p>\n<p><span>Ebrahim Raisi, Vladimir Putin a Recep Tayyip Erdo\u011fan u\u010dinili prohl\u00e1\u0161en\u00ed po trilater\u00e1ln\u00edm summitu o S\u00fdrii v Teher\u00e1nu.\u00a0Zem\u011b se dohodly, \u017ee p\u0159\u00ed\u0161t\u00ed rozhovory ve form\u00e1tu Astana uspo\u0159\u00e1daj\u00ed na diplomatick\u00e9 \u00farovni v Moskv\u011b do konce roku 2022.<\/span><\/p>\n<p><span>Navzdory \u0161irok\u00e9mu spektru probl\u00e9m\u016f na jedn\u00e1n\u00edch, k nim\u017e do\u0161lo, jedin\u00fd z\u00e1v\u011br, kter\u00fd B\u00edl\u00fd d\u016fm vyvodil z n\u00e1v\u0161t\u011bvy rusk\u00e9ho prezidenta Vladimira Putina v Teher\u00e1nu, byl ten, \u017ee Rusko je do zna\u010dn\u00e9 m\u00edry izolovan\u00e9.\u00a0Koordin\u00e1tor strategick\u00e9 komunikace N\u00e1rodn\u00ed bezpe\u010dnostn\u00ed rady John Kirby \u0159ekl:<\/span><\/p>\n<p><strong><em>&#8222;\u0158ekl bych, \u017ee tato n\u00e1v\u0161t\u011bva ukazuje, jak izolovan\u00ed jsou Putin a Rusko: nyn\u00ed se mus\u00ed obr\u00e1tit o pomoc na \u00cdr\u00e1n.&#8220;<\/em><\/strong><\/p>\n<p><span>Rusko, \u00cdr\u00e1n a Turecko nav\u00edc odsoudily pokra\u010duj\u00edc\u00ed \u00fatoky Izraele na civiln\u00ed c\u00edle v S\u00fdrii.\u00a0T\u0159i hlavy st\u00e1t\u016f zopakovaly, \u017ee krizi v S\u00fdrii lze vy\u0159e\u0161it pouze m\u00edrovou cestou a samotn\u00fdmi Sy\u0159any.\u00a0V tomto ohledu zem\u011b garantuj\u00edc\u00ed urovn\u00e1n\u00ed konfliktu v S\u00fdrii odm\u00edtly ve\u0161ker\u00e9 jednostrann\u00e9 sankce v\u016f\u010di zemi a potvrdily sv\u016fj z\u00e1m\u011br ukon\u010dit terorismus v S\u00fdrii.<\/span><\/p>\n<\/div>\n<p><em><span class=\"Cover-imageSource\"><span class=\"Cover-captionItem\">Zdroj fota: Sputnik <\/span><span class=\"Cover-captionItem\">\u00a9 Grigorij Sysojev<\/span><\/span><\/em><\/p>\n<p><img decoding=\"async\" loading=\"lazy\" class=\"alignnone size-full wp-image-1185\" src=\"http:\/\/www.infokuryr.cz\/n\/wp-content\/uploads\/2021\/04\/kuryr-podpis.png\" alt=\"\" width=\"84\" height=\"24\" \/><\/p>\n<p>&nbsp;<\/p>\n","protected":false},"excerpt":{"rendered":"<p>V Teher\u00e1nu prob\u011bhly rozhovory mezi \u00cdr\u00e1nem, Ruskem a Tureckem.\u00a0Hlavy st\u00e1t\u016f uspo\u0159\u00e1daly spole\u010dnou tiskovou konferenci.\u00a0Vladimir Putin&#8230;<\/p>\n","protected":false},"author":2,"featured_media":12573,"comment_status":"closed","ping_status":"closed","sticky":false,"template":"","format":"standard","meta":[],"categories":[7],"tags":[102,2848,147,2849,26,37],"_links":{"self":[{"href":"https:\/\/www.infokuryr.cz\/n\/wp-json\/wp\/v2\/posts\/12572"}],"collection":[{"href":"https:\/\/www.infokuryr.cz\/n\/wp-json\/wp\/v2\/posts"}],"about":[{"href":"https:\/\/www.infokuryr.cz\/n\/wp-json\/wp\/v2\/types\/post"}],"author":[{"embeddable":true,"href":"https:\/\/www.infokuryr.cz\/n\/wp-json\/wp\/v2\/users\/2"}],"replies":[{"embeddable":true,"href":"https:\/\/www.infokuryr.cz\/n\/wp-json\/wp\/v2\/comments?post=12572"}],"version-history":[{"count":0,"href":"https:\/\/www.infokuryr.cz\/n\/wp-json\/wp\/v2\/posts\/12572\/revisions"}],"wp:featuredmedia":[{"embeddable":true,"href":"https:\/\/www.infokuryr.cz\/n\/wp-json\/wp\/v2\/media\/12573"}],"wp:attachment":[{"href":"https:\/\/www.infokuryr.cz\/n\/wp-json\/wp\/v2\/media?parent=12572"}],"wp:term":[{"taxonomy":"category","embeddable":true,"href":"https:\/\/www.infokuryr.cz\/n\/wp-json\/wp\/v2\/categories?post=12572"},{"taxonomy":"post_tag","embeddable":true,"href":"https:\/\/www.infokuryr.cz\/n\/wp-json\/wp\/v2\/tags?post=12572"}],"curies":[{"name":"wp","href":"https:\/\/api.w.org\/{rel}","templated":true}]}}