{"id":12534,"date":"2022-07-19T02:41:10","date_gmt":"2022-07-19T00:41:10","guid":{"rendered":"http:\/\/www.infokuryr.cz\/n\/?p=12534"},"modified":"2022-07-19T02:41:56","modified_gmt":"2022-07-19T00:41:56","slug":"jaroslav-basta-hnuti-stan-a-jeho-tajna-policie-na-proruske-svaby","status":"publish","type":"post","link":"https:\/\/www.infokuryr.cz\/n\/2022\/07\/19\/jaroslav-basta-hnuti-stan-a-jeho-tajna-policie-na-proruske-svaby\/","title":{"rendered":"Jaroslav Ba\u0161ta: Hnut\u00ed STAN a jeho tajn\u00e1 policie na prorusk\u00e9 \u0161v\u00e1by"},"content":{"rendered":"<div id=\"fb-root\"><\/div>\n<div class=\"zpravy_image_big\">\n<p><strong>Kauza Dozimetr<\/strong> sice pomalu zapad\u00e1 do medi\u00e1ln\u00ed ba\u017einy, ale \u0161kody, kter\u00e9 nap\u00e1chala na pov\u011bsti hnut\u00ed STAN (Starostov\u00e9 a nez\u00e1visl\u00ed), vyprovokovaly ministra vnitra V\u00edta Raku\u0161ana k vyj\u00e1d\u0159en\u00ed, kter\u00e9 u n\u00e1s naposledy zazn\u011blo v dob\u00e1ch politick\u00fdch proces\u016f v pades\u00e1t\u00fdch letech.<\/p>\n<\/div>\n<div id=\"zprava_text\" class=\"\">\n<div align=\"justify\">\n<p>Ostatn\u011b posu\u010fte sami: \u201e<i><b>S bojem proti terorismu, extremismu a kybernetick\u00e9 kriminalit\u011b to mysl\u00edme v\u00e1\u017en\u011b. Jsem r\u00e1d, \u017ee policie p\u0159ipravila vznik nov\u00e9 elitn\u00ed jednotky, kter\u00e1 se t\u011bmhle velmi aktu\u00e1ln\u00edm hrozb\u00e1m bude naplno v\u011bnovat. Co\u017e se nebude l\u00edbit extremist\u016fm, terorist\u016fm a r\u016fzn\u00fdm prorusk\u00fdm \u0161v\u00e1b\u016fm, na kter\u00e9 si pr\u00e1v\u011b tahle jednotka bude cht\u00edt posv\u00edtit. Vznik jednotky je v\u00fdsledkem dvoulet\u00e9 pr\u00e1ce policist\u016f a st\u00e1tn\u00edch z\u00e1stupc\u016f v r\u00e1mci skupiny REFORMA.\u201c<\/b><\/i><\/p>\n<\/div>\n<div align=\"justify\">\n<p>Ponech\u00e1m stranou logickou ot\u00e1zku, kter\u00e1 n\u011bkolikr\u00e1t zazn\u011bla: \u201e<strong>Jak\u00e1 je pr\u00e1vn\u00ed definice prorusk\u00e9ho \u0161v\u00e1ba?\u201c<\/strong> a budu se v\u011bnovat praktick\u00fdm d\u016fsledk\u016fm vzniku nov\u00e9ho policejn\u00edho \u00fatvaru. Ten bude pracovat v utajen\u00ed a pou\u017e\u00edvat stejn\u00e9 metody jak\u00e9 maj\u00ed k dispozici zpravodajsk\u00e9 slu\u017eby. P\u0159itom bude plnit politick\u00e9 zad\u00e1n\u00ed, tak\u017ee z vyj\u00e1d\u0159en\u00ed ministra vnitra pro mne vypl\u00fdv\u00e1, \u017ee po t\u0159iceti dvou letech se u n\u00e1s znovu za\u010d\u00edn\u00e1 obnovovat institut\u00a0 politick\u00e9 policie. S tou m\u00e1me historick\u00e9 zku\u0161enosti, mezi lety 1939 \u2013 1945 se jmenovala Geheimstaatspolizei (Gestapo), od roku 1948 do \u00fanora 1990 \u0161tafetu p\u0159evzala St\u00e1tn\u00ed bezpe\u010dnost (StB). Zneu\u017eit\u00ed instituc\u00ed tohoto typu je notoricky zn\u00e1m\u00e9.<\/p>\n<\/div>\n<\/div>\n<div id=\"zprava_text\" class=\"\">\n<div align=\"justify\">\n<p><b>V tomto t\u00fddnu v kr\u00e1tk\u00e9 zpr\u00e1v\u011b policie o ned\u011bln\u00ed demonstraci zazn\u011blo, co m\u016f\u017ee b\u00fdt nap\u0159\u00ed\u0161t\u011b pova\u017eov\u00e1no za projev extr\u00e9mismu \u2013\u00a0<\/b>vol\u00e1n\u00ed o ukon\u010den\u00ed v\u00e1lky na Ukrajin\u011b, protesty proti dod\u00e1vk\u00e1m zbran\u00ed tamt\u00e9\u017e a z\u0159ejm\u011b i po\u017eadavek demise Fialovy vl\u00e1dy. Zd\u00e1 se, \u017ee nov\u00fd Raku\u0161an\u016fv policejn\u00ed \u00fatvar bude m\u00edt spoustu pr\u00e1ce u\u017e tento podzim.<\/p>\n<\/div>\n<div align=\"justify\">\n<p>V \u010desk\u00e9 politice plat\u00ed, \u017ee nejradik\u00e1ln\u011bji vystupuj\u00ed ti, kdo se c\u00edt\u00ed ohro\u017eeni. T\u00edm se vrac\u00edm zp\u011bt ke kauze Dozimetr zm\u00edn\u011bn\u00e9 v \u00favodu. Pan V\u00edt Raku\u0161an nen\u00ed jen ministr vnitra a m\u00edstop\u0159edseda vl\u00e1dy, ale p\u0159edev\u0161\u00edm p\u0159edseda hnut\u00ed STAN. O n\u011bm ve Sn\u011bmovn\u011b \u0159ekl b\u00fdval\u00fd premi\u00e9r Andrej Babi\u0161:\u00a0<i><b>\u201eVl\u00e1dn\u00ed hnut\u00ed STAN je strana organizovan\u00e9ho zlo\u010dinu, korupci m\u00e1 v genech\u201c<\/b><\/i>. S ohledem na to, co v\u0161echno vych\u00e1z\u00ed najevo v \u0159\u00edzen\u00fdch \u00fanic\u00edch z policejn\u00edch spis\u016f zm\u00edn\u011bn\u00e9 kauzy, asi nen\u00ed daleko od pravdy. Sta\u010d\u00ed se pod\u00edvat do historie STAN.<\/p>\n<\/div>\n<\/div>\n<div id=\"zprava_text\" class=\"\">\n<div align=\"justify\">\n<p><strong>Jde o marketingov\u011b dob\u0159e zvl\u00e1dnut\u00fd politick\u00fd projekt, kter\u00fd t\u011b\u017eil z n\u00e1zvu uzmut\u00e9ho z komun\u00e1ln\u00ed politiky.<\/strong>\u00a0Hnut\u00ed dlouho bylo podmno\u017einou politick\u00e9 strany TOP 09, do vl\u00e1dy se vy\u0161plhalo po z\u00e1dech Pir\u00e1tsk\u00e9 strany ve volb\u00e1ch vloni. Aktu\u00e1ln\u00ed policejn\u00ed vy\u0161et\u0159ov\u00e1n\u00ed povzbudilo celou \u0159adu podnikatel\u016f a politik\u016f, aby popsali vnit\u0159n\u00ed pom\u011bry a sv\u00e9 zku\u0161enosti s otci zakladateli. Pokud dal\u0161\u00ed \u0161et\u0159en\u00ed jejich v\u00fdpov\u011bdi potvrd\u00ed, m\u00e9dia a politologov\u00e9 by m\u011bli opustit obl\u00edben\u00fd narativ o pror\u016fst\u00e1n\u00ed organizovan\u00e9ho zlo\u010dinu do politiky a st\u00e1tn\u00ed spr\u00e1vy. P\u0159esn\u011bj\u0161\u00ed definice by mohla zn\u00edt, \u017ee \u0161lo o zneu\u017eit\u00ed politiky pro p\u0159esm\u011brov\u00e1n\u00ed pen\u011b\u017en\u00edch tok\u016f. Jde o model vl\u00e1dnut\u00ed, kter\u00fd se ned\u00e1 odli\u0161it od zlo\u010dinn\u00e9ho spol\u010den\u00ed.<\/p>\n<\/div>\n<div align=\"justify\"><b>P\u0159edseda tohoto podivn\u00e9ho subjektu je ministrem vnitra.\u00a0<\/b>V\u016fbec se nediv\u00edm, \u017ee prosazuje vytvo\u0159en\u00ed nov\u00e9 politick\u00e9 policie. Zoufal\u00ed lid\u00e9 d\u011blaj\u00ed zoufal\u00e9 v\u011bci.<\/div>\n<\/div>\n<div align=\"justify\">\n<p><em><br \/>\nJaroslav Ba\u0161ta<\/em><\/p>\n<p>&nbsp;<\/p>\n<\/div>\n","protected":false},"excerpt":{"rendered":"<p>Kauza Dozimetr sice pomalu zapad\u00e1 do medi\u00e1ln\u00ed ba\u017einy, ale \u0161kody, kter\u00e9 nap\u00e1chala na pov\u011bsti hnut\u00ed&#8230;<\/p>\n","protected":false},"author":2,"featured_media":9439,"comment_status":"closed","ping_status":"closed","sticky":false,"template":"","format":"standard","meta":[],"categories":[6],"tags":[28,86,424,48],"_links":{"self":[{"href":"https:\/\/www.infokuryr.cz\/n\/wp-json\/wp\/v2\/posts\/12534"}],"collection":[{"href":"https:\/\/www.infokuryr.cz\/n\/wp-json\/wp\/v2\/posts"}],"about":[{"href":"https:\/\/www.infokuryr.cz\/n\/wp-json\/wp\/v2\/types\/post"}],"author":[{"embeddable":true,"href":"https:\/\/www.infokuryr.cz\/n\/wp-json\/wp\/v2\/users\/2"}],"replies":[{"embeddable":true,"href":"https:\/\/www.infokuryr.cz\/n\/wp-json\/wp\/v2\/comments?post=12534"}],"version-history":[{"count":0,"href":"https:\/\/www.infokuryr.cz\/n\/wp-json\/wp\/v2\/posts\/12534\/revisions"}],"wp:featuredmedia":[{"embeddable":true,"href":"https:\/\/www.infokuryr.cz\/n\/wp-json\/wp\/v2\/media\/9439"}],"wp:attachment":[{"href":"https:\/\/www.infokuryr.cz\/n\/wp-json\/wp\/v2\/media?parent=12534"}],"wp:term":[{"taxonomy":"category","embeddable":true,"href":"https:\/\/www.infokuryr.cz\/n\/wp-json\/wp\/v2\/categories?post=12534"},{"taxonomy":"post_tag","embeddable":true,"href":"https:\/\/www.infokuryr.cz\/n\/wp-json\/wp\/v2\/tags?post=12534"}],"curies":[{"name":"wp","href":"https:\/\/api.w.org\/{rel}","templated":true}]}}