{"id":12533,"date":"2022-07-19T02:36:42","date_gmt":"2022-07-19T00:36:42","guid":{"rendered":"http:\/\/www.infokuryr.cz\/n\/?p=12533"},"modified":"2022-07-19T02:36:42","modified_gmt":"2022-07-19T00:36:42","slug":"ta-davka-vam-to-ockovani-posili","status":"publish","type":"post","link":"https:\/\/www.infokuryr.cz\/n\/2022\/07\/19\/ta-davka-vam-to-ockovani-posili\/","title":{"rendered":"Ta d\u00e1vka v\u00e1m to o\u010dkov\u00e1n\u00ed pos\u00edl\u00ed!"},"content":{"rendered":"<div id=\"fb-root\"><\/div>\n<p><strong><em>Ta ka\u017ed\u00e1 ta d\u00e1vka v\u00e1m to o\u010dkov\u00e1n\u00ed pos\u00edl\u00ed. J\u00e1 tak\u00e9 douf\u00e1m, \u017ee lid\u00e9 u\u017e si zvykli, \u017ee to je skute\u010dn\u011b.., \u017ee ty mRNA vakc\u00edny jsou bezpe\u010dn\u00e9 a \u017ee prost\u011b ta ten p\u0159\u00ednos daleko p\u0159eva\u017euje rizika, to jsou ty plusy. Ty m\u00ednusy jsou trochu to, \u017ee bohu\u017eel je pravda, \u017ee ta imunita po tom o\u010dkov\u00e1n\u00ed v\u00e1m vydr\u017e\u00ed jen n\u011bjakou dobu.<\/em><\/strong><\/p>\n<p><em>Ale j\u00e1 s\u00e1m se chod\u00edm o\u010dkovat na ch\u0159ipku ka\u017ed\u00fd rok a v dob\u011b a kdy prost\u011b ta neo\u010dek\u00e1van\u00e1 vlna stoup\u00e1, j\u00e1 \u0159eknu m\u016fj p\u0159\u00edklad, spousta z n\u00e1s m\u011bla s tu posiluj\u00edc\u00ed d\u00e1vku loni na podzim a tohle u\u017e je \u010das j\u00edt na tu druhou posiluj\u00edc\u00ed d\u00e1vku (\u2026). Jak \u0159ik\u00e1m, ka\u017ed\u00e1 d\u00e1vka se po\u010d\u00edt\u00e1! Pokud se n\u011bkdo rozhodne, j\u00e1 si d\u00e1m jenom jednu d\u00e1vku, j\u00e1 prost\u011b tomu u\u017e v\u016fbec nev\u011b\u0159im, ale jednu d\u00e1vku si d\u00e1m, tak je to po\u0159\u00e1d lep\u0161\u00ed, ne\u017e kdy\u017e nebude m\u00edt \u017e\u00e1dnou d\u00e1vku. Pokud bude m\u00edt dv\u011b d\u00e1vky, pr\u00e1v\u011b vzhledem k tomu, jak ten kovid prost\u011b obch\u00e1z\u00ed tu\u2026 nebo jak ta imunita po tom o\u010dkov\u00e1n\u00ed vyvanuje, tak tak je samoz\u0159ejm\u011b dobr\u00e9 jako t\u011bch d\u00e1vek kolik jich m\u00e1 m\u00edt, co\u017e v tomhle p\u0159\u00edpad\u011b jak \u0159\u00edk\u00e1m u t\u011bch osob imunosuprimovan\u00fdch nad \u0161edes\u00e1t jsou dv\u011b posiluj\u00edc\u00ed plus ty dv\u011b z\u00e1kladn\u00ed u t\u011bch mRNA vakc\u00edn. Ale pokud se \u010dlov\u011bk rozhodne, \u017ee si prost\u011b d\u00e1 jen jednu d\u00e1vku, tak i to je dob\u0159e. Pokud nem\u00e1 \u017e\u00e1dnou d\u00e1vku, nikdy se nesetkal s omikronem, tak je v podstat\u011b v ohro\u017een\u00ed, proto\u017ee p\u0159i takov\u00e9hle naka\u017elivosti je u\u017e vlastn\u011b p\u0159ekvapiv\u00e9, \u017ee ten omikron \u017ee ten kovid se mu vyhnul.<\/em><\/p>\n<p>Pokud v\u00e1s zaj\u00edm\u00e1, co je to za \u0161\u00edlen\u00fd text a kde jsem to sehnal, tak se jedn\u00e1\u00a0<a href=\"https:\/\/ct24.ceskatelevize.cz\/domaci\/3514192-viru-je-v-populaci-vice-nez-vidime-na-testech-uvedl-smejkal-plosna-opatreni-ted-ale\">o vyj\u00e1d\u0159en\u00ed internisty Petra Smejkala na \u010cT1 dne 9.7.2022<\/a>. Pan Smejkal je \u00fadajn\u011b epidemiolog. Nena\u0161el jsem \u017e\u00e1dn\u00e9 relevantn\u00ed prameny, kter\u00e9 by nazna\u010dovaly, pro\u010d mu tak \u0159\u00edkat, sice zast\u00e1v\u00e1 post epidemiologa, ale to neznamen\u00e1, \u017ee j\u00edm tak\u00e9 je. Pan Smejkal je \u010dlen Iniciativy Sn\u00edh, \u010dlen Rady vl\u00e1dy pro zdravotn\u00ed rizika, v\u016fdce Mezioborov\u00e9 skupiny pro epidemick\u00e9 situace (MeSES) a favorizovan\u00fd v\u011bd\u00e1tor expremi\u00e9ra Babi\u0161e, kter\u00fd byl natolik \u0161\u00edlen\u00fd, \u017ee \u00fadajn\u011b hodlal pana Smejkala obda\u0159it ministersk\u00fdm k\u0159eslem. N\u011bjak z toho se\u0161lo a tak se pan Smejkal na n\u011bjakou dobu stal Babi\u0161ovou \u201etv\u00e1\u0159\u00ed boje s covidem\u201c. Pozorn\u011b si p\u0159e\u010dt\u011bte, jak je to s t\u011bmi d\u00e1vkami, kter\u00e9 si m\u00e1te \u201ed\u00e1t\u201c a moc o tom nep\u0159em\u00fd\u0161let, proto\u017ee \u201ev\u00e1m to to o\u010dkov\u00e1n\u00ed pos\u00edl\u00ed\u201c. Poslechnete si v\u0161echna ta odborn\u00e1 vyj\u00e1d\u0159en\u00ed, jak ta imunita \u201evyvanuje\u201c a \u0159eknete si, \u017ee to je asi stejn\u00e9, jako kdy\u017e se pomocn\u00fd stavebn\u00ed d\u011bln\u00edk Venca Vom\u00e1\u010dka v hospod\u011b po osm\u00e9m piv\u011b pono\u0159\u00ed do t\u00e9matu epidemiologie. Nicm\u00e9n\u011b bu\u010fte v klidu, toto dementn\u00ed bl\u00e1bolen\u00ed nepoch\u00e1z\u00ed z n\u011bjak\u00e9 lacin\u00e9 hospody, ale z hlavn\u00edho ve\u0159ejnopr\u00e1vn\u00edho zpravodajsk\u00e9ho kan\u00e1lu.<\/p>\n<p>No, p\u0159edstavme si t\u0159eba, \u017ee vedete pohovor s uchaze\u010dem o zam\u011bstn\u00e1n\u00ed a to sice na stran\u011b zam\u011bstnavatele. A jako kandid\u00e1t se objev\u00ed P\u00e9\u0165a Smejkal, vy po n\u011bm chcete, aby nast\u00ednil n\u011bjak\u00e9 t\u00e9ma ze sv\u00e9 profesn\u00ed minulosti a on pronese takov\u00fd sp\u00ed\u010d. Co byste s n\u00edm asi ud\u011blali.<\/p>\n<p>Pan\u00ed redaktorka tam sed\u00ed a v\u016fbec nic j\u00ed nen\u00ed divn\u00e9ho. Poslouch\u00e1 to \u017evatl\u00e1n\u00ed, takovou zvl\u00e1\u0161tn\u00ed pandemickou muppet show, a v\u016fbec nem\u00e1 pot\u0159ebu n\u011bco ud\u011blat. Ur\u010dit\u011b n\u011bco vystudovala a ur\u010dit\u011b m\u00e1 n\u011bjakou praxi, s t\u00edmhle zoufalcem nevede jej\u00ed prvn\u00ed interview, tak\u017ee pravd\u011bpodobn\u011b dovede rozpoznat, kdy host m\u00e1 co \u0159\u00edct a kdy jen ml\u00e1t\u00ed pr\u00e1zdnou sl\u00e1mu. Nicm\u00e9n\u011b nem\u00e1 pot\u0159ebu se jakkoli pt\u00e1t ani ukon\u010dit tohle verb\u00e1ln\u00ed flatulov\u00e1n\u00ed, ch\u00e1pav\u011b hled\u00ed na plkaj\u00edc\u00ed tv\u00e1\u0159 boje s virem a tv\u00e1\u0159\u00ed se, \u017ee to, co se tam d\u011bje, je akceptovateln\u00e9.<\/p>\n<p>Na jej\u00edm m\u00edst\u011b by mi pravd\u011bpodobn\u011b byla cel\u00e1 \u0159ada v\u011bc\u00ed divn\u00fdch a\u017e znepokojiv\u00fdch. Nebylo by mi nap\u0159\u00edklad jasn\u00e9, pro\u010d se epidemiolog vyjad\u0159uje k o\u010dkov\u00e1n\u00ed. To p\u0159ece nen\u00ed v\u016fbec jeho obor. D\u00e1l bych se zam\u011b\u0159il na to, pro\u010d covidov\u00fd komediant neuv\u00e1d\u00ed \u017e\u00e1dn\u00e1 \u010d\u00edsla. To p\u0159ece takov\u00fd prominentn\u00ed \u010dlen skupiny Sn\u00edh, spolku v\u011bdecko-politick\u00fdch lh\u00e1\u0159\u016f, pardon, vysoce erudovan\u00fdch bojovn\u00edk\u016f s tamtou pandemi\u00ed, mus\u00ed sypat z ruk\u00e1vu. Kdo nem\u00e1 \u010d\u00edsla, ten je jen \u010dlov\u011bk s n\u00e1zorem. D\u00e1l bych se pana \u017dvatlala zeptal na to, pro\u010d doporu\u010duje lidem t\u0159et\u00ed d\u00e1vku vakc\u00edny, kter\u00e1 nyn\u00ed zhruba dva roky od uveden\u00ed na trh a rok a p\u016fl od po\u010d\u00e1tku masov\u00e9 aplikace m\u00e1 po\u0159\u00e1d je\u0161t\u011b v Evrop\u011b pouze podm\u00edne\u010dn\u00e9 schv\u00e1len\u00ed, a pro\u010d si mysl\u00ed, \u017ee tomu tak je. D\u00e1le bych se t\u00e1zal, pro\u010d vlastn\u011b doporu\u010duje lidem, aby do sebe n\u011bco \u0161lehli off label, p\u0159\u00edpadn\u011b aby to do sebe \u0161lehli off label hned dvakr\u00e1t. Bude p\u0159\u00ed\u0161t\u011b doporu\u010dovat lidem, aby do sebe \u0161lehli pern\u00edk? Proto\u017ee to je princip\u00e1ln\u011b zhruba stejn\u00e9. Jedni tvrd\u00ed, \u017ee je to prima, druz\u00ed tvrd\u00ed, \u017ee je to \u0161patn\u00e9, ale ani pro jednoho to nen\u00ed bezpe\u010dn\u00e9.<\/p>\n<p>Tak\u00e9 bych se ptal pana \u201eepidemiologa\u201c, jak\u00fd spat\u0159uje smysl v tom vst\u0159ikovat do lid\u00ed o\u010dkovac\u00ed l\u00e1tku vytvo\u0159enou na dva roky starou variantu viru z laborky ve Wuxanu, kdy\u017e sami j\u00e1nev\u00edm\u010dehov\u0161ehologov\u00e9 shoduj\u00ed na tom, \u017ee dne\u0161n\u00ed varianty jsou v podstat\u011b \u00fapln\u011b jin\u00fdm virem?<\/p>\n<p>Obecn\u011b m\u011b fascinuje lehkov\u00e1\u017enost, s jakou pan Smejkal \u017eongluje s t\u011bmi d\u00e1vkami. Dejte si tuhle d\u00e1vku, dejte si tamtu d\u00e1vku, t\u0159et\u00ed d\u00e1vku, \u010dtvrtou d\u00e1vku. Perte to tam pod tlakem. Jako l\u00e9ka\u0159 p\u0159ece mus\u00ed v\u011bd\u011bt, \u017ee ve\u0161ker\u00e9 l\u00e9ky bez v\u00fdjimky maj\u00ed vedlej\u0161\u00ed \u00fa\u010dinky. V p\u0159\u00edpad\u011b genov\u00fdch vakc\u00edn na covid jsou dlouhodob\u00e9 vedlej\u0161\u00ed \u00fa\u010dinky nezn\u00e1m\u00e9 a kolem kr\u00e1tkodob\u00fdch se masivn\u011b lhalo, p\u0159i\u010dem\u017e n\u011bkter\u00e9 za\u010d\u00ednaj\u00ed vych\u00e1zet na povrch teprve te\u010f, na konci produktov\u00e9ho cyklu prvn\u00ed generace \u0161makul\u00e1d. Nyn\u00ed se m\u00edchaj\u00ed zase n\u011bjak\u00e9 ty nov\u00e9 genov\u00e9 \u0161makul\u00e1dy a brzy se do\u010dk\u00e1me podobn\u00e9ho procesu, jak\u00fd demonstroval marketingov\u00fd t\u00fdm tov\u00e1rn\u00edka Bierhanzla v komedii \u201eRozpu\u0161t\u011bn\u00fd a vypu\u0161t\u011bn\u00fd\u201c. Ten vyr\u00e1b\u011bl mast proti ple\u0161at\u011bn\u00ed, kter\u00e1 ve skute\u010dnosti zp\u016fsobovala prav\u00fd opak. Kdy\u017e m\u011bl n\u011bkdo vedlej\u0161\u00ed \u00fa\u010dinky, tak ho nechal zav\u0159\u00edt do sanatoria. Potajmu pod vlivem reakce trhu upravil recepturu tak, \u017ee zam\u011bnil slepi\u010d\u00ed vejce za kachn\u00ed. Jeho marketingov\u00e9 odd\u011blen\u00ed p\u0159ipustilo, \u017ee mast ze slepi\u010d\u00edch vajec byla v\u00e1\u017en\u011b dry\u00e1k, ale s t\u011bmi kachn\u00edmi vejci se to jakoby spravilo. Tady to bude podobn\u011b, n\u011bkdy tak za t\u0159i m\u011bs\u00edce se dozv\u00edme, \u017ee ty vakc\u00edny prvn\u00ed generace byly v\u00e1\u017en\u011b dry\u00e1k, ale tyhle nov\u00e9 \u017ee u\u017e jsou v pohod\u011b, proto\u017ee kachn\u00ed vejce. Ka\u017ed\u00fd by m\u011bl proto pe\u010dliv\u011b v\u00e1\u017eit, co do sebe nech\u00e1v\u00e1 p\u00edchat a p\u0159\u00edstup \u201edejte si d\u00e1vku, hahaha\u201c mi p\u0159ipad\u00e1 skute\u010dn\u011b krajn\u011b nedbal\u00fd,<\/p>\n<p>Ale hlavn\u011b, kdybych m\u011bl tu p\u0159\u00edle\u017eitost sed\u011bt na \u017eidli kr\u00e1sn\u00e9 pan\u00ed redaktorky, dot\u00e1zal bych se tv\u00e1\u0159e covidu na\u00a0<a href=\"https:\/\/ockovani.opendatalab.cz\/statistiky_srovnani#srovnani\">tento graf<\/a>. Je v rozporu se v\u0161\u00edm, co n\u00e1m covidov\u00ed \u201ev\u011bdci\u201c kdy \u0159ekli a sou\u010dasn\u011b je ze zcela ofici\u00e1ln\u00edch zdroj\u016f.<\/p>\n<div id=\"attachment_33531\" class=\"wp-caption aligncenter\" style=\"width: 732px;\"><a href=\"https:\/\/dfens-cz.com\/wp-content\/uploads\/2022\/07\/graf_3davka_nakazeni.jpg\"><img decoding=\"async\" loading=\"lazy\" class=\"wp-image-33531 \" src=\"https:\/\/dfens-cz.com\/wp-content\/uploads\/2022\/07\/graf_3davka_nakazeni-1024x663.jpg\" sizes=\"(max-width: 639px) 100vw, 639px\" srcset=\"https:\/\/dfens-cz.com\/wp-content\/uploads\/2022\/07\/graf_3davka_nakazeni-1024x663.jpg 1024w, https:\/\/dfens-cz.com\/wp-content\/uploads\/2022\/07\/graf_3davka_nakazeni-300x194.jpg 300w, https:\/\/dfens-cz.com\/wp-content\/uploads\/2022\/07\/graf_3davka_nakazeni-768x497.jpg 768w, https:\/\/dfens-cz.com\/wp-content\/uploads\/2022\/07\/graf_3davka_nakazeni.jpg 1127w\" alt=\"\" width=\"732\" height=\"474\" aria-describedby=\"caption-attachment-33531\" \/><\/a><\/p>\n<p id=\"caption-attachment-33531\" class=\"wp-caption-text\">Zdroj: OpenDataLab. Data poch\u00e1z\u00ed z opendat Ministerstva zdravotnictv\u00ed \u010cR a od Centr\u00e1ln\u00edho \u0159\u00edd\u00edc\u00edho t\u00fdmu COVID-19 (C\u0158T).<\/p>\n<\/div>\n<p>&nbsp;<\/p>\n<p>Pozoruji tento graf u\u017e del\u0161\u00ed dobu a vypad\u00e1 t\u00fdden co t\u00fdden p\u0159ibli\u017en\u011b stejn\u011b. Jedn\u00e1 se o grafick\u00e9 zn\u00e1zorn\u011bn\u00ed po\u010dtu naka\u017een\u00fdch ve t\u0159ech kategori\u00edch, a to sice neo\u010dkovan\u00e9 osoby (modr\u00fd sloupec), osoby s ukon\u010den\u00fdm o\u010dkov\u00e1n\u00edm (tzn. dv\u011b d\u00e1vky genov\u00e9 \u0161makul\u00e1dy, oran\u017eov\u00fd sloupec) a osoby, kter\u00e9 si nechaly od vl\u00e1dy off label \u0161lehnout tzv. \u201eposiluj\u00edc\u00ed d\u00e1vku\u201c (zelen\u00fd sloupec).<\/p>\n<p>Mimochodem miluji ten marketingov\u00fd pojem. \u201ePosiluj\u00edc\u00ed d\u00e1vka\u201c. To je super v\u011bc. N\u011bco co n\u00e1s pos\u00edl\u00ed. To se p\u0159ece ned\u00e1 odm\u00edtnout. Ale skute\u010dn\u011b n\u00e1s to pos\u00edl\u00ed? Blbce tedy ur\u010dit\u011b, ale co ti ostatn\u00ed? Jak ti na tom budou, a\u017e si slovy pana Smejkala \u201edaj\u00ed d\u00e1vku\u201c?<\/p>\n<p>Vid\u00edme v n\u011bm, \u017ee nap\u0159\u00edklad ve v\u011bkov\u00e9 kategorii 40-49 je pod\u00edl nov\u011b naka\u017een\u00fdch neo\u010dkovan\u00fdch 45,5 na 100 tis\u00edc, pln\u011b o\u010dkovan\u00fdch 43.9 na 100 tis\u00edc a nad\u0161enc\u016f se \u0161makul\u00e1dou 80,2 na 100 tis\u00edc osob v p\u0159\u00edslu\u0161n\u00e9 skupin\u011b populace. Prvn\u00ed z\u00e1v\u011br je, \u017ee o\u010dkov\u00e1n\u00ed nem\u00e1 na pravd\u011bpodobnost n\u00e1kazy t\u00edm stra\u0161n\u00fdm virem \u017e\u00e1dn\u00fd vliv, proto\u017ee mezi oran\u017eov\u00fdm a modr\u00fdm sloupcem nen\u00ed velk\u00fd rozd\u00edl. Rozd\u00edl mezi zelen\u00fdm a modr\u00fdm sloupcem je v\u0161ak signifikantn\u00ed. Pravd\u011bpodobnost, \u017ee se nakaz\u00edte, je s \u201eposiluj\u00edc\u00ed\u201c d\u00e1vkou zhruba dvojn\u00e1sobn\u00e1 ne\u017e bez n\u00ed. To plat\u00ed pro v\u0161echny v\u011bkov\u00e9 kategorie vyjma t\u00e9 nejstar\u0161\u00ed, kde nen\u00ed rozd\u00edlu mezi pln\u011b o\u010dkovan\u00fdmi a osobami s \u201eposiluj\u00edc\u00ed d\u00e1vkou\u201c. V t\u00e9to t\u0159et\u00ed kategorii sou\u010dasn\u011b nen\u00ed dost osob na to, aby se z toho daly vyvozovat n\u011bjak\u00e9 dalekos\u00e1hl\u00e9 z\u00e1v\u011bry.<\/p>\n<p>Graf zpracovala datov\u00e1 laborato\u0159 \u010cVUT. \u010cVUT je d\u016fv\u011bryhodn\u00e1 instituce, nen\u00ed jako Kulveit s Ludwigem, a sv\u00e9 p\u0159ehledy tvo\u0159\u00ed na z\u00e1klad\u011b dat z Du\u0161kova centra datov\u00e9ho blouzn\u011bn\u00ed, co\u017e je op\u011bt ofici\u00e1ln\u00ed zdroj. O nezaujatosti datov\u00fdch v\u011bdc\u016f z \u010cVUT lze p\u0159esto pochybovat, ale ub\u00edr\u00e1 se sp\u00ed\u0161e t\u00edm mainstream sm\u011brem, jak nasv\u011bd\u010duje pon\u011bkud neobvykl\u00e9 pojet\u00ed popisk\u016f nad jednotliv\u00fdmi sloupci. Ty nejsou vyj\u00e1d\u0159eny jako n\u00e1sobek po\u010dtu naka\u017een\u00fdch ve v\u00fdchoz\u00ed kategorii neo\u010dkovan\u00fdch, ale jejich pod\u00edl, tedy \u201ekolikr\u00e1t se sloupec vejde do toho modr\u00e9ho\u201c. To je jist\u011b podivn\u00e9 a neintuitivn\u00ed.<\/p>\n<p>Po\u010det naka\u017een\u00fdch je v\u017edy vzta\u017een na velikost skupiny, je tedy normalizovan\u00fd. Rozd\u00edln\u00e1 velikost jednotliv\u00fdch skupin v populaci tak nehraje roli.<\/p>\n<p>Pro\u010d se pan\u00ed redaktorka nept\u00e1 pana Smejkala, ale i dal\u0161\u00edch v\u010deli\u010dk\u00e1\u0159\u016f a covidov\u00fdch fake expert\u016f, jak\u00e1 je p\u0159\u00ed\u010dina tohoto jevu, kter\u00fd p\u0159esahuje obvyklou statistickou chybu? V\u0161echna vysv\u011btlen\u00ed jsou v tuto chv\u00edli mo\u017en\u00e1. M\u016f\u017ee se jednat o koincidenci, proto\u017ee t\u0159ikr\u00e1t o\u010dkovan\u00e9 osoby n\u00e1hodn\u011b d\u011blaj\u00ed je\u0161t\u011b n\u011bco dal\u0161\u00edho, co je vystavuje vysok\u00e9mu riziku n\u00e1kazy. Nebo korelaci, kdy statistick\u00e1 skupina \u201et\u0159ikr\u00e1t o\u010dkov\u00e1n\u00ed\u201c vykazuje v souvislosti s demonstrovanou ochotou nechat se o\u010dkovat je\u0161t\u011b n\u011bjakou zcela nesouvisej\u00edc\u00ed dal\u0161\u00ed charakteristiku, kv\u016fli kter\u00e9 jsou n\u00e1padn\u00ed v PCR testu? Nebo tak\u00e9 kauzalitu, kdy \u201eposiluj\u00edc\u00ed\u201c d\u00e1vka je ve skute\u010dnosti oslabuj\u00edc\u00ed a m\u00e1 za n\u00e1sledek, \u017ee t\u0159ikr\u00e1t o\u010dkovan\u00e9 osoby jsou n\u00e1chyln\u011bj\u0161\u00ed k n\u00e1kaze? V p\u0159\u00edpad\u011b, \u017ee mezi \u201eposiluj\u00edc\u00ed\u201c oslabuj\u00edc\u00ed d\u00e1vkou a zv\u00fd\u0161enou pravd\u011bpodobnost\u00ed n\u00e1kazy existuje p\u0159\u00ed\u010dinn\u00e1 souvislost, je to krajn\u011b alarmuj\u00edc\u00ed zji\u0161t\u011bn\u00ed. Kdo se nenakaz\u00ed, ten nem\u016f\u017ee onemocn\u011bt ani nakazit dal\u0161\u00ed, z tohoto pohledu se Smejkalovy t\u0159et\u00ed, \u010dtvrt\u00e1 a j\u00e1 nev\u00edm jak\u00e1 dal\u0161\u00ed d\u00e1vka jev\u00ed jako \u010dist\u011b kontraproduktivn\u00ed. Tak\u00e9 je mo\u017en\u00e9, \u017ee takov\u00e9 osoby budou n\u00e1chyln\u00e9 i jin\u00fdm nemocem. V\u00e1\u017en\u011b tohle n\u011bkdo chce na sob\u011b testovat? Lid\u00e9 jako pan Smejkal tady maj\u00ed mnoh\u00e9 k vysv\u011btlov\u00e1n\u00ed.<\/p>\n<p>Kdy\u017e se redaktor TV Nova Sucho\u0148 zachoval neuctiv\u011b (mn\u011b na tom nic neuctiv\u00e9ho nep\u0159i\u0161lo) k MUDr. Kubkovi, kter\u00fd provozuje pon\u011bkud jin\u00fd druh pandemick\u00e9 show ne\u017e plkaj\u00edc\u00ed Smejkal, dostal distanc a pozd\u011bji pad\u00e1ka. Covid games byly nejen selh\u00e1n\u00edm expert\u016f a ve\u0159ejn\u00fdm poh\u0159bem fact based medicine a v\u011bdy, ale p\u0159edev\u0161\u00edm selh\u00e1n\u00edm m\u00e9di\u00ed. Hl\u00eddac\u00ed pejsek demokracie slint\u00e1 na \u0159et\u011bzu u boudy a zcela nekritick\u00fd se l\u00eds\u00e1 k noh\u00e1m fake expert\u016f, vykazuj\u00edc\u00edm, kulantn\u011b \u0159e\u010deno, ohromn\u00e9 odborn\u00e9 a inteligen\u010dn\u00ed deficity.<\/p>\n<p>A taky je t\u0159eba si vzpomenout, jak dopadl Bierhanzl.<\/p>\n<p><a href=\"https:\/\/dfens-cz.com\/ta-davka-vam-to-ockovani-posili\/\">D-FENS<\/a><\/p>\n<p>&nbsp;<\/p>\n","protected":false},"excerpt":{"rendered":"<p>Ta ka\u017ed\u00e1 ta d\u00e1vka v\u00e1m to o\u010dkov\u00e1n\u00ed pos\u00edl\u00ed. J\u00e1 tak\u00e9 douf\u00e1m, \u017ee lid\u00e9 u\u017e si&#8230;<\/p>\n","protected":false},"author":2,"featured_media":11677,"comment_status":"closed","ping_status":"closed","sticky":false,"template":"","format":"standard","meta":[],"categories":[6],"tags":[23,115,694,213,651],"_links":{"self":[{"href":"https:\/\/www.infokuryr.cz\/n\/wp-json\/wp\/v2\/posts\/12533"}],"collection":[{"href":"https:\/\/www.infokuryr.cz\/n\/wp-json\/wp\/v2\/posts"}],"about":[{"href":"https:\/\/www.infokuryr.cz\/n\/wp-json\/wp\/v2\/types\/post"}],"author":[{"embeddable":true,"href":"https:\/\/www.infokuryr.cz\/n\/wp-json\/wp\/v2\/users\/2"}],"replies":[{"embeddable":true,"href":"https:\/\/www.infokuryr.cz\/n\/wp-json\/wp\/v2\/comments?post=12533"}],"version-history":[{"count":0,"href":"https:\/\/www.infokuryr.cz\/n\/wp-json\/wp\/v2\/posts\/12533\/revisions"}],"wp:featuredmedia":[{"embeddable":true,"href":"https:\/\/www.infokuryr.cz\/n\/wp-json\/wp\/v2\/media\/11677"}],"wp:attachment":[{"href":"https:\/\/www.infokuryr.cz\/n\/wp-json\/wp\/v2\/media?parent=12533"}],"wp:term":[{"taxonomy":"category","embeddable":true,"href":"https:\/\/www.infokuryr.cz\/n\/wp-json\/wp\/v2\/categories?post=12533"},{"taxonomy":"post_tag","embeddable":true,"href":"https:\/\/www.infokuryr.cz\/n\/wp-json\/wp\/v2\/tags?post=12533"}],"curies":[{"name":"wp","href":"https:\/\/api.w.org\/{rel}","templated":true}]}}