{"id":12526,"date":"2022-07-19T02:08:01","date_gmt":"2022-07-19T00:08:01","guid":{"rendered":"http:\/\/www.infokuryr.cz\/n\/?p=12526"},"modified":"2022-07-19T02:57:48","modified_gmt":"2022-07-19T00:57:48","slug":"ukrajinsti-spratkove-s-cigaretami-vyhaneli-z-hriste-ceske-dite-a-zasypali-i-jeho-otce-vulgarnimi-nadavkami","status":"publish","type":"post","link":"https:\/\/www.infokuryr.cz\/n\/2022\/07\/19\/ukrajinsti-spratkove-s-cigaretami-vyhaneli-z-hriste-ceske-dite-a-zasypali-i-jeho-otce-vulgarnimi-nadavkami\/","title":{"rendered":"Ukrajin\u0161t\u00ed spratkov\u00e9 s cigaretami vyh\u00e1n\u011bli z h\u0159i\u0161t\u011b \u010desk\u00e9 d\u00edt\u011b a zasypali i jeho otce vulg\u00e1rn\u00edmi nad\u00e1vkami!"},"content":{"rendered":"<div id=\"fb-root\"><\/div>\n<h4>Ukrajin\u0161t\u00ed spratkov\u00e9 s cigaretami vyh\u00e1n\u011bli z h\u0159i\u0161t\u011b \u010desk\u00e9 d\u00edt\u011b a zasypali i jeho otce vulg\u00e1rn\u00edmi nad\u00e1vkami! \u0160okuj\u00edc\u00ed z\u00e1b\u011bry, kter\u00e9 v \u010cesk\u00e9 televizi neuvid\u00edte! Ukrajinsk\u00e9 d\u011bti jsou v \u010cR obvykle jen s matkami, tak\u017ee d\u011bti vyr\u016fstaj\u00ed bez otc\u016f a bez dozoru! Pomalu za\u010d\u00ednaj\u00ed vznikat gangy ukrajinsk\u00e9 ml\u00e1de\u017ee, kter\u00e9 za\u010d\u00ednaj\u00ed ovl\u00e1dat ulice! Prvn\u00ed d\u016fsledek Fialovy \u0161\u00edlen\u00e9 ukrajinizace republiky, lid\u00e9 se ptaj\u00ed, pro\u010d ti uprchl\u00edci nejsou v \u010cR zav\u0159en\u00ed v uprchlick\u00fdch t\u00e1borech jako v\u0161ichni ostatn\u00ed migranti ze sv\u011bta? Pro\u010d maj\u00ed Ukrajinci od Raku\u0161ana v\u00fdjimky pro voln\u00fd pohyb na \u00fazem\u00ed republiky?<\/h4>\n<p>Na\u0161e redakce obdr\u017eela upozorn\u011bn\u00ed na naprosto neuv\u011b\u0159iteln\u00e9 a d\u011bsiv\u00e9 video z Brna, kter\u00e9 zachycuje konflikt otce mal\u00e9ho chlapce, kter\u00e9ho vyhnala z d\u011btsk\u00e9ho skateboardov\u00e9ho h\u0159i\u0161t\u011b skupinka ukrajinsk\u00fdch v\u00fdrostk\u016f.\u00a0<strong>Ukrajinsk\u00e9 d\u011bti \u010desk\u00e9ho chlapce vyhnali se slovy, \u017ee tam nem\u00e1 co pohled\u00e1vat, \u017ee to je jejich. Na m\u00edsto se ale dostavil otec \u010desk\u00e9ho d\u00edt\u011bte a nato\u010dil na telefon z\u00e1b\u011bry, ze kter\u00fdch doslova jde hlava kolem.<\/strong>\u00a0Kdy\u017e se toti\u017e za\u010dal ukrajinsk\u00fdch chlapc\u016f pt\u00e1t, \u017ee co to m\u00e1 znamenat, \u017ee jeho d\u00edt\u011b nesm\u00ed na h\u0159i\u0161ti jezdit, tak se mu dostalo vulg\u00e1rn\u00ed odpov\u011bdi od jednoho z ukrajinsk\u00fdch v\u00fdrostk\u016f, \u017ee pokud se tam jeho d\u00edt\u011b vr\u00e1t\u00ed, tak ho \u201crozjebou\u201d.<\/p>\n<p>Otec chlapce ani nev\u011b\u0159il vlastn\u00edm u\u0161\u00edm. A to nebylo v\u0161echno. Ukrajin\u0161t\u00ed spratkov\u00e9 za\u010dali celou v\u011bc komentovat slovy, \u017ee otec toho d\u00edt\u011bte je \u201cchuj\u201d a dal\u0161\u00ed koment\u00e1\u0159e. Samotn\u00e9 video ukazuje d\u016fsledek nezvl\u00e1dnut\u00e9 migra\u010dn\u00ed politiky Fialovy vl\u00e1dy, kter\u00e1 pustila do ulic statis\u00edce Ukrajinc\u016f, ani\u017e by tito uprchl\u00edci byli z bezpe\u010dnostn\u00edch d\u016fvod\u016f v uprchlick\u00fdch t\u00e1borech, jako je tomu zvykem v\u0161ude jinde ve sv\u011bt\u011b, kde uprchl\u00edci nemaj\u00ed dovoleno se pohybovat v populaci a mus\u00ed b\u00fdt v uprchlick\u00fdch t\u00e1borech.<\/p>\n<h6><span style=\"font-size: 18pt;\">Ukrajin\u0161t\u00ed migranti v \u010cR na rozd\u00edl od Turecka nebo Libanonu neskon\u010dili v uprchlick\u00fdch t\u00e1borech, ale rovnou mezi m\u00edstn\u00ed populac\u00ed. Vl\u00e1da jim obratem ud\u011blila azylov\u00e9 statusy<\/span><\/h6>\n<p>Toto mimochodem plat\u00ed i v \u010cR, kde v uprchlick\u00fdch centrech jsou dr\u017eeni uprchl\u00edci z cel\u00e9ho sv\u011bta v dob\u011b, kdy maj\u00ed za\u017e\u00e1d\u00e1no o azyl, na kter\u00fd \u010dekaj\u00ed mnohdy i dva roky.\u00a0<strong>Fialova vl\u00e1da si ale v\u011bc s Ukrajinci zjednodu\u0161ila. \u00dapln\u011b v\u0161em ud\u011blila automaticky statusy azylant\u016f s povolen\u00edm k pobytu v \u010cR, a to bianco a bez spolupr\u00e1ce s bezpe\u010dnostn\u00edmi org\u00e1ny Ukrajiny<\/strong>, ani bez konzultace s Ukrajinsk\u00fdmi odbory p\u00e9\u010de o ml\u00e1de\u017e, kter\u00e9 registruj\u00ed mlad\u00e9 delikventy, \u010dleny gang\u016f, mladistv\u00e9 pachatele trestn\u00e9 \u010dinnosti, chovance z pas\u0165\u00e1k\u016f. Ti v\u0161ichni byli propu\u0161t\u011bni a evakuov\u00e1ni do EU. Nen\u00ed jasn\u00e9, kolik je v \u010cR norm\u00e1ln\u00edch ukrajinsk\u00fdch d\u011bt\u00ed, a kolik d\u011bt\u00ed naopak m\u00e1 prokazateln\u011b z\u00e1vadov\u00fd p\u016fvod a s n\u00edm spojen\u00e9 z\u00e1vadov\u00e9 chov\u00e1n\u00ed.<\/p>\n<figure id=\"attachment_50735\" class=\"wp-caption aligncenter\" style=\"width: 686px;\"><a href=\"https:\/\/aeronet.news\/wp-content\/uploads\/ZelenskyWarsawUSEmbassy.jpg\"><img decoding=\"async\" loading=\"lazy\" class=\"wp-image-50735 \" src=\"https:\/\/aeronet.news\/wp-content\/uploads\/ZelenskyWarsawUSEmbassy-1024x673.jpg\" sizes=\"(max-width: 700px) 100vw, 700px\" srcset=\"https:\/\/aeronet.news\/wp-content\/uploads\/ZelenskyWarsawUSEmbassy-1024x673.jpg 1024w, https:\/\/aeronet.news\/wp-content\/uploads\/ZelenskyWarsawUSEmbassy-300x197.jpg 300w, https:\/\/aeronet.news\/wp-content\/uploads\/ZelenskyWarsawUSEmbassy-768x505.jpg 768w, https:\/\/aeronet.news\/wp-content\/uploads\/ZelenskyWarsawUSEmbassy-700x460.jpg 700w, https:\/\/aeronet.news\/wp-content\/uploads\/ZelenskyWarsawUSEmbassy-100x65.jpg 100w, https:\/\/aeronet.news\/wp-content\/uploads\/ZelenskyWarsawUSEmbassy-543x357.jpg 543w, https:\/\/aeronet.news\/wp-content\/uploads\/ZelenskyWarsawUSEmbassy-734x483.jpg 734w, https:\/\/aeronet.news\/wp-content\/uploads\/ZelenskyWarsawUSEmbassy.jpg 1078w\" alt=\"\" width=\"686\" height=\"451\" \/><\/a><figcaption class=\"wp-caption-text\">Volodymyr Zelensk\u00fd v polsk\u00e9m televizn\u00edm studiu v P\u0159emy\u0161li b\u011bhem evakuace z Kyjeva<\/figcaption><\/figure>\n<p>Ukrajinsk\u00e9 d\u011bti nap\u0159. v\u016fbec nemus\u00ed p\u0159i azylov\u00e9m \u0159\u00edzen\u00ed v \u010cR p\u0159edkl\u00e1dat vysv\u011bd\u010den\u00ed z ukrajinsk\u00fdch \u0161kol, tak\u017ee nen\u00ed mo\u017en\u00e9 identifikovat z\u00e1vadovou ml\u00e1de\u017e, kter\u00e1 m\u00e1 obvykle na ukrajinsk\u00fdch vysv\u011bd\u010den\u00edch na zadn\u00ed stran\u011b upozorn\u011bn\u00ed na v\u00fdchovn\u00e1 opat\u0159en\u00ed \u010di rozhodnut\u00ed soud\u016f apod. A to nen\u00ed v\u0161echno.\u00a0<strong>V kv\u011btnu dokonce vy\u0161el v \u010cR \u010dl\u00e1nek [<a href=\"https:\/\/href.li\/?https:\/\/vikend.hn.cz\/c1-67069320-deti-valky-do-ceska-uprchla-stovka-ukrajinskych-teenageru-bez-rodicu-co-tu-prozivaji\" target=\"_blank\" rel=\"nofollow noopener\">1<\/a>] o tom, \u017ee z Ukrajiny do \u010ceska uprchla stovka mlad\u00edk\u016f, a to na vlastn\u00ed p\u011bst, \u00fapln\u011b bez rodi\u010d\u016f.<\/strong>\u00a0Nam\u00edsto toho, aby nastoupil do akce OSPOD, tak d\u011bti pr\u00fd bydl\u00ed na ubytovn\u00e1ch, studuj\u00ed \u0161kolu online a hledaj\u00ed bydlen\u00ed na priv\u00e1tu a jsou ochotny pomoci s dom\u00e1c\u00edmi pracemi.<\/p>\n<p>Tohle se norm\u00e1ln\u011b \u010dte doslova jako rozpr\u00e1vka str\u00fd\u010dka Jedli\u010dky, proto\u017ee to je doslova jako story z jin\u00e9ho sv\u011bta. Za norm\u00e1ln\u00edch okolnost\u00ed by nasko\u010dila do akce soci\u00e1lka a nezletil\u00e9 d\u00edt\u011b by \u0161lo k p\u011bstoun\u016fm nebo do st\u00e1tn\u00edho za\u0159\u00edzen\u00ed. Tady se v\u0161ak zd\u00e1, \u017ee ukrajin\u0161t\u00ed nezletilci bez rodi\u010d\u016f vyrazili do EU, bydl\u00ed po ubytovn\u00e1ch a hledaj\u00ed si pr\u00e1ci. A ti, kte\u0159\u00ed pr\u00e1ci nenajdou, se poflakuj\u00ed po parc\u00edch a po h\u0159i\u0161t\u00edch, kde kou\u0159\u00ed cigarety a \u0161ikanuj\u00ed m\u00edstn\u00ed \u010desk\u00e9 d\u011bti.<\/p>\n<h6><span style=\"font-size: 18pt;\">Fialova vl\u00e1da chce v \u010cesku prov\u00e9st to sam\u00e9, co ud\u011blal s Franci\u00ed Charles De Gaulle po skon\u010den\u00ed al\u017e\u00edrsk\u00e9 v\u00e1lky<\/span><\/h6>\n<p>Turecko dr\u017e\u00ed v\u0161echny uprchl\u00edky ve vybudovan\u00fdch uprchlick\u00fdch t\u00e1borech, kter\u00e9 hl\u00edd\u00e1 tureck\u00e1 arm\u00e1da. Libanon i Jord\u00e1nsko to maj\u00ed s uprchlick\u00fdmi t\u00e1bory \u00fapln\u011b stejn\u011b za\u0159\u00edzen\u00e9. Pouze evropsk\u00e9 zem\u011b se v roce 2022 rozhodly, \u017ee uprchl\u00e9 Ukrajince nebudou dr\u017eet v uprchlick\u00fdch t\u00e1borech, ale vypust\u00ed je hned mezi ve\u0159ejnost, do ulic, do \u0161kol, prost\u011b do populace. A to bez jak\u00fdchkoliv prov\u011brek, bez prov\u011b\u0159en\u00ed jazykov\u00fdch dispozic azylant\u016f, bez\u00a0<em>background checku<\/em>\u00a0jejich minulosti, prost\u011b bez ni\u010deho.<\/p>\n<p>A to ukazuje na to, \u017ee to byl pl\u00e1n a bylo c\u00edlem nastartovat v EU migraci, obrovskou a masivn\u00ed ukrajinskou migraci, kter\u00e1 by otupila nevoli evropsk\u00fdch zem\u00ed p\u0159ij\u00edmat migranty po roce 2015.\u00a0<strong>Tento migra\u010dn\u00ed pl\u00e1n nyn\u00ed spo\u010d\u00edv\u00e1 v tom, \u017ee v \u010cR a v dal\u0161\u00edch zem\u00edch prob\u00edh\u00e1 proces ukrajinizace, objevuje se dvoujazy\u010dn\u00fd tisk, dvoujazy\u010dn\u00e1 \u0161koln\u00ed v\u00fduka, dvoujazy\u010dn\u00e9 slu\u017eby bank, dvoujazy\u010dn\u00e9 n\u00e1st\u011bnky na \u00da\u0159adech Pr\u00e1ce,<\/strong>\u00a0d\u00e1le dvoujazy\u010dn\u00e9 cedule na po\u0161t\u00e1ch, no prost\u011b jako v roce 1939 po vyhl\u00e1\u0161en\u00ed Protektor\u00e1tu \u010cechy a Morava, jenom to nen\u00ed u\u017e n\u011bm\u010dina na t\u011bch dvoujazy\u010dn\u00fdch tabul\u00edch spolu s \u010de\u0161tinou.<\/p>\n<figure id=\"attachment_52496\" class=\"wp-caption aligncenter\" style=\"width: 612px;\"><a href=\"https:\/\/aeronet.news\/wp-content\/uploads\/AlgeriaInFrance900.jpg\"><img decoding=\"async\" loading=\"lazy\" class=\"wp-image-52496 \" src=\"https:\/\/aeronet.news\/wp-content\/uploads\/AlgeriaInFrance900-903x1024.jpg\" sizes=\"(max-width: 700px) 100vw, 700px\" srcset=\"https:\/\/aeronet.news\/wp-content\/uploads\/AlgeriaInFrance900-903x1024.jpg 903w, https:\/\/aeronet.news\/wp-content\/uploads\/AlgeriaInFrance900-265x300.jpg 265w, https:\/\/aeronet.news\/wp-content\/uploads\/AlgeriaInFrance900-768x870.jpg 768w, https:\/\/aeronet.news\/wp-content\/uploads\/AlgeriaInFrance900-700x793.jpg 700w, https:\/\/aeronet.news\/wp-content\/uploads\/AlgeriaInFrance900-315x357.jpg 315w, https:\/\/aeronet.news\/wp-content\/uploads\/AlgeriaInFrance900-426x483.jpg 426w, https:\/\/aeronet.news\/wp-content\/uploads\/AlgeriaInFrance900.jpg 907w\" alt=\"\" width=\"612\" height=\"693\" \/><\/a><figcaption class=\"wp-caption-text\">Kniha Al\u017e\u00edrsko ve Francii je publikac\u00ed, kterou lze br\u00e1t jako historick\u00e9 varov\u00e1n\u00ed, jak se pod rou\u0161kou v\u00e1lky m\u016f\u017ee prov\u00e9st a ospravedlnit obrovsk\u00e1 migrace, kter\u00e1 p\u0159ekresl\u00ed spole\u010dnost<\/figcaption><\/figure>\n<p>Rozhodnut\u00ed Fialovy vl\u00e1dy vypustit ukrajinsk\u00e9 migranty do ulic mezi lidi v \u010cR a nedr\u017eet je v uprchlick\u00fdch t\u00e1borech pro \u00fa\u010dely d\u016fkladn\u00e9ho azylov\u00e9ho \u0159\u00edzen\u00ed a prov\u011b\u0159ov\u00e1n\u00ed bude m\u00edt fat\u00e1ln\u00ed dopady na \u010deskou ve\u0159ejnost hlavn\u011b na podzim, a\u017e se otev\u0159ou \u0161koly, proto\u017ee proces ukrajinizace se prohloub\u00ed a ukrajinsk\u00e9 d\u011bti se rozkoukaj\u00ed a otrkaj\u00ed se a\u00a0<strong>mohou za\u010d\u00edt vznikat multikulturn\u00ed incidenty ne nepodobn\u00e9 t\u011bm z Francie ze 60. let, kdy\u017e tehdej\u0161\u00ed vl\u00e1da Charlese De Gaullea povolila migraci Al\u017e\u00ed\u0159an\u016fm a jejich rodin\u00e1m do Francie.<\/strong><\/p>\n<p>Masivn\u00ed p\u0159\u00edliv Arab\u016f zp\u016fsobil po\u010d\u00e1tek segrega\u010dn\u00edch proces\u016f a vzniky prvn\u00edch ghett a \u010dist\u011b muslimsk\u00fdch z\u00f3n, nejprve na jihu Francie a pozd\u011bji hlavn\u011b v Pa\u0159\u00ed\u017ei. Tohle sam\u00e9 bude hrozit s Ukrajinci, kte\u0159\u00ed v tak vysok\u00fdch po\u010dtech budou vytv\u00e1\u0159et vlastn\u00ed ghetta a komunity, kter\u00e9 budou \u00fazce napojen\u00e9 na ultra-nacion\u00e1ln\u00ed a banderovsk\u00e9 skupiny a organizace. Nen\u00ed mo\u017en\u00e9 o\u010dek\u00e1vat, \u017ee Ukrajinci se pln\u011b za\u010dlen\u00ed do \u010desk\u00e9 spole\u010dnosti, proto\u017ee si ponechaj\u00ed svoji kulturu, sv\u016fj jazyk, ale velmi re\u00e1ln\u011b se d\u00e1 o\u010dek\u00e1vat i nevra\u017eivost.<\/p>\n<h6><span style=\"font-size: 18pt;\">Ukrajinci budou svoji por\u00e1\u017eku ve v\u00e1lce s Ruskem kl\u00e1st za vinu Z\u00e1padu a Evropsk\u00e9 unii. Z\u016fstanou proto v Evrop\u011b a budou si to vyb\u00edrat zp\u011bt<\/span><\/h6>\n<p>Por\u00e1\u017eka Ukrajiny ve v\u00e1lce bude za p\u00e1r m\u011bs\u00edc\u016f tlumo\u010dena a interpretov\u00e1na uprchl\u00fdmi Ukrajinci v Evrop\u011b jako tot\u00e1ln\u00ed selh\u00e1n\u00ed Z\u00e1padu v podpo\u0159e Ukrajiny. Ukrajinci nebudou vid\u011bt vinu v por\u00e1\u017ece na sob\u011b, budou ji kl\u00e1st za vinu Z\u00e1padu, \u017ee nedostate\u010dn\u011b podporoval Kyjev, \u017ee neposlal v\u00edce zbran\u00ed, a \u017ee NATO nevstoupilo do v\u00e1lky. T\u00edm ale dojde k situaci, \u017ee uprchl\u00edci z Ukrajiny z\u016fstanou v EU natrvalo, nebude existovat s\u00edla, kter\u00e1 by je na Ukrajinu dostala zp\u00e1tky.<\/p>\n<p><strong>Rusk\u00e1 arm\u00e1da v pond\u011bl\u00ed 18. \u010dervence dobyla na Donbasu dal\u0161\u00ed m\u011bsto, tentokr\u00e1t Seversk [<a href=\"https:\/\/href.li\/?https:\/\/ria.ru\/20220718\/seversk-1803243015.html\" target=\"_blank\" rel=\"nofollow noopener\">2<\/a>] a po obsazen\u00ed Art\u011bmovsku, Kramatorsku a Slavjansku bude Donbas brzy pln\u011b osvobozen, ozn\u00e1mila rusk\u00e1 m\u00e9dia.<\/strong>\u00a0Jen\u017ee spolu s t\u00edm se n\u00e1m v Evrop\u011b r\u00fdsuje d\u011bsiv\u00e1 budoucnost, \u017ee uprchl\u00ed Ukrajinci v EU z\u016fstanou natrvalo a za\u010dne proces multikulturn\u00edho riftu \u010desk\u00e9 spole\u010dnosti, kter\u00fd naposledy za\u017eila za Protektor\u00e1tu. Ukrajinci za\u010dnou vytla\u010dovat \u010cechy z mnoha pracovn\u00edch pozic, proto\u017ee budou ochotni pracovat za men\u0161\u00ed pen\u00edze. Mnohem men\u0161\u00ed pen\u00edze. Klidn\u011b za minim\u00e1lku. A dokonce bez doplatku bokem na ruku na minim\u00e1lce.<\/p>\n<figure id=\"attachment_52497\" class=\"wp-caption aligncenter\" style=\"width: 666px;\"><a href=\"https:\/\/aeronet.news\/wp-content\/uploads\/T80_DLR_Front.jpg\"><img decoding=\"async\" loading=\"lazy\" class=\"wp-image-52497 \" src=\"https:\/\/aeronet.news\/wp-content\/uploads\/T80_DLR_Front-1024x633.jpg\" sizes=\"(max-width: 700px) 100vw, 700px\" srcset=\"https:\/\/aeronet.news\/wp-content\/uploads\/T80_DLR_Front-1024x633.jpg 1024w, https:\/\/aeronet.news\/wp-content\/uploads\/T80_DLR_Front-300x185.jpg 300w, https:\/\/aeronet.news\/wp-content\/uploads\/T80_DLR_Front-768x475.jpg 768w, https:\/\/aeronet.news\/wp-content\/uploads\/T80_DLR_Front-700x433.jpg 700w, https:\/\/aeronet.news\/wp-content\/uploads\/T80_DLR_Front-578x357.jpg 578w, https:\/\/aeronet.news\/wp-content\/uploads\/T80_DLR_Front-782x483.jpg 782w, https:\/\/aeronet.news\/wp-content\/uploads\/T80_DLR_Front.jpg 1280w\" alt=\"\" width=\"666\" height=\"412\" \/><\/a><figcaption class=\"wp-caption-text\">Tank T-80 Rusk\u00e9 arm\u00e1dy p\u0159i bojov\u00e9 operaci u Seversku<\/figcaption><\/figure>\n<p>Spolu s t\u00edm bude m\u00edt vl\u00e1da tendence zvedat minim\u00e1ln\u00ed mzdu, co\u017e spolu s inflac\u00ed povede k v\u00e1lce o pracovn\u00ed m\u00edsta, proto\u017ee Ukrajinci nebudou pl\u00e1novat v \u010cR d\u016fchod, tak\u017ee klidn\u011b pojedou na minim\u00e1ln\u00ed mzdu cel\u00e9 roky.\u00a0<strong>Z trhu postupn\u011b zmiz\u00ed konkurence na trhu pr\u00e1ce, proto\u017ee dostat pr\u00e1ci bude jenom ot\u00e1zkou toho, jestli chcete nebo nechcete pracovat za minim\u00e1ln\u00ed mzdu. Pokud nechcete, sorry jako, ale m\u00edsto obsad\u00ed Ukrajinec.<\/strong>\u00a0Krom\u011b toho, do \u010cR p\u0159ijela dvoj\u00ed sorta ukrajinsk\u00fdch migrant\u016f. Jednak ti, kte\u0159\u00ed byli na Ukrajin\u011b u\u017e chud\u00ed p\u0159ed v\u00e1lkou jako kosteln\u00ed my\u0161i. A potom ti, kte\u0159\u00ed si do EU p\u0159ivezli obrovsk\u00e9 objemy hotovosti v eurech a dolarech, drah\u00e1 auta, a kte\u0159\u00ed v \u010cR budou podnikat a zakl\u00e1dat podniky.<\/p>\n<h6><span style=\"font-size: 18pt;\">Ukrajinci se v \u010cR a v cel\u00e9 EU rozd\u011bl\u00ed na dv\u011b kasty, \u00fapln\u011b stejn\u011b jako byli rozd\u011bleni na Ukrajin\u011b<\/span><\/h6>\n<p>Jak\u00e9 podniky? No, pr\u016fmyslov\u00e9 podniky to rozhodn\u011b nebudou, ale budou to podniky no\u010dn\u00edho charakteru, no\u010dn\u00ed kluby, escort slu\u017eby, kas\u00edna, herny, bordely, prost\u011b podniky pro dosp\u011bl\u00e9.\u00a0<strong>A spolu s t\u00edm p\u0159ijdou i drogy. V\u011bt\u0161ina zbohatl\u00edk\u016f, kter\u00e1 z Ukrajiny uprchla v bavor\u00e1c\u00edch a v me\u010fourech s kufry pln\u00fdmi cash, vyd\u011blala pen\u00edze pr\u00e1v\u011b provozem v\u00fd\u0161e uveden\u00fdch podnik\u016f.<\/strong>\u00a0To nen\u00ed pomluva Ukrajinc\u016f, to je konstatov\u00e1n\u00ed reality z pohledu \u010dlov\u011bka, kter\u00fd byl na Ukrajin\u011b alespo\u0148 1x za \u017eivot. Jedin\u011b, \u017ee byste byli naivn\u00ed a tup\u00ed a opravdu v\u011b\u0159ili, \u017ee uprchlice s povol\u00e1n\u00edm prodava\u010dky v ukrajinsk\u00e9 trafice si vyd\u011blala na auto za 8 milion\u016f korun prodejem \u0159ezan\u00e9ho tab\u00e1ku a denn\u00edho tisku.<\/p>\n<p>Fialova vl\u00e1da p\u0159ivedla republiku na pokraj kolapsu. Za p\u00e1r t\u00fddn\u016f ztrat\u00ed mal\u00e9 zem\u011b v EU pr\u00e1vo veta v r\u00e1mci reformy Evropsk\u00e9 rady,\u00a0<strong>je to podle informac\u00ed ji\u017e hotov\u00e1 v\u011bc, ke kter\u00e9 ji\u017e vyzval [<a href=\"https:\/\/href.li\/?https:\/\/euobserver.com\/tickers\/155558\" target=\"_blank\" rel=\"nofollow noopener\">3<\/a>] i n\u011bmeck\u00fd kancl\u00e9\u0159 Olaf Scholz, a stane se tak paradoxn\u011b za p\u0159edsednictv\u00ed \u010cR v Evropsk\u00e9 rad\u011b.<\/strong>\u00a0Evropsk\u00e1 unie chce v\u011bt\u0161inov\u00e9 hlasov\u00e1n\u00ed o zahrani\u010dn\u00ed politice EU, rovn\u011b\u017e se mluv\u00ed o spole\u010dn\u011b ur\u010dovan\u00fdch st\u00e1tn\u00edch rozpo\u010dtech, dan\u00edch a o obrann\u00e9 iniciativ\u011b.<\/p>\n<figure id=\"attachment_50508\" class=\"wp-caption aligncenter\" style=\"width: 680px;\"><a href=\"https:\/\/aeronet.news\/wp-content\/uploads\/OlafScholz.jpg\"><img decoding=\"async\" loading=\"lazy\" class=\"wp-image-50508 \" src=\"https:\/\/aeronet.news\/wp-content\/uploads\/OlafScholz-1024x575.jpg\" sizes=\"(max-width: 700px) 100vw, 700px\" srcset=\"https:\/\/aeronet.news\/wp-content\/uploads\/OlafScholz-1024x575.jpg 1024w, https:\/\/aeronet.news\/wp-content\/uploads\/OlafScholz-300x169.jpg 300w, https:\/\/aeronet.news\/wp-content\/uploads\/OlafScholz-768x431.jpg 768w, https:\/\/aeronet.news\/wp-content\/uploads\/OlafScholz-700x393.jpg 700w, https:\/\/aeronet.news\/wp-content\/uploads\/OlafScholz-636x357.jpg 636w, https:\/\/aeronet.news\/wp-content\/uploads\/OlafScholz-860x483.jpg 860w, https:\/\/aeronet.news\/wp-content\/uploads\/OlafScholz.jpg 1280w\" alt=\"\" width=\"680\" height=\"382\" \/><\/a><figcaption class=\"wp-caption-text\">Olaf Scholz, n\u011bmeck\u00fd kanlc\u00e9\u0159<\/figcaption><\/figure>\n<p>Nejde o to, \u017ee zru\u0161en\u00ed pr\u00e1va veta bude znamenat faktick\u00fd konec a z\u00e1nik 27 suver\u00e9nn\u00edch st\u00e1t\u016f, ale probl\u00e9m je v tom, \u017ee politici, kte\u0159\u00ed o tom budou hlasovat, pro to zvednou ruku bu\u010f z vlastn\u00ed iniciativy jako \u0161plhouni anebo z donucen\u00ed, pod pohr\u016f\u017ekou, \u017ee jinak na ty politiky praskne n\u011bjak\u00e1 korup\u010dn\u00ed kauza, \u0161p\u00edna, pedofiln\u00ed epizoda, dov\u00e1d\u011bn\u00ed s prostitutkami na kokainu atd. Kauza Dozimetr jako skand\u00e1l Hnut\u00ed STAN nen\u00ed v\u00fdjimkou, tam se tak\u00e9 jelo KKK, tedy k\u0161efty, kurvy, kokain.<\/p>\n<p>To byla jejich zkratka:\u00a0<em><strong>Hele, vole, jedeme KKK, to bude j\u00edzda!<\/strong><\/em>\u00a0A takhle to funguje nejen okolo Hnut\u00ed STAN, takov\u00e1to kompra maj\u00ed globalist\u00e9 na v\u0161echny politiky. Franta Mr\u00e1zek nebyl jedin\u00fd, kdo m\u011bl v krabic\u00edch kompromita\u010dn\u00ed munici na \u010desk\u00e9 politiky. To byl amat\u00e9r ve srovn\u00e1n\u00ed s t\u00edm, \u010d\u00edm na politiky v zem\u00edch EU disponuj\u00ed globalist\u00e9. Tak\u017ee si dok\u00e1\u017eete p\u0159edstavit, jak budou poslu\u0161n\u011b hlasovat pro zru\u0161en\u00ed pr\u00e1va veta. Tady se u\u017e jen hod\u00ed to punkov\u00e9 heslo \u201cNo Future!\u201d a p\u0159i pohledu na ukrajinsk\u00e9 spratky na videu za\u010d\u00edn\u00e1 \u010dlov\u011bk tu\u0161it, \u017ee tohle je jenom za\u010d\u00e1tek.<\/p>\n<p>-VK- \u0160\u00e9fredaktor AE News<\/p>\n<div class=\"printfriendly pf-button pf-button-content pf-alignleft\">VIDEO:<\/div>\n<div><\/div>\n<div>\n<div style=\"width: 640px;\" class=\"wp-video\"><!--[if lt IE 9]><script>document.createElement('video');<\/script><![endif]-->\n<video class=\"wp-video-shortcode\" id=\"video-12526-1\" width=\"640\" height=\"360\" preload=\"metadata\" controls=\"controls\"><source type=\"video\/mp4\" src=\"http:\/\/www.infokuryr.cz\/n\/wp-content\/uploads\/2022\/07\/UA_KidsCZ.mp4?_=1\" \/><a href=\"http:\/\/www.infokuryr.cz\/n\/wp-content\/uploads\/2022\/07\/UA_KidsCZ.mp4\">http:\/\/www.infokuryr.cz\/n\/wp-content\/uploads\/2022\/07\/UA_KidsCZ.mp4<\/a><\/video><\/div>\n<\/div>\n<div><\/div>\n<div class=\"td-a-rec td-a-rec-id-content_bottom\">\n<div class=\"td-visible-desktop\"><a href=\"https:\/\/aeronet.news\/video-ukrajinsti-spratkove-s-cigaretami-vyhaneli-z-hriste-ceske-dite-a-zasypali-i-jeho-otce-vulgarnimi-nadavkami-sokujici-zabery-ktere-v-ceske-televizi-neuvidite\/\">ZDROJ<\/a><\/div>\n<\/div>\n<div><\/div>\n","protected":false},"excerpt":{"rendered":"<p>Ukrajin\u0161t\u00ed spratkov\u00e9 s cigaretami vyh\u00e1n\u011bli z h\u0159i\u0161t\u011b \u010desk\u00e9 d\u00edt\u011b a zasypali i jeho otce vulg\u00e1rn\u00edmi&#8230;<\/p>\n","protected":false},"author":2,"featured_media":12528,"comment_status":"closed","ping_status":"closed","sticky":false,"template":"","format":"standard","meta":[],"categories":[6],"tags":[506,245,239,424,1635],"_links":{"self":[{"href":"https:\/\/www.infokuryr.cz\/n\/wp-json\/wp\/v2\/posts\/12526"}],"collection":[{"href":"https:\/\/www.infokuryr.cz\/n\/wp-json\/wp\/v2\/posts"}],"about":[{"href":"https:\/\/www.infokuryr.cz\/n\/wp-json\/wp\/v2\/types\/post"}],"author":[{"embeddable":true,"href":"https:\/\/www.infokuryr.cz\/n\/wp-json\/wp\/v2\/users\/2"}],"replies":[{"embeddable":true,"href":"https:\/\/www.infokuryr.cz\/n\/wp-json\/wp\/v2\/comments?post=12526"}],"version-history":[{"count":0,"href":"https:\/\/www.infokuryr.cz\/n\/wp-json\/wp\/v2\/posts\/12526\/revisions"}],"wp:featuredmedia":[{"embeddable":true,"href":"https:\/\/www.infokuryr.cz\/n\/wp-json\/wp\/v2\/media\/12528"}],"wp:attachment":[{"href":"https:\/\/www.infokuryr.cz\/n\/wp-json\/wp\/v2\/media?parent=12526"}],"wp:term":[{"taxonomy":"category","embeddable":true,"href":"https:\/\/www.infokuryr.cz\/n\/wp-json\/wp\/v2\/categories?post=12526"},{"taxonomy":"post_tag","embeddable":true,"href":"https:\/\/www.infokuryr.cz\/n\/wp-json\/wp\/v2\/tags?post=12526"}],"curies":[{"name":"wp","href":"https:\/\/api.w.org\/{rel}","templated":true}]}}