{"id":12478,"date":"2022-07-17T00:59:08","date_gmt":"2022-07-16T22:59:08","guid":{"rendered":"http:\/\/www.infokuryr.cz\/n\/?p=12478"},"modified":"2022-07-17T03:32:14","modified_gmt":"2022-07-17T01:32:14","slug":"prvni-zadosti-o-podporu-v-nezamestnanosti-v-usa-jsou-nejvyssi-od-listopadu","status":"publish","type":"post","link":"https:\/\/www.infokuryr.cz\/n\/2022\/07\/17\/prvni-zadosti-o-podporu-v-nezamestnanosti-v-usa-jsou-nejvyssi-od-listopadu\/","title":{"rendered":"Prvn\u00ed \u017e\u00e1dosti o podporu v nezam\u011bstnanosti v USA jsou nejvy\u0161\u0161\u00ed od listopadu"},"content":{"rendered":"<div id=\"fb-root\"><\/div>\n<p>\u00dadaje zve\u0159ejn\u011bn\u00e9 americk\u00fdm ministerstvem pr\u00e1ce 14. \u010dervence uk\u00e1zaly, \u017ee v t\u00fddnu kon\u010d\u00edc\u00edm 9. \u010dervencem se po\u010det Ameri\u010dan\u016f, kte\u0159\u00ed poprv\u00e9 po\u017e\u00e1dali o podporu v nezam\u011bstnanosti, zv\u00fd\u0161il oproti p\u0159edchoz\u00edmu m\u011bs\u00edci o 9 tis\u00edc na 244 tis\u00edc, co\u017e je nejvy\u0161\u0161\u00ed \u00farove\u0148 od listopadu minul\u00e9ho roku.<\/p>\n<p>\u010cty\u0159t\u00fddenn\u00ed klouzav\u00fd pr\u016fm\u011br po\u010d\u00e1te\u010dn\u00edch \u017e\u00e1dost\u00ed o podporu v nezam\u011bstnanosti, kter\u00e9 byly minul\u00fd t\u00fdden m\u00e9n\u011b volatiln\u00ed, vzrostl o 32,50 na 232 500, uk\u00e1zala data. Mezit\u00edm po\u010det Ameri\u010dan\u016f, kte\u0159\u00ed po\u017e\u00e1dali o podporu v nezam\u011bstnanosti na celost\u00e1tn\u00ed \u00farovni, byl v t\u00fddnu kon\u010d\u00edc\u00edm 2. \u010dervencem 1,331 milionu.<\/p>\n<p>Analytici se domn\u00edvaj\u00ed, \u017ee n\u00e1r\u016fst po\u010d\u00e1te\u010dn\u00edch \u017e\u00e1dost\u00ed o podporu v nezam\u011bstnanosti byl z velk\u00e9 \u010d\u00e1sti zp\u016fsoben rostouc\u00edm po\u010dtem spole\u010dnost\u00ed, kter\u00e9 oznamovaly propou\u0161t\u011bn\u00ed kv\u016fli rostouc\u00edm obav\u00e1m z bl\u00ed\u017e\u00edc\u00ed se recese v ekonomice USA. S rostouc\u00ed inflac\u00ed Feder\u00e1ln\u00ed rezervn\u00ed syst\u00e9m pravd\u011bpodobn\u011b na sv\u00e9m p\u0159\u00ed\u0161t\u00edm \u010dervencov\u00e9m zased\u00e1n\u00ed ud\u011bl\u00e1 rozhodnut\u00ed zv\u00fd\u0161it \u00farokov\u00e9 sazby agresivn\u011bji, co\u017e by mohlo utlumit popt\u00e1vku po pr\u00e1ci a po\u0161kodit pokra\u010duj\u00edc\u00ed r\u016fst na trhu pr\u00e1ce.<\/p>\n<p><img decoding=\"async\" loading=\"lazy\" class=\"alignnone size-full wp-image-1185\" src=\"http:\/\/www.infokuryr.cz\/n\/wp-content\/uploads\/2021\/04\/kuryr-podpis.png\" alt=\"\" width=\"84\" height=\"24\" \/><\/p>\n<p>&nbsp;<\/p>\n","protected":false},"excerpt":{"rendered":"<p>\u00dadaje zve\u0159ejn\u011bn\u00e9 americk\u00fdm ministerstvem pr\u00e1ce 14. \u010dervence uk\u00e1zaly, \u017ee v t\u00fddnu kon\u010d\u00edc\u00edm 9. \u010dervencem se&#8230;<\/p>\n","protected":false},"author":2,"featured_media":1830,"comment_status":"closed","ping_status":"closed","sticky":false,"template":"","format":"standard","meta":[],"categories":[7],"tags":[2831,1242,37],"_links":{"self":[{"href":"https:\/\/www.infokuryr.cz\/n\/wp-json\/wp\/v2\/posts\/12478"}],"collection":[{"href":"https:\/\/www.infokuryr.cz\/n\/wp-json\/wp\/v2\/posts"}],"about":[{"href":"https:\/\/www.infokuryr.cz\/n\/wp-json\/wp\/v2\/types\/post"}],"author":[{"embeddable":true,"href":"https:\/\/www.infokuryr.cz\/n\/wp-json\/wp\/v2\/users\/2"}],"replies":[{"embeddable":true,"href":"https:\/\/www.infokuryr.cz\/n\/wp-json\/wp\/v2\/comments?post=12478"}],"version-history":[{"count":0,"href":"https:\/\/www.infokuryr.cz\/n\/wp-json\/wp\/v2\/posts\/12478\/revisions"}],"wp:featuredmedia":[{"embeddable":true,"href":"https:\/\/www.infokuryr.cz\/n\/wp-json\/wp\/v2\/media\/1830"}],"wp:attachment":[{"href":"https:\/\/www.infokuryr.cz\/n\/wp-json\/wp\/v2\/media?parent=12478"}],"wp:term":[{"taxonomy":"category","embeddable":true,"href":"https:\/\/www.infokuryr.cz\/n\/wp-json\/wp\/v2\/categories?post=12478"},{"taxonomy":"post_tag","embeddable":true,"href":"https:\/\/www.infokuryr.cz\/n\/wp-json\/wp\/v2\/tags?post=12478"}],"curies":[{"name":"wp","href":"https:\/\/api.w.org\/{rel}","templated":true}]}}