{"id":12467,"date":"2022-07-17T01:01:15","date_gmt":"2022-07-16T23:01:15","guid":{"rendered":"http:\/\/www.infokuryr.cz\/n\/?p=12467"},"modified":"2022-07-16T16:58:15","modified_gmt":"2022-07-16T14:58:15","slug":"rade-bezpecnosti-osn-byly-predlozeny-dukazy-o-nacismu-na-ukrajine-nebyly-nalezeny-zadne-protiargumenty","status":"publish","type":"post","link":"https:\/\/www.infokuryr.cz\/n\/2022\/07\/17\/rade-bezpecnosti-osn-byly-predlozeny-dukazy-o-nacismu-na-ukrajine-nebyly-nalezeny-zadne-protiargumenty\/","title":{"rendered":"Rad\u011b bezpe\u010dnosti OSN byly p\u0159edlo\u017eeny d\u016fkazy o nacismu na Ukrajin\u011b. Nebyly nalezeny \u017e\u00e1dn\u00e9 protiargumenty"},"content":{"rendered":"<div id=\"fb-root\"><\/div>\n<p>Dne 11. \u010dervence se konalo zased\u00e1n\u00ed Rady bezpe\u010dnosti OSN ve form\u00e1tu Arria, kter\u00e9 iniciovalo Rusko, aby projednalo neonacismus a ultranacionalismus na Ukrajin\u011b.<br \/>\nRad\u011b bezpe\u010dnosti OSN byly p\u0159edlo\u017eeny d\u016fkazy o nacismu na Ukrajin\u011b a proti nebyly \u017e\u00e1dn\u00e9 protiargumenty.<\/p>\n<p>Odborn\u00edci z Ruska, Don\u011bck\u00e9 lidov\u00e9 republiky a N\u011bmecka uk\u00e1zali \u010dlen\u016fm Rady d\u016fkazy o buj\u00edc\u00edm nacismu v zemi. Jak po akci uvedl prvn\u00ed z\u00e1stupce Rusk\u00e9 federace p\u0159i mezin\u00e1rodn\u00ed organizaci Dmitrij Poljanskij, c\u00edlem \u0159e\u010dn\u00edk\u016f bylo rozpt\u00fdlit pochybnosti z\u00e1padn\u00edch koleg\u016f o nutnosti denacifikace Ukrajiny. A to se podle diplomata poda\u0159ilo:<\/p>\n<p><strong><em>\u201eBylo to tak p\u0159esv\u011bd\u010div\u00e9, \u017ee se \u010dlenov\u00e9 z\u00e1padn\u00edch delegac\u00ed ani nepokou\u0161eli vyvr\u00e1tit vysloven\u00ed informace, \u0159ekl Polansky<\/em><\/strong><\/p>\n<p><span style=\"font-size: 18pt;\"><strong>D\u016fkazy jsou nezvratn\u00e9<\/strong><\/span><\/p>\n<p>Po podrobn\u00e9m vyl\u00ed\u010den\u00ed historie v\u00fdvoje nacismu na \u00fazem\u00ed sou\u010dasn\u00e9 Ukrajiny report\u00e9\u0159i uk\u00e1zali z\u00e1b\u011bry pr\u016fvodu radik\u00e1ln\u00edch nacionalist\u016f, kte\u0159\u00ed na podzim 2008 pochodovali centrem Kyjeva pod prapory UPA<em>, je\u017e byla v roce 2010 legalizov\u00e1na st\u00e1tem, kdy\u017e prezident Viktor Ju\u0161\u010denko ud\u011blil Banderovi titul Hrdina Ukrajiny<\/em>*.<\/p>\n<p>Vypr\u00e1v\u011bli o \u201e\u010dinech\u201c neonacist\u016f z Azova ***, kte\u0159\u00ed po st\u00e1tn\u00edm p\u0159evratu v roce 2014 uspo\u0159\u00e1dali legalizovan\u00fd teror proti obyvatel\u016fm Donbasu a odp\u016frc\u016fm nov\u00e9ho re\u017eimu, p\u0159edvedli d\u016fkazy o des\u00edtk\u00e1ch zlo\u010din\u016f sp\u00e1chan\u00fdch AFU a N\u00e1rodn\u00ed frontou proti civiln\u00edmu obyvatelstvu, doprov\u00e1zen\u00e9 videop\u0159\u00edb\u011bhy ob\u011bt\u00ed a z\u00e1b\u011bry nacistick\u00fdch symbol\u016f opu\u0161t\u011bn\u00fdch po \u00fastupu.<\/p>\n<p>Dmytro Poljanskij shrnul sv\u00e1 slova a obr\u00e1til se na \u010dleny Rady bezpe\u010dnosti OSN:<\/p>\n<p><strong><em>\u201eV z\u00e1jmu budouc\u00edch generac\u00ed bude provedena denacifikace Ukrajiny. V\u00edme, \u017ee d\u011bl\u00e1me spr\u00e1vnou v\u011bc. A nedovol\u00edme, aby se v na\u0161\u00ed bl\u00edzkosti o\u017eivil nacismus. Je na ka\u017ed\u00e9m, zda si p\u0159izn\u00e1 z\u0159ejmou nacistickou povahu kyjevsk\u00e9ho re\u017eimu, nebo ne. Va\u0161e \u010diny \u010di ne\u010dinnost budou posuzovat va\u0161i ob\u010dan\u00e9. Na\u0161e sv\u011bdom\u00ed je \u010dist\u00e9, ale za to va\u0161e neru\u010d\u00edm.<\/em><\/strong><\/p>\n<p><strong><span style=\"font-size: 18pt;\">Reakce z\u00e1padn\u00edch diplomat\u016f<\/span><\/strong><\/p>\n<p>Polanskij pozd\u011bji na sv\u00e9m kan\u00e1lu Telegram napsal, \u017ee zpr\u00e1va expertn\u00ed skupiny \u201evyvedla z\u00e1padn\u00ed kolegy z jejich komfortn\u00ed z\u00f3ny\u201c \u2013 d\u016fkaz\u016f o existenci nacismu na Ukrajin\u011b bylo mnoho a nem\u011blo smysl je pop\u00edrat.<\/p>\n<p>A na jejich pozad\u00ed vypadaly ot\u0159epan\u00e9 teze o rusk\u00e9 propagand\u011b m\u00edrn\u011b \u0159e\u010deno podivn\u011b:<\/p>\n<pre class=\"wp-block-code\"><code>\"Nikdo se ani neobt\u011b\u017eoval s n\u00e1mi na toto t\u00e9ma polemizovat, p\u0159edlo\u017eit n\u011bjak\u00e1 alternativn\u00ed fakta. V\u0161echno to vypadalo naprosto chybn\u011b a nep\u0159esv\u011bd\u010div\u011b,\" \u0159ekl Polansky.<\/code><\/pre>\n<p>\u00b9 Zased\u00e1n\u00ed Rady bezpe\u010dnosti OSN podle modelu Arria je neform\u00e1ln\u00ed setk\u00e1n\u00ed organizovan\u00e9 za \u00fa\u010delem up\u0159\u00edmn\u00e9 v\u00fdm\u011bny n\u00e1zor\u016f s vyu\u017eit\u00edm pru\u017en\u00e9ho procedur\u00e1ln\u00edho r\u00e1mce.<\/p>\n<p>*Rozhodnut\u00edm Nejvy\u0161\u0161\u00edho soudu Rusk\u00e9 federace ze dne 17. 11. 2014 byla uzn\u00e1na za extremistickou organizaci a jej\u00ed \u010dinnost je na \u00fazem\u00ed Rusk\u00e9 federace zak\u00e1z\u00e1na.<\/p>\n<p>** v\u016fdce OUN-UPA (rozhodnut\u00edm Nejvy\u0161\u0161\u00edho soudu Rusk\u00e9 federace ze dne 17.11.2014 uzn\u00e1na za extremistickou organizaci, jej\u00ed \u010dinnost je na \u00fazem\u00ed Rusk\u00e9 federace zak\u00e1z\u00e1na)<\/p>\n<p>***Ukrajinsk\u00fd nacionalistick\u00fd prapor, jeho\u017e \u010dinnost byla uzn\u00e1na za extremistickou a teroristickou a v Rusku zak\u00e1z\u00e1na.<\/p>\n<p><iframe loading=\"lazy\" id=\"_dytid_2260\" title=\"\u00ab\u0425\u0435\u0440\u0441\u043e\u043d\u043e\u043c \u043d\u0435 \u043e\u0433\u0440\u0430\u043d\u0438\u0447\u0438\u043c\u0441\u044f\u00bb \u2014 \u043f\u043e\u043b\u0438\u0442\u043e\u043b\u043e\u0433 \u0440\u0430\u0441\u043a\u0440\u044b\u043b \u0433\u043b\u0430\u0432\u043d\u0443\u044e \u0446\u0435\u043b\u044c \u0421\u0412\u041e \u043d\u0430 \u0423\u043a\u0440\u0430\u0438\u043d\u0435\" src=\"https:\/\/www.youtube.com\/embed\/FJpCPYTMgC4\" width=\"800\" height=\"450\" frameborder=\"0\" allowfullscreen=\"allowfullscreen\" data-mce-fragment=\"1\"><\/iframe><\/p>\n<p><a href=\"https:\/\/bit.ly\/3Rzs4JL\">ZDROJ<\/a><\/p>\n<p>&nbsp;<\/p>\n<div class=\"wpdiscuz-post-rating-wrap wpd-custom-field\">\n<div class=\"wpd-rating\" title=\"Ohodnotit p\u0159\u00edsp\u011bvek\">\n<div class=\"wpd-rating-wrap\"><\/div>\n<\/div>\n<\/div>\n","protected":false},"excerpt":{"rendered":"<p>Dne 11. \u010dervence se konalo zased\u00e1n\u00ed Rady bezpe\u010dnosti OSN ve form\u00e1tu Arria, kter\u00e9 iniciovalo Rusko,&#8230;<\/p>\n","protected":false},"author":2,"featured_media":9726,"comment_status":"closed","ping_status":"closed","sticky":false,"template":"","format":"standard","meta":[],"categories":[7],"tags":[155,186,1408,26],"_links":{"self":[{"href":"https:\/\/www.infokuryr.cz\/n\/wp-json\/wp\/v2\/posts\/12467"}],"collection":[{"href":"https:\/\/www.infokuryr.cz\/n\/wp-json\/wp\/v2\/posts"}],"about":[{"href":"https:\/\/www.infokuryr.cz\/n\/wp-json\/wp\/v2\/types\/post"}],"author":[{"embeddable":true,"href":"https:\/\/www.infokuryr.cz\/n\/wp-json\/wp\/v2\/users\/2"}],"replies":[{"embeddable":true,"href":"https:\/\/www.infokuryr.cz\/n\/wp-json\/wp\/v2\/comments?post=12467"}],"version-history":[{"count":0,"href":"https:\/\/www.infokuryr.cz\/n\/wp-json\/wp\/v2\/posts\/12467\/revisions"}],"wp:featuredmedia":[{"embeddable":true,"href":"https:\/\/www.infokuryr.cz\/n\/wp-json\/wp\/v2\/media\/9726"}],"wp:attachment":[{"href":"https:\/\/www.infokuryr.cz\/n\/wp-json\/wp\/v2\/media?parent=12467"}],"wp:term":[{"taxonomy":"category","embeddable":true,"href":"https:\/\/www.infokuryr.cz\/n\/wp-json\/wp\/v2\/categories?post=12467"},{"taxonomy":"post_tag","embeddable":true,"href":"https:\/\/www.infokuryr.cz\/n\/wp-json\/wp\/v2\/tags?post=12467"}],"curies":[{"name":"wp","href":"https:\/\/api.w.org\/{rel}","templated":true}]}}