{"id":12441,"date":"2022-07-16T03:10:10","date_gmt":"2022-07-16T01:10:10","guid":{"rendered":"http:\/\/www.infokuryr.cz\/n\/?p=12441"},"modified":"2022-07-16T03:10:10","modified_gmt":"2022-07-16T01:10:10","slug":"komentare-ans-k-aktualnimu-deni-14-7-2022","status":"publish","type":"post","link":"https:\/\/www.infokuryr.cz\/n\/2022\/07\/16\/komentare-ans-k-aktualnimu-deni-14-7-2022\/","title":{"rendered":"Koment\u00e1\u0159e ANS k aktu\u00e1ln\u00edmu d\u011bn\u00ed: 14-7-2022"},"content":{"rendered":"<div id=\"fb-root\"><\/div>\n<p><span style=\"font-size: 18pt;\"><strong>Koment\u00e1\u0159e k aktu\u00e1ln\u00edmu d\u011bn\u00ed v \u010cesk\u00e9 republice, Evrop\u011b i ve sv\u011bt\u011b.\u00a0<\/strong><\/span><\/p>\n<p><strong>T\u00e9ma:<\/strong><\/p>\n<p>Program:<\/p>\n<p>1)\u00a0Mezin\u00e1rodn\u00ed aktivity pro ochranu p\u0159ed neionizuj\u00edc\u00edm elektromagnetick\u00fdm polem<\/p>\n<p>2) Oslovte sv\u00e9ho starostu: Jdeme do toho STOP 5G!<\/p>\n<p>Host\u00e9:<br \/>\n<strong>Vladim\u00edra V\u00edtov\u00e1 \u2013 p\u0159edsedkyn\u011b ANS<\/strong><br \/>\n<strong>Rudolf V\u00e1vra, STOP 5 G<\/strong><\/p>\n<!--[if lt IE 9]><script>document.createElement('audio');<\/script><![endif]-->\n<audio class=\"wp-audio-shortcode\" id=\"audio-12441-1\" preload=\"none\" style=\"width: 100%;\" controls=\"controls\"><source type=\"audio\/mpeg\" src=\"http:\/\/www.infokuryr.cz\/n\/wp-content\/uploads\/2022\/07\/2022-07-14-Vladimira-Vitova_Rudolf-Vavra_Komentare-ANS-k-aktualnimu-deni_124-min.mp3?_=1\" \/><a href=\"http:\/\/www.infokuryr.cz\/n\/wp-content\/uploads\/2022\/07\/2022-07-14-Vladimira-Vitova_Rudolf-Vavra_Komentare-ANS-k-aktualnimu-deni_124-min.mp3\">http:\/\/www.infokuryr.cz\/n\/wp-content\/uploads\/2022\/07\/2022-07-14-Vladimira-Vitova_Rudolf-Vavra_Komentare-ANS-k-aktualnimu-deni_124-min.mp3<\/a><\/audio>\n<p>&nbsp;<\/p>\n<p><img decoding=\"async\" loading=\"lazy\" class=\"alignnone size-medium wp-image-9908\" src=\"http:\/\/www.infokuryr.cz\/n\/wp-content\/uploads\/2022\/04\/ANS-300x169.png\" alt=\"\" width=\"300\" height=\"169\" srcset=\"https:\/\/www.infokuryr.cz\/n\/wp-content\/uploads\/2022\/04\/ANS-300x169.png 300w, https:\/\/www.infokuryr.cz\/n\/wp-content\/uploads\/2022\/04\/ANS-1024x576.png 1024w, https:\/\/www.infokuryr.cz\/n\/wp-content\/uploads\/2022\/04\/ANS-768x432.png 768w, https:\/\/www.infokuryr.cz\/n\/wp-content\/uploads\/2022\/04\/ANS.png 1180w\" sizes=\"(max-width: 300px) 100vw, 300px\" \/><\/p>\n<p>&nbsp;<\/p>\n<p>&nbsp;<\/p>\n","protected":false},"excerpt":{"rendered":"<p>Koment\u00e1\u0159e k aktu\u00e1ln\u00edmu d\u011bn\u00ed v \u010cesk\u00e9 republice, Evrop\u011b i ve sv\u011bt\u011b.\u00a0 T\u00e9ma: Program: 1)\u00a0Mezin\u00e1rodn\u00ed aktivity&#8230;<\/p>\n","protected":false},"author":2,"featured_media":12219,"comment_status":"closed","ping_status":"closed","sticky":false,"template":"","format":"standard","meta":[],"categories":[6],"tags":[1016,2198,29,489],"_links":{"self":[{"href":"https:\/\/www.infokuryr.cz\/n\/wp-json\/wp\/v2\/posts\/12441"}],"collection":[{"href":"https:\/\/www.infokuryr.cz\/n\/wp-json\/wp\/v2\/posts"}],"about":[{"href":"https:\/\/www.infokuryr.cz\/n\/wp-json\/wp\/v2\/types\/post"}],"author":[{"embeddable":true,"href":"https:\/\/www.infokuryr.cz\/n\/wp-json\/wp\/v2\/users\/2"}],"replies":[{"embeddable":true,"href":"https:\/\/www.infokuryr.cz\/n\/wp-json\/wp\/v2\/comments?post=12441"}],"version-history":[{"count":0,"href":"https:\/\/www.infokuryr.cz\/n\/wp-json\/wp\/v2\/posts\/12441\/revisions"}],"wp:featuredmedia":[{"embeddable":true,"href":"https:\/\/www.infokuryr.cz\/n\/wp-json\/wp\/v2\/media\/12219"}],"wp:attachment":[{"href":"https:\/\/www.infokuryr.cz\/n\/wp-json\/wp\/v2\/media?parent=12441"}],"wp:term":[{"taxonomy":"category","embeddable":true,"href":"https:\/\/www.infokuryr.cz\/n\/wp-json\/wp\/v2\/categories?post=12441"},{"taxonomy":"post_tag","embeddable":true,"href":"https:\/\/www.infokuryr.cz\/n\/wp-json\/wp\/v2\/tags?post=12441"}],"curies":[{"name":"wp","href":"https:\/\/api.w.org\/{rel}","templated":true}]}}