{"id":12436,"date":"2022-07-15T02:29:01","date_gmt":"2022-07-15T00:29:01","guid":{"rendered":"http:\/\/www.infokuryr.cz\/n\/?p=12436"},"modified":"2022-07-15T02:29:01","modified_gmt":"2022-07-15T00:29:01","slug":"jindrich-kulhavy-mate-chut-jim-jeste-nekdy-tleskat","status":"publish","type":"post","link":"https:\/\/www.infokuryr.cz\/n\/2022\/07\/15\/jindrich-kulhavy-mate-chut-jim-jeste-nekdy-tleskat\/","title":{"rendered":"Jind\u0159ich Kulhav\u00fd: M\u00e1te chu\u0165 jim je\u0161t\u011b n\u011bkdy tleskat?"},"content":{"rendered":"<div id=\"fb-root\"><\/div>\n<p><span class=\"anotation\">Dv\u011b t\u0159etiny Evropy se ob\u00e1vaj\u00ed bl\u00ed\u017e\u00edc\u00ed se zimy, lid\u00e9 odpov\u011bdn\u00ed za chod hospod\u00e1\u0159stv\u00ed a pr\u016fmyslu si kone\u010dn\u011b uv\u011bdomuj\u00ed, jak\u00fdm pr\u016f\u0161vihem se stanou d\u016fsledky ideologick\u00e9ho pomaten\u00ed politik\u016f a jejich manipulov\u00e1n\u00ed Spojen\u00fdmi st\u00e1ty. Tady u\u017e nejde jen o zimu v\u00a0na\u0161ich obydl\u00edch, ale o tot\u00e1ln\u00ed kolaps spole\u010dnosti, likvidaci pr\u016fmyslu a jeho znehodnocen\u00ed, na co\u017e se t\u011b\u0161\u00ed p\u0159edev\u0161\u00edm ameri\u010dt\u00ed investo\u0159i p\u0159ipraven\u00ed skoupit v\u0161e, co se d\u00e1. A samoz\u0159ejm\u011b co nejlevn\u011bji, ostatn\u011b u\u017e si o tom ve ,,st\u00e1tech\u201c \u0161t\u011bbetaj\u00ed vrabci na st\u0159e\u0161e. No vrabci, oni jsou to sp\u00ed\u0161e nenasytn\u00ed supi.<\/span><\/p>\n<div id=\"pagetext\">\n<p>\u00a0 Jestli\u017ee plno lidem je\u0161t\u011b nedoch\u00e1z\u00ed dramati\u010dnost situace a \u0159ada z\u00a0nich si mysl\u00ed, \u017ee se to n\u011bjak vy\u0159e\u0161\u00ed, o\u00a0\u010dem\u017e je p\u0159esv\u011bd\u010duje i premi\u00e9r Petr Fiala, pak skeptici dopl\u0148uj\u00ed d\u0159evn\u00edky, nakupuj\u00ed uhl\u00ed a hledaj\u00ed zp\u016fsoby, jak vytopit sv\u00e1 obydl\u00ed. Boom sol\u00e1rn\u00edch elektr\u00e1ren a tepeln\u00fdch \u010derpadel nic z\u00a0toho ne\u0159e\u0161\u00ed, by\u0165 se zd\u00e1, \u017ee ka\u017ed\u00e1 u\u0161et\u0159en\u00e1 kilowatthodina bude darem z\u00a0nebes. Bohu\u017eel \u00fa\u010dinnost t\u011bchto za\u0159\u00edzen\u00ed je natolik mizern\u00e1, \u017ee probl\u00e9my odstran\u00ed jen \u010d\u00e1ste\u010dn\u011b a ani tady nen\u00ed nic zadarmo. Naj\u00edt zp\u016fsob, jak se st\u00e1t nez\u00e1visl\u00fdmi nikoliv na Rusku, ale na t\u00e9to zfanatizovan\u00e9 vl\u00e1d\u011b, bude technologicky i ekonomicky slo\u017eit\u00e9. A v\u011b\u0159te tomu, \u017ee je ot\u00e1zkou \u010dasu, kdy bude ka\u017ed\u00fd sol\u00e1rn\u00ed panel zdan\u011bn. Vzpome\u0148te si na sladk\u00e9 \u0159e\u010di o elektromobilech a jak vid\u00edme, za\u010d\u00ednaj\u00ed se n\u00e1kladnost\u00ed provozu bl\u00ed\u017eit automobil\u016fm s\u00a0klasickou koncepc\u00ed, ov\u0161em p\u0159i vysok\u00fdch po\u0159izovac\u00edch cen\u00e1ch samotn\u00fdch poj\u00edzdn\u00fdch vysava\u010d\u016f a mizern\u00fdch dojezdech a dal\u0161\u00edch vlastnostech.<\/p>\n<p>Plynov\u00e1 krize je samoz\u0159ejm\u011b d\u016fsledkem politiky Spojen\u00fdch st\u00e1t\u016f, kter\u00e9 se ,,zaslou\u017eily\u201c sv\u00fdm n\u00e1tlakem na N\u011bmecko a EU o nespu\u0161t\u011bn\u00ed plynovodu Nord Stream 2. D\u00e1le chov\u00e1n\u00ed technick\u00fdch analfabet\u016f ve veden\u00ed EU vyhla\u0161uj\u00edc\u00edch nez\u00e1vislost na rusk\u00fdch zdroj\u00edch. A v\u00a0neposledn\u00ed \u0159ad\u011b na sou\u010dasn\u00e9 situaci maj\u00ed pod\u00edl eko\u0161\u00edlenci oh\u00e1n\u011bj\u00edc\u00ed se klimatick\u00fdmi zm\u011bnami (tak\u00e9 V\u00e1m to l\u00e9to p\u0159ijde tak hrozn\u011b hork\u00e9?). K\u00a0posledn\u00edmu je t\u0159eba se zeptat, zda li n\u00e1hodou v\u0161echna ta torn\u00e1da, sucha a naopak z\u00e1plavy a teploty nejsou z\u00e1m\u011brn\u011b ovliv\u0148ov\u00e1ny tak, aby \u0161kodily a z\u00e1rove\u0148 d\u00e1vali zbra\u0148 do ruky klimatohysterik\u016fm. Mo\u017enost\u00ed, jak ovlivnit po\u010das\u00ed, u\u017e je v\u00edce, k\u00a0chemtrails u\u017e se politici p\u0159izn\u00e1vaj\u00ed. Sankce vytvo\u0159en\u00e9 proto Rusku se staly velmi rychle kontraproduktivn\u00edmi, kdyby nebyly jejich dopady tragick\u00e9, byly by i \u00fasm\u011bvn\u00e9.<\/p>\n<p>M\u016f\u017eete m\u00edt n\u00e1zor na vojensk\u00e9 ta\u017een\u00ed Rus\u016f jak\u00e9koliv, oni sami ho velmi dostate\u010dn\u011b vysv\u011btlili a kdo to nepochopil, je prost\u011b ideologicky dob\u0159e zpracov\u00e1n. Nicm\u00e9n\u011b je evidentn\u00ed, \u017ee se Z\u00e1pad velmi spletl, kdy\u017e si myslel, \u017ee Rusko potrest\u00e1 t\u00edm, \u017ee mu ukradne v\u0161e, co nen\u00ed p\u0159\u00edmo v\u00a0Rusku, z\u00e1rove\u0148 mu nebude platit za to, co odebere. A kdy\u017e Vladim\u00edr Putin ozn\u00e1mil, \u017ee se plyn bude platit v\u00a0rusk\u00fdch bank\u00e1ch (to v\u00a0rublech je sp\u00ed\u0161e medi\u00e1ln\u00ed manipulace, pouze do Ruska doputuj\u00ed eura, tam jsou sm\u011bn\u011bna za rubl a j\u00edm je hrazen n\u00e1kup plynu), \u0159ada politik\u016f se m\u00edsto zamy\u0161len\u00ed se tak trochu kousnula. Jen\u017ee i jim u\u017e doch\u00e1z\u00ed, \u017ee ignorac\u00ed st\u00e1vaj\u00edc\u00edho stavu hraj\u00ed o vlastn\u00ed kari\u00e9ru. I naivn\u00ed Fiala u\u017e obrac\u00ed s\u00a0t\u00edm, \u017ee v\u00a0dal\u0161\u00edm bal\u00ed\u010dku sankc\u00ed obchod s\u00a0plynem nebude. Jako by se Moskva Fialy ptala, m\u016f\u017ee li obchodovat s\u00a0vlastn\u00edm plynem \u010di nikoliv. Maxim\u00e1ln\u011b se rozhodnou, do kter\u00fdch zem\u00ed dod\u00e1vat nebudou, proto\u017ee v\u00a0nich vl\u00e1dnou idioti za\u0159azen\u00ed na seznam nep\u0159\u00e1tel Ruska. Podobn\u00e9 je to se snahou USA zastropovat cenu rusk\u00e9 ropy. Je to vcelku \u00fasm\u011bvn\u00e9, proto\u017ee jsou to Rusov\u00e9, \u010d\u00ed ta ropa je a je jen na nich, jakou cenu si za ni ur\u010d\u00ed. Ur\u010dit\u011b se nebudou pt\u00e1t v\u00a0B\u00edl\u00e9m dom\u011b. To ho d\u0159\u00edve srovnaj\u00ed se zem\u00ed.<\/p>\n<p>V\u00a0kontextu s\u00a0v\u00fd\u0161e uveden\u00fdm se mus\u00edme zamyslet na koncertem, kter\u00fd mo\u017en\u00e1 p\u0159ipravuj\u00ed na\u0161i um\u011blci. Pozv\u00e1nka na n\u011bj je v\u00a0\u00favodu \u010dl\u00e1nku a pod\u00edv\u00e1te li se na slo\u017een\u00ed t\u011bch, kte\u0159\u00ed V\u00e1s na n\u011bj zvou a maj\u00ed na n\u011bm \u00fa\u010dinkovat, mus\u00edte se pousm\u00e1t. M\u016f\u017eete je m\u00edt r\u00e1di, takov\u00fd Marek Eben um\u00ed p\u016fsobit vcelku kultivovan\u011b a chyt\u0159e, ov\u0161em kdy\u017e se pot\u00e9 p\u0159id\u00e1 do t\u00e9to party, za\u010dnete o n\u011bm jist\u011b pochybovat. Je v\u0161ak p\u0159e\u0161krtnut. Ideologie a propaganda jsou p\u0159\u00edbuzn\u00e9, kter\u00e9 dok\u00e1\u017eou manipulovat davy. A samoz\u0159ejm\u011b nejl\u00e9pe to jde u lid\u00ed, jejich\u017e inteligence je bu\u010f omezen\u00e1, nebo nejsou komplexn\u011b schopni uva\u017eovat. K\u00a0ovlivn\u011bn\u00ed n\u00e1zoru sta\u010d\u00ed najmout p\u0159esv\u011bd\u010div\u00e9 tv\u00e1\u0159e a zneu\u017e\u00edt jejich popularity, hran\u00e9 solidnosti a schopnosti s\u00a0v\u00e1\u017enou tv\u00e1\u0159\u00ed vsugerovat div\u00e1k\u016fm i ty nejv\u011bt\u0161\u00ed l\u017ei. U \u00fa\u010dinkuj\u00edc\u00edch na pr\u00fd p\u0159ipravovan\u00e9m koncertu v\u0161ak u\u017e nen\u00ed hlavn\u00ed motivac\u00ed odm\u011bna za vystoupen\u00ed, co\u017e u komediant\u016f a um\u011blc\u016f b\u00fdv\u00e1, tito lid\u00e9 v\u011b\u0159\u00ed tomu, \u010d\u00edm se prezentuj\u00ed. Tedy nen\u00e1vist\u00ed k\u00a0Rusku, \u0159i\u0165olezectv\u00edm ve spojen\u00ed s\u00a0liberalismem a obdivem k\u00a0t\u011bm nejv\u011bt\u0161\u00edm z\u00e1padn\u00edm zlo\u010dinc\u016fm. A nav\u00edc naprosto slep\u00fdm havlismem, co\u017e hovo\u0159\u00ed za mnoh\u00e9 a vysv\u011btluje zal\u00edben\u00ed v Sorosovi, Gatesovi a Demokrat\u016fm v USA.<\/p>\n<p>Jestli\u017ee se v\u00a0dob\u011b covidov\u00e9 dali koupit a stali se z\u00a0n\u011bkter\u00fdch z\u00a0nich nah\u00e1n\u011b\u010di farmaceutick\u00fdch spole\u010dnost\u00ed, pak v\u00a0tomto p\u0159\u00edpadu ukazuj\u00ed svou trapnost a neochotu vn\u00edmat v\u0161echny aspekty sou\u010dasn\u00e9 politiky a ekonomiky. Jejich povrchnost a neschopnost vz\u00edt v\u00a0\u00favahu v\u0161echna dostupn\u00e1 fakta z\u00a0nich d\u011bl\u00e1 pouh\u00e9 hlup\u00e1ky vystupuj\u00edc\u00ed v\u00a0z\u00e1\u0159i reflektor\u016f. Doufejme, \u017ee na podzim v\u00a0den mo\u017en\u00e9ho kon\u00e1n\u00ed akce, bude dostate\u010dn\u00fd mr\u00e1z a oni pochop\u00ed, jak slo\u017eit\u00e9 je bez dostupn\u00fdch cen elekt\u0159iny a pln\u00fdch z\u00e1sobn\u00edk\u016f plynu \u017e\u00edt, pracovat, tvo\u0159it, milovat se, u\u010dit se, t\u0159eba se jen um\u00fdt. Jen\u017ee t\u011bmto zka\u017een\u00fdm idealist\u016fm o\u010di neotev\u0159e v\u016fbec nic. Mo\u017en\u00e1 jen to, \u017ee je na podzim p\u0159ipravena nov\u00e1 covidov\u00e1 pandemie a na konci pr\u00e1zdnin budou po\u017eadovat op\u011bt rou\u0161ky a o\u010dkov\u00e1n\u00ed i po d\u011btech. T\u0159eba i proto, aby \u0161koly z\u016fstaly pr\u00e1zdn\u00e9 a nemusely se vyt\u00e1p\u011bt. To u\u017e je ov\u0161em pouze n\u00e1\u0161 odhad. Nicm\u00e9n\u011b pak by se nemohl po\u0159\u00e1dat ani slibovan\u00fd koncert, p\u0159\u00edpadn\u011b jen pro vybran\u00e9 o\u010dkovan\u00e9, co\u017e by komedi\u00e1lnost\u00ed odpov\u00eddalo v\u00e1\u017enosti cel\u00e9 t\u00e9 akce.\u00a0 Absurdita, bude li skute\u010dn\u011b po\u0159\u00e1d\u00e1na a nen\u00ed li to jen provokace, je nekone\u010dn\u00e1. Pokud jde o z\u00e1m\u011brn\u011b vypu\u0161t\u011bn\u00fd fake, co\u017e je tak\u00e9 mo\u017en\u00e9, nic to nem\u011bn\u00ed na tom, jak se Pra\u017esk\u00e1 kav\u00e1rna chov\u00e1. Nebyla by to toti\u017e ojedin\u011bl\u00e1 akce, kter\u00e9 by se tyto pseudocelebrity \u00fa\u010dastnily.<\/p>\n<\/div>\n<p><a href=\"https:\/\/www.inadhled.live\/uvaha-dne\/mate-chut-jim-jeste-nekdy-tleskat-\/\">Jind\u0159ich Kulhav\u00fd<\/a><\/p>\n<p>&nbsp;<\/p>\n","protected":false},"excerpt":{"rendered":"<p>Dv\u011b t\u0159etiny Evropy se ob\u00e1vaj\u00ed bl\u00ed\u017e\u00edc\u00ed se zimy, lid\u00e9 odpov\u011bdn\u00ed za chod hospod\u00e1\u0159stv\u00ed a pr\u016fmyslu&#8230;<\/p>\n","protected":false},"author":2,"featured_media":12437,"comment_status":"closed","ping_status":"closed","sticky":false,"template":"","format":"standard","meta":[],"categories":[6],"tags":[2824,1497,2823,102],"_links":{"self":[{"href":"https:\/\/www.infokuryr.cz\/n\/wp-json\/wp\/v2\/posts\/12436"}],"collection":[{"href":"https:\/\/www.infokuryr.cz\/n\/wp-json\/wp\/v2\/posts"}],"about":[{"href":"https:\/\/www.infokuryr.cz\/n\/wp-json\/wp\/v2\/types\/post"}],"author":[{"embeddable":true,"href":"https:\/\/www.infokuryr.cz\/n\/wp-json\/wp\/v2\/users\/2"}],"replies":[{"embeddable":true,"href":"https:\/\/www.infokuryr.cz\/n\/wp-json\/wp\/v2\/comments?post=12436"}],"version-history":[{"count":1,"href":"https:\/\/www.infokuryr.cz\/n\/wp-json\/wp\/v2\/posts\/12436\/revisions"}],"predecessor-version":[{"id":12438,"href":"https:\/\/www.infokuryr.cz\/n\/wp-json\/wp\/v2\/posts\/12436\/revisions\/12438"}],"wp:featuredmedia":[{"embeddable":true,"href":"https:\/\/www.infokuryr.cz\/n\/wp-json\/wp\/v2\/media\/12437"}],"wp:attachment":[{"href":"https:\/\/www.infokuryr.cz\/n\/wp-json\/wp\/v2\/media?parent=12436"}],"wp:term":[{"taxonomy":"category","embeddable":true,"href":"https:\/\/www.infokuryr.cz\/n\/wp-json\/wp\/v2\/categories?post=12436"},{"taxonomy":"post_tag","embeddable":true,"href":"https:\/\/www.infokuryr.cz\/n\/wp-json\/wp\/v2\/tags?post=12436"}],"curies":[{"name":"wp","href":"https:\/\/api.w.org\/{rel}","templated":true}]}}