{"id":12434,"date":"2022-07-15T02:21:12","date_gmt":"2022-07-15T00:21:12","guid":{"rendered":"http:\/\/www.infokuryr.cz\/n\/?p=12434"},"modified":"2022-07-15T02:21:12","modified_gmt":"2022-07-15T00:21:12","slug":"aby-bylo-jasno-jany-bobosikove-tentokrat-na-tema-pekarova-a-richterova-v-akci","status":"publish","type":"post","link":"https:\/\/www.infokuryr.cz\/n\/2022\/07\/15\/aby-bylo-jasno-jany-bobosikove-tentokrat-na-tema-pekarova-a-richterova-v-akci\/","title":{"rendered":"Aby bylo jasno Jany Bobo\u0161\u00edkov\u00e9 \u2013 tentokr\u00e1t na t\u00e9ma: Pekarov\u00e1 a Richterov\u00e1 v akci"},"content":{"rendered":"<div id=\"fb-root\"><\/div>\n<h2 class=\"entry-title\">Chvilky pom\u00e1haj\u00ed. Sen\u00e1tor L\u00e1ska jako \u201cexkrement.\u201d Politick\u00e9 tlaky<\/h2>\n<p>V\u00edte, kdy m\u00e1te sm\u016flu? Kdy\u017e se dostanete do nemilosti takzvan\u00fdch liber\u00e1ln\u00edch demokrat\u016f, tedy t\u011bch, kte\u0159\u00ed si mysl\u00ed, \u017ee ve spole\u010dnosti maj\u00ed vl\u00e1dnout men\u0161iny, nikoli v\u011bt\u0161ina. Sv\u00e9 o\u00a0tom v\u00ed \u0159\u00e1dn\u011b demokraticky zvolen\u00fd ombudsman Stanislav K\u0159e\u010dek. Toho u\u017e n\u011bkolik let doslova pron\u00e1sleduj\u00ed p\u0159edsedkyn\u011b TOP 09 Mark\u00e9ta Adamov\u00e1 Pekarov\u00e1 a\u00a0Milion chvilek. Maj\u00ed samoz\u0159ejm\u011b i\u00a0dal\u0161\u00ed spojence. Nejen v\u00a0m\u00e9di\u00edch, ale hlavn\u011b v\u00a0Sen\u00e1tu. Tam se do boje proti demokraticky zvolen\u00e9mu ombudsmanovi K\u0159e\u010dkovi ost\u0159e postavil absolvent plze\u0148sk\u00fdch pr\u00e1v, liber\u00e1ln\u011b-demokratick\u00fd sen\u00e1tor V\u00e1clav L\u00e1ska. Pod\u00edv\u00e1me se, jak, kdo a\u00a0pro\u010d proti Stanislavu K\u0159e\u010dkovi bojuje. A\u00a0upozor\u0148ujeme, \u017ee Stanislav K\u0159e\u010dek byl demokraticky zvolen\u00fd a\u00a0neporu\u0161il \u017e\u00e1dn\u00fd z\u00e1kon. Jenom se t\u011bm, kte\u0159\u00ed na n\u011bj po\u0159\u00e1daj\u00ed \u0161tvanici, nel\u00edb\u00ed jeho n\u00e1zory. Smutn\u00e9 Havlovo d\u011bdictv\u00ed po\u00a033 letech, \u017ee?<\/p>\n<p><iframe loading=\"lazy\" title=\"Pekarov\u00e1 a Richterov\u00e1 v akci. Chvilky pom\u00e1haj\u00ed. Sen\u00e1tor L\u00e1ska jako &quot;exkrement.&quot; Politick\u00e9 tlaky.\" width=\"640\" height=\"360\" src=\"https:\/\/www.youtube.com\/embed\/PHuuDUhJcvs?start=1&#038;feature=oembed\" frameborder=\"0\" allow=\"accelerometer; autoplay; clipboard-write; encrypted-media; gyroscope; picture-in-picture\" allowfullscreen title=\"Pekarov\u00e1 a Richterov\u00e1 v akci. Chvilky pom\u00e1haj\u00ed. Sen\u00e1tor L\u00e1ska jako \"exkrement.\" Politick\u00e9 tlaky.\"><\/iframe><\/p>\n<p>Report\u00e1\u017ee, rozhovory a podcasty naleznete v\u0161echny na jednom m\u00edst\u011b na webu\u00a0<a href=\"https:\/\/abybylojasno.cz\/\">ZDE<\/a><\/p>\n<p><img decoding=\"async\" loading=\"lazy\" class=\"alignnone size-full wp-image-1185\" src=\"http:\/\/www.infokuryr.cz\/n\/wp-content\/uploads\/2021\/04\/kuryr-podpis.png\" alt=\"\" width=\"84\" height=\"24\" \/><\/p>\n<p>&nbsp;<\/p>\n","protected":false},"excerpt":{"rendered":"<p>Chvilky pom\u00e1haj\u00ed. Sen\u00e1tor L\u00e1ska jako \u201cexkrement.\u201d Politick\u00e9 tlaky V\u00edte, kdy m\u00e1te sm\u016flu? Kdy\u017e se dostanete&#8230;<\/p>\n","protected":false},"author":2,"featured_media":12435,"comment_status":"closed","ping_status":"closed","sticky":false,"template":"","format":"standard","meta":[],"categories":[6],"tags":[727,257,2822],"_links":{"self":[{"href":"https:\/\/www.infokuryr.cz\/n\/wp-json\/wp\/v2\/posts\/12434"}],"collection":[{"href":"https:\/\/www.infokuryr.cz\/n\/wp-json\/wp\/v2\/posts"}],"about":[{"href":"https:\/\/www.infokuryr.cz\/n\/wp-json\/wp\/v2\/types\/post"}],"author":[{"embeddable":true,"href":"https:\/\/www.infokuryr.cz\/n\/wp-json\/wp\/v2\/users\/2"}],"replies":[{"embeddable":true,"href":"https:\/\/www.infokuryr.cz\/n\/wp-json\/wp\/v2\/comments?post=12434"}],"version-history":[{"count":0,"href":"https:\/\/www.infokuryr.cz\/n\/wp-json\/wp\/v2\/posts\/12434\/revisions"}],"wp:featuredmedia":[{"embeddable":true,"href":"https:\/\/www.infokuryr.cz\/n\/wp-json\/wp\/v2\/media\/12435"}],"wp:attachment":[{"href":"https:\/\/www.infokuryr.cz\/n\/wp-json\/wp\/v2\/media?parent=12434"}],"wp:term":[{"taxonomy":"category","embeddable":true,"href":"https:\/\/www.infokuryr.cz\/n\/wp-json\/wp\/v2\/categories?post=12434"},{"taxonomy":"post_tag","embeddable":true,"href":"https:\/\/www.infokuryr.cz\/n\/wp-json\/wp\/v2\/tags?post=12434"}],"curies":[{"name":"wp","href":"https:\/\/api.w.org\/{rel}","templated":true}]}}