{"id":12429,"date":"2022-07-15T02:02:36","date_gmt":"2022-07-15T00:02:36","guid":{"rendered":"http:\/\/www.infokuryr.cz\/n\/?p=12429"},"modified":"2022-07-15T02:02:36","modified_gmt":"2022-07-15T00:02:36","slug":"radnice-mesta-new-york-poprve-od-karibske-krize-v-roce-1962-naridila-televiznim-stanicim-vysilat-psa-video-s-instrukcemi-pro-preziti-po-termonuklearnim-uderu","status":"publish","type":"post","link":"https:\/\/www.infokuryr.cz\/n\/2022\/07\/15\/radnice-mesta-new-york-poprve-od-karibske-krize-v-roce-1962-naridila-televiznim-stanicim-vysilat-psa-video-s-instrukcemi-pro-preziti-po-termonuklearnim-uderu\/","title":{"rendered":"Radnice m\u011bsta New York poprv\u00e9 od Karibsk\u00e9 krize v roce 1962 na\u0159\u00eddila televizn\u00edm stanic\u00edm vys\u00edlat PSA video s instrukcemi pro p\u0159e\u017eit\u00ed po termonukle\u00e1rn\u00edm \u00faderu&#8230;"},"content":{"rendered":"<div id=\"fb-root\"><\/div>\n<h4>Radnice m\u011bsta New York poprv\u00e9 od Karibsk\u00e9 krize v roce 1962 na\u0159\u00eddila televizn\u00edm stanic\u00edm vys\u00edlat PSA video s instrukcemi pro p\u0159e\u017eit\u00ed po termonukle\u00e1rn\u00edm \u00faderu na m\u011bsto! Video vyvolalo ve m\u011bst\u011b pozdvi\u017een\u00ed, radnice se ale odvol\u00e1v\u00e1 na doporu\u010den\u00ed Pentagonu a FEMA! A v Moskv\u011b to za\u010dalo! Prezident Vladimir Putin ve \u010dtvrtek podepsal mobiliza\u010dn\u00ed z\u00e1kony pro pr\u016fmysl a pr\u00e1vnick\u00e9 osoby k podpo\u0159e protiteroristick\u00e9ho \u00fasil\u00ed RAF v zahrani\u010d\u00ed! Vyhl\u00e1s\u00ed Rusko ofici\u00e1ln\u011b v\u00e1lku Ukrajin\u011b? K \u010demu by to vedlo z pohledu mezin\u00e1rodn\u00edho pr\u00e1va? A dojde i k mobilizaci fyzick\u00fdch osob?<\/h4>\n<p>Krizov\u00fd \u0161t\u00e1b radnice m\u011bsta New York za\u010dal od pond\u011bln\u00edho ve\u010dera na v\u0161ech televizn\u00edch kan\u00e1lech a stanic\u00edch vys\u00edlat\u00a0<strong>kr\u00e1tk\u00e9 instrukt\u00e1\u017en\u00ed PSA (<em>Public Service Announcement<\/em>) video pro p\u0159\u00edpravu obyvatelstva na p\u0159\u00edpadn\u00fd nukle\u00e1rn\u00ed \u00fatok na m\u011bsto.<\/strong>\u00a0Zhruba jeden a p\u016fl minutov\u00e9 video rad\u00ed lidem ve 3 kroc\u00edch, jak se zachovat v p\u0159\u00edpad\u011b jadern\u00e9ho \u00faderu, \u017ee se maj\u00ed schovat do budov, \u017ee se maj\u00ed um\u00fdt a zbavit se radioaktivn\u00edho oble\u010den\u00ed, a \u017ee maj\u00ed sledovat vys\u00edl\u00e1n\u00ed m\u00e9di\u00ed a stanic pro dal\u0161\u00ed instrukce. Video samo o sob\u011b vyvolalo zd\u011b\u0161en\u00ed hned u dvou skupin Ameri\u010dan\u016f. Krom\u011b zd\u011b\u0161en\u00ed obyvatel m\u011bsta New York do\u0161lo toti\u017e k znepokojen\u00ed i odborn\u00edk\u016f na bezpe\u010dnost a pozorovatele, kte\u0159\u00ed jsou znepokojeni vysokou m\u00edrou nep\u0159esn\u00fdch informac\u00ed ve videu.<\/p>\n<p>&nbsp;<\/p>\n<div id=\"rumble_v19nwgv\">\n<div id=\"vid_v19nwgv\" class=\"rumble_v19nwgv-Rumble-cls\" tabindex=\"-1\">\n<div class=\"bigPlayUI ctp\">\n<div class=\"bigPlayUIInner ctp\"><div class='videoWrapper'>\r\n\t            <iframe src='https:\/\/rumble.com\/embed\/pj.v19nwgv\/' frameborder='0' allowfullscreen><\/iframe>\r\n\t        <\/div><\/div>\n<\/div>\n<\/div>\n<\/div>\n<p>&nbsp;<\/p>\n<p>To pr\u00fd m\u016f\u017ee b\u00fdt zp\u016fsobeno lajd\u00e1ctv\u00edm, ale rovn\u011b\u017e i zmatkem a chaosem, \u017ee n\u011bkdo instruoval radnici, aby informaci odvys\u00edlala co nejrychleji a na kvalitu videa po obsahov\u00e9 str\u00e1nce se tud\u00ed\u017e nehled\u011blo. A pr\u00e1v\u011b tato mo\u017enost vyd\u011bsila mnoho bezpe\u010dnostn\u00edch odborn\u00edk\u016f. Za norm\u00e1ln\u00edch okolnost\u00ed toti\u017e tato videa p\u0159ipravuje FEMA a Pentagon ve spolupr\u00e1ci s Ministerstvem obrany, ale tady se zd\u00e1, \u017ee video p\u0159ipravila radnice vlastn\u00edm n\u00e1kladem. Radnice se ov\u0161em odvol\u00e1v\u00e1 na doporu\u010den\u00ed bezpe\u010dnostn\u00edch poradc\u016f vzhledem k situaci na Ukrajin\u011b. Pro\u010d video vzniklo tak narychlo?<\/p>\n<h6><span style=\"font-size: 18pt;\">Video se\u0161it\u00e9 narychlo postr\u00e1d\u00e1 hlavn\u00ed informace o radiov\u00e9 komunikaci, o z\u00e1soben\u00ed potravinami a cel\u00e9 to vypad\u00e1, jak kdyby n\u011bkdo stra\u0161n\u011b posp\u00edchal<\/span><\/h6>\n<p>Po jadern\u00e9m \u00faderu by rozhodn\u011b soci\u00e1ln\u00ed s\u00edt\u011b nefungovaly, proto\u017ee nep\u0159\u00edtel by s naprostou jistotou nejprve odp\u00e1lil termonukle\u00e1rn\u00ed hlavici vysoko ve stratosf\u00e9\u0159e pro vyvol\u00e1n\u00ed \u00fa\u010dinku EMP, tak\u017ee ve\u0161ker\u00e1 elektronick\u00e1 za\u0159\u00edzen\u00ed spot\u0159ebitel\u016f, tedy b\u011b\u017en\u00e1 spot\u0159ebn\u00ed elektronika, budou usma\u017eeny a nefunk\u010dn\u00ed. Elektromagnetick\u00fd pulz vydr\u017e\u00ed jen vojensk\u00e1 komunika\u010dn\u00ed technika, kter\u00e1 je proti \u00fa\u010dink\u016fm EMP p\u0159\u00edmo navr\u017eena a upravena.<\/p>\n<p><strong>Mobiln\u00ed telefony, tablety a po\u010d\u00edta\u010de rozhodn\u011b po jadern\u00e9m \u00faderu fungovat nebudou, stejn\u011b jako nebudou fungovat celul\u00e1rn\u00ed komunika\u010dn\u00ed s\u00edt\u011b.<\/strong>\u00a0Lid\u00e9 se budou moci dozv\u011bd\u011bt informace od \u00fa\u0159ad\u016f pouze pomoc\u00ed analogov\u00fdch vys\u00edla\u010dek na kr\u00e1tk\u00fdch vln\u00e1ch, tak\u017ee lid\u00e9 budou pot\u0159ebovat radiop\u0159ij\u00edma\u010d s analogov\u00fdm p\u0159\u00edjmem. Jedin\u00e9 po\u010d\u00edta\u010de, kter\u00e9 p\u0159e\u017eij\u00ed jadern\u00e9 \u00fadery, jsou st\u00edn\u011bn\u00e1 datacentra v podzem\u00ed, vojensk\u00e9 instalace v podzem\u00ed a za\u0159\u00edzen\u00ed na ob\u011b\u017en\u00e9 dr\u00e1ze planety Zem\u011b.<\/p>\n<figure id=\"attachment_52449\" class=\"wp-caption aligncenter\" style=\"width: 696px;\"><a href=\"https:\/\/aeronet.news\/wp-content\/uploads\/PSA_Nuke_CGI_House1.jpg\"><img decoding=\"async\" loading=\"lazy\" class=\"wp-image-52449 \" src=\"https:\/\/aeronet.news\/wp-content\/uploads\/PSA_Nuke_CGI_House1-1024x576.jpg\" sizes=\"(max-width: 700px) 100vw, 700px\" srcset=\"https:\/\/aeronet.news\/wp-content\/uploads\/PSA_Nuke_CGI_House1-1024x576.jpg 1024w, https:\/\/aeronet.news\/wp-content\/uploads\/PSA_Nuke_CGI_House1-300x169.jpg 300w, https:\/\/aeronet.news\/wp-content\/uploads\/PSA_Nuke_CGI_House1-768x432.jpg 768w, https:\/\/aeronet.news\/wp-content\/uploads\/PSA_Nuke_CGI_House1-700x394.jpg 700w, https:\/\/aeronet.news\/wp-content\/uploads\/PSA_Nuke_CGI_House1-635x357.jpg 635w, https:\/\/aeronet.news\/wp-content\/uploads\/PSA_Nuke_CGI_House1-859x483.jpg 859w, https:\/\/aeronet.news\/wp-content\/uploads\/PSA_Nuke_CGI_House1.jpg 1280w\" alt=\"\" width=\"696\" height=\"392\" \/><\/a><figcaption class=\"wp-caption-text\">CGI grafika instrukt\u00e1\u017en\u00edho videa NYC<\/figcaption><\/figure>\n<p>V\u0161echno ostatn\u00ed bude usma\u017een\u00e9 a mimo provoz. Video m\u011blo obsahovat informaci o frekvenc\u00edch, na kter\u00fdch p\u016fjde naladit vys\u00edl\u00e1n\u00ed \u00fa\u0159ad\u016f a z\u00e1chrann\u00fdch slo\u017eek. Nic takov\u00e9ho ve videu nen\u00ed. Doslova to vypad\u00e1, jako kdyby si na radnici v New Yorku opravdu mysleli, \u017ee po vypuknut\u00ed jadern\u00e9 v\u00e1lky si budou lid\u00e9 d\u00e1le ps\u00e1t mez sebou na Twitteru a na Facebooku, jako by se nechumelilo. V podstat\u011b bychom mohli toto video ozna\u010dit za hur\u00e1 akci, kterou n\u011bkdo v New Yorku vymyslel \u010dist\u011b z nudy a nen\u00ed pot\u0159eba se t\u00edm vzru\u0161ovat.<\/p>\n<p>Video neobsahuje ani informace o tom, jak\u00e9 trvanliv\u00e9 potraviny by lid\u00e9 m\u011bli m\u00edt doma v z\u00e1sob\u011b. Ani informace o nalepen\u00ed lep\u00edc\u00edch p\u00e1sek na okna proti padaj\u00edc\u00edm st\u0159epin\u00e1m po tlakov\u00e9 vln\u011b, ani informace o prvn\u00ed pomoci p\u0159i pop\u00e1lenin\u00e1ch po z\u00e1sahu tepelnou vlnou z exploze.\u00a0<strong>Jen\u017ee podle americk\u00fdch m\u00e9di\u00ed radnice v New Yorku video nato\u010dila narychlo p\u0159es minul\u00fd v\u00edkend na podn\u011bt bezpe\u010dnostn\u00edch poradc\u016f guvern\u00e9ra st\u00e1tu New York, kte\u0159\u00ed jsou v kontaktu s FEMA a p\u0159edev\u0161\u00edm s Pentagonem.<\/strong>\u00a0A podobn\u00e9 video tohoto st\u0159ihu bylo v New Yorku naposledy odvys\u00edl\u00e1no p\u0159ed 60 lety, tedy v \u0159\u00edjnu v roce 1962 b\u011bhem tzv. Karibsk\u00e9 krize spojen\u00e9 s rozm\u00edst\u011bn\u00edm sov\u011btsk\u00fdch raket na Kub\u011b.<\/p>\n<h6><span style=\"font-size: 18pt;\">Rusk\u00e1 duma bude v p\u00e1tek mimo\u0159\u00e1dn\u011b zasedat, poslanci museli p\u0159eru\u0161it sv\u00e9 dovolen\u00e9, n\u011bco se d\u011bje<\/span><\/h6>\n<p>Od t\u00e9 doby nikdo takov\u00e1 instrukt\u00e1\u017en\u00ed videa v USA nevys\u00edlal. Tedy a\u017e do tohoto pond\u011bl\u00ed.\u00a0<strong>New York je samoz\u0159ejm\u011b prim\u00e1rn\u00edm c\u00edlem potenci\u00e1ln\u00edho \u00fatoku, proto\u017ee v n\u011bm s\u00eddl\u00ed nervov\u00fd syst\u00e9m americk\u00e9 moci Pax Americana, kterou je newyorsk\u00e1 burza. Je to rovn\u011b\u017e nervov\u00fd bod syst\u00e9mu SWIFT.<\/strong>\u00a0\u00dader by byl veden v p\u0159\u00edpad\u011b v\u00e1lky pr\u00e1v\u011b na centrum m\u011bsta a vzhledem k relativn\u011b n\u00edzk\u00e9 a m\u00edsty dokonce negativn\u00ed nadmo\u0159sk\u00e9 v\u00fd\u0161ce by z\u0159ejm\u011b jadern\u00e9 \u00fadery cel\u00e9 m\u011bsto potopily pod vodu v d\u016fsledku kr\u00e1ter\u016f po jadern\u00fdch exploz\u00edch, kter\u00e9 by zaplavila voda z Atlantiku a rovn\u011b\u017e z Hudson River. Jen\u017ee, situace na Ukrajin\u011b, kam USA dod\u00e1vaj\u00ed zbran\u011b do prob\u00edhaj\u00edc\u00ed v\u00e1lky mezi Ukrajinou a Ruskem, m\u016f\u017ee velmi rychle p\u0159er\u016fst ve 3. sv\u011btovou v\u00e1lku.<\/p>\n<figure id=\"attachment_50407\" class=\"wp-caption aligncenter\" style=\"width: 698px;\"><a href=\"https:\/\/aeronet.news\/wp-content\/uploads\/StateDumaBuilding.jpg\"><img decoding=\"async\" loading=\"lazy\" class=\"wp-image-50407 \" src=\"https:\/\/aeronet.news\/wp-content\/uploads\/StateDumaBuilding-1024x637.jpg\" sizes=\"(max-width: 700px) 100vw, 700px\" srcset=\"https:\/\/aeronet.news\/wp-content\/uploads\/StateDumaBuilding-1024x637.jpg 1024w, https:\/\/aeronet.news\/wp-content\/uploads\/StateDumaBuilding-300x187.jpg 300w, https:\/\/aeronet.news\/wp-content\/uploads\/StateDumaBuilding-768x478.jpg 768w, https:\/\/aeronet.news\/wp-content\/uploads\/StateDumaBuilding-700x435.jpg 700w, https:\/\/aeronet.news\/wp-content\/uploads\/StateDumaBuilding-574x357.jpg 574w, https:\/\/aeronet.news\/wp-content\/uploads\/StateDumaBuilding-777x483.jpg 777w, https:\/\/aeronet.news\/wp-content\/uploads\/StateDumaBuilding.jpg 1280w\" alt=\"\" width=\"698\" height=\"434\" \/><\/a><figcaption class=\"wp-caption-text\">Rusk\u00e1 duma<\/figcaption><\/figure>\n<p>Kreml ji\u017e minul\u00fd t\u00fdden ozn\u00e1mil, \u017ee svol\u00e1v\u00e1 na p\u00e1tek 15. \u010dervence mimo\u0159\u00e1dn\u00e9 zased\u00e1n\u00ed Rusk\u00e9 dumy, poslanci mus\u00ed p\u0159eru\u0161it sv\u00e9 letn\u00ed dovolen\u00e9 a mus\u00ed se dostavit na zased\u00e1n\u00ed. Podle agentury TASS se bude jednat o mimo\u0159\u00e1dn\u00fdch opat\u0159en\u00edch pro pos\u00edlen\u00ed rusk\u00e9 ekonomiky, ale ru\u0161t\u00ed novin\u00e1\u0159i jsou p\u0159esv\u011bd\u010deni, \u017ee Kreml by neru\u0161il dovolen\u00e9 poslanc\u016f jenom kv\u016fli ekonomick\u00fdm z\u00e1kon\u016fm a opat\u0159en\u00edm.\u00a0<strong>Velmi \u017eiv\u011b se spekuluje, \u017ee by Duma mohla ofici\u00e1ln\u011b p\u0159ijmout usnesen\u00ed, kter\u00fdm Rusk\u00e1 federace vyhl\u00e1s\u00ed v\u00e1lku Ukrajin\u011b.<\/strong><\/p>\n<p>Ihned pot\u00e9 by Duma mohla na \u00fazem\u00ed Ruska vyhl\u00e1sit v\u00e1le\u010dn\u00fd stav, co\u017e by dalo Kremlu mo\u017enost povolat do vojensk\u00e9 slu\u017eby rusk\u00e9 rezervisty, kter\u00fdch jsou 3 miliony, podle informac\u00ed rusk\u00fdch m\u00e9di\u00ed. Rezervisty toti\u017e lze do prob\u00edhaj\u00edc\u00edho vojensk\u00e9ho konfliktu povolat jen na z\u00e1klad\u011b v\u00e1le\u010dn\u00e9ho stavu. V dob\u011b m\u00edru Kreml tuto mo\u017enost nem\u00e1 a m\u016f\u017ee nasadit jen profesion\u00e1ln\u00ed voj\u00e1ky v zam\u011bstnaneck\u00e9m slu\u017eebn\u00edm pom\u011bru, tedy voj\u00e1ky z povol\u00e1n\u00ed. A \u017ee to Kreml mysl\u00ed s mobilizac\u00ed asi v\u00e1\u017en\u011b, o tom sv\u011bd\u010d\u00ed to, k \u010demu do\u0161lo ve \u010dtvrtek.<\/p>\n<h6><span style=\"font-size: 18pt;\">Rusk\u00fd prezident podepsal ve \u010dtvrtek z\u00e1kony na mobilizaci v\u00e1le\u010dn\u00e9ho pr\u016fmyslu<\/span><\/h6>\n<p>Vladimir Putin podepsal s\u00e9rii nov\u00fdch z\u00e1kon\u016f a novel Z\u00e1kon\u00edku pr\u00e1ce, kter\u00fdmi se zav\u00e1d\u00ed mo\u017enost do\u010dasn\u00e9 mobilizace zdroj\u016f, rezerv a prost\u0159edk\u016f a rovn\u011b\u017e pr\u00e1vnick\u00fdch osob a pracovn\u00edch sil v pr\u016fmyslu, tedy firem a podnik\u016f, kter\u00e9 jsou nov\u011b povinny spolupracovat s ministerstvy obrany a bezpe\u010dnosti na vojensk\u00e9m \u00fasil\u00ed Rusk\u00fdch ozbrojen\u00fdch sil (Russian Armed Forces \u2013 RAF) v zahrani\u010d\u00ed. Ano, Vladimir Putin podepsal mobiliza\u010dn\u00ed z\u00e1kony pro firmy a podniky, tedy zat\u00edm jen mobilizaci pr\u00e1vnick\u00fdch osob.\u00a0<strong>Mobilizace fyzick\u00fdch osob je mo\u017en\u00e1 jen po vyhl\u00e1\u0161en\u00ed v\u00e1le\u010dn\u00e9ho stavu v Rusku a po souhlasu Rusk\u00e9 dumy.<\/strong><\/p>\n<figure id=\"attachment_52450\" class=\"wp-caption aligncenter\" style=\"width: 697px;\"><a href=\"https:\/\/aeronet.news\/wp-content\/uploads\/VladimirPutinSigning.jpg\"><img decoding=\"async\" loading=\"lazy\" class=\"wp-image-52450 \" src=\"https:\/\/aeronet.news\/wp-content\/uploads\/VladimirPutinSigning-1024x653.jpg\" sizes=\"(max-width: 700px) 100vw, 700px\" srcset=\"https:\/\/aeronet.news\/wp-content\/uploads\/VladimirPutinSigning-1024x653.jpg 1024w, https:\/\/aeronet.news\/wp-content\/uploads\/VladimirPutinSigning-300x191.jpg 300w, https:\/\/aeronet.news\/wp-content\/uploads\/VladimirPutinSigning-768x490.jpg 768w, https:\/\/aeronet.news\/wp-content\/uploads\/VladimirPutinSigning-700x446.jpg 700w, https:\/\/aeronet.news\/wp-content\/uploads\/VladimirPutinSigning-100x65.jpg 100w, https:\/\/aeronet.news\/wp-content\/uploads\/VladimirPutinSigning-560x357.jpg 560w, https:\/\/aeronet.news\/wp-content\/uploads\/VladimirPutinSigning-758x483.jpg 758w, https:\/\/aeronet.news\/wp-content\/uploads\/VladimirPutinSigning.jpg 1280w\" alt=\"\" width=\"697\" height=\"444\" \/><\/a><figcaption class=\"wp-caption-text\">Vladimir Putin podepisuje z\u00e1kon<\/figcaption><\/figure>\n<p>Povol\u00e1n\u00ed rezervist\u016f, tedy \u010dlen\u016f aktivn\u00edch rusk\u00fdch z\u00e1loh, by znamenalo, \u017ee Rusko se rozhodlo obsadit celou Ukrajinu. Povol\u00e1n\u00ed rezerv, pokud k tomu opravdu dojde, bude znamenat zm\u011bnu Speci\u00e1ln\u00ed vojensk\u00e9 operace na v\u00e1le\u010dnou operaci s c\u00edlem porazit nep\u0159\u00edtele, tedy cel\u00fd nep\u0159\u00e1telsk\u00fd st\u00e1t, celou Ukrajinu. A k tomu u\u017e speci\u00e1ln\u00ed chirurgick\u00e1 operace sta\u010dit nebude. K tomu bude pot\u0159eba povolat rezervisty RAF. Tady je pln\u00e9 zn\u011bn\u00ed\u00a0<strong>[<a href=\"https:\/\/href.li\/?https:\/\/tass.com\/economy\/1480075\" target=\"_blank\" rel=\"nofollow noopener\">1<\/a>]<\/strong>\u00a0tiskov\u00e9 zpr\u00e1vy TASS:<\/p>\n<p>MOSKVA, 14. \u010dervence. \/TASS\/. Rusk\u00fd prezident Vladimir Putin podepsal z\u00e1kon o podpo\u0159e protiteroristick\u00fdch a jin\u00fdch operac\u00ed v zahrani\u010d\u00ed rusk\u00fdmi ozbrojen\u00fdmi silami, dal\u0161\u00edmi vojsky a org\u00e1ny. Dokument byl ve \u010dtvrtek zve\u0159ejn\u011bn na internetov\u00fdch str\u00e1nk\u00e1ch s pr\u00e1vn\u00edmi informacemi.<\/p>\n<p>Kabinet tak nyn\u00ed z\u00edsk\u00e1v\u00e1 mo\u017enost rozhodovat o zvl\u00e1\u0161tn\u00edch opat\u0159en\u00edch v ekonomick\u00e9 sf\u00e9\u0159e pro \u00fa\u010dely podpory operac\u00ed mimo Rusko. Z\u00e1kon rovn\u011b\u017e umo\u017e\u0148uje st\u00e1tn\u00edm z\u00e1kazn\u00edk\u016fm \u2013 Ministerstvu obrany, Ministerstvu pro mimo\u0159\u00e1dn\u00e9 situace, Rusk\u00e9 n\u00e1rodn\u00ed gardov\u00e9 slu\u017eb\u011b, Feder\u00e1ln\u00ed gardov\u00e9 slu\u017eb\u011b a Feder\u00e1ln\u00ed bezpe\u010dnostn\u00ed slu\u017eb\u011b \u2013 zv\u00fd\u0161it nebo sn\u00ed\u017eit rozsah zbo\u017e\u00ed a slu\u017eeb v r\u00e1mci uzav\u0159en\u00e9 smlouvy. Cena zak\u00e1zky se z\u00e1rove\u0148 m\u016f\u017ee m\u011bnit s ohledem na z\u00e1kony a v mez\u00edch hlavn\u00edch ukazatel\u016f st\u00e1tn\u00ed obrann\u00e9 zak\u00e1zky.<\/p>\n<p>D\u00e1le zvl\u00e1\u0161tn\u00ed opat\u0159en\u00ed kabinetu stanov\u00ed \u201c<strong>uvoln\u011bn\u00ed materi\u00e1ln\u00edch hodnot st\u00e1tn\u00ed rezervy, do\u010dasn\u00e9 zru\u0161en\u00ed konzervace mobiliza\u010dn\u00edch kapacit a za\u0159\u00edzen\u00ed<\/strong>\u201c.\u00a0<strong>V p\u0159\u00edpad\u011b zaveden\u00ed zvl\u00e1\u0161tn\u00edch opat\u0159en\u00ed nemaj\u00ed pr\u00e1vnick\u00e9 osoby pr\u00e1vo odm\u00edtnout uzav\u0159en\u00ed smluv na dod\u00e1vky zbo\u017e\u00ed, prac\u00ed a slu\u017eeb pro \u00fa\u010dely podpory protiteroristick\u00fdch a jin\u00fdch operac\u00ed rusk\u00fdch ozbrojen\u00fdch sil, jin\u00fdch vojsk, jednotek a org\u00e1n\u016f v zahrani\u010d\u00ed.<\/strong><\/p>\n<p>Prezident rovn\u011b\u017e podepsal souvisej\u00edc\u00ed z\u00e1kon, kter\u00fdm se zav\u00e1d\u011bj\u00ed zm\u011bny rusk\u00e9ho z\u00e1kon\u00edku pr\u00e1ce, Ten stanov\u00ed, \u017ee vl\u00e1da p\u0159i zaveden\u00ed zvl\u00e1\u0161tn\u00edch opat\u0159en\u00ed v hospod\u00e1\u0159sk\u00e9 sf\u00e9\u0159e bude m\u00edt rovn\u011b\u017e pravomoc \u201cstanovit zvl\u00e1\u0161tnosti pr\u00e1vn\u00ed \u00fapravy pracovn\u011bpr\u00e1vn\u00edch vztah\u016f v jednotliv\u00fdch subjektech, jejich struktur\u00e1ln\u00edch jednotk\u00e1ch a v jednotliv\u00fdch v\u00fdrobn\u00edch z\u00e1vodech\u201d. Zejm\u00e9na se to t\u00fdk\u00e1 postupu a podm\u00ednek pr\u00e1ce p\u0159es\u010das, v noci a ve sv\u00e1tek.<\/p>\n<h6><span style=\"font-size: 18pt;\">Kreml podle v\u0161eho zah\u00e1jil mobiliza\u010dn\u00ed p\u0159\u00edpravy<\/span><\/h6>\n<p>Tohle je podle n\u00e1zoru na\u0161\u00ed redakce p\u0159edehra k mobilizaci rezervist\u016f. Nejprve se mobilizuj\u00ed v\u00fdrobn\u00ed prost\u0159edky a zdroje pro zbrojn\u00ed pr\u016fmysl.\u00a0<strong>Zbrojovky tak pojedou na 3 sm\u011bny a nep\u0159etr\u017eit\u011b 7 dn\u00ed v t\u00fddnu, bez ohledu na sv\u00e1tky. A tohle opravdu nevypad\u00e1, \u017ee by to bylo jen kv\u016fli speci\u00e1ln\u00ed operaci na Ukrajin\u011b.<\/strong>\u00a0Rusko m\u00e1 dostatek zbran\u00ed a zdroj\u016f, nepot\u0159ebuje mobilizovat pr\u016fmysl pro v\u00e1le\u010dn\u00e9 \u00fasil\u00ed na Ukrajin\u011b, pakli\u017ee\u2026 pakli\u017ee Moskva nem\u00e1 v pl\u00e1nu n\u011bco mnohem v\u011bt\u0161\u00edho, co by potom ospravedl\u0148ovalo zm\u00edn\u011bn\u00e9 do\u010dasn\u00e9 zru\u0161en\u00ed konzervace mobiliza\u010dn\u00edch kapacit.<\/p>\n<figure id=\"attachment_52182\" class=\"wp-caption aligncenter\" style=\"width: 695px;\"><a href=\"https:\/\/aeronet.news\/wp-content\/uploads\/RussianTankZver.jpg\"><img decoding=\"async\" loading=\"lazy\" class=\"wp-image-52182 \" src=\"https:\/\/aeronet.news\/wp-content\/uploads\/RussianTankZver-1024x667.jpg\" sizes=\"(max-width: 700px) 100vw, 700px\" srcset=\"https:\/\/aeronet.news\/wp-content\/uploads\/RussianTankZver-1024x667.jpg 1024w, https:\/\/aeronet.news\/wp-content\/uploads\/RussianTankZver-300x195.jpg 300w, https:\/\/aeronet.news\/wp-content\/uploads\/RussianTankZver-768x500.jpg 768w, https:\/\/aeronet.news\/wp-content\/uploads\/RussianTankZver-700x456.jpg 700w, https:\/\/aeronet.news\/wp-content\/uploads\/RussianTankZver-100x65.jpg 100w, https:\/\/aeronet.news\/wp-content\/uploads\/RussianTankZver-548x357.jpg 548w, https:\/\/aeronet.news\/wp-content\/uploads\/RussianTankZver-741x483.jpg 741w, https:\/\/aeronet.news\/wp-content\/uploads\/RussianTankZver.jpg 1280w\" alt=\"\" width=\"695\" height=\"453\" \/><\/a><figcaption class=\"wp-caption-text\">Rusk\u00e1 arm\u00e1da na Ukrajin\u011b zat\u00edm operuje v re\u017eimu zvl\u00e1\u0161tn\u00ed vojensk\u00e9 operace, ale bez vyhl\u00e1\u0161en\u00ed v\u00e1lky Ukrajin\u011b<\/figcaption><\/figure>\n<p>V dob\u011b m\u00edru jsou tyto kapacity zakonzervov\u00e1ny, nepou\u017e\u00edvaj\u00ed se, ale aktivuj\u00ed se v dob\u011b v\u00e1lky. A v\u0161imn\u011bte si i mobiliza\u010dn\u00edho opat\u0159en\u00ed, \u017ee firmy nemaj\u00ed pr\u00e1vo odm\u00edtnout uzav\u0159en\u00ed smluv na dod\u00e1vky zbo\u017e\u00ed, slu\u017eeb a pracovn\u00ed s\u00edly pro \u00fa\u010dely podpory protiteroristick\u00fdch operac\u00ed RAF v zahrani\u010d\u00ed. Pentagon mus\u00ed b\u00fdt obezn\u00e1men s t\u00edm, co se d\u011bje v Kremlu, co se pl\u00e1nuje. A pokud rusk\u00fd prezident ve \u010dtvrtek mobilizuje rusk\u00fd zbrojn\u00ed pr\u016fmysl, nelze se divit, \u017ee o 3 dny d\u0159\u00edve na televiz\u00edch v New Yorku b\u011b\u017e\u00ed u\u017e instrukt\u00e1\u017en\u00ed video na opat\u0159en\u00ed po jadern\u00e9m \u00faderu.<\/p>\n<h6><span style=\"font-size: 18pt;\">Na pokraji v\u00e1lky mezi USA a Ruskem na zap\u016fj\u010den\u00e9m v\u00e1l\u010di\u0161ti od Ukrajinc\u016f<\/span><\/h6>\n<p>V\u0161echno to do sebe zapad\u00e1. Jednotliv\u00e9 kroky a ud\u00e1losti se dokonale dopl\u0148uj\u00ed a konceptu\u00e1ln\u011b do sebe zapadaj\u00ed. Jestli opravdu m\u00ed\u0159\u00edme k v\u00e1lce mezi Ruskem a USA (pota\u017emo NATO) kv\u016fli Ukrajin\u011b, potom nesm\u00edme podce\u0148ovat ani mobiliza\u010dn\u00ed z\u00e1kony podepisovan\u00e9 v Kremlu, ani instrukt\u00e1\u017en\u00ed videa v New Yorku.\u00a0<strong>Rusko z\u0159ejm\u011b pochopilo, \u017ee na Ukrajin\u011b u\u017e nev\u00e1l\u010d\u00ed d\u00e1vno s Ukrajinci, ale ve skute\u010dnosti s Ameri\u010dany.<\/strong>\u00a0Proti jejich zbran\u00edm, navigac\u00edm palby z ob\u011b\u017en\u00e9 dr\u00e1hy, proti technice, proti logistice, proti vojensk\u00e9mu zpravodajstv\u00ed. Ukrajina de facto prop\u016fj\u010dila Ameri\u010dan\u016fm sv\u00e9 \u00fazem\u00ed jako v\u00e1le\u010dnou plochu pro st\u0159etnut\u00ed s Ruskem.<\/p>\n<figure id=\"attachment_52451\" class=\"wp-caption aligncenter\" style=\"width: 694px;\"><a href=\"https:\/\/aeronet.news\/wp-content\/uploads\/MQ9-ReaperRomania.jpg\"><img decoding=\"async\" loading=\"lazy\" class=\"wp-image-52451 \" src=\"https:\/\/aeronet.news\/wp-content\/uploads\/MQ9-ReaperRomania-1024x681.jpg\" sizes=\"(max-width: 700px) 100vw, 700px\" srcset=\"https:\/\/aeronet.news\/wp-content\/uploads\/MQ9-ReaperRomania-1024x681.jpg 1024w, https:\/\/aeronet.news\/wp-content\/uploads\/MQ9-ReaperRomania-300x199.jpg 300w, https:\/\/aeronet.news\/wp-content\/uploads\/MQ9-ReaperRomania-768x511.jpg 768w, https:\/\/aeronet.news\/wp-content\/uploads\/MQ9-ReaperRomania-700x465.jpg 700w, https:\/\/aeronet.news\/wp-content\/uploads\/MQ9-ReaperRomania-537x357.jpg 537w, https:\/\/aeronet.news\/wp-content\/uploads\/MQ9-ReaperRomania-726x483.jpg 726w, https:\/\/aeronet.news\/wp-content\/uploads\/MQ9-ReaperRomania.jpg 1280w\" alt=\"\" width=\"694\" height=\"461\" \/><\/a><figcaption class=\"wp-caption-text\">Americk\u00fd bezpilotn\u00ed dron MQ-9 Reaper na rumunsk\u00e9 leteck\u00e9 z\u00e1kladn\u011b. Tyto stroje nav\u00e1d\u00ed palbu americk\u00fdch raket v ruk\u00e1ch Ukrajinc\u016f na rusk\u00e9 pozice na Ukrajin\u011b<\/figcaption><\/figure>\n<p>A Kremlu to zjevn\u011b trvalo d\u00e9le, ne\u017e pochopil, \u017ee u\u017e nebojuje proti Ukrajinc\u016fm. U\u017e d\u00e1vno ne. Po vyhl\u00e1\u0161en\u00ed v\u00e1le\u010dn\u00e9ho stavu v Rusku bude jak\u00e1koliv vojensk\u00e1 pomoc z USA poskytnut\u00e1 Ukrajin\u011b pova\u017eov\u00e1na za agresi proti Rusku. Kdokoliv dod\u00e1v\u00e1 zbran\u011b zemi, se kterou jste ve v\u00e1le\u010dn\u00e9m stavu, tak ta zem\u011b se st\u00e1v\u00e1 rovn\u011b\u017e va\u0161im nep\u0159\u00edtelem. A proto v New Yorku dostala radnice po 60 letech od Pentagonu znovu instrukce, aby narychlo p\u0159ipravila PSA video pro obyvatele. Video spl\u00e1can\u00e9 narychlo o v\u00edkendu, aby v pond\u011bl\u00ed u\u017e mohlo b\u00fdt venku v \u00e9teru. N\u011bkdo opravdu posp\u00edch\u00e1. A v takov\u00e9m sv\u011bt\u011b \u017eijeme. Na pokraji zni\u010den\u00ed civilizace.<\/p>\n<p>-VK- \u0160\u00e9fredaktor AE News<\/p>\n<p><a href=\"https:\/\/aeronet.news\/video-radnice-mesta-new-york-poprve-od-karibske-krize-v-roce-1962-naridila-televiznim-stanicim-vysilat-psa-video-s-instrukcemi-pro-preziti-po-termonuklearnim-uderu-na-mesto-video-vyvolalo-ve-meste\/\">ZDROJ<\/a><\/p>\n<p>&nbsp;<\/p>\n","protected":false},"excerpt":{"rendered":"<p>Radnice m\u011bsta New York poprv\u00e9 od Karibsk\u00e9 krize v roce 1962 na\u0159\u00eddila televizn\u00edm stanic\u00edm vys\u00edlat&#8230;<\/p>\n","protected":false},"author":2,"featured_media":12430,"comment_status":"closed","ping_status":"closed","sticky":false,"template":"","format":"standard","meta":[],"categories":[7],"tags":[2820,1652,2821,37],"_links":{"self":[{"href":"https:\/\/www.infokuryr.cz\/n\/wp-json\/wp\/v2\/posts\/12429"}],"collection":[{"href":"https:\/\/www.infokuryr.cz\/n\/wp-json\/wp\/v2\/posts"}],"about":[{"href":"https:\/\/www.infokuryr.cz\/n\/wp-json\/wp\/v2\/types\/post"}],"author":[{"embeddable":true,"href":"https:\/\/www.infokuryr.cz\/n\/wp-json\/wp\/v2\/users\/2"}],"replies":[{"embeddable":true,"href":"https:\/\/www.infokuryr.cz\/n\/wp-json\/wp\/v2\/comments?post=12429"}],"version-history":[{"count":0,"href":"https:\/\/www.infokuryr.cz\/n\/wp-json\/wp\/v2\/posts\/12429\/revisions"}],"wp:featuredmedia":[{"embeddable":true,"href":"https:\/\/www.infokuryr.cz\/n\/wp-json\/wp\/v2\/media\/12430"}],"wp:attachment":[{"href":"https:\/\/www.infokuryr.cz\/n\/wp-json\/wp\/v2\/media?parent=12429"}],"wp:term":[{"taxonomy":"category","embeddable":true,"href":"https:\/\/www.infokuryr.cz\/n\/wp-json\/wp\/v2\/categories?post=12429"},{"taxonomy":"post_tag","embeddable":true,"href":"https:\/\/www.infokuryr.cz\/n\/wp-json\/wp\/v2\/tags?post=12429"}],"curies":[{"name":"wp","href":"https:\/\/api.w.org\/{rel}","templated":true}]}}