{"id":12398,"date":"2022-07-14T03:05:59","date_gmt":"2022-07-14T01:05:59","guid":{"rendered":"http:\/\/www.infokuryr.cz\/n\/?p=12398"},"modified":"2022-07-14T03:05:59","modified_gmt":"2022-07-14T01:05:59","slug":"v-nemecku-si-budou-moci-transsexualove-menit-jmena-a-pohlavi-podle-aktualni-nalady-vlada-pripravuje-zvlastni-zakon","status":"publish","type":"post","link":"https:\/\/www.infokuryr.cz\/n\/2022\/07\/14\/v-nemecku-si-budou-moci-transsexualove-menit-jmena-a-pohlavi-podle-aktualni-nalady-vlada-pripravuje-zvlastni-zakon\/","title":{"rendered":"V N\u011bmecku si budou moci transsexu\u00e1lov\u00e9 m\u011bnit jm\u00e9na a pohlav\u00ed podle aktu\u00e1ln\u00ed n\u00e1lady. Vl\u00e1da p\u0159ipravuje zvl\u00e1\u0161tn\u00ed z\u00e1kon"},"content":{"rendered":"<div id=\"fb-root\"><\/div>\n<p>N\u011bmeck\u00e1 vl\u00e1da schv\u00e1lila nov\u00fd z\u00e1kon<strong>, kter\u00fd umo\u017en\u00ed\u00a0<a href=\"https:\/\/jungefreiheit.de\/politik\/deutschland\/2022\/bundesregierung-erleichtert-namensaenderung-fuer-transsexuelle\/\">transsexu\u00e1l\u016fm m\u011bnit<\/a>\u00a0si jm\u00e9na a pohlav\u00ed podle aktu\u00e1ln\u00edho pocitu. Pr\u00fd se jedn\u00e1 o podporu pestr\u00e9 spole\u010dnosti a r\u016fznosti. Podle politik\u016f vl\u00e1dn\u00edch Zelen\u00fdch je to svoboda pouze tehdy, kdy\u017e si lid\u00e9 mohou svobodn\u011b m\u011bnit pohlav\u00ed.<\/strong>\u00a0Pohlav\u00ed si budou moci m\u011bnit i d\u011bti od 14. let bez souhlasu rodi\u010d\u016f.<\/p>\n<p>Maj\u00ed to vl\u00e1dn\u00ed politici v N\u011bmecku starosti, \u017ee?<strong>\u00a0Zem\u011b se propad\u00e1 do hlubok\u00e9 ekonomick\u00e9 krize, m\u011bsta su\u017euj\u00ed krimin\u00e1ln\u00ed uprchl\u00edci, ale vl\u00e1da se zaob\u00edr\u00e1 transsexu\u00e1ly, kter\u00fd je v N\u011bmecku ve skute\u010dnosti jen p\u00e1r. A\u010dkoliv jim je d\u00e1v\u00e1n obrovsk\u00fd medi\u00e1ln\u00ed prostor. Tihle lid\u00e9 by toti\u017e byli p\u0159ed 50 lety v l\u00e9\u010debn\u00e9m \u00fastavu se svoj\u00ed zjevnou psychickou nemoc\u00ed, v dne\u0161n\u00ed dob\u011b jsou ale d\u00e1v\u00e1ny za vzor ml\u00e1de\u017ei a d\u011btem.<\/strong><\/p>\n<p>Jen\u017ee transsexu\u00e1lov\u00e9 jsou jen n\u00e1stroj.\u00a0<strong>N\u00e1stroj glob\u00e1ln\u00ed finan\u010dn\u00ed oligarchie, kter\u00e1 chce zlikvidovat b\u00edlou rasu a evropsk\u00e9 b\u00edl\u00e9 n\u00e1rody a b\u00edl\u00e9 rodiny. Na ty je t\u0159eba poukazovat a t\u011bm je pot\u0159eba se aktivn\u011b br\u00e1nit.<\/strong><\/p>\n<p><a href=\"https:\/\/ceskavec.com\/2022\/07\/v-nemecku-si-budou-moci-transsexualove-menit-jmena-a-pohlavi-podle-aktualni-nalady-vlady-proto-pripravuje-zvlastni-zakon\">ZDROJ<\/a><\/p>\n<p>&nbsp;<\/p>\n","protected":false},"excerpt":{"rendered":"<p>N\u011bmeck\u00e1 vl\u00e1da schv\u00e1lila nov\u00fd z\u00e1kon, kter\u00fd umo\u017en\u00ed\u00a0transsexu\u00e1l\u016fm m\u011bnit\u00a0si jm\u00e9na a pohlav\u00ed podle aktu\u00e1ln\u00edho pocitu. Pr\u00fd&#8230;<\/p>\n","protected":false},"author":2,"featured_media":8631,"comment_status":"closed","ping_status":"closed","sticky":false,"template":"","format":"standard","meta":[],"categories":[7],"tags":[84,2586,774,609],"_links":{"self":[{"href":"https:\/\/www.infokuryr.cz\/n\/wp-json\/wp\/v2\/posts\/12398"}],"collection":[{"href":"https:\/\/www.infokuryr.cz\/n\/wp-json\/wp\/v2\/posts"}],"about":[{"href":"https:\/\/www.infokuryr.cz\/n\/wp-json\/wp\/v2\/types\/post"}],"author":[{"embeddable":true,"href":"https:\/\/www.infokuryr.cz\/n\/wp-json\/wp\/v2\/users\/2"}],"replies":[{"embeddable":true,"href":"https:\/\/www.infokuryr.cz\/n\/wp-json\/wp\/v2\/comments?post=12398"}],"version-history":[{"count":0,"href":"https:\/\/www.infokuryr.cz\/n\/wp-json\/wp\/v2\/posts\/12398\/revisions"}],"wp:featuredmedia":[{"embeddable":true,"href":"https:\/\/www.infokuryr.cz\/n\/wp-json\/wp\/v2\/media\/8631"}],"wp:attachment":[{"href":"https:\/\/www.infokuryr.cz\/n\/wp-json\/wp\/v2\/media?parent=12398"}],"wp:term":[{"taxonomy":"category","embeddable":true,"href":"https:\/\/www.infokuryr.cz\/n\/wp-json\/wp\/v2\/categories?post=12398"},{"taxonomy":"post_tag","embeddable":true,"href":"https:\/\/www.infokuryr.cz\/n\/wp-json\/wp\/v2\/tags?post=12398"}],"curies":[{"name":"wp","href":"https:\/\/api.w.org\/{rel}","templated":true}]}}