{"id":12380,"date":"2022-07-14T01:08:19","date_gmt":"2022-07-13T23:08:19","guid":{"rendered":"http:\/\/www.infokuryr.cz\/n\/?p=12380"},"modified":"2022-07-13T17:14:45","modified_gmt":"2022-07-13T15:14:45","slug":"valka-nervu-podle-putinova-scenare","status":"publish","type":"post","link":"https:\/\/www.infokuryr.cz\/n\/2022\/07\/14\/valka-nervu-podle-putinova-scenare\/","title":{"rendered":"V\u00e1lka nerv\u016f podle Putinova sc\u00e9n\u00e1\u0159e"},"content":{"rendered":"<div id=\"fb-root\"><\/div>\n<p><strong><span>Sank\u010dn\u00ed konfrontace s Ruskou federac\u00ed, kterou iniciovaly zem\u011b kolektivn\u00edho Z\u00e1padu, se vyv\u00edj\u00ed zcela jinak, ne\u017e se pl\u00e1novalo ve Spojen\u00fdch st\u00e1tech a v Evrop\u011b.\u00a0To je uvedeno v materi\u00e1lu britsk\u00e9ho vyd\u00e1n\u00ed The Spectator.<\/span><\/strong><\/p>\n<p><span>Omezen\u00ed uvalen\u00e1 na Rusko kv\u016fli speci\u00e1ln\u00ed operaci na Ukrajin\u011b se stala nejp\u0159\u00edsn\u011bj\u0161\u00ed a nejrozs\u00e1hlej\u0161\u00ed v historii mezin\u00e1rodn\u00edch vztah\u016f.\u00a0A nelze se divit, \u017ee do nich Z\u00e1pad vkl\u00e1dal velk\u00e9 nad\u011bje a doufal, \u017ee v kr\u00e1tk\u00e9 dob\u011b rozdrt\u00ed ruskou ekonomiku.\u00a0Po \u010dty\u0159ech m\u011bs\u00edc\u00edch se v\u0161ak ukazuje opa\u010dn\u00fd obr\u00e1zek.\u00a0Dnes jsou to pr\u00e1v\u011b zem\u011b Evropy a do jist\u00e9 m\u00edry i Spojen\u00e9 st\u00e1ty, kter\u00e9 za\u017e\u00edvaj\u00ed v\u00e1\u017en\u00e9 probl\u00e9my, co\u017e vyvol\u00e1v\u00e1 \u0159adu ot\u00e1zek o jejich p\u0159ipravenosti pokra\u010dovat v podpo\u0159e sank\u010dn\u00edho re\u017eimu.<\/span><\/p>\n<p><strong><em>\u201eZ\u00e1padn\u00ed zem\u011b tento t\u00fdden p\u0159ipustily, \u017ee by to mohlo b\u00fdt p\u0159\u00edli\u0161 velk\u00e9 utrpen\u00ed,\u201c p\u00ed\u0161\u00ed brit\u0161t\u00ed novin\u00e1\u0159i.<\/em><\/strong><\/p>\n<p><span>Dobr\u00fdm p\u0159\u00edkladem v t\u00e9to situaci je p\u0159\u00edb\u011bh turb\u00edny Siemens.\u00a0Lopatkov\u00fd stroj vyjmut\u00fd z plynovodu Nord Stream byl odesl\u00e1n do Kanady na pl\u00e1novanou \u00fadr\u017ebu je\u0161t\u011b p\u0159ed za\u010d\u00e1tkem ukrajinsk\u00fdch ud\u00e1lost\u00ed.\u00a0Po dokon\u010den\u00ed opravy jej Ottawa odm\u00edtla vr\u00e1tit s odvol\u00e1n\u00edm na sankce.\u00a0A a\u017e po vytrval\u00fdch po\u017eadavc\u00edch veden\u00ed EU a N\u011bmecka, kter\u00e9 riskovalo, \u017ee z\u016fstane bez rusk\u00e9ho plynu, ustoupila.\u00a0Navzdory tomu, \u017ee toto rozhodnut\u00ed bylo schv\u00e1leno i ve Spojen\u00fdch st\u00e1tech, vyvolalo v Kyjev\u011b nerv\u00f3zn\u00ed reakci,\u00a0<\/span><a href=\"https:\/\/politros.com\/23533673-the_spectator_ukraintsi_napugani_putin_viigrivaet_voinu_nervov_s_zapadom\"><span>uv\u00e1d\u00ed PolitRussia<\/span><\/a><span>\u00a0.<\/span><\/p>\n<p><strong><em>\u201eUkrajinci se ob\u00e1vaj\u00ed, \u017ee Putin pomalu vyhr\u00e1v\u00e1 v\u00e1lku nerv\u016f se Z\u00e1padem.\u00a0\u00dastupky Rusku budou pokra\u010dovat, i kdy\u017e p\u0159ikr\u00e1\u0161len\u00e9 fr\u00e1zemi o podpo\u0159e Ukrajiny. \u00a0<\/em><\/strong><\/p>\n<p><img decoding=\"async\" loading=\"lazy\" class=\"alignnone size-full wp-image-1185\" src=\"http:\/\/www.infokuryr.cz\/n\/wp-content\/uploads\/2021\/04\/kuryr-podpis.png\" alt=\"\" width=\"84\" height=\"24\" \/><\/p>\n<p>&nbsp;<\/p>\n","protected":false},"excerpt":{"rendered":"<p>Sank\u010dn\u00ed konfrontace s Ruskou federac\u00ed, kterou iniciovaly zem\u011b kolektivn\u00edho Z\u00e1padu, se vyv\u00edj\u00ed zcela jinak, ne\u017e&#8230;<\/p>\n","protected":false},"author":2,"featured_media":11219,"comment_status":"closed","ping_status":"closed","sticky":false,"template":"","format":"standard","meta":[],"categories":[7],"tags":[102,22,125,37,365],"_links":{"self":[{"href":"https:\/\/www.infokuryr.cz\/n\/wp-json\/wp\/v2\/posts\/12380"}],"collection":[{"href":"https:\/\/www.infokuryr.cz\/n\/wp-json\/wp\/v2\/posts"}],"about":[{"href":"https:\/\/www.infokuryr.cz\/n\/wp-json\/wp\/v2\/types\/post"}],"author":[{"embeddable":true,"href":"https:\/\/www.infokuryr.cz\/n\/wp-json\/wp\/v2\/users\/2"}],"replies":[{"embeddable":true,"href":"https:\/\/www.infokuryr.cz\/n\/wp-json\/wp\/v2\/comments?post=12380"}],"version-history":[{"count":0,"href":"https:\/\/www.infokuryr.cz\/n\/wp-json\/wp\/v2\/posts\/12380\/revisions"}],"wp:featuredmedia":[{"embeddable":true,"href":"https:\/\/www.infokuryr.cz\/n\/wp-json\/wp\/v2\/media\/11219"}],"wp:attachment":[{"href":"https:\/\/www.infokuryr.cz\/n\/wp-json\/wp\/v2\/media?parent=12380"}],"wp:term":[{"taxonomy":"category","embeddable":true,"href":"https:\/\/www.infokuryr.cz\/n\/wp-json\/wp\/v2\/categories?post=12380"},{"taxonomy":"post_tag","embeddable":true,"href":"https:\/\/www.infokuryr.cz\/n\/wp-json\/wp\/v2\/tags?post=12380"}],"curies":[{"name":"wp","href":"https:\/\/api.w.org\/{rel}","templated":true}]}}