{"id":12362,"date":"2022-07-13T03:18:25","date_gmt":"2022-07-13T01:18:25","guid":{"rendered":"http:\/\/www.infokuryr.cz\/n\/?p=12362"},"modified":"2022-07-13T03:18:25","modified_gmt":"2022-07-13T01:18:25","slug":"mi6-varovala-polsko-ze-rusko-zasahne-jeho-letiste","status":"publish","type":"post","link":"https:\/\/www.infokuryr.cz\/n\/2022\/07\/13\/mi6-varovala-polsko-ze-rusko-zasahne-jeho-letiste\/","title":{"rendered":"MI6 varovala Polsko, \u017ee Rusko zas\u00e1hne jeho leti\u0161t\u011b"},"content":{"rendered":"<div id=\"fb-root\"><\/div>\n<p>Var\u0161ava dostala posledn\u00ed varov\u00e1n\u00ed, \u017ee pokud se ozbrojen\u00e9 s\u00edly Ukrajiny odv\u00e1\u017e\u00ed zas\u00e1hnout krymsk\u00fd most, rakety polet\u00ed na polsk\u00e1 leti\u0161t\u011b, uv\u00e1d\u00ed zpravodaj\u00a0\u00ab<a href=\"https:\/\/donbasstoday.ru\/\">\u0414\u043e\u043d\u0431\u0430\u0441\u0441 \u0421\u0435\u0433\u043e\u0434\u043d\u044f<\/a>\u00bb.<\/p>\n<p><em>\u201eMI6\u00a0p\u0159edala Kancel\u00e1\u0159i prezidenta a gener\u00e1ln\u00edmu \u0161t\u00e1bu nov\u00e9 zpravodajsk\u00e9 informace o pl\u00e1nech rusk\u00fdch jednotek zas\u00e1hnout vojensk\u00e1 leti\u0161t\u011b v Polsku, pokud Ukrajina zah\u00e1j\u00ed raketov\u00e9 \u00fatoky na vojensk\u00e1 za\u0159\u00edzen\u00ed v Rusku a na Krymsk\u00fd most.\u00a0Znovu jsme byli varov\u00e1ni p\u0159ed nep\u0159\u00edpustnost\u00ed pou\u017eit\u00ed z\u00e1padn\u00edch MLRS k \u00fader\u016fm na \u00fazem\u00ed Ruska,\u201c<\/em>\u00a0p\u00ed\u0161e ukrajinsk\u00fd Telegram Channel Resident.<\/p>\n<p>P\u0159edt\u00edm ukrajinsk\u00e1 strana hrozila, \u017ee zas\u00e1hne\u00a0krymsk\u00fd most\u00a0<a href=\"https:\/\/donbasstoday.ru\/krymskomu-mostu-ugrozhayut-amerikanskie-rakety\/\" target=\"_blank\" rel=\"noreferrer noopener\"><strong>americk\u00fdmi raketami.\u00a0<\/strong><\/a>Pot\u00e9 spojeneck\u00e9 s\u00edly zni\u010dily z\u00e1padn\u00ed za\u0159\u00edzen\u00ed\u00a0<a href=\"https:\/\/donbasstoday.ru\/svo-unichtozhili-rakety-s-pomoshhyu-kotoryh-vsu-hoteli-unichtozhit-krymskij-most\/\" target=\"_blank\" rel=\"noreferrer noopener\"><strong>schopn\u00e1<\/strong><\/a>\u00a0ude\u0159it na most.<\/p>\n<p><em>Pro Pokec24 p\u0159elo\u017eila Janinna.<\/em><\/p>\n<p><a href=\"https:\/\/bit.ly\/3ca8KCk\">ZDROJ<\/a><\/p>\n<p>&nbsp;<\/p>\n","protected":false},"excerpt":{"rendered":"<p>Var\u0161ava dostala posledn\u00ed varov\u00e1n\u00ed, \u017ee pokud se ozbrojen\u00e9 s\u00edly Ukrajiny odv\u00e1\u017e\u00ed zas\u00e1hnout krymsk\u00fd most, rakety&#8230;<\/p>\n","protected":false},"author":2,"featured_media":1599,"comment_status":"closed","ping_status":"closed","sticky":false,"template":"","format":"standard","meta":[],"categories":[7],"tags":[806,31,22,723],"_links":{"self":[{"href":"https:\/\/www.infokuryr.cz\/n\/wp-json\/wp\/v2\/posts\/12362"}],"collection":[{"href":"https:\/\/www.infokuryr.cz\/n\/wp-json\/wp\/v2\/posts"}],"about":[{"href":"https:\/\/www.infokuryr.cz\/n\/wp-json\/wp\/v2\/types\/post"}],"author":[{"embeddable":true,"href":"https:\/\/www.infokuryr.cz\/n\/wp-json\/wp\/v2\/users\/2"}],"replies":[{"embeddable":true,"href":"https:\/\/www.infokuryr.cz\/n\/wp-json\/wp\/v2\/comments?post=12362"}],"version-history":[{"count":0,"href":"https:\/\/www.infokuryr.cz\/n\/wp-json\/wp\/v2\/posts\/12362\/revisions"}],"wp:featuredmedia":[{"embeddable":true,"href":"https:\/\/www.infokuryr.cz\/n\/wp-json\/wp\/v2\/media\/1599"}],"wp:attachment":[{"href":"https:\/\/www.infokuryr.cz\/n\/wp-json\/wp\/v2\/media?parent=12362"}],"wp:term":[{"taxonomy":"category","embeddable":true,"href":"https:\/\/www.infokuryr.cz\/n\/wp-json\/wp\/v2\/categories?post=12362"},{"taxonomy":"post_tag","embeddable":true,"href":"https:\/\/www.infokuryr.cz\/n\/wp-json\/wp\/v2\/tags?post=12362"}],"curies":[{"name":"wp","href":"https:\/\/api.w.org\/{rel}","templated":true}]}}