{"id":12337,"date":"2022-07-13T01:03:27","date_gmt":"2022-07-12T23:03:27","guid":{"rendered":"http:\/\/www.infokuryr.cz\/n\/?p=12337"},"modified":"2022-07-12T16:18:29","modified_gmt":"2022-07-12T14:18:29","slug":"varsava-vyzvala-kyjev-aby-uznal-hanebnou-nacionalistickou-minulost","status":"publish","type":"post","link":"https:\/\/www.infokuryr.cz\/n\/2022\/07\/13\/varsava-vyzvala-kyjev-aby-uznal-hanebnou-nacionalistickou-minulost\/","title":{"rendered":"Var\u0161ava vyzvala Kyjev, aby uznal hanebnou nacionalistickou minulost"},"content":{"rendered":"<div id=\"fb-root\"><\/div>\n<div class=\"article-body\">\n<div>\n<p><strong>Polsk\u00fd prezident Andrzej Duda na ceremonii na po\u010dest v\u00fdro\u010d\u00ed voly\u0148sk\u00e9ho masakru p\u0159ipomn\u011bl, \u017ee Ukrajina st\u00e1le ct\u00ed v\u016fdce UPA odpov\u011bdn\u00e9 za masakry Pol\u00e1k\u016f ve v\u00fdchodn\u00ed Hali\u010di jako hrdiny. Pravda o t\u011bchto ud\u00e1lostech mus\u00ed b\u00fdt podle n\u011bj \u201etvrd\u011b a jasn\u011b vyj\u00e1d\u0159ena\u201c.<\/strong><\/p>\n<p>Andrzej Duda &#8220;\u00a0<em>napadl<\/em>\u00a0&#8220; neochotu Kyjeva odsoudit ukrajinsk\u00e9 nacionalisty odpov\u011bdn\u00e9 za vra\u017edu v\u00edce ne\u017e 100 000 Pol\u00e1k\u016f b\u011bhem druh\u00e9 sv\u011btov\u00e9 v\u00e1lky.\u00a0Projev polsk\u00e9ho prezidenta zazn\u011bl na ceremonii v\u011bnovan\u00e9 79. v\u00fdro\u010d\u00ed voly\u0148sk\u00e9ho masakru, uv\u00e1d\u00ed Press TV.<\/p>\n<p>Politik vyzval ukrajinsk\u00e9 \u00fa\u0159ady, aby p\u0159iznaly, \u017ee UPA\u00a0 provedla \u201e <em>etnick\u00e9 \u010distky<\/em>\u00a0\u201c.\u00a0Zd\u016fraznil, \u017ee pravda o masakrech, k nim\u017e do\u0161lo ve v\u00fdchodn\u00ed Hali\u010di v letech 1944 a\u017e 1945, mus\u00ed b\u00fdt \u201e\u00a0<em>pevn\u011b a jasn\u011b vyj\u00e1d\u0159ena<\/em>\u00a0\u201c.<\/p>\n<p>\u201e\u00a0<em>Ti, kter\u00e9 zn\u00e1me jako vrahy, byli z\u00e1rove\u0148 hrdiny Ukrajiny<\/em>\u00a0,\u201c \u0159ekl Duda.\u00a0Kyjev na jeho koment\u00e1\u0159e okam\u017eit\u011b nereagoval.<\/p>\n<p>A\u010dkoli Var\u0161avu a Kyjev nyn\u00ed spojuje protirusk\u00fd postoj, Pol\u00e1ci a Ukrajinci se \u201e\u00a0<em>historicky nem\u011bli r\u00e1di<\/em>\u00a0\u201c.\u00a0Je tedy velmi pravd\u011bpodobn\u00e9, \u017ee se Dudova nov\u00e1 vyj\u00e1d\u0159en\u00ed setkaj\u00ed v ur\u010dit\u00fdch kruz\u00edch s kritikou, soud\u00ed televize.<\/p>\n<p>Mnoho Ukrajinc\u016f nav\u00edc takov\u00e9 \u0159e\u010di pova\u017euje za snahu o\u010dernit jejich zemi.\u00a0Jej\u00ed sou\u010dasn\u00e9 veden\u00ed v\u0161ak otev\u0159en\u011b glorifikuje pronacistick\u00e9 v\u016fdce, v\u010detn\u011b Stepana Bandery, a jejich n\u00e1sledovn\u00edky z batalionu Azov pova\u017euje za vojensk\u00e9 hrdiny, upozor\u0148uje Press TV.<\/p>\n<p><img decoding=\"async\" loading=\"lazy\" class=\"alignnone size-full wp-image-1185\" src=\"http:\/\/www.infokuryr.cz\/n\/wp-content\/uploads\/2021\/04\/kuryr-podpis.png\" alt=\"\" width=\"84\" height=\"24\" \/><\/p>\n<\/div>\n<div><\/div>\n<\/div>\n","protected":false},"excerpt":{"rendered":"<p>Polsk\u00fd prezident Andrzej Duda na ceremonii na po\u010dest v\u00fdro\u010d\u00ed voly\u0148sk\u00e9ho masakru p\u0159ipomn\u011bl, \u017ee Ukrajina st\u00e1le&#8230;<\/p>\n","protected":false},"author":2,"featured_media":12340,"comment_status":"closed","ping_status":"closed","sticky":false,"template":"","format":"standard","meta":[],"categories":[7],"tags":[473,416,1267,31,26,943],"_links":{"self":[{"href":"https:\/\/www.infokuryr.cz\/n\/wp-json\/wp\/v2\/posts\/12337"}],"collection":[{"href":"https:\/\/www.infokuryr.cz\/n\/wp-json\/wp\/v2\/posts"}],"about":[{"href":"https:\/\/www.infokuryr.cz\/n\/wp-json\/wp\/v2\/types\/post"}],"author":[{"embeddable":true,"href":"https:\/\/www.infokuryr.cz\/n\/wp-json\/wp\/v2\/users\/2"}],"replies":[{"embeddable":true,"href":"https:\/\/www.infokuryr.cz\/n\/wp-json\/wp\/v2\/comments?post=12337"}],"version-history":[{"count":1,"href":"https:\/\/www.infokuryr.cz\/n\/wp-json\/wp\/v2\/posts\/12337\/revisions"}],"predecessor-version":[{"id":12339,"href":"https:\/\/www.infokuryr.cz\/n\/wp-json\/wp\/v2\/posts\/12337\/revisions\/12339"}],"wp:featuredmedia":[{"embeddable":true,"href":"https:\/\/www.infokuryr.cz\/n\/wp-json\/wp\/v2\/media\/12340"}],"wp:attachment":[{"href":"https:\/\/www.infokuryr.cz\/n\/wp-json\/wp\/v2\/media?parent=12337"}],"wp:term":[{"taxonomy":"category","embeddable":true,"href":"https:\/\/www.infokuryr.cz\/n\/wp-json\/wp\/v2\/categories?post=12337"},{"taxonomy":"post_tag","embeddable":true,"href":"https:\/\/www.infokuryr.cz\/n\/wp-json\/wp\/v2\/tags?post=12337"}],"curies":[{"name":"wp","href":"https:\/\/api.w.org\/{rel}","templated":true}]}}