{"id":12327,"date":"2022-07-12T00:52:52","date_gmt":"2022-07-11T22:52:52","guid":{"rendered":"http:\/\/www.infokuryr.cz\/n\/?p=12327"},"modified":"2022-07-14T17:32:24","modified_gmt":"2022-07-14T15:32:24","slug":"nedelnik-adama-b-bartose-93-potrebujeme-zmenu-rezimu-ne-vlady","status":"publish","type":"post","link":"https:\/\/www.infokuryr.cz\/n\/2022\/07\/12\/nedelnik-adama-b-bartose-93-potrebujeme-zmenu-rezimu-ne-vlady\/","title":{"rendered":"NED\u011aLN\u00cdK ADAMA B. BARTO\u0160E (93): POT\u0158EBUJEME ZM\u011aNU RE\u017dIMU, NE VL\u00c1DY"},"content":{"rendered":"<div id=\"fb-root\"><\/div>\n<p>V\u00edt\u00e1m v\u00e1s u sv\u00e9ho 93. ned\u011bln\u00edku, ale p\u0159edn\u011b v\u00e1m dlu\u017e\u00edm omluvu za to, \u017ee jsem se p\u0159ed t\u00fddnem odml\u010del. D\u016fvody byly dva \u2013 p\u0159edn\u011b, byl jsem na \u201edovolen\u00e9\u201c, pokud se ale dovolenou d\u00e1 nazvat pobyt na chat\u011b, kde nev\u00edte, co d\u011blat d\u0159\u00edve \u2013 a to je ten d\u016fvod druh\u00fd: zda sekat tr\u00e1vu, vykl\u00edzet haramp\u00e1d\u00ed z d\u0159evn\u00edku, opravovat to \u010di ono, m\u011bnit lustry a man\u017eelce p\u0159itloukat poli\u010dky, pl\u00edt z\u00e1hony, ukl\u00edzet v gar\u00e1\u017ei, pro\u0159ez\u00e1vat star\u00e9 v\u011btve nebo \u010distit a nat\u00edrat star\u00fd baz\u00e9n. A tak se stalo, \u017ee jsem minul\u00fd t\u00fdden p\u0159epnul do \u201edovolenkov\u00e9ho re\u017eimu\u201c a pracoval a pracoval a pracoval, a\u017e jsem si skoro neuv\u011bdomil, \u017ee je ned\u011ble a pak i pond\u011bl\u00ed a dal\u0161\u00ed dny u\u017e bylo na \u201ened\u011bln\u00edk\u201c p\u0159\u00edli\u0161 pozd\u011b. Nav\u00edc \u2013 a to je d\u016fvod t\u0159et\u00ed \u2013 jsem tak trochu \u201evypnul\u201c, nesledoval nic, ani mobil, a proto ani nebyl tolik v obraze. A ps\u00e1t nad\u010dasov\u00e9 a obecn\u00e9 \u00favahy jsem kv\u016fli t\u00e9 pr\u00e1ci tak\u00e9 nem\u011bl \u010das. Tak\u017ee \u2013 oz\u00fdv\u00e1m se po \u010dtrn\u00e1cti dnech, b\u011bhem kter\u00fdch se \u2013 jak jsem si zp\u011btn\u011b zji\u0161\u0165oval \u2013 stalo mnoh\u00e9, \u017ee te\u010f zase pro zm\u011bnu nev\u00edm, na co reagovat. Ud\u00e1losti jdou tak rychle, \u017ee se nesta\u010d\u00edme divit.<span id=\"more-13119\"><\/span><\/p>\n<p>Spole\u010dn\u00fdm jmenovatelem posledn\u00edch dn\u00ed by se dalo pova\u017eovat slovo \u201eodst\u0159el\u201c. Zat\u00edmco na jedn\u00e9 stran\u011b Atlantiku byly odst\u0159eleny Georgijsk\u00e9 kameny, na t\u00e9 druh\u00e9 do\u0161lo k neobvykl\u00e9mu odst\u0159elen\u00ed Borise Johnsona. A to je\u0161t\u011b mohl b\u00fdt r\u00e1d, \u017ee byl odst\u0159elen jen politicky, proto\u017ee p\u00e1r dn\u00ed na to byl odst\u0159elen japonsk\u00fd expremi\u00e9r rovnou podom\u00e1cku vyrobenou brokovnic\u00ed. Vypad\u00e1 to, \u017ee si skupiny, kter\u00e9 si konkuruj\u00ed ve snaze ovl\u00e1dnout sv\u011bt, vz\u00e1jemn\u011b pos\u00edlaj\u00ed vzkazy, nebo sp\u00ed\u0161e \u2013 rovnou likviduj\u00ed hern\u00ed figurky.<\/p>\n<p>P\u0159ed Johnsonovou vl\u00e1dou padla p\u0159ed \u010dasem i proamerick\u00e1 bulharsk\u00e1 vl\u00e1da,\u00a0<a href=\"https:\/\/aeronet.news\/vladimir-putin-podepsal-zlomovy-dekret-kterym-mohou-snadno-ziskat-ruske-obcanstvi-vsichni-obyvatele-cele-ukrajiny-a-dokonce-i-lide-bez-zadneho-obcanstvi-co-to-znamena-rusko-se-zrejme-snazi-zmarit\/\" target=\"_blank\" rel=\"noopener\"><em><strong>nejnov\u011bj\u0161\u00ed \u010dl\u00e1nek na Aeronetu upozor\u0148uje<\/strong><\/em><\/a>, \u017ee ohromn\u00fd skand\u00e1l m\u00e1 i n\u011bmeck\u00e1 vl\u00e1da Olafa Scholze kv\u016fli zdrogovan\u00fdm (a mo\u017en\u00e1 zn\u00e1siln\u011bn\u00fdm) \u017een\u00e1m na ve\u010d\u00edrku SPD a rovn\u011b\u017e francouzsk\u00fd prezident Emanuel Macron m\u00e1 na z\u00e1dech korup\u010dn\u00ed pr\u016f\u0161vih ohledn\u011b \u00faplatk\u016f, kter\u00e9 p\u0159ijal od americk\u00e9 firmy Uber.<\/p>\n<p>Ve sv\u00fdch z\u00e1kladech se kym\u00e1c\u00ed proamerick\u00e1 vl\u00e1da slovensk\u00e1 a ani ta \u010desk\u00e1 nem\u00e1 zrovna na r\u016f\u017e\u00edch ustl\u00e1no, proto\u017ee kauza \u010cap\u00ed hn\u00edzdo byla doslova jen \u201e\u010daj\u00ed\u010dkem\u201c oproti kauze hnut\u00ed STAN, kter\u00e1 vrh\u00e1 sv\u016fj st\u00edn i na premi\u00e9ra, proto\u017ee je za koalici zodpov\u011bdn\u00fd a proto\u017ee STAN kryje, kdy\u017e dosud \u201enem\u00e1 \u017e\u00e1dn\u00e9 sign\u00e1ly\u201c, \u017ee by bylo t\u0159eba na kauzu n\u011bjak reagovat.<\/p>\n<p>Nedok\u00e1\u017ei moment\u00e1ln\u011b \u0159\u00edci, zda je, nebo nen\u00ed dob\u0159e, \u017ee se zrovna v t\u00e9\u017ee chv\u00edli premi\u00e9r H\u0148up ujal p\u0159edsednictv\u00ed Rady Evropy, proto\u017ee na jednu stranu hroz\u00ed, \u017ee bude sv\u016fj proukrajinsk\u00fd postoj vnucovat i t\u011bm zem\u00edm EU, kter\u00e9 o takov\u00fd extr\u00e9mistick\u00fd postoj nestoj\u00ed, na druhou stranu bude ale nucen hledat v ukrajinsk\u00e9 ot\u00e1zce kompromisy pr\u00e1v\u011b mezi v\u0161emi zem\u011bmi EU \u2013 a mnoho m\u00fdch zn\u00e1m\u00fdch mi hl\u00e1s\u00ed, \u017ee p\u0159i cestov\u00e1n\u00ed v zahrani\u010d\u00ed nikde nejsou vid\u011bt vlajky Ukrajiny, tak jako je vid\u00edme u n\u00e1s, a hlavn\u011b v Praze. Jin\u00fdmi slovy, \u017eijeme zde, v \u010cR, trochu v bublin\u011b, proto\u017ee n\u00e1\u0161 establishment v\u00e1lku na Ukrajin\u011b p\u0159\u00edli\u0161 \u201e\u017eere\u201c, zat\u00edmco jinde to berou s v\u011bt\u0161\u00edm klidem. Tak\u00e9 sice mus\u00ed \u0159e\u0161it plyn a ropu, ale Ukrajina je jim vzd\u00e1len\u00e1 a to, \u017ee u nich nevlaj\u00ed ukrajinsk\u00e9 vlajky, o mnoh\u00e9m vypov\u00edd\u00e1. Pro H\u0148upa by to mohl b\u00fdt dobr\u00fd st\u0159et s realitou, a\u017e uvid\u00ed, \u017ee ne ka\u017ed\u00e1 zem\u011b EU chce bojovat s Putinem tak, jako s n\u00edm bojuje on s\u00e1m ve sv\u00fdch vlhk\u00fdch snech.<\/p>\n<p>V n\u011bkter\u00e9m z p\u0159edchoz\u00edch ned\u011bln\u00edk\u016f jsem u\u017e tak\u00e9 zmi\u0148oval zaj\u00edmavou souvislost, \u017ee se p\u0159edsednictv\u00ed uj\u00edm\u00e1me pr\u00e1v\u011b te\u010f \u2013 op\u011bt ve chv\u00edli, kdy se \u0159e\u0161\u00ed plyn. Proto\u017ee kdy\u017e jsme se p\u0159edsednictv\u00ed ujali poprv\u00e9, za Topol\u00e1nka, tak\u00e9 se \u0159e\u0161il plyn dan\u00fd sporem Ukrajiny a Ruska. A je\u0161t\u011b jedna souvislost se nab\u00edz\u00ed \u2013 Topol\u00e1nkova vl\u00e1da b\u011bhem p\u0159edsednictv\u00ed padla, proto\u017ee v\u00edce \u0159e\u0161ila evropsk\u00e9 z\u00e1le\u017eitosti a nest\u00edhala si kr\u00fdt z\u00e1da na dom\u00e1c\u00ed p\u016fd\u011b. Tehdy m\u011bli \u010de\u0161t\u00ed proevrop\u0161t\u00ed politici z ostudy kab\u00e1t a dodne\u0161ka se za to styd\u00ed a doufaj\u00ed, \u017ee se to nebude opakovat, tak\u017ee se d\u00e1 i p\u0159edpokl\u00e1dat, \u017ee vznikly n\u011bjak\u00e9 dohody, kter\u00e9 by n\u011b\u010demu takov\u00e9mu letos (p\u0159edsednictv\u00ed je jen do konce roku) zabr\u00e1nily, ale op\u011bt \u2013 na druhou stranu \u2013 pro\u010d ne? Pro\u010d by vl\u00e1da nemohla padnout i tentokr\u00e1t? Jednak je skute\u010dn\u011b p\u0159\u00ed\u0161ern\u00e1, tak\u017ee jej\u00ed p\u00e1d by byl pro \u010ceskou republiku objektivn\u011b vzato jen pozitivem (a na podzim bude situace nejsp\u00ed\u0161e tak \u0161patn\u00e1, \u017ee lid\u00e9 mo\u017en\u00e1 po\u017eenou vl\u00e1dn\u00ed politiky svinsk\u00fdm krokem), jednak p\u0159edsednictv\u00ed nab\u00edz\u00ed p\u0159\u00edle\u017eitost, jak vl\u00e1du ztrapnit, proto\u017ee bude z\u00e1t\u011b\u017e\u00ed evropsk\u00e9 agendy oslaben\u00e1.<\/p>\n<p>Bude-li H\u0148up v\u00edce \u0159e\u0161it evropsk\u00e9 v\u011bci ne\u017e ty \u010desk\u00e9 (tak jako dosud \u0159e\u0161il ukrajinsk\u00e9 v\u00edce ne\u017e \u010desk\u00e9), lidem dojde trp\u011blivost a mo\u017en\u00e1 se i opozice pochlap\u00ed. P\u0159edsednictv\u00ed Rad\u011b EU je v\u011bc, kter\u00e1 vl\u00e1du a premi\u00e9ra zat\u011b\u017euje, premi\u00e9r mus\u00ed hodn\u011b cestovat, nem\u00e1 tolik \u010dasu se v\u011bnovat p\u0159\u00edpadn\u00fdm intrik\u00e1m koali\u010dn\u00edch partner\u016f \u010di opozice, zd\u00e1 se to b\u00fdt jako vhodn\u00fd \u010das pro svr\u017een\u00ed vl\u00e1dy. Ostatn\u011b \u2013 pr\u00e1v\u011b proto se povedlo svrhnout Topol\u00e1nkovu vl\u00e1du v roce 2009. Hrad v tom tehdy sehr\u00e1l d\u016fle\u017eitou roli, proto\u017ee k Paroubkov\u011b opozici se p\u0159idali i poslanci ODS bl\u00edzc\u00ed V\u00e1clavu Klausovi. Na jednu stranu v\u011bc nemysliteln\u00e1 \u2013 aby se Klaus a Paroubek se\u0161li na jedn\u00e9 lodi. Ale zn\u00e1te to \u2013 nep\u0159\u00edtel m\u00e9ho nep\u0159\u00edtele\u2026<\/p>\n<p>Dnes je sice situace jin\u00e1. Na Hrad\u011b sed\u00ed prezident, kter\u00fd \u2013 ke zd\u011b\u0161en\u00ed alternativy, kter\u00e1 je\u0161t\u011b do minul\u00e9ho podzimu v\u011b\u0159ila, \u017ee Zeman a Fiala jsou \u00fahlavn\u00ed nep\u0159\u00e1tel\u00e9 \u2013 se ned\u00e1vno nechal sly\u0161et, \u017ee premi\u00e9ra m\u00e1 r\u00e1d, tak\u017ee se Zemanem v tomto smyslu nem\u016f\u017eeme po\u010d\u00edtat. To ale neznamen\u00e1, \u017ee by vl\u00e1da nemohla padnout. Matematicky n\u00e1m to sice moment\u00e1ln\u011b nevych\u00e1z\u00ed, ale v\u0161ichni p\u0159ece v\u00edme, \u017ee na podzim se za\u010dnou d\u00edt v\u011bci, a teprve pak si nebudeme moci b\u00fdt ni\u010d\u00edm jist\u00ed. Ani premi\u00e9r.<\/p>\n<p>Ale \u2013 pro\u010d to v\u0161e sem vlastn\u011b p\u00ed\u0161u? U\u017e jsem minule uvedl, \u017ee je to vlastn\u011b jedno \u2013 \u017ee kdy\u017e tam nebude Fiala, bude tam jin\u00fd n\u011bmeck\u00fd podr\u017eta\u0161ka, jin\u00fd proamerick\u00fd hulibrk. A nebo znovu Babi\u0161? Toho jsme si u\u017e u\u017eili a\u017e a\u017e, co bychom od n\u011bj mohli \u010dekat? Nav\u00edc, i kdy\u017e jsem na\u010drtl n\u011bjak\u00e9 mo\u017enosti, \u017ee by vl\u00e1da Petra Fialy \u2013 i navzdory unijn\u00edmu p\u0159edsednictv\u00ed \u2013 mohla skon\u010dit (proto\u017ee nav\u00edc nen\u00ed v z\u00e1jmu globalist\u016f, aby se ve \u201eFialov\u011b v\u00e1lce s Putinem\u201c pokra\u010dovalo), ne\u017eiji touto nad\u011bj\u00ed, neop\u00edj\u00edm se touto p\u0159edstavou, neup\u00edn\u00e1m se k n\u011b\u010demu takov\u00e9mu. Naopak. Ud\u00e1losti posledn\u00edch p\u00e1r let mne nau\u010dily po\u010d\u00edtat sp\u00ed\u0161e s tou hor\u0161\u00ed variantou. Sice n\u011bco bude na H\u00e1jkov\u011b uklid\u0148uj\u00edc\u00edm mottu \u2013 \u201e\u017e\u00e1dn\u00fd pl\u00e1n nikdy nevyjde\u201c \u2013 ale to neznamen\u00e1, \u017ee n\u00e1m v\u00edt\u011bzstv\u00ed spadne do kl\u00edna bez boje. Globalist\u00e9 maj\u00ed pl\u00e1n A, B, C a dost mo\u017en\u00e1, \u017ee i F, tak\u017ee kdy\u017e jim nevyjde tah jednou figurkou, hra pro n\u011b nekon\u010d\u00ed. Chci t\u00edm \u0159\u00edci, \u017ee nejsem p\u0159\u00edli\u0161n\u00fd optimista a nechci se op\u00e1jet p\u0159edstavou, \u017ee t\u011bm zl\u00fdm se pl\u00e1ny nakonec tak n\u011bjak za\u0161modrchaj\u00ed. Vid\u00edme p\u0159ece kolem sebe dnes i denn\u011b, \u017ee i kdy\u017e se n\u00e1m l\u017ee, vl\u00e1da se dokonce chyt\u00e1 do pasti sv\u00fdch l\u017e\u00ed, lidem se berou svobody a lidsk\u00e1 pr\u00e1va zp\u016fsobem v ned\u00e1vn\u00e9 historii nev\u00eddan\u00fdm a ob\u010dan ryje dr\u017ekou v zemi, k \u017e\u00e1dn\u00e9 zm\u011bn\u011b k lep\u0161\u00edmu to p\u0159esto nevede. Situace je jen hor\u0161\u00ed a hor\u0161\u00ed.<\/p>\n<p>A proto, i kdy\u017e bych si p\u0159\u00e1l p\u00e1d Fialovy vl\u00e1dy a v\u00fd\u0161e nazna\u010dil, \u017ee p\u0159edsednictv\u00ed by k tomu bylo dobrou p\u0159\u00edle\u017eitost\u00ed, nemysl\u00edm, \u017ee bychom si t\u00edm n\u011bjak pomohli. Je toti\u017e t\u0159eba zm\u011bnit nejen vl\u00e1du, ale i re\u017eim. A to se sn\u00e1ze \u0159ekne, ne\u017e ud\u011bl\u00e1\u2026<\/p>\n<p><em>Adam B. Barto\u0161<\/em><br \/>\n<em>p\u0159edseda N\u00e1rodn\u00ed demokracie<\/em><\/p>\n<p><img decoding=\"async\" loading=\"lazy\" class=\"alignnone size-full wp-image-678\" src=\"http:\/\/www.infokuryr.cz\/n\/wp-content\/uploads\/2021\/04\/narodni_demokracie_logo.jpg\" alt=\"\" width=\"300\" height=\"85\" \/><\/p>\n<p>&nbsp;<\/p>\n<p>&nbsp;<\/p>\n","protected":false},"excerpt":{"rendered":"<p>V\u00edt\u00e1m v\u00e1s u sv\u00e9ho 93. ned\u011bln\u00edku, ale p\u0159edn\u011b v\u00e1m dlu\u017e\u00edm omluvu za to, \u017ee jsem&#8230;<\/p>\n","protected":false},"author":2,"featured_media":12328,"comment_status":"closed","ping_status":"closed","sticky":false,"template":"","format":"standard","meta":[],"categories":[6],"tags":[367,29,85],"_links":{"self":[{"href":"https:\/\/www.infokuryr.cz\/n\/wp-json\/wp\/v2\/posts\/12327"}],"collection":[{"href":"https:\/\/www.infokuryr.cz\/n\/wp-json\/wp\/v2\/posts"}],"about":[{"href":"https:\/\/www.infokuryr.cz\/n\/wp-json\/wp\/v2\/types\/post"}],"author":[{"embeddable":true,"href":"https:\/\/www.infokuryr.cz\/n\/wp-json\/wp\/v2\/users\/2"}],"replies":[{"embeddable":true,"href":"https:\/\/www.infokuryr.cz\/n\/wp-json\/wp\/v2\/comments?post=12327"}],"version-history":[{"count":0,"href":"https:\/\/www.infokuryr.cz\/n\/wp-json\/wp\/v2\/posts\/12327\/revisions"}],"wp:featuredmedia":[{"embeddable":true,"href":"https:\/\/www.infokuryr.cz\/n\/wp-json\/wp\/v2\/media\/12328"}],"wp:attachment":[{"href":"https:\/\/www.infokuryr.cz\/n\/wp-json\/wp\/v2\/media?parent=12327"}],"wp:term":[{"taxonomy":"category","embeddable":true,"href":"https:\/\/www.infokuryr.cz\/n\/wp-json\/wp\/v2\/categories?post=12327"},{"taxonomy":"post_tag","embeddable":true,"href":"https:\/\/www.infokuryr.cz\/n\/wp-json\/wp\/v2\/tags?post=12327"}],"curies":[{"name":"wp","href":"https:\/\/api.w.org\/{rel}","templated":true}]}}