{"id":12319,"date":"2022-07-12T03:40:52","date_gmt":"2022-07-12T01:40:52","guid":{"rendered":"http:\/\/www.infokuryr.cz\/n\/?p=12319"},"modified":"2022-07-12T03:40:52","modified_gmt":"2022-07-12T01:40:52","slug":"vladimir-putin-podepsal-zlomovy-dekret-kterym-mohou-snadno-ziskat-ruske-obcanstvi-vsichni-obyvatele-cele-ukrajiny","status":"publish","type":"post","link":"https:\/\/www.infokuryr.cz\/n\/2022\/07\/12\/vladimir-putin-podepsal-zlomovy-dekret-kterym-mohou-snadno-ziskat-ruske-obcanstvi-vsichni-obyvatele-cele-ukrajiny\/","title":{"rendered":"Vladimir Putin podepsal zlomov\u00fd dekret, kter\u00fdm mohou snadno z\u00edskat rusk\u00e9 ob\u010danstv\u00ed v\u0161ichni obyvatel\u00e9 cel\u00e9 Ukrajiny&#8230;"},"content":{"rendered":"<div id=\"fb-root\"><\/div>\n<h4>Vladimir Putin podepsal zlomov\u00fd dekret, kter\u00fdm mohou snadno z\u00edskat rusk\u00e9 ob\u010danstv\u00ed v\u0161ichni obyvatel\u00e9 cel\u00e9 Ukrajiny a dokonce i lid\u00e9 bez \u017e\u00e1dn\u00e9ho ob\u010danstv\u00ed! Co to znamen\u00e1? Rusko se z\u0159ejm\u011b sna\u017e\u00ed zma\u0159it mobilizaci na Ukrajin\u011b, rusk\u00e9 ob\u010dany toti\u017e Kyjev na frontu odv\u00e9st nem\u016f\u017ee! T\u00fdk\u00e1 se to podle rusk\u00fdch novin\u00e1\u0159\u016f hlavn\u011b lid\u00ed v Od\u011bse a v Charkov\u011b! A kolaps v\u016fdc\u016f kolektivn\u00edho Z\u00e1padu zapo\u010dal! Nejprve Boris Johnson, o v\u00edkendu drogov\u00fd skand\u00e1l Olafa Scholze a dnes korup\u010dn\u00ed bomba dopadla na Emmanuela Macrona! Glob\u00e1ln\u00ed prediktor odhaluje bezb\u0159ehou korupci americk\u00fdch firem v Evrop\u011b, jak korumpuj\u00ed evropsk\u00e9 politiky!<\/h4>\n<p>Pokud jste nevid\u011bli z\u00e1sadn\u00ed video Vladimira Putina, ve kter\u00e9m minul\u00fd t\u00fdden ozn\u00e1mil konec sv\u011btov\u00e9ho \u0159\u00e1du Pax Americana, tak to ur\u010dit\u011b napravte. V tomto videu toti\u017e zazn\u011blo, \u017ee proces p\u0159echodu sv\u011btov\u00e9ho \u0159\u00e1du od americk\u00e9 unipolarity ke spravedliv\u00e9 multipolarit\u011b je nevyhnuteln\u00fd proces a nelze mu zabr\u00e1nit, jakkoliv se o to budou z\u00e1padn\u00ed partne\u0159i sna\u017eit.\u00a0<strong>Zhl\u00e9dnut\u00ed tohoto videa [<a href=\"https:\/\/aeronet.news\/video-vladimir-putin-pred-lidry-frakci-ruske-dumy-oznamil-konec-svetoveho-radu-pax-americana-a-pocatek-nastupu-multipolarniho-svetoveho-mocenskeho-systemu-rusky-prezident-pozdravil-alternativu\/\">1<\/a>] je kl\u00ed\u010dov\u00e9 k tomu, abyste pochopili, co se bude na glob\u00e1ln\u00ed sc\u00e9n\u011b odehr\u00e1vat v n\u00e1sleduj\u00edc\u00edch dnech a t\u00fddnech.<\/strong><\/p>\n<p>Glob\u00e1ln\u00ed prediktor toti\u017e za\u010dal prov\u00e1d\u011bt neuv\u011b\u0159iteln\u00e9 po\u0159\u00e1dky a doslova masakr motorovou pilou, kter\u00fd Evropa za cel\u00e9 dek\u00e1dy nepamatuje. Ji\u017e dop\u0159edu jsem na to upozor\u0148oval, \u017ee Henry Kissinger na povel\u00a0<em>Komise<\/em>\u00a0odstartoval proces, kter\u00fd postupn\u011b za\u010dne v cel\u00e9 Evrop\u011b odstra\u0148ovat od moci v\u0161echny politiky, kte\u0159\u00ed jsou nebo doned\u00e1vna byli vazaly a poslu\u0161n\u00fdmi loutkami americk\u00fdch elit a tzv. elit\u00e1\u0159\u016f Pax Americana.<\/p>\n<figure id=\"attachment_52385\" class=\"wp-caption aligncenter\" style=\"width: 688px;\"><a href=\"https:\/\/aeronet.news\/wp-content\/uploads\/PutinDumaMeeting5.jpg\"><img decoding=\"async\" loading=\"lazy\" class=\"wp-image-52385 \" src=\"https:\/\/aeronet.news\/wp-content\/uploads\/PutinDumaMeeting5-1024x576.jpg\" sizes=\"(max-width: 700px) 100vw, 700px\" srcset=\"https:\/\/aeronet.news\/wp-content\/uploads\/PutinDumaMeeting5-1024x576.jpg 1024w, https:\/\/aeronet.news\/wp-content\/uploads\/PutinDumaMeeting5-300x169.jpg 300w, https:\/\/aeronet.news\/wp-content\/uploads\/PutinDumaMeeting5-768x432.jpg 768w, https:\/\/aeronet.news\/wp-content\/uploads\/PutinDumaMeeting5-700x394.jpg 700w, https:\/\/aeronet.news\/wp-content\/uploads\/PutinDumaMeeting5-635x357.jpg 635w, https:\/\/aeronet.news\/wp-content\/uploads\/PutinDumaMeeting5-859x483.jpg 859w, https:\/\/aeronet.news\/wp-content\/uploads\/PutinDumaMeeting5.jpg 1280w\" alt=\"\" width=\"688\" height=\"387\" \/><\/a><figcaption class=\"wp-caption-text\">Vladimir Putin, rusk\u00fd prezident<\/figcaption><\/figure>\n<p><strong>Glob\u00e1ln\u00ed prediktor se v Evrop\u011b tento rok postupn\u011b zbav\u00ed v\u011bt\u0161iny sou\u010dasn\u00fdch pro-ami politik\u016f<\/strong>. A ten proces za\u010dal u\u017e minul\u00fd t\u00fdden. Nejprve v polovin\u011b minul\u00e9ho t\u00fddne prob\u011bhl pal\u00e1cov\u00fd pu\u010d v Lond\u00fdn\u011b a 50 \u010dlen\u016f kabinetu Borise Johnsona podalo demise, co\u017e ho nakonec donutilo k rezignaci na premi\u00e9rsk\u00fd post. A to byl teprve za\u010d\u00e1tek. O v\u00edkendu naplno propukl skand\u00e1l okolo n\u011bmeck\u00e9ho kancl\u00e9\u0159e Olafa Scholze.<\/p>\n<p>B\u011bhem stranick\u00e9 oslavy SPD do\u0161lo ke zdrogov\u00e1n\u00ed celkem 8 \u017een, kter\u00fdm byla pod\u00e1na usp\u00e1vac\u00ed l\u00e1tka Rohypnol a \u017eeny si na nic nepamatuj\u00ed, co se d\u011blo potom. Podle v\u0161eho mohlo doj\u00edt ke zn\u00e1siln\u011bn\u00ed takto zdrogovan\u00fdch \u017een. Na akci SPD p\u0159ed za\u010d\u00e1tkem poslaneck\u00fdch pr\u00e1zdnin byl p\u0159\u00edtomen i Olaf Scholz a celou v\u011bc nyn\u00ed vy\u0161et\u0159uje policie, kdo \u017een\u00e1m podal usp\u00e1vac\u00ed drogu, a co se s t\u011bmi \u017eenami d\u011blo potom.<\/p>\n<h6><span style=\"font-size: 18pt;\">Drogov\u00fd skand\u00e1l okolo n\u011bmeck\u00e9ho kancl\u00e9\u0159e a zn\u00e1siln\u011bn\u00e9 poslankyn\u011b s ciz\u00edm pr\u00e1dlem, kter\u00e9 druh\u00fd den r\u00e1no na sob\u011b nepozn\u00e1valy<\/span><\/h6>\n<p>Skand\u00e1l okolo Scholze p\u0159i\u0161el\u00a0<strong>[<a href=\"https:\/\/href.li\/?https:\/\/www.dw.com\/en\/germany-spd-investigates-reports-of-women-drugged-at-summer-party\/a-62415462\" target=\"_blank\" rel=\"nofollow noopener\">2<\/a>]<\/strong>\u00a0hned po demisi Borise Johnsona. Ve vysok\u00fdch politick\u00fdch kruz\u00edch se d\u011bj\u00ed r\u016fzn\u00e9 orgie a ritu\u00e1ly, zejm\u00e9na na akc\u00edch, kter\u00e9 jsou jen pro zvan\u00e9, ale pokud n\u011bkdo \u017eeny zdrogoval bez jejich v\u011bdom\u00ed, je jasn\u00e9, \u017ee \u0161lo o zn\u00e1siln\u011bn\u00ed. P\u0159itom \u017een m\u016f\u017ee b\u00fdt ve skute\u010dnosti je\u0161t\u011b v\u00edce a n\u011bmeck\u00e1 policie vyz\u00fdv\u00e1 dal\u0161\u00ed \u00fa\u010dastnice stranick\u00e9 p\u00e1rty, aby se p\u0159ihl\u00e1sily, pokud na sob\u011b zpozorovaly n\u011bco podivn\u00e9ho.<\/p>\n<p>Anebo pokud si nepamatuj\u00ed na pr\u016fb\u011bh noci.\u00a0<strong>Skand\u00e1l podle n\u011bmeck\u00e9ho bulv\u00e1ru propukl \u00fadajn\u011b tak, \u017ee jedna z poslanky\u0148, jej\u00ed\u017e jm\u00e9no policie nezve\u0159ejnila, si doma r\u00e1no v\u0161imla, \u017ee m\u00e1 na sob\u011b ciz\u00ed kalhotky a ciz\u00ed podprsenku o dv\u011b \u010d\u00edsla v\u011bt\u0161\u00ed, zat\u00edmco kalhotky j\u00ed byly t\u011bsn\u00e9.<\/strong>\u00a0N\u011bkdo \u017eenu zdrogoval, svl\u00e9kl a kdy\u017e ji znovu obl\u00e9kal, pom\u00edchal oble\u010den\u00ed, proto\u017ee takto zneu\u017eit\u00fdch a svle\u010den\u00fdch \u017een bylo asi pospolu v\u00edce a do\u0161lo k z\u00e1m\u011bn\u011b oble\u010den\u00ed.<\/p>\n<figure id=\"attachment_50508\" class=\"wp-caption aligncenter\" style=\"width: 689px;\"><a href=\"https:\/\/aeronet.news\/wp-content\/uploads\/OlafScholz.jpg\"><img decoding=\"async\" loading=\"lazy\" class=\"wp-image-50508 \" src=\"https:\/\/aeronet.news\/wp-content\/uploads\/OlafScholz-1024x575.jpg\" sizes=\"(max-width: 700px) 100vw, 700px\" srcset=\"https:\/\/aeronet.news\/wp-content\/uploads\/OlafScholz-1024x575.jpg 1024w, https:\/\/aeronet.news\/wp-content\/uploads\/OlafScholz-300x169.jpg 300w, https:\/\/aeronet.news\/wp-content\/uploads\/OlafScholz-768x431.jpg 768w, https:\/\/aeronet.news\/wp-content\/uploads\/OlafScholz-700x393.jpg 700w, https:\/\/aeronet.news\/wp-content\/uploads\/OlafScholz-636x357.jpg 636w, https:\/\/aeronet.news\/wp-content\/uploads\/OlafScholz-860x483.jpg 860w, https:\/\/aeronet.news\/wp-content\/uploads\/OlafScholz.jpg 1280w\" alt=\"\" width=\"689\" height=\"387\" \/><\/a><figcaption class=\"wp-caption-text\">Olaf Scholz, n\u011bmeck\u00fd kancl\u00e9\u0159 a \u0161\u00e9f SPD<\/figcaption><\/figure>\n<p>\u017dena si v\u0161ak na noc v\u016fbec nevzpom\u00edn\u00e1 a pamatuje si jen to, \u017ee se oble\u010den\u00e1 probudila r\u00e1no v posteli. A policii se p\u0159ihl\u00e1silo dal\u0161\u00edch 7 \u00fa\u010dastnic t\u00e9to stranick\u00e9 p\u00e1rty, kter\u00e9 tak\u00e9 si na nic nepamatuj\u00ed a postr\u00e1daj\u00ed n\u011bjak\u00e9 sv\u00e9 v\u011bci nebo oble\u010den\u00ed.\u00a0<strong>Neuv\u011b\u0159iteln\u00fd skand\u00e1l evropsk\u00e1 m\u00e9dia tutlaj\u00ed s maxim\u00e1ln\u00edm \u00fasil\u00edm, proto\u017ee podle v\u0161eho do\u0161lo k hromadn\u00e9mu zn\u00e1siln\u011bn\u00ed na ve\u010d\u00edrku, kter\u00fd po\u0159\u00e1dal p\u0159\u00edmo \u0161\u00e9f SPD a kancl\u00e9\u0159 Olaf Scholz.<\/strong><\/p>\n<p>Doslova to vypad\u00e1, jako kdyby Olaf Scholz ze\u0161\u00edlel, proto\u017ee takov\u00fd ve\u010d\u00edrek musel prasknout, ale je docela mo\u017en\u00e9, \u017ee to n\u011bkdo na Scholze narafi\u010dil, aby skand\u00e1l padl pr\u00e1v\u011b na n\u011bj. Stejn\u011b jako demise Borise Johnsona byla nachystan\u00e1 50 \u010dleny kabinetu, kte\u0159\u00ed na n\u011b\u010d\u00ed povel nar\u00e1z podali demise, tak i v tomto p\u0159\u00edpad\u011b to vypad\u00e1, \u017ee n\u011bkdo na povel ty \u017eeny zdrogoval. A to zdaleka nen\u00ed v\u0161echno.<\/p>\n<h6><span style=\"font-size: 18pt;\">Emmanuel Macron \u010del\u00ed mamut\u00edmu korup\u010dn\u00edmu skand\u00e1lu, nechal se uplatit americkou firmou Uber a nechal zm\u011bnit z\u00e1kon o taxi slu\u017eb\u00e1ch ve Francii ve prosp\u011bch americk\u00e9 firmy<\/span><\/h6>\n<p><strong>V pond\u011bl\u00ed propukl obrovsk\u00fd skand\u00e1l [<a href=\"https:\/\/href.li\/?https:\/\/www.bbc.com\/news\/business-62057321\" target=\"_blank\" rel=\"nofollow noopener\">3<\/a>] Emmanuela Macrona, kter\u00fd \u010del\u00ed obvin\u011bn\u00ed z korupce, \u017ee se nechal podpl\u00e1cet americkou taxik\u00e1\u0159skou a sharingovou spole\u010dnost\u00ed Uber z Kalifornie<\/strong>, a \u017ee dokonce po sch\u016fzce a jedn\u00e1n\u00ed s \u0159editelem Uberu vyhov\u011bl jeho p\u0159\u00e1n\u00ed a ve Francii prosadil zm\u011bnu legislativy o taxi slu\u017eb\u00e1ch, kter\u00e1 \u0161la na ruku pr\u00e1v\u011b Uberu. Unikl\u00e9 dokumenty poskytl britsk\u00e9mu The Guardian a dal\u0161\u00edm m\u00e9di\u00edm nezn\u00e1m\u00fd hacker, kter\u00fd chce odhalit, jak americk\u00e9 korporace v Evropsk\u00e9 unii korumpuj\u00ed nejv\u00fd\u0161e postaven\u00e9 politiky, premi\u00e9ry a dokonce prezidenty.<\/p>\n<p>Americk\u00e1 firma zkorumpovala dokonce i n\u011bkdej\u0161\u00ed evropskou komisa\u0159ku pro obchodn\u00ed sout\u011b\u017e Neelie Kroes. Pr\u016fsak skand\u00e1lu na ve\u0159ejnost tak m\u00e1 za \u00fakol vyvolat ve Francii znovu bou\u0159e taxik\u00e1\u0159\u016f proti Macronovi a \u00fatoky proti americk\u00e9 firm\u011b Uber a jejich voz\u016fm. Je to naprosto typick\u00e1 uk\u00e1zka sabot\u00e1\u017ee americk\u00e9 firmy a jej\u00edho podnik\u00e1n\u00ed v Evrop\u011b ze strany Glob\u00e1ln\u00edho prediktora.<\/p>\n<figure id=\"attachment_52401\" class=\"wp-caption aligncenter\" style=\"width: 509px;\"><a href=\"https:\/\/aeronet.news\/wp-content\/uploads\/EmmanuelMacronUber.jpg\"><img decoding=\"async\" loading=\"lazy\" class=\"wp-image-52401 \" src=\"https:\/\/aeronet.news\/wp-content\/uploads\/EmmanuelMacronUber-1024x1024.jpg\" sizes=\"(max-width: 700px) 100vw, 700px\" srcset=\"https:\/\/aeronet.news\/wp-content\/uploads\/EmmanuelMacronUber-1024x1024.jpg 1024w, https:\/\/aeronet.news\/wp-content\/uploads\/EmmanuelMacronUber-150x150.jpg 150w, https:\/\/aeronet.news\/wp-content\/uploads\/EmmanuelMacronUber-300x300.jpg 300w, https:\/\/aeronet.news\/wp-content\/uploads\/EmmanuelMacronUber-768x768.jpg 768w, https:\/\/aeronet.news\/wp-content\/uploads\/EmmanuelMacronUber-700x700.jpg 700w, https:\/\/aeronet.news\/wp-content\/uploads\/EmmanuelMacronUber-357x357.jpg 357w, https:\/\/aeronet.news\/wp-content\/uploads\/EmmanuelMacronUber-483x483.jpg 483w, https:\/\/aeronet.news\/wp-content\/uploads\/EmmanuelMacronUber-210x210.jpg 210w, https:\/\/aeronet.news\/wp-content\/uploads\/EmmanuelMacronUber.jpg 1200w\" alt=\"\" width=\"509\" height=\"509\" \/><\/a><figcaption class=\"wp-caption-text\">Emmanuel Macron v korup\u010dn\u00edm skand\u00e1lu firmy Uber<\/figcaption><\/figure>\n<p>Macron spolu se Scholzem a Borisem Johnsonem byli nejhlasit\u011bj\u0161\u00edmi zast\u00e1nci uvalen\u00ed tvrd\u00fdch sankc\u00ed na Rusko. Kdy\u017e se ale uk\u00e1zalo, \u017ee sankce se odrazily od Ruska jako bumerang a dopadly na dom\u00e1cnosti ve Velk\u00e9 Brit\u00e1nii, ve Francii a v N\u011bmecku, za\u010dali m\u00edt Macron se Scholzem strach, \u017ee to se sankcemi p\u0159ehnali a na pokyn Henryho Kissingera za\u010dali obracet kormidlo k m\u00edru a k vyjedn\u00e1v\u00e1n\u00ed s Ruskem. Jen\u017ee, to u\u017e je pozd\u011b.\u00a0<strong>Glob\u00e1ln\u00ed prediktor se rozhodl sou\u010dasnou garnituru Evropsk\u00e9 unie odepsat. Je to proces demise unipol\u00e1rn\u00edho \u0159\u00e1du Pax Americana a p\u0159esun k multipol\u00e1rn\u00ed globalizaci.<\/strong>\u00a0To, co te\u010f vid\u00edme, je odpis a kolaps tzv. elit kolektivn\u00edho Z\u00e1padu.<\/p>\n<h6><span style=\"font-size: 18pt;\">Syn americk\u00e9ho prezidenta s prostitutkami, s drogami a s pen\u011bzi z ukrajinsk\u00e9 pra\u010dky Burisma<\/span><\/h6>\n<p>Stejn\u011b tak se v pond\u011bl\u00ed objevila i videa Huntera Bidena z jeho telefonu, jak nakupuje drogy z kreditn\u00ed karty sv\u00e9ho otce, prezidenta Joea Bidena. Dal\u0161\u00ed video obsahuje sc\u00e9nu s prostitutkou ve spr\u0161e, dal\u0161\u00ed sn\u00edmek ukazuje, jak Hunter plat\u00ed prostitutce \u0161ekem na 3 400 USD za jej\u00ed slu\u017eby.<strong>\u00a0A dal\u0161\u00ed video zachycuje, jak si Hunter v\u00e1\u017e\u00ed na digit\u00e1ln\u00ed v\u00e1ze d\u00e1vku tzv. krystalu, skla, tedy syntetick\u00e9ho metamfetaminu.<\/strong><\/p>\n<p>Americk\u00e1 m\u00e9dia se sna\u017e\u00ed skand\u00e1l v\u0161emo\u017en\u011b tutlat, soci\u00e1ln\u00ed s\u00edt\u011b zb\u011bsile a vztekle ma\u017eou ve\u0161ker\u00e1 videa, Facebook m\u00e1 nejvy\u0161\u0161\u00ed pohotovost, aby tento skand\u00e1l uml\u010del. Jen\u017ee informace a videa se \u0161\u00ed\u0159i rychlost\u00ed blesku. V\u0161echna Hunterova videa unikla podle americk\u00fdch novin\u00e1\u0159\u016f z hacknut\u00e9ho p\u0159\u00edstupu do slu\u017eby iCloud, kter\u00e1 synchronizuje obsah a data telefonu iPhone.<\/p>\n<div class=\"wp-video\">\n<div id=\"mep_0\" class=\"mejs-container mejs-container-keyboard-inactive wp-video-shortcode mejs-video\" tabindex=\"0\" role=\"application\" aria-label=\"Video p\u0159ehr\u00e1va\u010d\">\n<div class=\"mejs-inner\">\n<div class=\"mejs-mediaelement\"><\/div>\n<div class=\"mejs-layers\">\n<div class=\"mejs-poster mejs-layer\">\n<div style=\"width: 640px;\" class=\"wp-video\"><!--[if lt IE 9]><script>document.createElement('video');<\/script><![endif]-->\n<video class=\"wp-video-shortcode\" id=\"video-12319-1\" width=\"640\" height=\"360\" preload=\"metadata\" controls=\"controls\"><source type=\"video\/mp4\" src=\"http:\/\/www.infokuryr.cz\/n\/wp-content\/uploads\/2022\/07\/HunterMeth.mp4?_=1\" \/><a href=\"http:\/\/www.infokuryr.cz\/n\/wp-content\/uploads\/2022\/07\/HunterMeth.mp4\">http:\/\/www.infokuryr.cz\/n\/wp-content\/uploads\/2022\/07\/HunterMeth.mp4<\/a><\/video><\/div>\n<\/div>\n<div class=\"mejs-overlay mejs-layer mejs-overlay-play\">\n<div class=\"mejs-overlay-button\" tabindex=\"0\" role=\"button\" aria-label=\"P\u0159ehr\u00e1t\" aria-pressed=\"false\"><\/div>\n<\/div>\n<\/div>\n<\/div>\n<\/div>\n<\/div>\n<p>Skand\u00e1l odhaluje, \u017ee pen\u00edze z ukrajinsk\u00e9 t\u011b\u017eebn\u00ed spole\u010dnosti Burisma, kter\u00e1 slou\u017eila jako pra\u010dka pen\u011bz pro Bidenovu rodinu a ve kter\u00e9 m\u011bl Hunter pozici \u010dlena spr\u00e1vn\u00ed rady a \u0159editele p\u0159edstavenstva, byly pou\u017e\u00edv\u00e1ny pro financov\u00e1n\u00ed n\u00e1kup\u016f drog k rekrea\u010dn\u00edmu pou\u017e\u00edv\u00e1n\u00ed spolu s prostitutkami. \u010cl\u00e1nky o korupci Bidenovy rodiny a o \u00faloze ukrajinsk\u00e9 firmy Burisma jsme p\u0159inesli\u00a0<strong><a href=\"https:\/\/aeronet.news\/urad-generalniho-prokuratora-ukrajiny-oficialne-obvinil-sefa-tezarske-spolecnosti-burisma-z-korupce-a-prani-spinavych-penez-ve-spolupraci-s-hunterem-bidenem-synem-byvaleho-viceprezidenta-usa\/\">zde<\/a><\/strong>\u00a0a\u00a0<strong><a href=\"https:\/\/aeronet.news\/video-ruska-televize-odvysilala-vybusne-dukazy-o-korupci-syna-byvaleho-americkeho-viceprezidenta-josepha-bidena-v-ukrajinske-tezebni-spolecnosti-burisma-ktera-slouzila-jako-pracka-na-spinave-penize\/\">zde<\/a><\/strong>. A dementn\u00ed sta\u0159\u00edk v B\u00edl\u00e9m dom\u011b u\u017e je natolik mimo, \u017ee si tento skand\u00e1l sv\u00e9ho syna asi neuv\u011bdomuje.<\/p>\n<p>Glob\u00e1ln\u00ed prediktor tak v p\u0159\u00edm\u00e9m p\u0159enosu odepisuje celou Bidenovu rodinu a spolu s n\u00ed USA. O to zaj\u00edmav\u011bj\u0161\u00ed je ale pond\u011bln\u00ed ud\u00e1lost z Kremlu. Vladimir Putin podepsal p\u0159elomov\u00fd dekret, kter\u00fd umo\u017e\u0148uje zrychlen\u00e9 a snadn\u00e9 z\u00edsk\u00e1n\u00ed rusk\u00e9ho ob\u010danstv\u00ed v\u0161em ob\u010dan\u016fm Ukrajiny, tedy my\u0161leno cel\u00e9 Ukrajiny, nejen obyvatel\u016fm republik na Donbasu a spolu s nimi Chersonsk\u00e9 a Z\u00e1poro\u017esk\u00e9 oblasti, ale cel\u00e9 Ukrajiny.<\/p>\n<h6><span style=\"font-size: 18pt;\">Vladimir Putin podepsal dekret, kter\u00fdm snadno z\u00edskaj\u00ed rusk\u00e9 ob\u010danstv\u00ed v\u0161ichni obyvatel\u00e9 Ukrajiny. A nejen oni<\/span><\/h6>\n<p><strong>Dekret [<a href=\"https:\/\/href.li\/?https:\/\/tass.com\/politics\/1478355\" target=\"_blank\" rel=\"nofollow noopener\">4<\/a>] od pond\u011bl\u00ed umo\u017e\u0148uje z\u00edskat rusk\u00e9 ob\u010danstv\u00ed v\u0161em obyvatel\u016fm Ukrajiny, a to dokonce i lidem, kte\u0159\u00ed \u017eij\u00ed na \u00fazem\u00ed Ukrajiny, ale nemaj\u00ed \u017e\u00e1dn\u00e9 ob\u010danstv\u00ed.<\/strong>\u00a0A to je opravdu z\u00e1sadn\u00ed. Vladimir Putin t\u00edm umo\u017en\u00ed z\u00edskat rusk\u00e9 ob\u010danstv\u00ed nejen Ukrajinc\u016fm na z\u00e1pad\u011b Ukrajiny, ale dokonce i lidem, kte\u0159\u00ed \u017e\u00e1dn\u00e9 ob\u010danstv\u00ed nem\u011bli, co\u017e se t\u00fdk\u00e1 p\u0159edev\u0161\u00edm migrant\u016f. Teoreticky by se mohlo jednat o dobrovoln\u00edky ze zakavkazsk\u00fdch republik, kte\u0159\u00ed p\u0159i\u0161li ze S\u00fdrie, z Libye a nyn\u00ed bojuj\u00ed na rusk\u00e9 stran\u011b na Donbasu. Ofici\u00e1ln\u011b nemaj\u00ed \u017e\u00e1dn\u00e9 ob\u010danstv\u00ed, tak\u017ee tento dekret je nam\u00ed\u0159en k tomu, aby mohli dostat rusk\u00e9 ob\u010danstv\u00ed. Dekret povede k \u0161irok\u00e9 institucionalizaci rusk\u00e9ho ob\u010danstv\u00ed na Ukrajin\u011b mezi v\u0161emi Ukrajinci, kte\u0159\u00ed nebudou cht\u00edt bojovat proti Rusku.<\/p>\n<figure id=\"attachment_52406\" class=\"wp-caption aligncenter\" style=\"width: 634px;\"><a href=\"https:\/\/aeronet.news\/wp-content\/uploads\/PutinOrder700.jpg\"><img decoding=\"async\" loading=\"lazy\" class=\"wp-image-52406 \" src=\"https:\/\/aeronet.news\/wp-content\/uploads\/PutinOrder700.jpg\" sizes=\"(max-width: 700px) 100vw, 700px\" srcset=\"https:\/\/aeronet.news\/wp-content\/uploads\/PutinOrder700.jpg 700w, https:\/\/aeronet.news\/wp-content\/uploads\/PutinOrder700-212x300.jpg 212w, https:\/\/aeronet.news\/wp-content\/uploads\/PutinOrder700-252x357.jpg 252w, https:\/\/aeronet.news\/wp-content\/uploads\/PutinOrder700-342x483.jpg 342w\" alt=\"\" width=\"634\" height=\"897\" \/><\/a><figcaption class=\"wp-caption-text\">Dekret Vladimira Putina o zjednodu\u0161en\u00e9m z\u00edsk\u00e1n\u00ed rusk\u00e9ho ob\u010danstv\u00ed pro v\u0161echny obyvatele Ukrajiny, a to i pro osoby bez aktu\u00e1ln\u00edho ob\u010danstv\u00ed<\/figcaption><\/figure>\n<p>Pokud Ukrajinec p\u0159ijme rusk\u00e9 ob\u010danstv\u00ed, vyhne se t\u00edm automaticky odvodov\u00e9 povinnosti do ukrajinsk\u00e9 arm\u00e1dy. Reakce Kyjeva ale asi bude hodn\u011b vztekl\u00e1. Ze strany Kremlu se tak jedn\u00e1 o taktick\u00fd krok, kter\u00fd m\u00e1 Ukrajin\u011b zkomplikovat p\u0159\u00edpadnou mobilizaci. Kyjev toti\u017e rusk\u00e9 ob\u010dany mobilizovat nebude. A pokud by je mobilizoval, byla by to de facto sebevra\u017eda pro Kyjev.\u00a0<strong>Ov\u0161em m\u016f\u017ee p\u0159ij\u00edt i jin\u00e1 reakce a Kyjev za\u010dne lidi, kte\u0159\u00ed p\u0159ijmou rusk\u00e9 ob\u010danstv\u00ed, zab\u00edjet a likvidovat jako zr\u00e1dce. To by v\u0161ak vyvolalo povst\u00e1n\u00ed v ukrajinsk\u00fdch m\u011bstech i tam, kde se je\u0161t\u011b nebojovalo.<\/strong>\u00a0A i to m\u016f\u017ee b\u00fdt sou\u010d\u00e1st pl\u00e1nu. Glob\u00e1ln\u00ed prediktor tak d\u011bl\u00e1 po\u0159\u00e1dky v Evrop\u011b a v USA, zat\u00edmco Rusko se uj\u00edm\u00e1 role jedn\u00e9 z v\u016fd\u010d\u00edch zem\u00ed nov\u00e9 multipol\u00e1rn\u00ed globalizace.<\/p>\n<p>-VK- \u0160\u00e9fredaktor AE News<\/p>\n<p><a href=\"https:\/\/aeronet.news\/vladimir-putin-podepsal-zlomovy-dekret-kterym-mohou-snadno-ziskat-ruske-obcanstvi-vsichni-obyvatele-cele-ukrajiny-a-dokonce-i-lide-bez-zadneho-obcanstvi-co-to-znamena-rusko-se-zrejme-snazi-zmarit\/\">ZDROJ<\/a><\/p>\n<p>&nbsp;<\/p>\n","protected":false},"excerpt":{"rendered":"<p>Vladimir Putin podepsal zlomov\u00fd dekret, kter\u00fdm mohou snadno z\u00edskat rusk\u00e9 ob\u010danstv\u00ed v\u0161ichni obyvatel\u00e9 cel\u00e9 Ukrajiny&#8230;<\/p>\n","protected":false},"author":2,"featured_media":8488,"comment_status":"closed","ping_status":"closed","sticky":false,"template":"","format":"standard","meta":[],"categories":[7],"tags":[2018,1011,102,22,26],"_links":{"self":[{"href":"https:\/\/www.infokuryr.cz\/n\/wp-json\/wp\/v2\/posts\/12319"}],"collection":[{"href":"https:\/\/www.infokuryr.cz\/n\/wp-json\/wp\/v2\/posts"}],"about":[{"href":"https:\/\/www.infokuryr.cz\/n\/wp-json\/wp\/v2\/types\/post"}],"author":[{"embeddable":true,"href":"https:\/\/www.infokuryr.cz\/n\/wp-json\/wp\/v2\/users\/2"}],"replies":[{"embeddable":true,"href":"https:\/\/www.infokuryr.cz\/n\/wp-json\/wp\/v2\/comments?post=12319"}],"version-history":[{"count":0,"href":"https:\/\/www.infokuryr.cz\/n\/wp-json\/wp\/v2\/posts\/12319\/revisions"}],"wp:featuredmedia":[{"embeddable":true,"href":"https:\/\/www.infokuryr.cz\/n\/wp-json\/wp\/v2\/media\/8488"}],"wp:attachment":[{"href":"https:\/\/www.infokuryr.cz\/n\/wp-json\/wp\/v2\/media?parent=12319"}],"wp:term":[{"taxonomy":"category","embeddable":true,"href":"https:\/\/www.infokuryr.cz\/n\/wp-json\/wp\/v2\/categories?post=12319"},{"taxonomy":"post_tag","embeddable":true,"href":"https:\/\/www.infokuryr.cz\/n\/wp-json\/wp\/v2\/tags?post=12319"}],"curies":[{"name":"wp","href":"https:\/\/api.w.org\/{rel}","templated":true}]}}