{"id":12311,"date":"2022-07-12T01:08:02","date_gmt":"2022-07-11T23:08:02","guid":{"rendered":"http:\/\/www.infokuryr.cz\/n\/?p=12311"},"modified":"2022-07-11T17:49:28","modified_gmt":"2022-07-11T15:49:28","slug":"sokujici-zprava-25-milionu-lidi-leceno-pro-vedlejsi-ucinky-vakciny","status":"publish","type":"post","link":"https:\/\/www.infokuryr.cz\/n\/2022\/07\/12\/sokujici-zprava-25-milionu-lidi-leceno-pro-vedlejsi-ucinky-vakciny\/","title":{"rendered":"\u0160okuj\u00edc\u00ed zpr\u00e1va: 2,5 milionu lid\u00ed l\u00e9\u010deno pro vedlej\u0161\u00ed \u00fa\u010dinky vakc\u00edny"},"content":{"rendered":"<div id=\"fb-root\"><\/div>\n<p><span>Do konce roku 2021 bude jen v N\u011bmecku dost\u00e1vat l\u00e9ka\u0159skou p\u00e9\u010di kv\u016fli vedlej\u0161\u00edm \u00fa\u010dink\u016fm experiment\u00e1ln\u00edch koronov\u00fdch injekc\u00ed asi 2,5 milionu lid\u00ed.\u00a0Vypl\u00fdv\u00e1 to ze \u0161okuj\u00edc\u00ed zpr\u00e1vy n\u011bmeck\u00e9 l\u00e9ka\u0159sk\u00e9 asociace KBV.<\/span><\/p>\n<p><span>Dokument um\u00eds\u0165uje bombu pod vl\u00e1dn\u00ed o\u010dkovac\u00ed kampa\u0148, p\u00ed\u0161e internetov\u00fd\u00a0<\/span><a href=\"https:\/\/www.wochenblick.at\/corona\/schockbericht-bestaetigt-25-millionen-patienten-mit-impf-nebenwirkungen\/\" target=\"_blank\" rel=\"noreferrer noopener\" data-type=\"URL\" data-id=\"https:\/\/www.wochenblick.at\/corona\/schockbericht-bestaetigt-25-millionen-patienten-mit-impf-nebenwirkungen\/\"><span>den\u00edk Wochenblick<\/span><\/a><span>\u00a0.\u00a0V b\u0159eznu se poslanec Spolkov\u00e9ho sn\u011bmu Martin Sichert (AfD) zeptal \u0159editele KBV, kolik pacient\u016f o\u0161et\u0159il l\u00e9ka\u0159 kv\u016fli st\u00ed\u017enostem po injekci Coronapu.<\/span><\/p>\n<p><span>O t\u0159i m\u011bs\u00edce pozd\u011bji byl Sichertovi zasl\u00e1n vysoce citliv\u00fd t\u0159\u00edstr\u00e1nkov\u00fd dokument, o kter\u00e9m informoval\u00a0<\/span><a href=\"https:\/\/www.epochtimes.de\/politik\/deutschland\/kbv-papier-enthuellt-25-mio-patienten-mit-impfnebenwirkungen-afd-will-konsequenzen-a3870369.html\" target=\"_blank\" rel=\"noreferrer noopener\" data-type=\"URL\" data-id=\"https:\/\/www.epochtimes.de\/politik\/deutschland\/kbv-papier-enthuellt-25-mio-patienten-mit-impfnebenwirkungen-afd-will-konsequenzen-a3870369.html\"><span>list The Epoch Times<\/span><\/a><span>\u00a0.\u00a0T\u00e9m\u011b\u0159 2,5 milionu lid\u00ed muselo b\u00fdt\u00a0 po vakcinaci o\u0161et\u0159eno l\u00e9ka\u0159. Pozn\u00e1mka: T\u00fdk\u00e1 se pouze lid\u00ed, kte\u0159\u00ed byli o\u010dkov\u00e1ni do konce roku 2021.<\/span><\/p>\n<p><span>Je zvl\u00e1\u0161tn\u00ed, \u017ee Institut Paula Ehrlicha, n\u011bmeck\u00e1 o\u010dkovac\u00ed agentura, uv\u00e1d\u00ed, \u017ee k 31. prosinci bylo hl\u00e1\u0161eno m\u00e9n\u011b ne\u017e 250 000 \u201epodez\u0159el\u00fdch ne\u017e\u00e1douc\u00edch \u00fa\u010dink\u016f\u201c.\u00a0To je m\u00e9n\u011b ne\u017e desetina hodnoty uveden\u00e9 ve zpr\u00e1v\u011b KBV.<\/span><\/p>\n<p><span>Sichert, mluv\u010d\u00ed pro zdravotn\u00ed politiku AfD, mluv\u00ed o skand\u00e1lu.\u00a0\u201ePokud t\u00e9m\u011b\u0159 2,5 milionu lid\u00ed nav\u0161t\u00edvilo l\u00e9ka\u0159e po o\u010dkov\u00e1n\u00ed proti koronaviru, mus\u00ed to b\u00fdt zve\u0159ejn\u011bno.\u00a0To mus\u00ed m\u00edt n\u00e1sledky.&#8220;<\/span><\/p>\n<p><span>Poslanec vyz\u00fdv\u00e1 l\u00e9ka\u0159e a pacienty, aby byli o tomto riziku v budoucnu informov\u00e1ni.\u00a0Domn\u00edv\u00e1 se, \u017ee p\u0159\u00edpadn\u00e9 \u0161kody zp\u016fsoben\u00e9 o\u010dkov\u00e1n\u00edm by m\u011bl hradit st\u00e1t.\u00a0Jestli\u017ee 2,5 milionu (4,2 procenta) z 60 milion\u016f o\u010dkovan\u00fdch pot\u0159ebuje l\u00e9\u010dbu kv\u016fli vedlej\u0161\u00edm \u00fa\u010dink\u016fm, pak tvrzen\u00ed, \u017ee vakc\u00edna je bezpe\u010dn\u00e1, je smrteln\u011b chybn\u00e9, zd\u016fraznil.<\/span><\/p>\n<p><img decoding=\"async\" loading=\"lazy\" class=\"alignnone size-full wp-image-1185\" src=\"http:\/\/www.infokuryr.cz\/n\/wp-content\/uploads\/2021\/04\/kuryr-podpis.png\" alt=\"\" width=\"84\" height=\"24\" \/><\/p>\n<p>&nbsp;<\/p>\n","protected":false},"excerpt":{"rendered":"<p>Do konce roku 2021 bude jen v N\u011bmecku dost\u00e1vat l\u00e9ka\u0159skou p\u00e9\u010di kv\u016fli vedlej\u0161\u00edm \u00fa\u010dink\u016fm experiment\u00e1ln\u00edch&#8230;<\/p>\n","protected":false},"author":2,"featured_media":7750,"comment_status":"closed","ping_status":"closed","sticky":false,"template":"","format":"standard","meta":[],"categories":[7],"tags":[1364,84,213,2787,651],"_links":{"self":[{"href":"https:\/\/www.infokuryr.cz\/n\/wp-json\/wp\/v2\/posts\/12311"}],"collection":[{"href":"https:\/\/www.infokuryr.cz\/n\/wp-json\/wp\/v2\/posts"}],"about":[{"href":"https:\/\/www.infokuryr.cz\/n\/wp-json\/wp\/v2\/types\/post"}],"author":[{"embeddable":true,"href":"https:\/\/www.infokuryr.cz\/n\/wp-json\/wp\/v2\/users\/2"}],"replies":[{"embeddable":true,"href":"https:\/\/www.infokuryr.cz\/n\/wp-json\/wp\/v2\/comments?post=12311"}],"version-history":[{"count":0,"href":"https:\/\/www.infokuryr.cz\/n\/wp-json\/wp\/v2\/posts\/12311\/revisions"}],"wp:featuredmedia":[{"embeddable":true,"href":"https:\/\/www.infokuryr.cz\/n\/wp-json\/wp\/v2\/media\/7750"}],"wp:attachment":[{"href":"https:\/\/www.infokuryr.cz\/n\/wp-json\/wp\/v2\/media?parent=12311"}],"wp:term":[{"taxonomy":"category","embeddable":true,"href":"https:\/\/www.infokuryr.cz\/n\/wp-json\/wp\/v2\/categories?post=12311"},{"taxonomy":"post_tag","embeddable":true,"href":"https:\/\/www.infokuryr.cz\/n\/wp-json\/wp\/v2\/tags?post=12311"}],"curies":[{"name":"wp","href":"https:\/\/api.w.org\/{rel}","templated":true}]}}