{"id":12301,"date":"2022-07-12T01:00:11","date_gmt":"2022-07-11T23:00:11","guid":{"rendered":"http:\/\/www.infokuryr.cz\/n\/?p=12301"},"modified":"2022-07-11T17:02:05","modified_gmt":"2022-07-11T15:02:05","slug":"zdenek-jemelik-nad-olomouckymi-zalobci-se-stahuji-mracna","status":"publish","type":"post","link":"https:\/\/www.infokuryr.cz\/n\/2022\/07\/12\/zdenek-jemelik-nad-olomouckymi-zalobci-se-stahuji-mracna\/","title":{"rendered":"Zden\u011bk Jemel\u00edk: Nad olomouck\u00fdmi \u017ealobci se stahuj\u00ed mra\u010dna"},"content":{"rendered":"<div id=\"fb-root\"><\/div>\n<p><strong>Ministr Pavel Bla\u017eek se obul do olomouck\u00e9ho vrchn\u00edho st\u00e1tn\u00edho zastupitelstv\u00ed, na kter\u00e9m po jeho spr\u0161e nez\u016fstala nit such\u00e1. Kdo chce zn\u00e1t podrobnosti, nech\u0165 nav\u0161t\u00edv\u00ed lobbistick\u00fd server \u010cesk\u00e1 justice.<\/strong><\/p>\n<p>B\u00fdval\u00fd dlouholet\u00fd vedouc\u00ed tohoto pa\u00fa\u0159adu Ivo I\u0161tvan panu ministrovi vy\u010d\u00edt\u00e1, \u017ee b\u011bhem sv\u00e9ho prvn\u00edho mand\u00e1tu v letech 2012-2013 \u017e\u00e1dn\u00e9 n\u00e1mitky nem\u011bl a oto\u010dil a\u017e po protivl\u00e1dn\u00edm pu\u010di z 13.\u010dervna 2013. To je sice pravda, ale tehdy byl je\u0161t\u011b Pavel Bla\u017eek nositelem n\u00e1vrhu na zru\u0161en\u00ed poz\u016fstatk\u016f zemsk\u00e9ho uspo\u0159\u00e1d\u00e1n\u00ed st\u00e1tu rozd\u011blen\u00edm jeho \u00fazem\u00ed mezi dv\u011b vrchn\u00ed st\u00e1tn\u00ed zastupitelstv\u00ed. Vyd\u00e1n\u00edm nov\u00e9ho z\u00e1kona o st\u00e1tn\u00edm zastupitelstv\u00ed m\u011blo doj\u00edt k scelen\u00ed \u00fazem\u00ed zru\u0161en\u00edm vrchn\u00edch st\u00e1tn\u00edch zastupitelstv\u00ed. Ministr nakonec n\u00e1vrh z\u00e1kona ze Sn\u011bmovny st\u00e1hl, proto\u017ee nebyla nad\u011bje, \u017ee by jej poslanci schv\u00e1lili.<\/p>\n<p>Mimochodem: ministr Pavel Bla\u017eek svou zpr\u00e1vou podal d\u016fkaz o tom, \u017ee pom\u011bry v trestn\u00edm \u0159\u00edzen\u00ed nejsou stejn\u00e9 na cel\u00e9m \u00fazem\u00ed st\u00e1tu. Rozd\u00edlnost v\u00fdkonu trestn\u00edho pr\u00e1va v obvodech p\u016fsobnosti dvou vrchn\u00edch st\u00e1tn\u00edch zastupitelstv\u00ed byla jedn\u00edm z motiv\u016f z\u00e1m\u011bru Pavla Zemana, Lenky Brad\u00e1\u010dov\u00e9 &amp; dal\u0161\u00edch na jejich zru\u0161en\u00ed.<\/p>\n<p>P\u0159ed Pavlem Bla\u017ekem nikdo nevyt\u00e1hl na sv\u011btlo bo\u017e\u00ed fakta o povaze \u010dinnosti olomouck\u00fdch \u017ealobc\u016f v takov\u00e9 nahot\u011b, a\u010d v\u016fbec nejde o skute\u010dnosti d\u0159\u00edve nezn\u00e1m\u00e9. Olomouck\u00e9 vrchn\u00ed st\u00e1tn\u00ed zastupitelstv\u00ed se od pra\u017esk\u00e9ho li\u0161\u00ed mimo jin\u00e9 t\u00edm, \u017ee hrstka jeho p\u0159\u00edslu\u0161n\u00edk\u016f je rozpt\u00fdlena po Morav\u011b ve t\u0159ech skupin\u00e1ch, co\u017e podstatn\u011b zt\u011b\u017euje jeho \u0159\u00edzen\u00ed z centra a vede k pl\u00fdtv\u00e1n\u00ed prost\u0159edky. Z\u00e1vadnosti stavu si byla v\u011bdoma vrchn\u00ed st\u00e1tn\u00ed z\u00e1stupkyn\u011b Milena Hojovcov\u00e1, kter\u00e1 vyst\u0159\u00eddala v \u00fa\u0159ad\u011b Ivo I\u0161tvana po jeho odvol\u00e1n\u00ed ministrem Ji\u0159\u00edm Posp\u00ed\u0161ilem. Shodla se s ministryn\u00ed Danielou Kov\u00e1\u0159ovou v n\u00e1zoru, \u017ee je nezbytn\u00e9 hrstku \u017ealobc\u016f st\u00e1hnout do jednoho s\u00eddla. Ale rozumn\u00fd z\u00e1m\u011br zma\u0159il tehdej\u0161\u00ed p\u0159edseda vl\u00e1dy Jan Fischer, kter\u00fd sice problematice st\u00e1tn\u00edho zastupitelstv\u00ed nerozum\u011bl a nebyl opr\u00e1vn\u011bn vstupovat do pravomoci ministra spravedlnosti, ale postavil se proti rozhodnut\u00ed ministryn\u011b takov\u00fdm zp\u016fsobem, \u017ee jsme tehdy m\u011bli obavy, \u017ee j\u00ed v p\u0159\u00edpad\u011b neposlu\u0161nosti napohlavkuje. Proto\u017ee ka\u017ed\u00fd dobr\u00fd skutek mus\u00ed b\u00fdt po z\u00e1sluze potrest\u00e1n, Milena Hojovcov\u00e1 si po n\u00e1vratu Ivo I\u0161tvana vyslou\u017eila za prosazov\u00e1n\u00ed rozumn\u00e9ho opat\u0159en\u00ed \u0161patn\u00e9 nakl\u00e1d\u00e1n\u00ed ze strany nejvy\u0161\u0161\u00edho st\u00e1tn\u00edho z\u00e1stupce Pavla Zemana, vyhovuj\u00edc\u00edho p\u0159\u00e1n\u00ed ministra Ji\u0159\u00edho Posp\u00ed\u0161ila.<\/p>\n<p>Pavel Bla\u017eek m\u00e1 v kritice \u010dinnosti Vrchn\u00edho st\u00e1tn\u00edho zastupitelstv\u00ed v Olomouci v\u011bt\u0161inou pravdu. Ale sou\u010dasn\u011b p\u0159edlo\u017eil ve\u0159ejnosti d\u016fkaz, \u017ee se minist\u0159i spravedlnosti, nejvy\u0161\u0161\u00ed st\u00e1tn\u00ed z\u00e1stupci, vl\u00e1dy a veden\u00ed politick\u00fdch stran dlouh\u00e1 l\u00e9ta o zh\u016fv\u011b\u0159ilostech pa\u00fa\u0159adu p\u0159\u00edle\u017eitostn\u011b dov\u00eddali, ale bylo jim to jedno a nech\u00e1vali v\u011bcem voln\u00fd pr\u016fchod ke \u0161kod\u011b ob\u010dan\u016f tohoto st\u00e1tu. S\u00e1m nebyl v\u00fdjimkou.<\/p>\n<p>Nen\u00ed bez zaj\u00edmavosti, \u017ee n\u011bkte\u0159\u00ed z olomouck\u00fdch \u017ealobc\u016f pat\u0159\u00ed k nositel\u016fm ideologie boje za nez\u00e1vislost st\u00e1tn\u00edho zastupitelstv\u00ed a st\u00e1tn\u00edch z\u00e1stupc\u016f zvl\u00e1\u0161\u0165. V dan\u00e9m p\u0159\u00edpad\u011b je z\u0159ejm\u00e9, \u017ee j\u00ed maj\u00ed v\u00edce ne\u017e je zdr\u00e1vo a ob\u010das ji s chut\u00ed zneu\u017e\u00edvaj\u00ed.<\/p>\n<p>Je zbyte\u010dn\u00e9 p\u0159ipom\u00ednat, \u017ee na ministerstvu le\u017e\u00ed tuny st\u00ed\u017enost\u00ed r\u016fzn\u00fdch ob\u010dansk\u00fdch aktivist\u016f (nejen m\u00fdch, i kdy\u017e m\u011b minister\u0161t\u00ed \u00fa\u0159edn\u00edci maj\u00ed ocejchovan\u00e9ho jako kverulanta) na jedn\u00e1n\u00ed olomouck\u00fdch \u017ealobc\u016f, v\u0161ech vy\u0159\u00edzen\u00fdch jako bezd\u016fvodn\u00fdch. V o\u010d\u00edch ministersk\u00fdch \u00fa\u0159edn\u00edk\u016f je jejich hlavn\u00edm \u00fakolem zast\u00edr\u00e1n\u00ed pochyben\u00ed st\u00e1tn\u00edch z\u00e1stupc\u016f a soudc\u016f a minist\u0159i jim to v\u011bt\u0161inou trp\u00ed, proto\u017ee jim to vyhovuje. V\u011bci by nemusely doj\u00edt do stavu, popisovan\u00e9ho Pavlem Bla\u017ekem, kdyby minist\u0159i spravedlnosti v\u017edy jednali s v\u011bdom\u00edm politick\u00e9 odpov\u011bdnosti za stav resortu a pot\u00edrali d\u016fsledn\u011b nepravosti, o nich\u017e se dov\u011bd\u011bli.<\/p>\n<p>Ale pr\u00e1v\u011b proto je t\u0159eba si v\u0161imnout, \u017ee ministr spustil hromobit\u00ed bez dohody s nejvy\u0161\u0161\u00edm st\u00e1tn\u00edm z\u00e1stupcem Igorem St\u0159\u00ed\u017eem, kter\u00e9ho prost\u011b obe\u0161el. Pokud m\u011b pam\u011b\u0165 neklame, n\u011bco takov\u00e9ho si p\u0159ed nim \u017e\u00e1dn\u00fd ministr nedovolil a ob\u00e1v\u00e1m se, \u017ee pon\u011bkud p\u0159ekro\u010dil hranice sv\u00e9 pravomoci. Igor St\u0159\u00ed\u017e projevil jistou nevoli a bude zaj\u00edmav\u00e9 sledovat, jak se bude v t\u00e9to v\u011bci chovat d\u00e1l.<\/p>\n<p>Navzdory nevoli nejvy\u0161\u0161\u00edho st\u00e1tn\u00edho z\u00e1stupce vystoupen\u00ed Pavla Bla\u017eka oce\u0148uji, proto\u017ee jsem sv\u011bdkem dopad\u016f nepravost\u00ed olomouck\u00fdch \u017ealobc\u016f na trag\u00e9die nespravedliv\u011b st\u00edhan\u00fdch. Je nejvy\u0161\u0161\u00ed \u010das, \u017ee se jim ministr postavil. Skute\u010dnost je dokonce je\u0161t\u011b hor\u0161\u00ed, ne\u017e Pavel Bla\u017eek uvedl. Dovoluji si tvrdit, \u017ee vedle stovek p\u0159\u00edpad\u016f, v kter\u00fdch se prok\u00e1zaly vady postupu olomouck\u00fdch \u017ealobc\u016f, za kter\u00e9 te\u010f mus\u00ed st\u00e1t platit od\u0161kodn\u00e9 z pen\u011bz da\u0148ov\u00fdch poplatn\u00edk\u016f, zcela ur\u010dit\u011b existuje neur\u010diteln\u00fd po\u010det justi\u010dn\u00edch p\u0159ehmat\u016f, kter\u00e9 dosp\u011bly k pravomocn\u00fdm rozsudk\u016fm, je\u017e se nepoda\u0159ilo zvr\u00e1tit. Nespravedliv\u011b odsouzen\u00fdm nezbyde, ne\u017e si ho\u0159k\u00fd poh\u00e1r k\u0159ivdy vyp\u00edt a\u017e do dna, proto\u017ee nen\u00ed politick\u00e1 v\u016fle jejich p\u0159\u00edpady znova p\u0159ezkoumat, a bohu\u017eel z hlediska procesn\u00edho pr\u00e1va by to leckdy ani nebylo mo\u017en\u00e9.<\/p>\n<p>Hromobit\u00ed, spu\u0161t\u011bn\u00e9 na hlavu Ivo I\u0161tvana, je ale pon\u011bkud nespravedliv\u00e9, proto\u017ee se s\u00e1m odklidil z v\u00fdsostn\u00e9ho postaven\u00ed. Nevyslou\u017eil si \u201evykopnut\u00ed sm\u011brem nahoru\u201c, jako jeho pod\u0159\u00edzen\u00fd Radek Mezl\u00edk a nad\u0159\u00edzen\u00fd Pavel Zeman (kter\u00fd nad n\u00edm dr\u017eel ochrannou ruku a je tedy spoluodpov\u011bdn\u00fd za stav, kter\u00fd kritizuje Pavel Bla\u017eek). Nespravedliv\u00e1 je i \u201eps\u00ed hlava\u201c, kterou mu mnoz\u00ed nasazuj\u00ed kv\u016fli jeho \u0159\u00edd\u00edc\u00ed \u00faloze p\u0159i pu\u010di z 13. \u010dervna 2013. Nen\u00ed toti\u017e samo sebou, \u017ee \u0159\u00eddil tak rozs\u00e1hlou a sv\u00fdmi n\u00e1sledky osudovou policejn\u00ed akci mimo obvod sv\u00e9 p\u016fsobnosti. Sehr\u00e1l roli p\u011b\u0161\u00e1ka, kter\u00fd \u0161el tam, kam jej nad\u0159\u00edzen\u00fd poslal, a plnil zadan\u00fd \u00fakol. Nep\u0159ijatelnost jeho jedn\u00e1n\u00ed spo\u010d\u00edv\u00e1 v tom, \u017ee nevyu\u017eil mo\u017enosti, dan\u00e9 z\u00e1konem o st\u00e1tn\u00edm zastupitelstv\u00ed, aby spln\u011bn\u00ed nez\u00e1konn\u00e9ho zad\u00e1n\u00ed odm\u00edtl. Ale ani Pavel Zeman nem\u011bl tu akci z vlastn\u00ed hlavy, a netu\u0161\u00edm, kdo jej v tomto p\u0159\u00edpad\u011b \u00fakoloval. Samoz\u0159ejm\u011b m\u011bl odm\u00edtnout zad\u00e1n\u00ed, proto\u017ee zneu\u017e\u00edv\u00e1n\u00ed org\u00e1n\u016f \u010dinn\u00fdch v trestn\u00edm \u0159\u00edzen\u00ed k vyvol\u00e1n\u00ed politick\u00fdch zm\u011bn je protipr\u00e1vn\u00ed. Je na \u010dase, aby pozad\u00ed pu\u010de odhalily org\u00e1ny \u010dinn\u00e9 v trestn\u00edm \u0159\u00edzen\u00ed.<\/p>\n<p>Obraz, kter\u00fd pan ministr ve\u0159ejnosti p\u0159edlo\u017eil, je ale ne\u00fapln\u00fd, proto\u017ee vytv\u00e1\u0159\u00ed dojem, \u017ee za vadn\u00e1 \u0159\u00edzen\u00ed odpov\u00eddaj\u00ed pouze \u017ealobci. Vadnost \u0159\u00edzen\u00ed ve v\u0161ech p\u0159\u00edpadech prok\u00e1zaly vy\u0161\u0161\u00ed soudy v odvolac\u00edm \u0159\u00edzen\u00ed nebo dokonce a\u017e rozhodnut\u00edm o mimo\u0159\u00e1dn\u00fdch opravn\u00fdch prost\u0159edc\u00edch. \u010cili \u017ealobci, hnan\u00ed pudem lovc\u016f lebek, mohli ubl\u00ed\u017eit nevinn\u00fdm ob\u011btem pouze d\u00edky tomu, \u017ee jim sekundovali soudci obecn\u00fdch soud\u016f, stejn\u00fdm zp\u016fsobem posedl\u00ed pot\u0159ebou dost\u00e1vat lidi za m\u0159\u00ed\u017ee za ka\u017edou cenu. Nepod\u00edvali se po\u0159\u00e1dn\u011b na sn\u016f\u0161ku nesmysl\u016f a polopravd, kter\u00e9 jim \u017ealobci p\u0159edlo\u017eili a na jejich z\u00e1klad\u011b vydali zmate\u010dn\u00e1 rozhodnut\u00ed. Jejich odpov\u011bdnost za stav, kter\u00fd popsal Pavel Bla\u017eek, je nesmazateln\u00e1. Pan ministr by m\u011bl nechat doplnit obraz zvl\u00e1\u0161t\u011b o poznatky o souh\u0159e olomouck\u00fdch \u017ealobc\u016f s Krajsk\u00fdm soudem Brno.<\/p>\n<p>P\u0159es v\u00fdhrady oce\u0148uji krok ministra Pavla Bla\u017eka jako pr\u016fkopnick\u00fd \u010din a bezkonkuren\u010dn\u00ed kritiku \u010dinnosti st\u00e1tn\u00edho zastupitelstv\u00ed. Jeho slab\u00fdm m\u00edstem je v\u00fdlu\u010dn\u00e9 soust\u0159ed\u011bn\u00ed na Vrchn\u00ed st\u00e1tn\u00ed zastupitelstv\u00ed v Olomouci, zat\u00edmco jinde mu nepo\u0159\u00e1dky nevad\u00ed. Douf\u00e1m, \u017ee sv\u016fj z\u00e1jem o n\u00e1pravu pom\u011br\u016f \u010dasem roz\u0161\u00ed\u0159\u00ed i na jin\u00e1 m\u00edsta.<\/p>\n<p>Dal\u0161\u00ed infotmace najdete\u00a0<a href=\"https:\/\/www.ceska-justice.cz\/2022\/07\/blazek-tvrde-zkritizoval-stav-vsz-v-olomouci-vadi-mu-priplatky-i-minimum-uspor\/\">ZDE<\/a>.<\/p>\n<p><strong>Zden\u011bk Jemel\u00edk<\/strong><\/p>\n<p>&nbsp;<\/p>\n","protected":false},"excerpt":{"rendered":"<p>Ministr Pavel Bla\u017eek se obul do olomouck\u00e9ho vrchn\u00edho st\u00e1tn\u00edho zastupitelstv\u00ed, na kter\u00e9m po jeho spr\u0161e&#8230;<\/p>\n","protected":false},"author":2,"featured_media":357,"comment_status":"closed","ping_status":"closed","sticky":false,"template":"","format":"standard","meta":[],"categories":[6],"tags":[2786,2785,2784],"_links":{"self":[{"href":"https:\/\/www.infokuryr.cz\/n\/wp-json\/wp\/v2\/posts\/12301"}],"collection":[{"href":"https:\/\/www.infokuryr.cz\/n\/wp-json\/wp\/v2\/posts"}],"about":[{"href":"https:\/\/www.infokuryr.cz\/n\/wp-json\/wp\/v2\/types\/post"}],"author":[{"embeddable":true,"href":"https:\/\/www.infokuryr.cz\/n\/wp-json\/wp\/v2\/users\/2"}],"replies":[{"embeddable":true,"href":"https:\/\/www.infokuryr.cz\/n\/wp-json\/wp\/v2\/comments?post=12301"}],"version-history":[{"count":0,"href":"https:\/\/www.infokuryr.cz\/n\/wp-json\/wp\/v2\/posts\/12301\/revisions"}],"wp:featuredmedia":[{"embeddable":true,"href":"https:\/\/www.infokuryr.cz\/n\/wp-json\/wp\/v2\/media\/357"}],"wp:attachment":[{"href":"https:\/\/www.infokuryr.cz\/n\/wp-json\/wp\/v2\/media?parent=12301"}],"wp:term":[{"taxonomy":"category","embeddable":true,"href":"https:\/\/www.infokuryr.cz\/n\/wp-json\/wp\/v2\/categories?post=12301"},{"taxonomy":"post_tag","embeddable":true,"href":"https:\/\/www.infokuryr.cz\/n\/wp-json\/wp\/v2\/tags?post=12301"}],"curies":[{"name":"wp","href":"https:\/\/api.w.org\/{rel}","templated":true}]}}