{"id":12289,"date":"2022-07-11T03:15:39","date_gmt":"2022-07-11T01:15:39","guid":{"rendered":"http:\/\/www.infokuryr.cz\/n\/?p=12289"},"modified":"2022-07-11T03:15:39","modified_gmt":"2022-07-11T01:15:39","slug":"vladimir-putin-pred-lidry-frakci-ruske-dumy-oznamil-konec-svetoveho-radu-pax-americana","status":"publish","type":"post","link":"https:\/\/www.infokuryr.cz\/n\/2022\/07\/11\/vladimir-putin-pred-lidry-frakci-ruske-dumy-oznamil-konec-svetoveho-radu-pax-americana\/","title":{"rendered":"Vladimir Putin p\u0159ed l\u00eddry frakc\u00ed Rusk\u00e9 dumy ozn\u00e1mil konec sv\u011btov\u00e9ho \u0159\u00e1du Pax Americana&#8230;"},"content":{"rendered":"<div id=\"fb-root\"><\/div>\n<h4>Vladimir Putin p\u0159ed l\u00eddry frakc\u00ed Rusk\u00e9 dumy ozn\u00e1mil konec sv\u011btov\u00e9ho \u0159\u00e1du Pax Americana a po\u010d\u00e1tek n\u00e1stupu multipol\u00e1rn\u00edho sv\u011btov\u00e9ho mocensk\u00e9ho syst\u00e9mu! Rusk\u00fd prezident pozdravil zpravodajskou alternativu na Z\u00e1pad\u011b a ocenil, \u017ee po\u010det p\u0159\u00e1tel a p\u0159\u00edznivc\u016f Ruska rapidn\u011b roste spolu s \u00fapadkem a prohlubov\u00e1n\u00edm krize kolektivn\u00edho Z\u00e1padu! \u010c\u00edm d\u00e1le Rusk\u00e1 arm\u00e1da na Ukrajin\u011b postoup\u00ed, t\u00edm t\u011b\u017e\u0161\u00ed bude pro Kyjev a Z\u00e1pad se s Ruskem domluvit na m\u00edru! Chcete bojovat s Ruskem? Tak to zkuste, v\u017edy\u0165 na Ukrajin\u011b jsme vlastn\u011b je\u0161t\u011b ani po\u0159\u00e1dn\u011b neza\u010dali!<\/h4>\n<p>Rusk\u00fd prezident Vladimir Putin vystoupil ve \u010dtvrtek p\u0159ed l\u00eddry politick\u00fdch frakc\u00ed Rusk\u00e9 dumy s projevem, kter\u00fd se t\u00fdkal p\u0159edev\u0161\u00edm dom\u00e1c\u00edch z\u00e1le\u017eitost\u00ed, ale kl\u00ed\u010dov\u00e1 \u010d\u00e1st projevu se t\u00fdkala i mezin\u00e1rodn\u00ed situace a vojensk\u00e9 operace na Donbasu. Vladimir Putin prohl\u00e1sil, \u017ee za v\u00e1lku na Ukrajin\u011b m\u016f\u017ee kolektivn\u00ed Z\u00e1pad, kter\u00fd v roce 2014 podpo\u0159il a zafinancoval ozbrojen\u00fd pu\u010d v Kyjev\u011b a n\u00e1sledn\u011b cel\u00fdch 8 let podporoval p\u00e1ch\u00e1n\u00ed genocidy ze strany kyjevsk\u00e9ho re\u017eimu na obyvatel\u00edch Donbasu. Ano, p\u0159esn\u011b tak to je. Z\u00e1pad je vin\u00edkem t\u00e9to v\u00e1lky v pln\u00e9 m\u00ed\u0159e a toto je ta jedin\u00e1 pravda, kterou je t\u0159eba v\u0161ude \u0161\u00ed\u0159it, proto\u017ee to je jedin\u00e1 spr\u00e1vn\u00e1 odpov\u011b\u010f na ot\u00e1zku, kdo je vin\u00edkem v\u00e1lky na Donbasu.<\/p>\n<p>&nbsp;<\/p>\n<div id=\"rumble_v195iep\">\n<div id=\"vid_v195iep\" class=\"rumble_v195iep-Rumble-cls\" tabindex=\"-1\">\n<div class=\"bigPlayUI ctp\">\n<div class=\"bigPlayUIInner ctp\"><div class='videoWrapper'>\r\n\t            <iframe src='https:\/\/rumble.com\/embed\/pj.v195iep\/' frameborder='0' allowfullscreen><\/iframe>\r\n\t        <\/div><\/div>\n<\/div>\n<\/div>\n<\/div>\n<p>&nbsp;<\/p>\n<p><strong>Bez kolektivn\u00edho Z\u00e1padu a jeho zlo\u010dinn\u00e9ho financov\u00e1n\u00ed st\u00e1tn\u00edho p\u0159evratu v Kyjev\u011b v roce 2014 by nikdy k dne\u0161n\u00ed v\u00e1lce na Donbasu nedo\u0161lo.<\/strong>\u00a0Ukrajina plat\u00ed v t\u00e9to chv\u00edli krv\u00ed za to, \u017ee si nechala v roce 2014 hrdlo\u0159ezy z Majdanu svrhnout vlastn\u00ed demokraticky zvolenou vl\u00e1du. Vladimir Putin v projevu uvedl, \u017ee kolektivn\u00ed Z\u00e1pad na Ukrajin\u011b v\u00e1lku ji\u017e prohr\u00e1l, proto\u017ee tato v\u00e1lka uvozuje z\u00e1nik americk\u00e9ho unipol\u00e1rn\u00edho syst\u00e9mu Pax Americana, kter\u00fd se hrout\u00ed a je nahrazov\u00e1n multipol\u00e1rn\u00edm sv\u011btov\u00fdm syst\u00e9mem d\u011blby region\u00e1ln\u00ed moci. A jak Vladimir Putin prohl\u00e1sil, tento proces transformace nem\u016f\u017ee u\u017e nic zastavit.<\/p>\n<h6><span style=\"font-size: 18pt;\">Raku\u0161an ozna\u010duje odp\u016frce vl\u00e1dy za \u201cprorusk\u00e9 \u0161v\u00e1by\u201d a zakl\u00e1d\u00e1 ideovou st\u00e1tn\u00ed policii po vzoru Gestapa, kter\u00e1 p\u016fjde po l\u00eddrech ideov\u00e9 opozice v \u010cR. P\u0159esn\u011b, jak v projevu varoval rusk\u00fd prezident<\/span><\/h6>\n<p><strong>Rusk\u00fd prezident sou\u010dasn\u011b poslal pozdraven\u00ed a vzkaz ob\u010dansk\u00e9 a zpravodajsk\u00e9 alternativ\u011b do zem\u00ed sv\u011bta, ale p\u0159edev\u0161\u00edm do zem\u00ed kolektivn\u00edho Z\u00e1padu<\/strong>, kde ocenil prob\u00edhaj\u00edc\u00ed proces mohutn\u00e9ho n\u00e1r\u016fstu p\u0159\u00e1tel a podporovatel\u016f Ruska, tedy probuzen\u00fdch lid\u00ed, kte\u0159\u00ed u\u017e ch\u00e1pou a uv\u011bdomuj\u00ed si, \u017ee necht\u011bj\u00ed \u017e\u00edt v politick\u00e9mu syst\u00e9mu sou\u010dasn\u00e9ho Z\u00e1padu, kdy jejich vlastn\u00ed n\u00e1rodn\u00ed vl\u00e1dy slou\u017e\u00ed v rol\u00edch vazal\u016f americk\u00e9mu p\u00e1novi, p\u0159i\u010dem\u017e kroky ve prosp\u011bch tohoto p\u00e1na jdou \u010dasto proti vlastn\u00edm n\u00e1rodn\u00edm z\u00e1jm\u016fm a tyto kroky likviduj\u00ed pr\u016fmysl, blahobyt, soci\u00e1ln\u00ed a energetickou bezpe\u010dnost ob\u010dan\u016f. Z tohoto d\u016fvodu st\u00e1le v\u00edce a v\u00edce lid\u00ed na Z\u00e1pad\u011b podporuje Rusko jako skute\u010dn\u00e9ho nov\u00e9ho sv\u011btov\u00e9ho l\u00eddra svobodn\u00e9ho a nez\u00e1visl\u00e9ho sv\u011bta.<\/p>\n<figure id=\"attachment_52384\" class=\"wp-caption aligncenter\" style=\"width: 695px;\"><a href=\"https:\/\/aeronet.news\/wp-content\/uploads\/VitRakusanUAbanner.jpg\"><img decoding=\"async\" loading=\"lazy\" class=\"wp-image-52384 \" src=\"https:\/\/aeronet.news\/wp-content\/uploads\/VitRakusanUAbanner-1024x576.jpg\" sizes=\"(max-width: 700px) 100vw, 700px\" srcset=\"https:\/\/aeronet.news\/wp-content\/uploads\/VitRakusanUAbanner-1024x576.jpg 1024w, https:\/\/aeronet.news\/wp-content\/uploads\/VitRakusanUAbanner-300x169.jpg 300w, https:\/\/aeronet.news\/wp-content\/uploads\/VitRakusanUAbanner-768x432.jpg 768w, https:\/\/aeronet.news\/wp-content\/uploads\/VitRakusanUAbanner-700x394.jpg 700w, https:\/\/aeronet.news\/wp-content\/uploads\/VitRakusanUAbanner-635x357.jpg 635w, https:\/\/aeronet.news\/wp-content\/uploads\/VitRakusanUAbanner-859x483.jpg 859w, https:\/\/aeronet.news\/wp-content\/uploads\/VitRakusanUAbanner.jpg 1280w\" alt=\"\" width=\"695\" height=\"391\" \/><\/a><figcaption class=\"wp-caption-text\">V\u00edt Raku\u0161an, p\u0159edseda Hnut\u00ed STAN a ministr vnitra<\/figcaption><\/figure>\n<p>A nen\u00ed proto divu, \u017ee \u010desk\u00e1 vl\u00e1da Petra Fialy m\u00e1 strach a zat\u00edmco se Hnut\u00ed STAN zm\u00edt\u00e1 v korup\u010dn\u00edm skand\u00e1lu Dozimetr, p\u0159edseda tohoto hnut\u00ed a\u00a0<strong>ministr vnitra V\u00edt Raku\u0161an nam\u00edsto rezignace na funkci podepsal dekret o vzniku nov\u00e9 divize NCOZ proti kybernetick\u00e9mu extr\u00e9mismu, tedy de facto vznik ideov\u00e9ho policejn\u00edho\u00a0<em>Gestapa<\/em><\/strong>, kter\u00e9 p\u016fjde po lidech, kte\u0159\u00ed p\u00ed\u0161\u00ed na weby opozi\u010dn\u00ed n\u00e1zory, kte\u0159\u00ed nat\u00e1\u010d\u00ed videa na soci\u00e1ln\u00ed s\u00edt\u011b s v\u00fdzvami k ob\u010dansk\u00fdm akc\u00edm, a kte\u0159\u00ed po\u0159\u00e1daj\u00ed demonstrace proti NATO anebo proti o\u010dkov\u00e1n\u00ed.<\/p>\n<p>Ministr\u016fv koment\u00e1\u0159 na Twitteru m\u00e1 dokonce prvky vyhro\u017eov\u00e1n\u00ed \u010desk\u00e9mu obyvatelstvu, kter\u00e9 nesouhlas\u00ed s protiruskou politikou sou\u010dasn\u00e9 \u010desk\u00e9 vl\u00e1dy, proto\u017ee ministr tyto lidi ozna\u010duje za\u00a0<em><strong>prorusk\u00e9 \u0161v\u00e1by<\/strong><\/em>. Je zvl\u00e1\u0161tn\u00ed, \u017ee ministr vnitra, kter\u00fd je \u0161\u00e9fem strany top\u00edc\u00ed se moment\u00e1ln\u011b v korup\u010dn\u00ed kauze, vyhro\u017euje z pozice sv\u00e9 funkce ob\u010dan\u016fm v zat\u00edm st\u00e1le demokratick\u00e9 pluralitn\u00ed spole\u010dnosti policejn\u00edm\u00a0<em>zah\u00e1jen\u00edm<\/em>, \u017ee si na n\u011b pr\u00fd \u201cposv\u00edt\u00ed\u201d nov\u00fd policejn\u00ed org\u00e1n, pakli\u017ee tito lid\u00e9 maj\u00ed jak\u00e9koliv pozitivn\u00ed postoje k Rusku. Ano, to je proces prohlubuj\u00edc\u00ed se nacifikace politick\u00fdch \u0161pi\u010dek v \u010cR.<\/p>\n<div class=\"twitter-tweet twitter-tweet-rendered\"><iframe id=\"twitter-widget-0\" class=\"\" title=\"Twitter Tweet\" src=\"https:\/\/platform.twitter.com\/embed\/Tweet.html?dnt=true&amp;embedId=twitter-widget-0&amp;features=eyJ0ZndfdHdlZXRfZWRpdF9iYWNrZW5kIjp7ImJ1Y2tldCI6Im9mZiIsInZlcnNpb24iOm51bGx9LCJ0ZndfcmVmc3JjX3Nlc3Npb24iOnsiYnVja2V0Ijoib2ZmIiwidmVyc2lvbiI6bnVsbH0sInRmd190d2VldF9yZXN1bHRfbWlncmF0aW9uXzEzOTc5Ijp7ImJ1Y2tldCI6InR3ZWV0X3Jlc3VsdCIsInZlcnNpb24iOm51bGx9LCJ0Zndfc2Vuc2l0aXZlX21lZGlhX2ludGVyc3RpdGlhbF8xMzk2MyI6eyJidWNrZXQiOiJpbnRlcnN0aXRpYWwiLCJ2ZXJzaW9uIjpudWxsfSwidGZ3X2V4cGVyaW1lbnRzX2Nvb2tpZV9leHBpcmF0aW9uIjp7ImJ1Y2tldCI6MTIwOTYwMCwidmVyc2lvbiI6bnVsbH0sInRmd19kdXBsaWNhdGVfc2NyaWJlc190b19zZXR0aW5ncyI6eyJidWNrZXQiOiJvZmYiLCJ2ZXJzaW9uIjpudWxsfSwidGZ3X3VzZXJfZm9sbG93X2ludGVudF8xNDQwNiI6eyJidWNrZXQiOiJmb2xsb3ciLCJ2ZXJzaW9uIjpudWxsfSwidGZ3X3R3ZWV0X2VkaXRfZnJvbnRlbmQiOnsiYnVja2V0Ijoib2ZmIiwidmVyc2lvbiI6bnVsbH19&amp;frame=false&amp;hideCard=false&amp;hideThread=false&amp;id=1545827107934175232&amp;lang=cs&amp;origin=https%3A%2F%2Faeronet.news%2Fvideo-vladimir-putin-pred-lidry-frakci-ruske-dumy-oznamil-konec-svetoveho-radu-pax-americana-a-pocatek-nastupu-multipolarniho-svetoveho-mocenskeho-systemu-rusky-prezident-pozdravil-alternativu%2F&amp;sessionId=3478fa44f302005eb1f97a96ae6202b26e85bbed&amp;theme=light&amp;widgetsVersion=b45a03c79d4c1%3A1654150928467&amp;width=550px\" frameborder=\"0\" scrolling=\"no\" allowfullscreen=\"allowfullscreen\" data-tweet-id=\"1545827107934175232\" data-mce-fragment=\"1\"><\/iframe><\/div>\n<p>&nbsp;<\/p>\n<div class=\"twitter-tweet twitter-tweet-rendered\"><iframe id=\"twitter-widget-1\" class=\"\" title=\"Twitter Tweet\" src=\"https:\/\/platform.twitter.com\/embed\/Tweet.html?dnt=true&amp;embedId=twitter-widget-1&amp;features=eyJ0ZndfdHdlZXRfZWRpdF9iYWNrZW5kIjp7ImJ1Y2tldCI6Im9mZiIsInZlcnNpb24iOm51bGx9LCJ0ZndfcmVmc3JjX3Nlc3Npb24iOnsiYnVja2V0Ijoib2ZmIiwidmVyc2lvbiI6bnVsbH0sInRmd190d2VldF9yZXN1bHRfbWlncmF0aW9uXzEzOTc5Ijp7ImJ1Y2tldCI6InR3ZWV0X3Jlc3VsdCIsInZlcnNpb24iOm51bGx9LCJ0Zndfc2Vuc2l0aXZlX21lZGlhX2ludGVyc3RpdGlhbF8xMzk2MyI6eyJidWNrZXQiOiJpbnRlcnN0aXRpYWwiLCJ2ZXJzaW9uIjpudWxsfSwidGZ3X2V4cGVyaW1lbnRzX2Nvb2tpZV9leHBpcmF0aW9uIjp7ImJ1Y2tldCI6MTIwOTYwMCwidmVyc2lvbiI6bnVsbH0sInRmd19kdXBsaWNhdGVfc2NyaWJlc190b19zZXR0aW5ncyI6eyJidWNrZXQiOiJvZmYiLCJ2ZXJzaW9uIjpudWxsfSwidGZ3X3VzZXJfZm9sbG93X2ludGVudF8xNDQwNiI6eyJidWNrZXQiOiJmb2xsb3ciLCJ2ZXJzaW9uIjpudWxsfSwidGZ3X3R3ZWV0X2VkaXRfZnJvbnRlbmQiOnsiYnVja2V0Ijoib2ZmIiwidmVyc2lvbiI6bnVsbH19&amp;frame=false&amp;hideCard=false&amp;hideThread=false&amp;id=1545827205464444929&amp;lang=cs&amp;origin=https%3A%2F%2Faeronet.news%2Fvideo-vladimir-putin-pred-lidry-frakci-ruske-dumy-oznamil-konec-svetoveho-radu-pax-americana-a-pocatek-nastupu-multipolarniho-svetoveho-mocenskeho-systemu-rusky-prezident-pozdravil-alternativu%2F&amp;sessionId=3478fa44f302005eb1f97a96ae6202b26e85bbed&amp;theme=light&amp;widgetsVersion=b45a03c79d4c1%3A1654150928467&amp;width=550px\" frameborder=\"0\" scrolling=\"no\" allowfullscreen=\"allowfullscreen\" data-tweet-id=\"1545827205464444929\" data-mce-fragment=\"1\"><\/iframe><\/div>\n<p>&nbsp;<\/p>\n<p>Tito lid\u00e9 pr\u00fd nov\u011b budou podle v\u0161eho posuzov\u00e1n\u00ed nikoliv jako politi\u010dt\u00ed aktivist\u00e9, ale de facto jako extr\u00e9mist\u00e9, ne-li terorist\u00e9. \u010cl\u00e1nek\u00a0<strong>[<a href=\"https:\/\/href.li\/?https:\/\/zpravy.aktualne.cz\/domaci\/rakusan-rozdeleni-ncoz\/r~d85166e0feb011ec93abac1f6b220ee8\/?fbclid=IwAR3uzN1mKdQmYbII8p0xCEM__IrUDaCuq58sq7MOowo2R7S-fuBWCxZW97g&amp;fs=e&amp;s=cl\" target=\"_blank\" rel=\"nofollow noopener\">1<\/a>]<\/strong>\u00a0z Aktualne.cz tedy potvrzuje slova Vladimira Putina, \u017ee kolektivn\u00ed Z\u00e1pad rezignoval na demokracii a pluralitu n\u00e1zor\u016f a stal se p\u0159esn\u00fdm opakem, totalitn\u00ed demokraci\u00ed potla\u010duj\u00edc\u00ed jin\u00e9 n\u00e1zory, blokuj\u00edc\u00ed weby, st\u00edhaj\u00edc\u00ed opozi\u010dn\u00ed politiky a aktivisty.<\/p>\n<h4><span style=\"font-size: 18pt;\">Projev Vladimira Putina p\u0159ed l\u00eddry frakc\u00ed Rusk\u00e9 dumy<\/span><\/h4>\n<p>Dobr\u00fd den,<\/p>\n<p>v\u00e1\u017een\u00ed kolegov\u00e9, v\u00e1\u017een\u00fd pane Vja\u010deslave Viktorovi\u010di!<\/p>\n<p>V\u010dera, 6. \u010dervence, skon\u010dilo jarn\u00ed zased\u00e1n\u00ed St\u00e1tn\u00ed dumy a k jeho celkov\u00fdm v\u00fdsledk\u016fm v\u00fdznamn\u011b p\u0159isp\u011bli v\u0161ichni poslanci \u2013 to chci zd\u016fraznit \u2013 v\u0161ech frakc\u00ed. Mysl\u00edm, \u017ee v\u00fdsledky jsou velmi povzbudiv\u00e9, d\u016fle\u017eit\u00e9 a v\u00fdznamn\u00e9 pro lidi, pro rusk\u00fd st\u00e1t jako celek, pro ochranu na\u0161ich n\u00e1rodn\u00edch z\u00e1jm\u016f a pro zaji\u0161t\u011bn\u00ed suver\u00e9nn\u00edho, udr\u017eiteln\u00e9ho a efektivn\u00edho rozvoje zem\u011b. Toto zased\u00e1n\u00ed Dumy bylo intenzivn\u00ed, nap\u00ednav\u00e9 a velmi zodpov\u011bdn\u00e9 vzhledem k rozsahu a slo\u017eitosti \u00fakol\u016f, kter\u00e9 p\u0159ed n\u00e1mi stoj\u00ed. Po 24. \u00fanoru, kdy byla zah\u00e1jena zvl\u00e1\u0161tn\u00ed vojensk\u00e1 operace, musely v\u0161echny slo\u017eky a \u00farovn\u011b st\u00e1tn\u00ed spr\u00e1vy jednat rozhodn\u011b, soudr\u017en\u011b a rychle.<\/p>\n<p>V tomto ohledu je v\u00fdmluvn\u00fd p\u0159\u00edklad rusk\u00e9ho parlamentu jako nejvy\u0161\u0161\u00edho zastupitelsk\u00e9ho org\u00e1nu. Politika parlamentu je zalo\u017eena na v\u016fli rusk\u00e9ho lidu, na pevn\u00e9m postoji, na p\u0159esv\u011bd\u010den\u00ed o na\u0161\u00ed historick\u00e9 spr\u00e1vnosti, na nezpochybniteln\u00e9m odhodl\u00e1n\u00ed drtiv\u00e9 v\u011bt\u0161iny na\u0161ich ob\u010dan\u016f br\u00e1nit suverenitu Ruska a pomoci na\u0161im lidem na Donbasu. To je tak\u00e9 j\u00e1drem politiky na\u0161eho st\u00e1tu jako celku. Takzvan\u00fd kolektivn\u00ed Z\u00e1pad v \u010dele se Spojen\u00fdmi st\u00e1ty americk\u00fdmi se v\u016f\u010di Rusku chov\u00e1 extr\u00e9mn\u011b agresivn\u011b ji\u017e n\u011bkolik desetilet\u00ed. Na\u0161e n\u00e1vrhy na vytvo\u0159en\u00ed syst\u00e9mu stejn\u00e9 bezpe\u010dnosti v Evrop\u011b byly zam\u00edtnuty. Iniciativy na spolupr\u00e1ci v oblasti protiraketov\u00e9 obrany jsou odm\u00edt\u00e1ny.<\/p>\n<p>Varov\u00e1n\u00ed o nep\u0159ijatelnosti roz\u0161i\u0159ov\u00e1n\u00ed NATO, zejm\u00e9na na \u00fakor b\u00fdval\u00fdch sov\u011btsk\u00fdch republik, byla ignorov\u00e1na. Dokonce i samotn\u00e1 my\u0161lenka mo\u017en\u00e9ho za\u010dlen\u011bn\u00ed Ruska do pr\u00e1v\u011b t\u00e9to aliance NATO, kter\u00e1 se v t\u00e9 dob\u011b zd\u00e1la b\u00fdt bez mr\u00e1\u010dku, p\u0159ipadala jej\u00edm \u010dlen\u016fm absurdn\u00ed. A pro\u010d? Proto\u017ee zemi, jako je Rusko, prost\u011b nepot\u0159ebuj\u00ed. Proto! Proto podporovali terorismus, separatismus v Rusku, vnit\u0159n\u00ed destruktivn\u00ed s\u00edly a \u201cp\u00e1tou kolonu\u201d v na\u0161\u00ed zemi. V\u0161em se dostalo a st\u00e1le dost\u00e1v\u00e1 bezv\u00fdhradn\u00e9 podpory ze strany kolektivn\u00edho Z\u00e1padu.\u00a0<strong>Dnes sly\u0161\u00edme, \u017ee jsme za\u010dali v\u00e1lku na Donbasu, na Ukrajin\u011b. Ne! Rozpoutal ji pr\u00e1v\u011b tento kolektivn\u00ed Z\u00e1pad t\u00edm, \u017ee v roce 2014 zorganizoval a podpo\u0159il proti\u00fastavn\u00ed ozbrojen\u00fd p\u0159evrat na Ukrajin\u011b a pot\u00e9 podporoval a ospravedl\u0148oval genocidu lid\u00ed na Donbasu.<\/strong><\/p>\n<p>Tent\u00fd\u017e kolektivn\u00ed Z\u00e1pad je p\u0159\u00edm\u00fdm str\u016fjcem a vin\u00edkem toho, co se dnes d\u011bje. Pokud ten sam\u00fd Z\u00e1pad cht\u011bl vyprovokovat konflikt, aby p\u0159e\u0161el do nov\u00e9 f\u00e1ze boje s Ruskem, do nov\u00e9 f\u00e1ze zadr\u017eov\u00e1n\u00ed na\u0161\u00ed zem\u011b, pak m\u016f\u017eeme \u0159\u00edci, \u017ee se mu to do jist\u00e9 m\u00edry poda\u0159ilo. Byla rozpout\u00e1na v\u00e1lka a uvaleny sankce. Za norm\u00e1ln\u00edch okolnost\u00ed by to bylo pravd\u011bpodobn\u011b obt\u00ed\u017en\u00e9. Ale co bych r\u00e1d zd\u016fraznil? Museli by pochopit, \u017ee prohr\u00e1li ji\u017e na za\u010d\u00e1tku na\u0161\u00ed speci\u00e1ln\u00ed vojensk\u00e9 operace, proto\u017ee jej\u00ed za\u010d\u00e1tek znamen\u00e1 tak\u00e9 za\u010d\u00e1tek z\u00e1sadn\u00edho rozpadu sv\u011btov\u00e9ho \u0159\u00e1du na americk\u00fd zp\u016fsob.\u00a0<strong>To je za\u010d\u00e1tek p\u0159echodu od americk\u00e9ho liber\u00e1ln\u011b-globalistick\u00e9ho egocentrismu ke skute\u010dn\u011b multipol\u00e1rn\u00edmu sv\u011btu<\/strong>\u00a0\u2013 sv\u011btu zalo\u017een\u00e9mu nikoli na sobeck\u00fdch pravidlech, kter\u00e1 si n\u011bkdo vymyslel s\u00e1m pro sebe a za nimi\u017e nen\u00ed nic jin\u00e9ho ne\u017e snaha o hegemonii, nikoli na pokryteck\u00fdch dvoj\u00edch standardech, ale na mezin\u00e1rodn\u00edm pr\u00e1vu, na skute\u010dn\u00e9 suverenit\u011b n\u00e1rod\u016f a civilizac\u00ed, na jejich v\u016fli \u017e\u00edt sv\u016fj historick\u00fd osud, sv\u00e9 hodnoty a tradice a budovat spolupr\u00e1ci zalo\u017eenou na demokracii, spravedlnosti a rovn\u00fdch pr\u00e1vech.<\/p>\n<p>A je t\u0159eba si uv\u011bdomit, \u017ee tento proces ji\u017e nelze zastavit. B\u011bh d\u011bjin je ne\u00faprosn\u00fd a pokusy kolektivn\u00edho Z\u00e1padu vnutit sv\u011btu sv\u016fj Nov\u00fd sv\u011btov\u00fd \u0159\u00e1d jsou odsouzeny k nezdaru.\u00a0<strong>Chci v\u0161ak \u0159\u00edci a zd\u016fraznit, \u017ee m\u00e1me mnoho p\u0159\u00edznivc\u016f, a to i v USA a Evrop\u011b<\/strong>, a je\u0161t\u011b v\u00edce na jin\u00fdch kontinentech a v jin\u00fdch zem\u00edch, a \u017ee jich bude st\u00e1le v\u00edce, o tom nen\u00ed pochyb.\u00a0<strong>Dokonce i v zem\u00edch, kter\u00e9 jsou st\u00e1le satelity USA, roste pochopen\u00ed, \u017ee slep\u00e1 poslu\u0161nost jejich vl\u00e1dnouc\u00edch elit v\u016f\u010di panovn\u00edkovi zpravidla neodpov\u00edd\u00e1 jejich n\u00e1rodn\u00edm z\u00e1jm\u016fm a \u010dasto je s nimi v radik\u00e1ln\u00edm rozporu.<\/strong>\u00a0S n\u00e1r\u016fstem t\u011bchto n\u00e1lad ve spole\u010dnosti s nimi nakonec bude muset po\u010d\u00edtat ka\u017ed\u00fd. Dnes tyto vl\u00e1dnouc\u00ed elity zvy\u0161uj\u00ed m\u00edru manipulace s ve\u0159ejn\u00fdm v\u011bdom\u00edm.<\/p>\n<p><strong>Vl\u00e1dnouc\u00ed t\u0159\u00eddy na Z\u00e1pad\u011b, kter\u00e9 maj\u00ed nadn\u00e1rodn\u00ed a globalistick\u00fd charakter, si prost\u011b uv\u011bdomily, \u017ee jejich politika je st\u00e1le v\u00edce odtr\u017een\u00e1 od reality, od zdrav\u00e9ho rozumu a od pravdy, a za\u010daly pou\u017e\u00edvat otev\u0159en\u011b represivn\u00ed metody.<\/strong>\u00a0Z\u00e1pad, kter\u00fd kdysi hl\u00e1sal takov\u00e9 principy demokracie, jako je svoboda slova, pluralita a respekt k odli\u0161n\u00fdm n\u00e1zor\u016fm, se dnes zvrh\u00e1v\u00e1 v prav\u00fd opak \u2013 totalitu.\u00a0<strong>Zahrnuje cenzuru, blokov\u00e1n\u00ed m\u00e9di\u00ed a sv\u00e9voln\u00e9 zach\u00e1zen\u00ed s novin\u00e1\u0159i a ve\u0159ejn\u00fdmi \u010diniteli.<\/strong>\u00a0Tato praxe z\u00e1kazu se nevztahuje pouze na informa\u010dn\u00ed prostor, ale tak\u00e9 na politiku, kulturu, vzd\u011bl\u00e1v\u00e1n\u00ed, um\u011bn\u00ed \u2013 na v\u0161echny sf\u00e9ry ve\u0159ejn\u00e9ho \u017eivota v z\u00e1padn\u00edch zem\u00edch. Nav\u00edc tento model \u2013 model totalitn\u00edho liberalismu, v\u010detn\u011b proslul\u00e9 kultury ru\u0161en\u00ed, v\u0161udyp\u0159\u00edtomn\u00fdch z\u00e1kaz\u016f \u2013 vnucuj\u00ed cel\u00e9mu sv\u011btu, sna\u017e\u00ed se ho prosadit.<\/p>\n<p>Pravda a skute\u010dnost je v\u0161ak takov\u00e1, \u017ee n\u00e1rody v\u011bt\u0161iny zem\u00ed o takov\u00fd \u017eivot a takovou budoucnost nestoj\u00ed a skute\u010dn\u011b necht\u011bj\u00ed form\u00e1ln\u00ed, dekorativn\u00ed, ale v\u011bcnou, skute\u010dnou suverenitu a jsou prost\u011b unaven\u00e9 z kle\u010den\u00ed, z poni\u017eov\u00e1n\u00ed se p\u0159ed t\u011bmi, kte\u0159\u00ed se pova\u017euj\u00ed za v\u00fdjime\u010dn\u00e9, a dokonce ke sv\u00e9 \u0161kod\u011b slou\u017e\u00ed jejich z\u00e1jm\u016fm.\u00a0<strong>Dnes sly\u0161\u00edme, \u017ee n\u00e1s cht\u011bj\u00ed porazit na bitevn\u00edm poli. Co na to \u0159\u00edct? Tak a\u0165 to zkus\u00ed!<\/strong>\u00a0U\u017e jsme hodn\u011b sly\u0161eli, \u017ee Z\u00e1pad s n\u00e1mi chce bojovat \u201cdo posledn\u00edho Ukrajince\u201d. Je to trag\u00e9die pro ukrajinsk\u00fd lid, ale zd\u00e1 se, \u017ee to k tomu sm\u011b\u0159uje. V\u0161ichni by v\u0161ak m\u011bli v\u011bd\u011bt, \u017ee jsme tam v podstat\u011b je\u0161t\u011b nic po\u0159\u00e1dn\u00e9ho ani neza\u010dali. Z\u00e1rove\u0148 neodm\u00edt\u00e1me vyjedn\u00e1vat o m\u00edru, ale ti, kte\u0159\u00ed to odm\u00edtaj\u00ed, by m\u011bli v\u011bd\u011bt, \u017ee \u010d\u00edm d\u00e1l p\u016fjdeme, t\u00edm t\u011b\u017e\u0161\u00ed pro n\u011b bude s n\u00e1mi vyjedn\u00e1vat.<\/p>\n<p><em>P\u0159eklad pro AERONET.NEWS: -VK-<\/em><\/p>\n<h6><span style=\"font-size: 18pt;\">Rusk\u00e1 arm\u00e1da na Ukrajin\u011b je\u0161t\u011b po\u0159\u00e1dn\u011b ani neza\u010dala, p\u016fjde d\u00e1l a zastav\u00ed se a\u017e\u2026 kde?<\/span><\/h6>\n<p>Kolektivn\u00ed Z\u00e1pad se rozhodl, \u017ee chce v\u00e1lku s Ruskem, ale podle v\u0161eho do posledn\u00edho Ukrajince.\u00a0<strong>A pokud chce Z\u00e1pad s Ruskem bojovat nap\u0159\u00edmo, tak a\u0165 to zkus\u00ed, vyzval Vladimir Putin kolektivn\u00ed Z\u00e1pad.<\/strong>\u00a0Rusk\u00e1 arm\u00e1da na Ukrajin\u011b opravdu v podstat\u011b nic neza\u010dala, co by se dalo ozna\u010dit za velkou vojenskou operaci, v\u011bt\u0161ina operac\u00ed m\u00e1 toti\u017e d\u00e1lkov\u00fd charakter bezkontaktn\u00ed v\u00e1lky pomoc\u00ed raket, d\u011bl, st\u00edha\u010dek a dron\u016f, co\u017e z vojensk\u00e9ho hlediska nelze pova\u017eovat za pln\u011b rozvinut\u00fd v\u00e1le\u010dn\u00fd stav. A to ani vzhledem k tomu, \u017ee v\u00e1le\u010dn\u00e9 operace jsou vedeny na b\u00e1zi profesion\u00e1ln\u00edch vojsk a v zam\u011bstnaneck\u00e9m pom\u011bru na stran\u011b Rusk\u00e9 arm\u00e1dy, a na b\u00e1zi z\u00e1kona o v\u00e1le\u010dn\u00e9m stavu na stran\u011b Ukrajiny.<\/p>\n<figure id=\"attachment_52389\" class=\"wp-caption aligncenter\" style=\"width: 689px;\"><a href=\"https:\/\/aeronet.news\/wp-content\/uploads\/PutinDumaMeeting1.jpg\"><img decoding=\"async\" loading=\"lazy\" class=\"wp-image-52389 \" src=\"https:\/\/aeronet.news\/wp-content\/uploads\/PutinDumaMeeting1-1024x576.jpg\" sizes=\"(max-width: 700px) 100vw, 700px\" srcset=\"https:\/\/aeronet.news\/wp-content\/uploads\/PutinDumaMeeting1-1024x576.jpg 1024w, https:\/\/aeronet.news\/wp-content\/uploads\/PutinDumaMeeting1-300x169.jpg 300w, https:\/\/aeronet.news\/wp-content\/uploads\/PutinDumaMeeting1-768x432.jpg 768w, https:\/\/aeronet.news\/wp-content\/uploads\/PutinDumaMeeting1-700x394.jpg 700w, https:\/\/aeronet.news\/wp-content\/uploads\/PutinDumaMeeting1-635x357.jpg 635w, https:\/\/aeronet.news\/wp-content\/uploads\/PutinDumaMeeting1-859x483.jpg 859w, https:\/\/aeronet.news\/wp-content\/uploads\/PutinDumaMeeting1.jpg 1280w\" alt=\"\" width=\"689\" height=\"388\" \/><\/a><figcaption class=\"wp-caption-text\">Vladimir Putin p\u0159ed l\u00eddry Rusk\u00e9 dumy<\/figcaption><\/figure>\n<p>Kyjev toti\u017e je\u0161t\u011b nevyhl\u00e1sil kompletn\u00ed mobilizaci, proto\u017ee si to nep\u0159eje Igor Kolomojsk\u00fd. Mobilizace na Ukrajin\u011b by vedla k rekv\u00edrov\u00e1n\u00ed ve\u0161ker\u00e9ho soukrom\u00e9ho majetku, a to bez n\u00e1roku na kompenzaci. Proto\u017ee p\u0159i pouh\u00e9m vyhl\u00e1\u0161en\u00ed V\u00e1le\u010dn\u00e9ho stavu se mobilizuj\u00ed pouze rezervy, a to jak lidsk\u00e9, tak materi\u00e1ln\u00ed. Je v tom drobn\u00fd rozd\u00edl v pr\u00e1vn\u00ed rovin\u011b, ale velice z\u00e1sadn\u00ed. Kolomojsk\u00fd by p\u0159i\u0161el o palivov\u00e9 z\u00e1sobn\u00edky s naftou, kter\u00e9 m\u00e1 na z\u00e1padn\u00ed Ukrajin\u011b, p\u0159i\u0161el by o n\u00e1kladn\u00ed kamiony, o autobusy, a za nic z toho by nebyla vyplacena n\u00e1hrada. V\u00e1le\u010dn\u00fd konflikt bude m\u00edt za d\u016fsledek p\u0159est\u011bhov\u00e1n\u00ed zhruba 15 milion\u016f Ukrajinc\u016f do Evropsk\u00e9 unie, kte\u0159\u00ed vyu\u017eij\u00ed v\u00e1lku na Ukrajin\u011b k ekonomick\u00e9 emigraci z Ukrajiny. Je to v\u00edce ne\u017e t\u0159etina cel\u00e9 ukrajinsk\u00e9 populace.<\/p>\n<h6><span style=\"font-size: 18pt;\">Ukrajinizace \u010cR v d\u016fsledku v\u00e1lky na Ukrajin\u011b do posledn\u00edho Ukrajince? Kdepak, k tomu bude sta\u010dit jen p\u0159\u00edchod tuh\u00e9 zimy a nastane energetick\u00e1 migrace<\/span><\/h6>\n<p>Fialova vl\u00e1da se pokus\u00ed prov\u00e9st akomodaci p\u0159ibli\u017en\u011b 1 milionu Ukrajinc\u016f do konce roku 2023, podle materi\u00e1lu, kter\u00fd jsme dostali do redakce. Zpravodajsk\u00e9 slu\u017eby o\u010dek\u00e1vaj\u00ed dal\u0161\u00ed pokra\u010dov\u00e1n\u00ed migra\u010dn\u00ed vlny pot\u00e9, co Rusko zah\u00e1j\u00ed operace v Dn\u011bpropetrovsk\u00e9 a v Od\u011bsk\u00e9 oblasti\u00a0<strong>a p\u0159edev\u0161\u00edm s p\u0159\u00edchodem leto\u0161n\u00ed zimy, kdy m\u00e1 doj\u00edt k n\u011b\u010demu, co zpravodajci naz\u00fdvaj\u00ed \u201c<em>energetickou migrac\u00ed<\/em>\u201d za teplem<\/strong>, a to z d\u016fvodu katastrof\u00e1ln\u00ed plynov\u00e9 a uheln\u00e9 krize na Ukrajin\u011b, kter\u00e1 propukne na podzim tento rok.<\/p>\n<figure id=\"attachment_52390\" class=\"wp-caption aligncenter\" style=\"width: 696px;\"><a href=\"https:\/\/aeronet.news\/wp-content\/uploads\/UA_GasValves.jpg\"><img decoding=\"async\" loading=\"lazy\" class=\"wp-image-52390 \" src=\"https:\/\/aeronet.news\/wp-content\/uploads\/UA_GasValves-1024x576.jpg\" sizes=\"(max-width: 700px) 100vw, 700px\" srcset=\"https:\/\/aeronet.news\/wp-content\/uploads\/UA_GasValves-1024x576.jpg 1024w, https:\/\/aeronet.news\/wp-content\/uploads\/UA_GasValves-300x169.jpg 300w, https:\/\/aeronet.news\/wp-content\/uploads\/UA_GasValves-768x432.jpg 768w, https:\/\/aeronet.news\/wp-content\/uploads\/UA_GasValves-700x394.jpg 700w, https:\/\/aeronet.news\/wp-content\/uploads\/UA_GasValves-635x357.jpg 635w, https:\/\/aeronet.news\/wp-content\/uploads\/UA_GasValves-859x483.jpg 859w, https:\/\/aeronet.news\/wp-content\/uploads\/UA_GasValves.jpg 1280w\" alt=\"\" width=\"696\" height=\"392\" \/><\/a><figcaption class=\"wp-caption-text\">Jakmile ukrajinsk\u00e9 trubky budou bez plynu na po\u010d\u00e1tku zimy, za\u010dne mohutn\u00e1 migra\u010dn\u00ed energetick\u00e1 vlna Ukrajinc\u016f do Evropy<\/figcaption><\/figure>\n<p>\u010c\u00edslo 1 milion Ukrajinc\u016f lze pova\u017eovat za re\u00e1ln\u00fd nomin\u00e1l, a to z toho d\u016fvodu, \u017ee p\u0159echodn\u011b m\u016f\u017ee b\u00fdt \u010d\u00edslo i vy\u0161\u0161\u00ed, zat\u00edmco Ukrajinci budou p\u0159es \u010cR migrovat d\u00e1le na Z\u00e1pad a tak\u00e9 na jih Evropy. I kdyby nakonec bylo Ukrajinc\u016f v \u010cR jen 700 000 v p\u0159\u00edpad\u011b v\u010dasn\u00e9ho ukon\u010den\u00ed v\u00e1lky v polovin\u011b p\u0159\u00ed\u0161t\u00edho roku, tak tato arm\u00e1da lid\u00ed bude m\u00edt na \u010cR dva radik\u00e1ln\u00ed dopady. T\u00edm prvn\u00edm dopadem bude obrovsk\u00fd tlak na sni\u017eov\u00e1n\u00ed mezd v pr\u016fmyslu a ve stavebnictv\u00ed v d\u016fsledku obrovsk\u00e9 arm\u00e1dy pracovn\u00edch sil z Ukrajiny. To sam\u00e9 se d\u00e1 o\u010dek\u00e1vat ve zdravotnictv\u00ed, mohutn\u00fd tlak na poklesy mezd zdravotn\u00edch sester. Mnoho uprchl\u00fdch Ukrajinek m\u00e1 toti\u017e zdravotnick\u00e9 \u0161koly a jsou ochotny pracovat 24-ky bez p\u0159\u00edplatk\u016f.<\/p>\n<h6><span style=\"font-size: 18pt;\">P\u0159ekreslen\u00ed volebn\u00edch elektor\u00e1t\u016f v \u010cR arm\u00e1dou ukrajinsk\u00fdch voli\u010d\u016f<\/span><\/h6>\n<p>Druh\u00fdm dopadem, mnohem v\u00e1\u017en\u011bj\u0161\u00edm, bude p\u0159ekreslen\u00ed volebn\u00edho elektor\u00e1tu. Skoro 1 milion nov\u00fdch voli\u010d\u016f bude m\u00edt potenci\u00e1l p\u0159ekreslit v\u00fdsledky voleb, zejm\u00e9na t\u011bch parlamentn\u00edch.\u00a0<strong>Podle Marak\u00e9\u0161sk\u00e9 deklarace, Glob\u00e1ln\u00edho kompaktu OSN o migraci a rovn\u011b\u017e podle Listiny z\u00e1kladn\u00edch lidsk\u00fdch pr\u00e1v EU, co\u017e je sou\u010d\u00e1st Lisabonsk\u00e9 smlouvy, maj\u00ed uprchl\u00edci s leg\u00e1ln\u00edm statusem v EU pr\u00e1vo volit a rovn\u011b\u017e kandidovat ve volb\u00e1ch.<\/strong>\u00a0V\u00e1lka na Ukrajin\u011b tak m\u016f\u017ee paradoxn\u011b v\u00e9st k ukrajinizaci vybran\u00fdch evropsk\u00fdch zem\u00ed, p\u0159edev\u0161\u00edm Polska a \u010cR, kter\u00e9 se z nepochopiteln\u00fdch historick\u00fdch d\u016fvod\u016f (<em>ob\u011b zem\u011b m\u011bly ob\u011bti ve Voly\u0148sk\u00e9m masakru zorganizovan\u00e9m Banderovci v roce 1943<\/em>) najednou v roce 2022 projevuj\u00ed jako podporovatel\u00e9 Banderovc\u016f, \u010dlen\u016f Azovu a dal\u0161\u00edch pohrobk\u016f jednotek UPA St\u011bpana Bandery.<\/p>\n<figure id=\"attachment_50311\" class=\"wp-caption aligncenter\" style=\"width: 692px;\"><a href=\"https:\/\/aeronet.news\/wp-content\/uploads\/KyjevBanderaJan2022.jpg\"><img decoding=\"async\" loading=\"lazy\" class=\"wp-image-50311 \" src=\"https:\/\/aeronet.news\/wp-content\/uploads\/KyjevBanderaJan2022-1024x676.jpg\" sizes=\"(max-width: 700px) 100vw, 700px\" srcset=\"https:\/\/aeronet.news\/wp-content\/uploads\/KyjevBanderaJan2022-1024x676.jpg 1024w, https:\/\/aeronet.news\/wp-content\/uploads\/KyjevBanderaJan2022-300x198.jpg 300w, https:\/\/aeronet.news\/wp-content\/uploads\/KyjevBanderaJan2022-768x507.jpg 768w, https:\/\/aeronet.news\/wp-content\/uploads\/KyjevBanderaJan2022-700x462.jpg 700w, https:\/\/aeronet.news\/wp-content\/uploads\/KyjevBanderaJan2022-100x65.jpg 100w, https:\/\/aeronet.news\/wp-content\/uploads\/KyjevBanderaJan2022-541x357.jpg 541w, https:\/\/aeronet.news\/wp-content\/uploads\/KyjevBanderaJan2022-732x483.jpg 732w, https:\/\/aeronet.news\/wp-content\/uploads\/KyjevBanderaJan2022.jpg 1280w\" alt=\"\" width=\"692\" height=\"457\" \/><\/a><figcaption class=\"wp-caption-text\">Tyhle pochody Ukrajinc\u016f se daj\u00ed brzy o\u010dek\u00e1vat i v \u010cR a v cel\u00e9 Evrop\u011b<\/figcaption><\/figure>\n<p>\u010cesk\u00e9 \u0161koly tak z\u0159ejm\u011b potk\u00e1 \u201cbilingualizace\u201d a p\u0159erod do dvou-jazykov\u00e9ho vzd\u011bl\u00e1vac\u00edho syst\u00e9mu, kter\u00fd v EU praktikuje pouze jedin\u00e1 zem\u011b, a to Belgie (<em>bilingu\u00e1ln\u00ed \u0161koly Vl\u00e1m\u016f a Valon\u016f v Belgii<\/em>). Fiala se tedy sna\u017e\u00ed o um\u011bl\u00fd proces bilingualizace \u010cR spolu s importem banderovsk\u00e9 kultury a sou\u010dasn\u011b i kultu St\u011bpana Bandery. V\u0161ude ukrajinsk\u00e9 vlajky, v televiz\u00edch ukrajinsk\u00e9 vlajky, politici maj\u00ed ukrajinsk\u00e9 stu\u017eky na klop\u00e1ch sak, v novin\u00e1ch a na serverech ukrajinsk\u00e9 \u010dl\u00e1nky v ukrajin\u0161tin\u011b. Proces povede k importu a transferu banderismu z Ukrajiny do \u010cR. Jak obrovskou bezpe\u010dnostn\u00ed hrozbu to vyvol\u00e1, to nen\u00ed pot\u0159eba zd\u016fraz\u0148ovat.<\/p>\n<p>-VK- \u0160\u00e9fredaktor AE News<\/p>\n<p><a href=\"https:\/\/aeronet.news\/video-vladimir-putin-pred-lidry-frakci-ruske-dumy-oznamil-konec-svetoveho-radu-pax-americana-a-pocatek-nastupu-multipolarniho-svetoveho-mocenskeho-systemu-rusky-prezident-pozdravil-alternativu\/\">ZDROJ<\/a><\/p>\n<p>&nbsp;<\/p>\n","protected":false},"excerpt":{"rendered":"<p>Vladimir Putin p\u0159ed l\u00eddry frakc\u00ed Rusk\u00e9 dumy ozn\u00e1mil konec sv\u011btov\u00e9ho \u0159\u00e1du Pax Americana a po\u010d\u00e1tek&#8230;<\/p>\n","protected":false},"author":2,"featured_media":6598,"comment_status":"closed","ping_status":"closed","sticky":false,"template":"","format":"standard","meta":[],"categories":[6],"tags":[2780,86,102,1032,48],"_links":{"self":[{"href":"https:\/\/www.infokuryr.cz\/n\/wp-json\/wp\/v2\/posts\/12289"}],"collection":[{"href":"https:\/\/www.infokuryr.cz\/n\/wp-json\/wp\/v2\/posts"}],"about":[{"href":"https:\/\/www.infokuryr.cz\/n\/wp-json\/wp\/v2\/types\/post"}],"author":[{"embeddable":true,"href":"https:\/\/www.infokuryr.cz\/n\/wp-json\/wp\/v2\/users\/2"}],"replies":[{"embeddable":true,"href":"https:\/\/www.infokuryr.cz\/n\/wp-json\/wp\/v2\/comments?post=12289"}],"version-history":[{"count":0,"href":"https:\/\/www.infokuryr.cz\/n\/wp-json\/wp\/v2\/posts\/12289\/revisions"}],"wp:featuredmedia":[{"embeddable":true,"href":"https:\/\/www.infokuryr.cz\/n\/wp-json\/wp\/v2\/media\/6598"}],"wp:attachment":[{"href":"https:\/\/www.infokuryr.cz\/n\/wp-json\/wp\/v2\/media?parent=12289"}],"wp:term":[{"taxonomy":"category","embeddable":true,"href":"https:\/\/www.infokuryr.cz\/n\/wp-json\/wp\/v2\/categories?post=12289"},{"taxonomy":"post_tag","embeddable":true,"href":"https:\/\/www.infokuryr.cz\/n\/wp-json\/wp\/v2\/tags?post=12289"}],"curies":[{"name":"wp","href":"https:\/\/api.w.org\/{rel}","templated":true}]}}