{"id":12288,"date":"2022-07-11T03:11:50","date_gmt":"2022-07-11T01:11:50","guid":{"rendered":"http:\/\/www.infokuryr.cz\/n\/?p=12288"},"modified":"2022-07-11T03:11:50","modified_gmt":"2022-07-11T01:11:50","slug":"svatopluk-otava-evropa-se-vlastne-sama-posila-do-exekuce","status":"publish","type":"post","link":"https:\/\/www.infokuryr.cz\/n\/2022\/07\/11\/svatopluk-otava-evropa-se-vlastne-sama-posila-do-exekuce\/","title":{"rendered":"Svatopluk Otava: Evropa se vlastn\u011b sama pos\u00edl\u00e1 do exekuce."},"content":{"rendered":"<div id=\"fb-root\"><\/div>\n<p><strong>Um\u00edn\u011bnost korpor\u00e1tn\u00edch loutek ve veden\u00ed EU, usiluj\u00edc\u00edch o ekonomicko-politickou sebevra\u017edu cel\u00e9ho spolku i jednotliv\u00fdch zem\u00ed, je pozoruhodn\u00e1. Je p\u0159itom \u00fapln\u011b lhostejn\u00e9, zda tomu form\u00e1ln\u011b vel\u00ed obluzen\u00e1 feministka po boku s\u00a0otitulovan\u00fdm kolaborantem nebo kdokoli jin\u00fd ze sv\u011bta perverzn\u00edch \u201ehodnot\u201c. V\u00fdsledek \u2013 hlad, mr\u00e1z, soci\u00e1ln\u00ed nepokoje a rozvrat je jist\u00fd. N\u011bmci a Francouzi se domn\u00edvaj\u00ed, \u017ee exekuto\u0159i budou oni a zabavovat se bude na v\u00fdchod od A\u0161e. Ameri\u010dan\u00e9 se t\u011b\u0161\u00ed, \u017ee exekuto\u0159i budou jen oni a zabavovat se bude na v\u00fdchod od Lond\u00fdna. Tak jak to bude?<\/strong><\/p>\n<p><span style=\"font-size: 18pt;\"><strong>Na v\u00fdchod\u011b i na z\u00e1pad\u011b do p\u0159edem p\u0159ipraven\u00fdch pozic\u2026<\/strong><\/span><\/p>\n<p>Banderovci mohutn\u011b dozbrojovan\u00ed ze Z\u00e1padu, n\u011bkolikr\u00e1t po\u010detn\u011b siln\u011bj\u0161\u00ed ne\u017e Rusov\u00e9, ostudn\u011b prchaj\u00ed z\u00a0v\u00fdchodu. Vojensk\u00fdmi \u0161pi\u010dkami eurowehrmachtu i USA veden\u00e9 nacistick\u00e9 kohorty vyhled\u00e1vaj\u00ed st\u00e1le v\u00a0rychlej\u0161\u00edm tempu \u201ep\u0159edem ur\u010den\u00e9\u201c pozice, nut\u00edc k\u00a0\u00fastupu i ve\u0161ker\u00e9 civiln\u00ed obyvatelstvo. Tolik jen stru\u010dn\u011b k\u00a0vojensk\u00e9mu d\u011bn\u00ed na v\u00fdchod\u011b IV. \u0158\u00ed\u0161e, na \u201ecivilizovan\u00e9m\u201c z\u00e1pad\u011b satanistick\u00fdmi finan\u010dn\u00edky okupovan\u00e9 Evropy se d\u011bj\u00ed \u00a0teprve neuv\u011b\u0159iteln\u00e9 ps\u00ed kusy.<\/p>\n<p>Vypad\u00e1 to na vbrzku spln\u011bn\u00fd \u00fakol ekonomick\u00e9ho kolapsu pir\u00e1tsk\u00e9 civilizace, kter\u00e1 si sv\u016fj \u017eivotn\u00ed standard vydob\u00fdvala po stalet\u00ed na \u00fakor cel\u00e9 planety loupe\u017eemi ciz\u00edho, zaobalen\u00fdmi do \u201eciviliza\u010dn\u00edho\u201c h\u00e1vu \u201epr\u00e1va\u201c, vyd\u011bra\u010dsk\u00fdch smluv i vojensk\u00fdch agres\u00ed. Kdo ten \u00fakol zadal? Sv\u011btobank\u00e9\u0159i, to je jist\u00e9. St\u00e1vaj\u00ed za v\u0161emi trag\u00e9diemi lidstva u\u017e od po\u010d\u00e1tku d\u011bn\u00ed a ji\u017e prvn\u00ed velk\u00fd levicov\u00fd myslitel Je\u017e\u00ed\u0161 Kristus se je pokusil vyk\u00e1zat na okraj spole\u010dnosti, kdy\u017e je alespo\u0148 sv\u00e9ho \u010dasu vyhnal z\u00a0chr\u00e1mu.<\/p>\n<p><span style=\"font-size: 18pt;\"><strong>Sny o p\u016fj\u010dce a pron\u00e1jmu se asi nenapln\u00ed.<\/strong><\/span><\/p>\n<p>Sou\u010dasn\u00fd v\u00fdvoj permanentn\u00edho rozvratu nejv\u00edce vyhovuje Americe. Mysl\u00ed si bl\u00e1hov\u011b Ameri\u010dan\u00e9. Rozbit\u00edm Evropy se hodlaj\u00ed zbavit do ned\u00e1vna nebezpe\u010dn\u00e9 konkurence a je\u0161t\u011b p\u0159i \u201eobnov\u011b\u201c rumi\u0161\u0165 ud\u011blaj\u00ed v\u00fdborn\u00fd k\u0161eft, z\u00a0jeho\u017e zisku pak umo\u0159\u00ed n\u011bjak\u00fd ten dluh \u010d\u00ednsk\u00fdm exekutor\u016fm. Mysl\u00ed si bl\u00e1hov\u011b Ameri\u010dan\u00e9. A taky se p\u0159il\u00e9v\u00e1n\u00edm oleje do ohn\u011b nebezpe\u010dn\u011b samostatn\u00e9 a nezkrotiteln\u00e9 Rusko natolik vojensky oslab\u00ed, \u017ee jedin\u00fdm vojensk\u00fdm hegemonem se op\u011bt stanou USA. Mysl\u00ed si bl\u00e1hov\u011b Ameri\u010dan\u00e9.<\/p>\n<p>Jen\u017ee my jsme je\u0161t\u011b vojensky vlastn\u011b v\u016fbec po\u0159\u00e1dn\u011b neza\u010dali, vzkazuje Z\u00e1padu vrchn\u00ed velitel a obr\u00e1nce Rus\u016f Vladim\u00edr Putin. To my tak\u00e9 ne, a dokonce v\u00e1m je\u0161t\u011b na neur\u010dito odkl\u00e1d\u00e1me spl\u00e1cen\u00ed dluh\u016f, odbyl sy\u010div\u00e9 po\u017eadavky k\u00a0ostrakizaci Ruska prost\u0159ednictv\u00edm sv\u00e9ho ministra zahrani\u010d\u00ed \u0161\u00e9f nejstar\u0161\u00ed opravdov\u00e9 civilizace Si \u0164in Pching.<\/p>\n<p>Karty jsou vcelku jasn\u011b rozd\u00e1ny a je kr\u00e1sn\u011b pozorovateln\u00e9, jak jsme se bez vlastn\u00edch z\u00e1sluh a bez na\u0161eho souhlasu ocitli nejen na prohr\u00e1vaj\u00edc\u00ed, ale tak\u00e9 na \u0161patn\u00e9 stran\u011b d\u011bjin. D\u00edky kolaborantsk\u00fdm vl\u00e1d\u00e1m Babi\u0161e i Fialy, d\u00edky neskute\u010dn\u011b prodejn\u00fdm m\u00e9di\u00edm a d\u00edky st\u00e1le je\u0161t\u011b \u010d\u00edm d\u00e1l t\u00edm m\u00e9n\u011b pochopiteln\u00e9 ob\u010dansk\u00e9 pasivit\u011b.<\/p>\n<p><span style=\"font-size: 18pt;\"><strong>Profesion\u00e1ln\u00ed lhan\u00ed \u2013 u\u017e se to na \u017eurnalistice u\u010d\u00ed?<\/strong><\/span><\/p>\n<p>Obludn\u011b absurdn\u00ed medi\u00e1ln\u00ed lhan\u00ed o covidov\u00e9 pseudopand\u00e9mii, jako\u017e i o p\u0159\u00ed\u010din\u00e1ch a pr\u016fb\u011bhu konfliktu na Ukrajin\u011b nijak nepolevuje, ve\u0159ejnost to v\u0161ak dosud jaksi nech\u00e1v\u00e1 ve stoick\u00e9m klidu. Politik\u00e1\u0159sk\u00e1 blam\u00e1\u017e ohledn\u011b k\u0161eftu s\u00a0rou\u0161kami a vakc\u00ednami naprosto nerozhodila profesion\u00e1ln\u00ed \u017eurnalistick\u00e9 tlampa\u010de a op\u011bt se za\u010d\u00ednaj\u00ed k\u00a0t\u00e9matu vracet. Medi\u00e1ln\u00edm poh\u016fnk\u016fm nesta\u010d\u00ed ani primitivn\u00ed obvi\u0148ov\u00e1n\u00ed Ruska z\u00a0platebn\u00ed neschopnosti, kdy\u017e je schopno sv\u00e9 z\u00e1vazky pohotov\u011b platit, dokonce tlumo\u010d\u00ed ve\u0159ejnosti naprost\u00e9 logick\u00e9, ekonomick\u00e9 i politick\u00e9 nesmysly. Nap\u0159\u00edklad ten, \u017ee zl\u00fd Putin vyu\u017eije technologickou p\u0159est\u00e1vku na pravidelnou \u00fadr\u017ebu plynovodu Nord-Stream 1, aby odst\u0159ihl Evropu od zdroje energie.<\/p>\n<p>Zde je p\u0159itom zcela z\u0159eteln\u00e9 tah\u00e1n\u00ed za prov\u00e1zky kdesi z\u00a0oblasti americk\u00e9ho Deepstate gangu, proto\u017ee Rusov\u00e9 sv\u011b\u0159ili opravu jedn\u00e9 z\u00a0d\u016fle\u017eit\u00fdch turb\u00edn Kanad\u011b a ta ji v\u00a0r\u00e1mci \u201ehodnotov\u00fdch\u201c sankc\u00ed proti Rusku nehodl\u00e1 vr\u00e1tit. (\u010cili i t\u011bch p\u00e1r tun oceli \u0161lohli\u2026) Navzdory tomu, \u017ee tzv. zmrazen\u00edm finan\u010dn\u00edch aktiv ukradli Z\u00e1pa\u010fan\u00e9 Rusku pen\u00edze, navzdory tomu, \u017ee medi\u00e1ln\u011b os\u00edran\u00ed Rusov\u00e9 nehodlaj\u00ed pitom\u00e9 Evropany nechat vymrznout a st\u00e1le jim dod\u00e1vaj\u00ed energie za b\u011b\u017en\u00fdch obchodn\u00edch podm\u00ednek, navzdory tomu, \u017ee i kyjevsk\u00fd pu\u010distick\u00fd re\u017eim dosud pravideln\u011b inkasuje miliardov\u00e9 tranzitn\u00ed poplatky a t\u00edm financuje i \u00faprk fa\u0161istick\u00fdch hord z\u00a0osvobozovan\u00fdch \u00fazem\u00ed, st\u00e1le se o Rusku vehementn\u011b l\u017ee, l\u017ee a l\u017ee.<\/p>\n<p><span style=\"font-size: 18pt;\"><strong>Komediant re\u017e\u00edrovan\u00fd re\u017e\u00edrovan\u00fdm komediantem. Kdo to je?<\/strong><\/span><\/p>\n<p>Kdyby to nebyla takov\u00e1 trag\u00e9die, byla by to dobr\u00e1 komedie v\u00a0duchu protivn\u00e9 tch\u00fdn\u011b, co z\u00e1ludn\u011b sebere nen\u00e1vid\u011bn\u00e9mu ze\u0165\u00e1kovi kl\u00ed\u010de od auta, aby pak dceru po\u0148oukala k\u00a0rozvodu \u00a0se slovy: \u201eVid\u00ed\u0161? Co jsem Ti \u0159\u00edkala\u2026. Sl\u00edbil, \u017ee pro Tebe p\u0159ijede do nemocnice a nep\u0159ijel! Co je toto za hajzla\u2026\u201c.<\/p>\n<p>A v\u00a0\u010dele sv\u011btov\u00fdch medi\u00e1ln\u00edch sedmilh\u00e1\u0159\u016f jsou i ti \u010de\u0161t\u00ed, v\u00a0\u010dele evropsk\u00fdch politick\u00fdch oportunist\u016f a hoch\u0161tapler\u016f aspo\u0148 form\u00e1ln\u011b soudruh profesor Fiala. M\u00e1 to \u0161\u00e9fov\u00e1n\u00ed EU sice jen na p\u016fl \u00favazku, pon\u011bvad\u017e na druhou p\u016flku \u00favazku m\u00e1 premi\u00e9rov\u00e1n\u00ed ukrajinsk\u00e9 oblasti dosud ofici\u00e1ln\u011b uv\u00e1d\u011bn\u00e9 jako \u010cR. Na \u010cechy mu v\u00a0tom kari\u00e9rn\u00edm fofru jaksi nezb\u00fdv\u00e1 \u010das. Ale to nevad\u00ed, vzhledem k\u00a0tomu, co u\u017e politicky p\u0159edvedl, je snad to nejlep\u0161\u00ed, kdy\u017e na n\u00e1s v\u016fbec nebude ani myslet.<\/p>\n<p>My na n\u011bj ale nezapomeneme. To p\u0159ece nesm\u00edme na\u0161im potomk\u016fm ud\u011blat. Proto\u017ee nakonec n\u00e1s ten Vladim\u00edr Putin od plynu i ropy mo\u017en\u00e1 odpoj\u00ed a bude to obrovsk\u00e1 z\u00e1sluha pana Fialy i jeho \u017elutomodr\u00e9 vl\u00e1dy.<\/p>\n<p><strong>Svatopluk Otava<\/strong><\/p>\n<p>&nbsp;<\/p>\n","protected":false},"excerpt":{"rendered":"<p>Um\u00edn\u011bnost korpor\u00e1tn\u00edch loutek ve veden\u00ed EU, usiluj\u00edc\u00edch o ekonomicko-politickou sebevra\u017edu cel\u00e9ho spolku i jednotliv\u00fdch zem\u00ed,&#8230;<\/p>\n","protected":false},"author":2,"featured_media":870,"comment_status":"closed","ping_status":"closed","sticky":false,"template":"","format":"standard","meta":[],"categories":[6],"tags":[41,371,1437],"_links":{"self":[{"href":"https:\/\/www.infokuryr.cz\/n\/wp-json\/wp\/v2\/posts\/12288"}],"collection":[{"href":"https:\/\/www.infokuryr.cz\/n\/wp-json\/wp\/v2\/posts"}],"about":[{"href":"https:\/\/www.infokuryr.cz\/n\/wp-json\/wp\/v2\/types\/post"}],"author":[{"embeddable":true,"href":"https:\/\/www.infokuryr.cz\/n\/wp-json\/wp\/v2\/users\/2"}],"replies":[{"embeddable":true,"href":"https:\/\/www.infokuryr.cz\/n\/wp-json\/wp\/v2\/comments?post=12288"}],"version-history":[{"count":0,"href":"https:\/\/www.infokuryr.cz\/n\/wp-json\/wp\/v2\/posts\/12288\/revisions"}],"wp:featuredmedia":[{"embeddable":true,"href":"https:\/\/www.infokuryr.cz\/n\/wp-json\/wp\/v2\/media\/870"}],"wp:attachment":[{"href":"https:\/\/www.infokuryr.cz\/n\/wp-json\/wp\/v2\/media?parent=12288"}],"wp:term":[{"taxonomy":"category","embeddable":true,"href":"https:\/\/www.infokuryr.cz\/n\/wp-json\/wp\/v2\/categories?post=12288"},{"taxonomy":"post_tag","embeddable":true,"href":"https:\/\/www.infokuryr.cz\/n\/wp-json\/wp\/v2\/tags?post=12288"}],"curies":[{"name":"wp","href":"https:\/\/api.w.org\/{rel}","templated":true}]}}