{"id":12287,"date":"2022-07-11T03:07:07","date_gmt":"2022-07-11T01:07:07","guid":{"rendered":"http:\/\/www.infokuryr.cz\/n\/?p=12287"},"modified":"2022-07-11T03:07:07","modified_gmt":"2022-07-11T01:07:07","slug":"jan-campbell-predzvesti-a-labuti-pisen","status":"publish","type":"post","link":"https:\/\/www.infokuryr.cz\/n\/2022\/07\/11\/jan-campbell-predzvesti-a-labuti-pisen\/","title":{"rendered":"Jan Campbell: P\u0159edzv\u011bsti a Labut\u00ed p\u00edse\u0148"},"content":{"rendered":"<div id=\"fb-root\"><\/div>\n<p><span style=\"font-size: 18pt;\"><strong>Atent\u00e1t na Abe jako p\u0159edzv\u011bst<\/strong><\/span><\/p>\n<p>31.1. 2013 \u010cTK hl\u00e1sila, \u017ee Japonsk\u00fd premi\u00e9r ve \u010dtvrtek b\u011bhem projevu v parlamentu ozn\u00e1mil zm\u011bnu \u00fastavy zakazuj\u00edc\u00ed \u00fa\u010dast ve v\u00e1lce a chce militarizaci. Abe tak p\u0159isp\u011bl k postupn\u00e9 militarizaci Japonska a ru\u0161il po druh\u00e9 sv\u011btov\u00e9 v\u00e1lce zaveden\u00e1 omezen\u00ed, podle nich\u017e Japonsko nesm\u011blo m\u00edt b\u011b\u017enou arm\u00e1du, ale jen s\u00edly sebeobrany. V\u010derej\u0161\u00ed smrteln\u00fd atent\u00e1t, kter\u00fd p\u0159edstavuje varov\u00e1n\u00ed p\u0159ed barbary s \u00famyslem nebo ze zouf\u00e1n\u00ed a ovlivn\u00ed volby do japonsk\u00e9ho Sen\u00e1tu, potvrzuje hodnocen\u00ed autora p\u0159\u00edsp\u011bvku, \u017ee doba n\u00e1sil\u00ed, atent\u00e1t\u016f a podobn\u00fdch jev\u016f v Evrop\u011b je ot\u00e1zkou \u010dasu a \u017e\u00e1dn\u00e9 represivn\u00ed s\u00edly a sliby USA a NATO o m\u00edrov\u00fdch \u00famyslech a pl\u00e1nech v Evrop\u011b a indicko-pacifick\u00e9m regionu jim nezabr\u00e1n\u00ed, kdy\u017e zastra\u0161en\u00ed ob\u010dan\u00e9 propadnou marnosti, ztrat\u00ed nad\u011bji na soci\u00e1ln\u00ed spravedlnost a d\u016fstojnost.<\/p>\n<p><span style=\"font-size: 18pt;\"><strong>Odch\u00e1zen\u00ed premi\u00e9ra Johnsona jako p\u0159edzv\u011bst<\/strong><\/span><\/p>\n<p>Nen\u00ed podstatn\u00e9, kdy a jako odejde z\u00a0Downing street No 10 pan premi\u00e9r a kdo po n\u011bm p\u0159ijde. Probl\u00e9my UK s\u00a0EU, Ukrajinou a Skotskem, abych jmenoval t\u0159i, nezmiz\u00ed, naopak: zv\u011bt\u0161\u00ed se a d\u00e1le budu oslabovat EU. Vol\u00e1n\u00ed znejist\u011bn\u00fdch souputn\u00edk\u016f prezidenta Zelensk\u00e9ho, aby Johnson p\u0159evzal funkci ukrajinsk\u00e9ho premi\u00e9ra, nebude vysly\u0161eno, proto\u017ee pan Boris miluje radov\u00e1nky, \u017eeny a pen\u00edze. T\u011bch m\u00e1 v\u00edce ne\u017e dost a bude m\u00edt je\u0161t\u011b v\u00edce, pokud bude \u017eiv, neskon\u010d\u00ed jako ex-premi\u00e9r Abe a bude p\u016fsobit ze st\u00ednu. Na p\u0159\u00edklad v\u00a0\u0159\u00edzen\u00ed Litvy ve v\u011bci blok\u00e1dy Kaliningradu, p\u0159edstavuje pro UK a Borise Johnsona ide\u00e1ln\u00ed p\u0159\u00edle\u017eitost. Pro\u010d? Blokov\u00e1n\u00ed transportu mezi \u00fazem\u00edmi RF p\u0159edstavuje poru\u0161en\u00ed mezin\u00e1rodn\u00edho pr\u00e1va, dohody a skute\u010dnost, \u017ee jest\u0159\u00e1bi v\u00a0EK si d\u011blaj\u00ed, co cht\u011bj\u00ed, a pan\u00ed Ursulu lze degradovat do slu\u017eky bez mo\u017enosti rozhodovat. Krom\u011b toho, nehled\u011b na chyby, kter\u00e9 Borise Johnsona p\u0159inutily k\u00a0odch\u00e1zen\u00ed, v\u00ed, \u017ee opatrnost je matka moudrosti. V\u00a0Kyjev\u011b je moudrosti nedostatek a nikdo nev\u00ed, kdo bude sed\u011bt v\u00a0k\u0159esle moci ke dni\u00a0Nov\u00e9ho roku, k\u0159es\u0165ansk\u00e9ho, pravoslavn\u00e9ho nebo \u017eidovsk\u00e9ho.<\/p>\n<p><span style=\"font-size: 18pt;\"><strong>G20 jako p\u0159edzv\u011bst<\/strong><\/span><\/p>\n<p>Sou\u010dasn\u00fd vztah Japonska s\u00a0RF a \u010cLR, chov\u00e1n\u00ed ministra zahrani\u010d\u00ed Japonska na povel ministra zahrani\u010d\u00ed USA Blinkena na zased\u00e1n\u00ed ministr\u016f zahrani\u010d\u00ed G20 a posledn\u00ed na\u0159\u00edzen\u00ed prezidenta Putina t\u00fdkaj\u00edc\u00ed se projektu Sachalin-2 dovoluj\u00ed p\u0159edstavit si hru Japonska a vl\u00e1dy s\u00a0ohn\u011bm, ve kter\u00e9 si vl\u00e1da sp\u00e1l\u00ed nejenom sv\u00e9 ruce. Je p\u0159edstaviteln\u00e9 a odpov\u00eddaj\u00edc\u00ed hlouposti dva roky p\u016fsob\u00edc\u00ed vl\u00e1dy, \u017ee ani mo\u0159e nepom\u016f\u017ee zm\u00edrnit bolesti a zoufalstv\u00ed ob\u010dan\u016f Japonska a urychlen\u00fd prodej st\u00e1tn\u00edch dluhopis\u016f USA, kter\u00fdch m\u00e1 Japonsko v\u00edce, ne\u017e p\u0159\u00e1n\u00ed vl\u00e1dy \u017e\u00edt v\u00a0m\u00edru.<\/p>\n<p>Summit ministr\u016f zahrani\u010d\u00ed G20 se obe\u0161el bez tradi\u010dn\u00ed spole\u010dn\u00e9 fotografie. Tu organizuje podle protokolu organiz\u00e1tor summitu, v\u00a0tomto p\u0159\u00edpad\u011b Indon\u00e9sie. Lavrov proto na fotografov\u00e1n\u00ed nikoho nemohl pozvat a proto nemohlo b\u00fdt vymy\u0161len\u00e9 pozv\u00e1n\u00ed odm\u00edtnuto. Podobn\u011b je tomu s\u00a0pozv\u00e1n\u00edm na spole\u010dnou ve\u010de\u0159i. T\u00e9 se z\u0159ekl Japonsk\u00fd ministr zahrani\u010d\u00ed Jo\u0161imasa Haja\u0161i. Naru\u0161en\u00ed protokolu a hl\u00e1\u0161ky ministryn\u011b zahrani\u010d\u00ed SRN Annaleny Baerbockov\u00e9, nap\u0159\u00edklad, \u017ee Lavrov byl izolov\u00e1n a p\u0159ed\u010dasn\u011b opustil G-20 pat\u0159\u00ed do kategorie \u00famysln\u00fdch l\u017e\u00ed a manipulace n\u00e1zor\u016f. Proto jsou tyto v\u00a0sou\u010dasn\u00e9 politick\u00e9 situaci i pro \u010deskou ve\u0159ejnost v\u00edce ne\u017e nebezpe\u010dn\u00e9.<\/p>\n<p>Podle ofici\u00e1ln\u00edho programu delegace a informace delega\u010dn\u00edch kruh\u016f Lavrov opustil zasedac\u00ed m\u00edstnost po sv\u00e9m projevu. Vyhnul se tak replice ministryn\u011b zahrani\u010d\u00ed Annaleny Baerbockov\u00e9, aby p\u0159enechal sc\u00e9nu ZDF-korespondentovi Andreasu Kynastovi s\u00a0ot\u00e1zkou na Lavrova: <em>When do you stop the war?<\/em> (Kdy zastav\u00edte tu v\u00e1lku?), a pot\u00e9 mohl b\u00fdt odveden ze s\u00e1lu bezpe\u010dnostn\u00edmi org\u00e1ny. A druh\u00fd n\u011bmeck\u00fd \u017eurnalista tak mohl polo\u017eit ot\u00e1zku bez odpov\u011bdi: Why don&#8217;t you stop the war? (Pro\u010d neukon\u010d\u00edte tu v\u00e1lku). Nab\u00edz\u00ed se p\u0159\u00edslov\u00ed: <em>Tak dlouho se chod\u00ed se d\u017eb\u00e1nem pro vodu, ne\u017e se ucho utrhne.<\/em> Pan\u00ed Annalena to pochop\u00ed, a\u017e jej\u00ed obli\u010dej za\u010dne zelenat z\u00a0\u00fadivu nad t\u00edm, co stvo\u0159ila, z\u016fstane opu\u0161t\u011bna nejenom b\u011bhem\u00a0procesu odch\u00e1zen\u00ed.<\/p>\n<p>Obsah p\u0159\u00edslov\u00ed si z\u0159ejm\u011b uv\u011bdomil ministr hospod\u00e1\u0159stv\u00ed Robert Habeck. Ten \u017e\u00e1dal kanadskou vl\u00e1du, aby vr\u00e1tila Rusku turb\u00ednu do plynovodu Nord Stream 1. P\u0159\u00e1n\u00ed bylo vyhov\u011bno. Pokud bude turb\u00edna skute\u010dn\u011b p\u0159ed\u00e1na v\u00a0nad\u011bji, \u017ee se t\u00edm neporu\u0161uj\u00ed sankce, \u017ee po oprav\u011b pote\u010de plyn, z\u016fst\u00e1v\u00e1 jedna d\u016fle\u017eit\u00e1 ot\u00e1zka neodpov\u011bzena. Na jej\u00ed odpov\u011b\u010f nem\u00e1 nikdo z\u00a0vl\u00e1dy SRN vliv: Bude cht\u00edt Kreml plnit trouby v\u00a0situaci, kdy pan\u00ed Baerbock prokazateln\u011b a nediplomaticky l\u017ee, pan Habeck si dovede <em>p\u0159edstavit nalo\u017een\u00ed dal\u0161\u00edch sankc\u00ed <\/em>v\u00a0dob\u011b, kdy stra\u0161\u00ed ob\u010dany a navrhuje nev\u00eddan\u00e1 omezen\u00ed zh\u00fd\u010dkan\u00e9 spole\u010dnosti, kancl\u00e9\u0159 Scholz se ob\u00e1v\u00e1 propadu ekonomiky, \u010del\u00ed za\u010d\u00ednaj\u00edc\u00edmu skand\u00e1lu se <em>zn\u00e1sil\u0148ovac\u00ed drogou<\/em> a EK ti\u0161e vyz\u00fdv\u00e1 vl\u00e1dy \u010dlensk\u00fdch st\u00e1t\u016f EU p\u0159ipravit se na ob\u010dansk\u00e9 nepokoje, aby nedo\u0161lo k\u00a0p\u0159esp\u00e1v\u00e1n\u00ed plebej\u016f v\u00a0kancl\u00e9\u0159sk\u00fdch a prezidentsk\u00fdch postel\u00edch a koup\u00e1n\u00ed v\u00a0jejich baz\u00e9nech, jako je tomu na \u0160r\u00ed Lance.<\/p>\n<p><span style=\"font-size: 18pt;\"><strong>Podpora Kyjevu jako p\u0159edzv\u011bst<\/strong><\/span><\/p>\n<p>Kyjev se domn\u00edv\u00e1, \u017ee p\u0159ed\u00e1n\u00ed turb\u00edny do Ruska by bylo poru\u0161en\u00edm protirusk\u00fdch sankc\u00ed. <em>Sankce zakazuj\u00ed transfer do Ruska jak\u00e9hokoli plynov\u00e9ho za\u0159\u00edzen\u00ed<\/em>, uvedl z\u00e1stupce ukrajinsk\u00e9 vl\u00e1dn\u00ed agentury. Zd\u016fraznil, \u017ee pokud bude Kanada \u017e\u00e1dost Ukrajiny ignorovat, bude Kyjev nucen po\u017e\u00e1dat sv\u00e9 evropsk\u00e9 kolegy, aby tento p\u0159\u00edstup p\u0159ehodnotili. I v\u00a0tomto p\u0159\u00edpad\u011b plat\u00ed: <em>Stokr\u00e1t kr\u00e1t nic, umo\u0159ilo vola<\/em>. Dnes bylo potvrzeno, \u017ee Kanada Ukrajin\u011b nevyhov\u011bla a Kyjev zu\u0159\u00ed.<\/p>\n<p>Bundestag toti\u017e nepodpo\u0159il n\u00e1vrh na dod\u00e1vku 200 obrn\u011bn\u00fdch transport\u00e9r\u016f Fuchs Ukrajin\u011b. Podle nepotvrzen\u00e9 informace n\u00e1vrh opozi\u010dn\u00ed frakce K\u0159es\u0165anskodemokratick\u00e9 a K\u0159es\u0165anskosoci\u00e1ln\u00ed unie (CDU\/CSU) nez\u00edskal v\u011bt\u0161inu parlamentn\u00edch hlas\u016f. Nevylu\u010duji, \u017ee p\u0159ed hlasov\u00e1n\u00edm poslanci Bundestagu si uv\u011bdomili obsah \u010dtvrte\u010dn\u00edho sd\u011blen\u00ed prezidenta Putina: <em>Rusko je\u0161t\u011b<\/em> <em>nic v\u00e1\u017en\u00e9ho<\/em> <em>na Ukrajin\u011b neza\u010dalo a Z\u00e1pad by m\u011bl pochopit, \u017ee prohr\u00e1l hned v \u00favodu rusk\u00e9<\/em> <em>speci\u00e1ln\u00ed operace<\/em>. <em>Sly\u0161\u00edme, \u017ee n\u00e1s cht\u011bj\u00ed porazit na boji\u0161ti. No, co na to \u0159\u00edct? A\u0165 to zkus\u00ed. U\u017e jsme mnohokr\u00e1t sly\u0161eli, \u017ee Z\u00e1pad chce s n\u00e1mi bojovat do posledn\u00edho Ukrajince. Pro ukrajinsk\u00fd lid je to trag\u00e9die, ale zd\u00e1 se, \u017ee v\u0161e k tomu sm\u011b\u0159uje.<\/em> Nab\u00edz\u00ed se p\u0159ipomenout, \u017ee komu nen\u00ed rady, tou nen\u00ed pomoci a pozd\u011b bycha honit.<\/p>\n<p>To si za\u010dala uv\u011bdomovat n\u011bmeck\u00e1 ombudsmanka pro lidsk\u00e1 pr\u00e1va Louise Amtsbergov\u00e1. V dubnu prohl\u00e1sila: <em>Mysl\u00edm, \u017ee je naprosto \u0161patn\u00e9, \u017ee obchody z\u0159ejm\u011b stahuj\u00ed z reg\u00e1l\u016f d\u00edla Dostojevsk\u00e9ho a Tolst\u00e9ho <\/em>a zd\u016fraznila, \u017ee nen\u00ed spr\u00e1vn\u00e9 chovat se k Rus\u016fm <em>nep\u0159\u00e1telsky<\/em> nebo je <em>obvi\u0148ovat z v\u00e1lky<\/em>. Nemohlo by b\u00fdt vyj\u00e1d\u0159en\u00ed pan\u00ed ombudsmanky pot\u00e9, co prezident Putin ve\u0159ejn\u011b prohl\u00e1sil, <em>\u017ee \u010cajkovskij, \u0160ostakovi\u010d a Rachmaninov jsou vymaz\u00e1v\u00e1ni z koncertn\u00edch program\u016f a naposledy takovou masovou kampa\u0148 proti kultu\u0159e vedli nacist\u00e9 v\u00a0N\u011bmecku<\/em> &#8211; malou lekc\u00ed pro \u010desk\u00e9 vl\u00e1dn\u00ed politiky a rusofoby v\u00a0roli k\u0159ov\u00ed ve velk\u00e9 h\u0159e americk\u00fdch z\u00e1jm\u016f?<\/p>\n<p><span style=\"font-size: 18pt;\"><strong>P\u00e1t\u00e1 kolona a Putinovo chov\u00e1n\u00ed jako p\u0159edzv\u011bst <\/strong><\/span><\/p>\n<p>Obecn\u011b se m\u00e1 za to, \u017ee prezident Putin ovl\u00e1d\u00e1 v\u00a0RF doslova v\u0161echno, v\u0161echno (pr\u00fd) z\u00e1vis\u00ed na n\u011bm a on v\u0161emu vl\u00e1dne. To je ve skute\u010dnosti nads\u00e1zka, kter\u00e1 v \u017e\u00e1dn\u00e9m p\u0159\u00edpad\u011b nem\u016f\u017ee b\u00fdt pravdiv\u00e1, i kdy\u017e jeho popularita tomu napov\u00edd\u00e1. Pr\u00e1v\u011b existence a stereotypy dovoluj\u00ed odhalit fenom\u00e9n, dokazuj\u00edc\u00ed, \u017ee v RF skute\u010dnou kontrolu nem\u00e1 prezident Putin a dovoluji mystifikaci a manipulaci ve\u0159ejn\u00e9ho m\u00edn\u011bn\u00ed, jejich\u017e v\u00fdsledkem je bezb\u0159eh\u00e1 rusofobie.<\/p>\n<p>Debata o tom, zda je prim\u00e1rn\u00ed to, co n\u00e1m \u0159\u00edkaj\u00ed v\u00a0\u010desk\u00e9 televizi nebo v politick\u00fdch diskusn\u00edch po\u0159adech rusk\u00e9 televize, nebo zda v\u0161echny TV po\u0159ady v honb\u011b za sledovanost\u00ed jen vytahuj\u00ed v\u0161echny mo\u017en\u00e9 my\u0161lenky, se podobaj\u00ed ot\u00e1zce: Co bylo d\u0159\u00edv, vejce, nebo slepice? Pokud v\u011bcn\u011b hodnot\u00edm skute\u010dnou politickou praxi Putinova vl\u00e1dnut\u00ed, uk\u00e1\u017ee se, \u017ee n\u00e1zor lidu je pro n\u011bj nejd\u016fle\u017eit\u011bj\u0161\u00ed. Jin\u00fdmi slovy: Putin dob\u0159e d\u011bl\u00e1 to, co si lid\u00e9 p\u0159ej\u00ed. P\u0159itom neprosadil a nezve\u0159ejnil zat\u00edm v\u0161eobecn\u011b platnou n\u00e1rodn\u00ed vizi, jej\u00ed zabezpe\u010den\u00ed a algoritmus jej\u00ed realizace.<\/p>\n<p>Svou vrozenou intuic\u00ed, p\u011bstovanou mj. ve funkci ex-rozv\u011bd\u010d\u00edka Putin jednodu\u0161e vystihuje z\u00e1kladn\u00ed pocity lid\u00ed a uv\u00e1d\u00ed je v \u017eivot. Proto m\u00e1 vysok\u00fd rating, proto RF nem\u00e1 jedin\u00e9ho popul\u00e1rn\u00edho opozi\u010dn\u00edho politika, a proto nikdo nedok\u00e1\u017ee jmenovat jedin\u00e9ho \u010dlov\u011bka, kter\u00fd by mohl b\u00fdt alternativou k Putinovi. Proto je ot\u00e1zka &#8211; Kdy\u017e ne Putin, tak kdo? &#8211; l\u00e9\u010dkou, past\u00ed.<\/p>\n<p>Putin toti\u017e dnes prakticky nem\u00e1 kontrolu nad procesem vzd\u011bl\u00e1v\u00e1n\u00ed lid\u00ed o jejich p\u0159\u00e1n\u00edch. Nem\u00e1 kontrolu, proto\u017ee ve skute\u010dnosti ani politick\u00e1 strana Jednotn\u00e9 Rusko, kterou vytvo\u0159il, nem\u00e1 \u017e\u00e1dnou v\u0161eobecn\u011b akceptovanou vizi budoucnosti RF, \u017e\u00e1dn\u00fd jasn\u00fd program \u010di pl\u00e1n \u010dinnosti. A Putin, jako vrchn\u00ed velitel ozbrojen\u00fdch sil nebude v\u00a0sou\u010dasn\u00e9 situaci ve sv\u011bt\u011b a doma hl\u00e1sit do sv\u011bta, co m\u00e1 za lubem. V tomto smyslu lze dokonce \u0159\u00edci, \u017ee Putin nem\u00e1 nad budoucnost\u00ed RF kontrolu. Na tomto p\u0159edpokladu je zalo\u017eena arogance USA, NATO a EU. Chovaj\u00ed se k\u00a0RF jako k\u00a0ex-SSSR. Jejich chov\u00e1n\u00ed je fat\u00e1ln\u011b myln\u00e9 a neuv\u011bdomuj\u00ed si, \u017ee budoucnost RF z\u00e1le\u017e\u00ed na n\u00e1lad\u011b samotn\u00fdch lid\u00ed, na tom, co cht\u011bj\u00ed, jak se Putin vyrovn\u00e1 s\u00a0p\u00e1tou kolonou a jak zkorumpovan\u00fd st\u00e1tn\u00ed apar\u00e1t se bude chovat. Ten se doposud chov\u00e1 jako nepou\u010diteln\u00fd a spekuluj\u00edc\u00ed na z\u00e1klad\u011b mno\u017estv\u00ed komplexn\u00edch v\u00fdzev, kter\u00fdm Putin \u010del\u00ed. Z\u00e1jmov\u011b egoistick\u00e1 orientovanost st\u00e1tn\u00edho apar\u00e1tu tak krm\u00ed plan\u00e9 nad\u011bje na p\u0159evrat a reorientaci RF na Z\u00e1pad.<\/p>\n<p><span style=\"font-size: 18pt;\"><strong>St. Petersburgsk\u00e9 ekonomick\u00e9 f\u00f3rum jako p\u0159edzv\u011bst<\/strong><\/span><\/p>\n<p>Vystoupen\u00ed prezidenta Putina na f\u00f3ru, na\u0159\u00edzen\u00ed ve v\u011bci Sachalin-2 a speci\u00e1ln\u00ed vojensk\u00e1 operace na Ukrajin\u011b, abych jmenoval alespo\u0148 t\u0159i d\u016fle\u017eit\u00e9, vz\u00e1jemn\u011b se dopl\u0148uj\u00edc\u00ed p\u0159\u00edklady indikuj\u00ed, \u017ee \u010das pro p\u00e1t\u00e9 kolony m\u00e1 dnes jinou kvalitu, ne\u017e d\u0159\u00edve, z\u00a0n\u00e1sleduj\u00edc\u00edch hlavn\u00edch d\u016fvod\u016f:<\/p>\n<p>1) Ve velk\u00e9 v\u011bt\u0161in\u011b nepou\u010diteln\u00ed ru\u0161t\u00ed oligarchov\u00e9 dlouhodob\u011b prezidenta podv\u00e1d\u011bj\u00ed, ignoruj\u00ed jeho v\u00fdzvy a mnoh\u00e9 nasv\u011bd\u010duje, \u017ee praktikuj\u00ed neakceptovateln\u00e9 pon\u00ed\u017een\u00ed Z\u00e1padem v\u00a0nad\u011bji, \u017ee zachr\u00e1n\u00ed svoji k\u016f\u017ei, k\u016f\u017ei sv\u00fdch man\u017eelek, d\u011bt\u00ed a milenek, pro\u017e\u00edvaj\u00edc\u00edch na Z\u00e1pad\u011b. Putin to v\u00ed, a proto se rozhodl v\u00a0St. Petersburgu varovat je je\u0161t\u011b jednou a naposledy. 2) Analogick\u00e9 tvrzen\u00ed plat\u00ed ve sv\u00e9 podstat\u011b i pro rusk\u00e1 st\u00e1tn\u00ed m\u00e9dia, Centr\u00e1ln\u00ed banku, Ministerstvo financ\u00ed a dal\u0161\u00ed. 3) Prezident Putin doposud nepo\u017e\u00e1dal o zvl\u00e1\u0161tn\u00ed plnomoci, kter\u00e9 by mu dovolily p\u0159ij\u00edmat z\u00e1sadn\u00ed rozhodnut\u00ed bez schv\u00e1len\u00ed a diskuse s\u00a0liber\u00e1ly.<\/p>\n<p>Pokud Putin o n\u011b po\u017e\u00e1d\u00e1, co\u017e osobn\u011b nevylu\u010duji, mj. z d\u016fvod\u016f, o nich\u017e se v\u00a0\u010desk\u00e9 kotlin\u011b ml\u010d\u00ed: 1) Rada St\u00e1tn\u00ed dumy se bude zab\u00fdvat svol\u00e1n\u00edm mimo\u0159\u00e1dn\u00e9 sch\u016fze doln\u00ed komory 15. \u010dervence podle \u010dl\u00e1nku 14. jednac\u00edho \u0159\u00e1du Dumy a kone\u010dn\u00e9 rozhodnut\u00ed p\u0159ijme Rada St\u00e1tn\u00ed dumy 11. \u010dervence v 10:00. 2) B\u00fdval\u00fd polsk\u00fd prezident a zakladatel strany Solidarita, Lech Walesa navrhl, jak p\u00ed\u0161e Le Figaro, &#8222;zmen\u0161it Rusko&#8220; na 50 milion\u016f lid\u00ed, co\u017e je o 30 milion\u016f lid\u00ed m\u00e9n\u011b, ne\u017e v\u00a0m\u00e9 dob\u011b po\u017eadovala \u017eelezn\u00e1 Lady Thatcher. 2) L\u00e9ka\u0159i potvrzen\u00fd incident se &#8222;zn\u00e1sil\u0148ovac\u00ed drogou&#8220; na soukrom\u00e9m ve\u010d\u00edrku Soci\u00e1ln\u011bdemokratick\u00e9 strany N\u011bmecka (SPD) 1. \u010dervence, kter\u00e9ho se z\u00fa\u010dastnil kancl\u00e9\u0159 Scholz. Autor nebo auto\u0159i incidentu s\u00a0osmi posti\u017een\u00fdmi \u017eenami nejsou doposud ve\u0159ejn\u011b zn\u00e1my. Pro \u010dten\u00e1\u0159e, kte\u0159\u00ed nev\u011bd\u00ed, co je &#8222;zn\u00e1sil\u0148ovac\u00ed droga,&#8220; p\u0159ipom\u00edn\u00e1m, \u017ee se jedn\u00e1 o l\u00e1tku, kter\u00e1 se p\u0159id\u00e1v\u00e1 do n\u00e1poj\u016f, aby se ob\u011b\u0165 stala bezmocnou a zranitelnou. Druh\u00fd den si \u010dlov\u011bk, kter\u00fd t\u0159eba nepil alkohol, nic nepamatuje.<\/p>\n<p>Nevylu\u010duji, \u017ee podobn\u00e9 se pije v\u00a0Kyjev\u011b, kde se to\u010d\u00ed zvl\u00e1\u0161tn\u00ed videa a jinde, a a\u017e p\u0159ijde \u010das, podobn\u00e9 se m\u016f\u017ee st\u00e1t i v\u00a0Praze, kde se p\u016fda a akt\u00e9\u0159i pat\u0159i\u010dn\u011b ji\u017e del\u0161\u00ed dobu p\u0159ipravuj\u00ed.<\/p>\n<p>Pokud Putin po\u017e\u00e1d\u00e1 o zvl\u00e1\u0161tn\u00ed pln\u00e9 moci, nebo tyto mu budou nab\u00eddnuty kv\u016fli nep\u0159ehledn\u00e9mu mno\u017estv\u00ed v\u00fdzev ve sv\u011bt\u011b a sabot\u00e1\u017e\u00ed doma, RF se m\u016f\u017ee b\u011bhem n\u011bkolika m\u011bs\u00edc\u016f dostat ze stagnace k hospod\u00e1\u0159sk\u00e9mu r\u016fstu, rozhodnout se pro skute\u010dn\u00e9 sankce proti kolektivn\u00edmu Z\u00e1padu a t\u00edm nastavit nejenom Z\u00e1padu Hamletovu ot\u00e1zku: B\u00fdt, \u010di neb\u00fdt.<\/p>\n<p><span style=\"font-size: 18pt;\"><strong>P\u0159\u00edklady jako p\u0159edzv\u011bst<\/strong><\/span><\/p>\n<p>Z\u00e1stupn\u011b uv\u00e1d\u00edm p\u0159\u00edklady k\u00a0zamy\u0161len\u00ed z\u00e1padn\u00edch politik\u016f, p\u0159esto\u017ee p\u0159edpokl\u00e1d\u00e1m, \u017ee ura\u017een\u00ed Rusov\u00e9 se s\u00a0nimi nebudou o budoucnosti a spoluprac\u00ed v\u00e1\u017en\u011b bavit. Maj\u00ed \u010das \u010dekat na lep\u0161\u00ed \u010dasy s\u00a0novou generac\u00ed n\u00e1rodn\u00edch a region\u00e1ln\u00edch elit s\u00a0nov\u00fdmi a duchu odpov\u00eddaj\u00edc\u00edmi n\u00e1vyky. Jejich v\u00fdchovu a vzd\u011bl\u00e1n\u00ed Z\u00e1pad ignoruje. Pro\u010d? Nep\u0159ipou\u0161t\u00ed si toti\u017e por\u00e1\u017eku a jenom m\u00e1lokdo v\u00ed, jak se p\u0159ipravuj\u00ed skute\u010dn\u00e9 vl\u00e1dnouc\u00ed elity. Aspen vychov\u00e1v\u00e1 pouze slouhy, ne v\u0161ak elity.<\/p>\n<p>1) Centr\u00e1ln\u00ed banka by mohla za\u010d\u00edt poskytovat pr\u016fmyslov\u00fdm podnik\u016fm bez\u00faro\u010dn\u00e9 p\u016fj\u010dky na modernizaci a rozvoj. V sou\u010dasn\u00e9 dob\u011b jsou tyto investice veden\u00edm regul\u00e1tora zak\u00e1z\u00e1ny pod z\u00e1minkou vysok\u00e9ho rizika r\u016fstu inflace z d\u016fvodu velk\u00e9ho mno\u017estv\u00ed pen\u011bz, kter\u00e9 se dost\u00e1vaj\u00ed do ob\u011bhu. P\u0159ipom\u00edn\u00e1m, \u017ee v centr\u00e1ln\u00ed bance sed\u00ed liber\u00e1lov\u00e9, slouhov\u00e9 BIS a FED.<\/p>\n<p>2) Boj proti korupci. V\u00a0sou\u010dasn\u00e9 dob\u011b v\u00a0RF se jedn\u00e1 podle z\u00e1kona a dodr\u017euj\u00ed se procesn\u00ed normy napsan\u00e9 v\u00a0dob\u011b Jelcina. Mnoz\u00ed zkorumpovan\u00ed \u00fa\u0159edn\u00edci toho vyu\u017e\u00edvaj\u00ed a b\u011bhem vy\u0161et\u0159ov\u00e1n\u00ed bu\u010f uprchnou na Z\u00e1pad, nebo se vyhnou odpov\u011bdnosti jin\u00fdm zp\u016fsobem. Kdyby Putin vytvo\u0159il obdobu \u010ceky, tedy zvl\u00e1\u0161tn\u00ed komise a \u0159\u00eddil ji, pak by mohl zat\u00fdkat a st\u00edhat defraudanty mnohem jednodu\u0161\u0161\u00edm zp\u016fsobem. Ru\u0161t\u00ed oligarchov\u00e9, p\u00e1t\u00e1 kolona a zr\u00e1dci by brzo p\u0159i\u0161li na buben a byli by nucen\u00ed p\u0159evl\u00e9ct se sami do tepl\u00e1k\u016f. Toto na prvn\u00ed pohled drastick\u00e9 zach\u00e1zen\u00ed se zr\u00e1dci a zkorumpovan\u00fdmi ob\u010dany si vynucuje skute\u010dnost, \u017ee Putinovy prosby nemaj\u00ed doposud na oligarchy a zm\u00edn\u011bn\u00e9 osoby prakticky \u017e\u00e1dn\u00fd vliv. Neust\u00e1l\u00e9 zat\u00fdk\u00e1n\u00ed mal\u00fdch ryb, kli\u010dkov\u00e1n\u00ed advok\u00e1t\u016f v\u00a0labyrintu tzv. demokratick\u00fdch z\u00e1sad a desetilet\u00ed trvaj\u00edc\u00ed soudn\u00ed \u0159\u00edzen\u00ed nic ne\u0159e\u0161\u00ed.<\/p>\n<p>3) Mnoh\u00e9 m\u016f\u017ee \u0159e\u0161it ale realizace v\u00fdsledk\u016f ji\u017e p\u0159ed rokem 2022 prob\u00edhaj\u00edc\u00edch konzultac\u00ed o mo\u017en\u00e9m vy\u0159azen\u00ed tchajwansk\u00e9ho z\u00e1vodu TSMC z dom\u00e1c\u00edch v\u00fdrobn\u00edch \u0159et\u011bzc\u016f. Jedn\u00e1 se o p\u0159edn\u00ed v\u00fdrobn\u00ed z\u00e1vod s obratem p\u0159ibli\u017en\u011b 48 miliard dolar\u016f, kter\u00fd m\u00e1 zaveden\u00e9 7 a 5nm v\u00fdrobn\u00ed procesy a vyr\u00e1b\u00ed 3nm a 2nm \u010dipy. TSMC obsluhuje p\u0159ibli\u017en\u011b 54 procent celosv\u011btov\u00e9ho trhu, druh\u00fd nejbli\u017e\u0161\u00ed konkurent (Samsung) 17 procent. Zbytek je rozd\u011blen mezi spole\u010dnosti Global Foundries, Semiconductor Manufacturing International Corporation (SMIC), UMC a dal\u0161\u00ed pom\u011brn\u011b velk\u00e9 hr\u00e1\u010de v t\u011bchto oblastech. T\u00edm jsem se dostal k\u00a0tzv. Tchajwansk\u00e9 ot\u00e1zce, \u010d\u00ednsk\u00e9 odpov\u011bdi na n\u00ed a spolupr\u00e1ci RF s\u00a0\u010cLR. Co m\u00e1m na mysli?<\/p>\n<p>Je v\u0161eobecn\u011b zn\u00e1mo, \u017ee Peking nez\u00e1vislost ostrova nikdy neuznal. P\u0159\u00edtomnost americk\u00e9 vojensk\u00e9 z\u00e1kladny na Tchaj-wanu nebr\u00e1n\u00ed tomu, aby si p\u0159\u00e1l sjednocen\u00ed. V p\u0159\u00edpad\u011b pokusu o dobyt\u00ed ostrova je v\u0161ak tchajwansk\u00e1 arm\u00e1da povinna zni\u010dit TSMC. Pokud bude tento p\u0159\u00edkaz realizov\u00e1n, skon\u010d\u00ed celosv\u011btov\u00e1 v\u00fdroba \u010dip\u016f: v\u00fdroba spole\u010dnost\u00ed Intel a Samsung z\u016fstane na pokryt\u00ed pot\u0159eb m\u00edstn\u00edho trhu USA. Evrop\u011b z\u016fstanou o\u010di pro pl\u00e1\u010d. Co bude d\u00e1le?<\/p>\n<p>Pokud vezmu v \u00favahu sou\u010dasnou specifiku RF, skute\u010dnost, \u017ee \u010d\u00ednsk\u00e1 spole\u010dnost SMIC provozuje a vyv\u00edj\u00ed vlastn\u00ed za\u0159\u00edzen\u00ed na v\u00fdrobu procesor\u016f v tov\u00e1rn\u011b AMEC, jej\u00ed\u017e vybaven\u00ed umo\u017e\u0148uje zpracov\u00e1vat 300 mm k\u0159em\u00edkov\u00e9 desti\u010dky pou\u017e\u00edvan\u00e9 pro \u0161irokou \u0161k\u00e1lu procesor\u016f a objem v\u00fdroby hotov\u00fdch v\u00fdrobk\u016f je zat\u00edm v\u00fdrazn\u011b ni\u017e\u0161\u00ed ne\u017e TSMC, jev\u00ed se mi spolupr\u00e1ce RF s\u00a0\u010cLR jako ekologick\u00e9, efektivn\u00ed a ekonomick\u00e9 potrest\u00e1n\u00ed a p\u0159inucen\u00ed kolektivn\u00edho Z\u00e1padu k\u00a0poko\u0159e, ukon\u010den\u00ed sankc\u00ed, ni\u010den\u00ed kulturn\u00edch a jin\u00fdch hodnot a vazeb. To v\u0161e v\u00a0podstat\u011b bez pou\u017eit\u00ed bomb, d\u011bl a lidsk\u00fdch ob\u011bt\u00ed. Pro\u010d se nab\u00edz\u00ed takov\u00e9 \u0159e\u0161en\u00ed?<\/p>\n<p><span style=\"font-size: 18pt;\"><strong>Dal\u0161\u00ed sankce jako p\u0159edzv\u011bst<\/strong><\/span><\/p>\n<p>USA se po cel\u00e1 desetilet\u00ed prohla\u0161uj\u00ed za vyslance Boha na Zemi. Sou\u010dasn\u011b neberou na sebe \u017e\u00e1dnou odpov\u011bdnost, a prosazuj\u00ed pouze sv\u00e9 z\u00e1jmy. Jejich asymetri\u010dt\u00ed spojenci a slouhov\u00e9 tvo\u0159\u00edc\u00ed cca \u00be <em>zlat\u00e9 miliardy<\/em> st\u00e1le pova\u017euj\u00ed v\u0161echny ostatn\u00ed st\u00e1ty sv\u011bta za sv\u00e9 kolonie, za druho\u0159ad\u00e9 a ned\u016fstojn\u00e9 partnerstv\u00ed a sd\u00edlen\u00ed ve sv\u011bt\u011b bez agrese a v\u00e1lek.<\/p>\n<p>Mluvit o sankc\u00edch, v\u00a0dan\u00e9m p\u0159\u00edpad\u011b proti rusk\u00e9 mikroelektronice nen\u00ed mo\u017en\u00e9, ani\u017e bychom hovo\u0159ili o glob\u00e1ln\u00ed mikroelektronice. V\u00fdhr\u016f\u017eky zastaven\u00edm dod\u00e1vek AMD a Intelu do Ruska, stejn\u011b jako zastaven\u00ed v\u00fdroby rusk\u00fdch Bajkal\u016f a Elbrus\u016f ve zm\u00edn\u011bn\u00e9m tchajwansk\u00e9m TSMC se mi jev\u00ed jako informa\u010dn\u00ed zku\u0161ebn\u00ed \u00fatok. Pro\u010d? Proveditelnost pl\u00e1n\u016f v sou\u010dasn\u00e9m prost\u0159ed\u00ed mikroprocesorov\u00e9ho pr\u016fmyslu je toti\u017e bl\u00edzk\u00e1 nule. Skute\u010dnost je takov\u00e1, \u017ee na RF nyn\u00ed p\u0159ipad\u00e1 80 procent trhu se saf\u00edrov\u00fdmi desti\u010dkami, kter\u00e9 se pou\u017e\u00edvaj\u00ed v optice a mikroelektronice k vytv\u00e1\u0159en\u00ed vrstev r\u016fzn\u00fdch materi\u00e1l\u016f, nap\u0159\u00edklad k\u0159em\u00edku. Pou\u017e\u00edvaj\u00ed je v\u0161echny procesory na sv\u011bt\u011b &#8211; AMD a Intel nejsou v\u00fdjimkou. Pozice je je\u0161t\u011b siln\u011bj\u0161\u00ed v oblasti speci\u00e1ln\u00ed leptac\u00ed chemie mikro\u010dip\u016f s ultra\u010dist\u00fdmi sou\u010d\u00e1stkami. Na Rusko p\u0159ipad\u00e1 100 % sv\u011btov\u00fdch z\u00e1sob r\u016fzn\u00fdch prvk\u016f vz\u00e1cn\u00fdch zemin, kter\u00e9 se k tomuto \u00fa\u010delu pou\u017e\u00edvaj\u00ed. Krom\u011b uveden\u00e9ho v\u00a0p\u0159edstaviteln\u00e9 budoucnosti RF bude disponovat dal\u0161\u00edmi kritick\u00fdmi technologiemi. D\u00edky technologi\u00edm RF m\u00e1 ji\u017e dnes k\u00a0dispozici prov\u011b\u0159en\u00e9, v\u00a0jednom p\u0159\u00edpad\u011b i na Ukrajin\u011b, nap\u0159\u00edklad hypersonick\u00e9 zbran\u011b. Kin\u017eal a podobn\u00e9 zbran\u011b nemaj\u00edc\u00ed ve sv\u011bt\u011b obdoby, prakticky vylu\u010duj\u00ed pou\u017eit\u00ed atomov\u00fdch bomb v\u00a0Evrop\u011b, ve kter\u00e9 nejsou ani c\u00edle pro jejich pou\u017eit\u00ed. RF sta\u010d\u00ed strefit n\u011bkolika Kin\u017ealy n\u011bkolik elektr\u00e1ren nebo rozvoden elekt\u0159iny v\u00a0Evrop\u011b, a je po v\u00e1lce, po demokratick\u00fdch vl\u00e1d\u00e1ch a k\u0159iku o lidsk\u00fdch pr\u00e1vech. Hl\u00e1\u0161ky o hladomoru, migraci a inflaci nebudou v\u00a0EU krom\u011b do\u010dasn\u00fdch obyvatel\u016f sklen\u00edk\u016f v\u00a0Bruselu, \u0160trasburku a Luxemburgu nikoho zaj\u00edmat.<\/p>\n<p>Budou-li v\u00a0r\u00e1mci zvl\u00e1\u0161tn\u00edch zplnomocn\u011bn\u00ed prezidenta Putina realizov\u00e1ny p\u0159ipravovan\u00e9 nov\u00e9 pr\u016fmyslov\u00e9 klastry s nov\u00fdmi parametry v\u010detn\u011b financov\u00e1n\u00ed, kter\u00e9 by m\u011bly b\u00fdt uvedeny do provozu ji\u017e 1. ledna 2023, nepou\u010diteln\u00e1 EK a EU urychl\u00ed svoji transformaci nebo p\u0159\u00edchod smrti a t\u00edm i v\u00fdm\u011bnu elit v\u00a0Evrop\u011b.<\/p>\n<p><span style=\"font-size: 18pt;\"><strong>Z\u00e1v\u011br jako p\u0159edzv\u011bst<\/strong><\/span><\/p>\n<p>Ameri\u010dt\u00ed veter\u00e1ni z Ir\u00e1ku a Afgh\u00e1nist\u00e1nu, kte\u0159\u00ed vstoupili do ukrajinsk\u00e9 arm\u00e1dy, uvedli, \u017ee konflikt na Ukrajin\u011b se nepodob\u00e1 \u017e\u00e1dn\u00e9mu, kter\u00fd za\u017eili v\u00a0Afganist\u00e1nu, Ir\u00e1ku nebo jinde. Den\u00edk New York Times zve\u0159ejnil mj. v\u00fdrok b\u00fdval\u00e9ho v\u00fdsadk\u00e1\u0159e americk\u00e9 arm\u00e1dy Briana, \u017ee <em>Je to mnohem intenzivn\u011bj\u0161\u00ed ne\u017e v\u00a0Afgh\u00e1nist\u00e1nu<\/em>. Krom\u011b toho neexistuje technologick\u00e1, technick\u00e1 a psychologick\u00e1 p\u0159evaha nad nep\u0159\u00edtelem. Nikdo na Ukrajin\u011b nebojuje v\u00a0sand\u00e1lech, nebo keck\u00e1ch.<\/p>\n<p>Proto\u017ee sou\u010dasn\u00e9 zm\u011bny v ekonomice a mezin\u00e1rodn\u00ed politice jsou tektonick\u00e9 a revolu\u010dn\u00ed, Z\u00e1padn\u00ed elity by nem\u011bly si d\u011blat iluze, lp\u011bt na minulosti a pop\u00edrat m\u011bn\u00edc\u00ed se realitu. Je fat\u00e1ln\u00ed chybou myslet si, \u017ee doba bou\u0159liv\u00fdch zm\u011bn se d\u00e1 p\u0159e\u010dkat a v\u0161e se vr\u00e1t\u00ed do norm\u00e1lu. Nic nebude stejn\u00e9 jako d\u0159\u00edve. A\u0165 si \u0159\u00edk\u00e1, kdo chce, co chce, EU definitivn\u011b ztratila svou politickou suverenitu. Jej\u00ed elity vedou k n\u00e1r\u016fstu radikalismu. Podle osobn\u00edho hodnocen\u00ed st\u0159edn\u011bdob\u011b i k\u00a0tot\u00e1ln\u00ed zm\u011bn\u011b elit. \u010cesk\u00e9 p\u0159edsednictv\u00ed EU v\u00a0roli k\u0159ov\u00ed demokracie ve stavu klinick\u00e9 smrti p\u0159edstavuje jeden z\u00a0vrchol\u016f pokrytectv\u00ed, marnost a pl\u00e1can\u00ed si vz\u00e1jemn\u011b po ramenech. Pro\u010d?<\/p>\n<p>To, co se d\u011bje ve sv\u011bt\u011b, nen\u00ed d\u016fsledkem ud\u00e1lost\u00ed posledn\u00edch m\u011bs\u00edc\u016f, v\u010detn\u011b <em>speci\u00e1ln\u00ed vojensk\u00e9 operace<\/em>. Proces za\u010dal u\u017e d\u00e1vno kv\u016fli nezodpov\u011bdn\u00e9 politice G7, kv\u016fli nekontrolovan\u00fdm emis\u00edm a hromad\u011bn\u00ed nezaji\u0161t\u011bn\u00fdch dluh\u016f. Inflace, potravinov\u00e9 a energetick\u00e9 probl\u00e9my p\u0159edstavuj\u00ed chybnou hospod\u00e1\u0159skou politikou EK a USA. Rusk\u00e1 speci\u00e1ln\u00ed vojensk\u00e1 operace se stala pro Z\u00e1pad z\u00e1chrann\u00fdm lanem, kter\u00e9 umo\u017e\u0148uje svalovat vinu za probl\u00e9my na Rusko. Probl\u00e9m je ale v\u00a0tom, \u017ee s\u00a0jeho pomoc\u00ed se Evropa nezachr\u00e1n\u00ed. P\u0159\u00edsp\u011bvek uzav\u00edr\u00e1m cit\u00e1ty z\u00a0odpov\u011bdi autora p\u0159\u00edsp\u011bvku na jednu ot\u00e1zku \u010d\u00ednsk\u00fdch m\u00e9di\u00ed: V minul\u00fdch dnech skon\u010dilo jedn\u00e1n\u00ed l\u00eddr\u016f G7 a n\u00e1vazn\u00fd madridsk\u00fd summit NATO. Jak\u00fd vliv mohou m\u00edt v\u00fdsledky t\u011bchto jedn\u00e1n\u00ed na \u010c\u00ednu a na zem\u011b skupiny BRICS?<\/p>\n<p><em>Strategick\u00fd koncept NATO uv\u00e1d\u00ed, \u017ee \u201eambice a n\u00e1tlakov\u00e1 politika\u201c \u010c\u00edny \u201eohro\u017euje na\u0161e z\u00e1jmy, bezpe\u010dnost a hodnoty\u201c a tvrd\u00ed, \u017ee \u201evyu\u017e\u00edv\u00e1 sv\u016fj ekonomick\u00fd vliv k vytv\u00e1\u0159en\u00ed strategick\u00e9 z\u00e1vislosti a zv\u00fd\u0161en\u00ed sv\u00e9ho vlivu\u201c. V\u0161e spojen\u00e9 s \u010cLR se interpretuje geopoliticky, proto\u017ee \u00fasp\u011bchy \u010cLR jsou prohrou Z\u00e1padu\u2026 Neblah\u00fdm v\u00fdsledkem obou summit\u016f je, \u017ee Washingtonu se da\u0159\u00ed zatahovat sv\u00e9 asymetrick\u00e9 evropsk\u00e9 spojence do strategick\u00fdch her proti \u010cLR a u\u010dit je, co je z\u00e1jem USA v indicko-pacifick\u00e9 oblasti. Z toho vypl\u00fdv\u00e1, \u017ee konfronta\u010dn\u00ed zp\u016fsob jedn\u00e1n\u00ed a kon\u00e1n\u00ed NATO pravd\u011bpodobn\u011b p\u0159etrv\u00e1, nehled\u011b na pot\u0159ebu jakoukoliv konfrontaci zam\u011bnit dialogem. To mj. i proto, aby se alespo\u0148 zabr\u00e1nilo p\u0159\u00edm\u00e9 konfrontaci mezi Ruskem a NATO\u2026 <\/em><em>Jednota aliance je sice kilometr \u0161irok\u00e1, ale jen n\u011bkolik centimetr\u016f hlubok\u00e1 a kolektivn\u00ed smysl pro c\u00edl je stejn\u011b r\u016fznorod\u00fd jako jej\u00edch 30 \u010dlen\u016f\u2026G7 a EU jako hospod\u00e1\u0159sk\u00e1 divize NATO nen\u00ed schopna podporovat del\u0161\u00ed dobu vojensk\u00e1 dobrodru\u017estv\u00ed USA a neobejde se bez p\u0159\u00edrodn\u00edch a lidsk\u00fdch zdroj\u016f BRICS, kter\u00e9 jsou nutn\u00e9 pro technologick\u00fd v\u00fdvoj G7\u2026 Ve st\u0159edn\u011bdob\u00e9 perspektiv\u011b hodnot\u00edm vliv obou summit\u016f na BRICS jako labut\u00ed p\u00edse\u0148. O labuti, kter\u00e1 p\u0159ed smrt\u00ed zp\u00edv\u00e1, se zmi\u0148uj\u00ed ji\u017e anti\u010dt\u00ed b\u00e1sn\u00edci, nap\u0159. Ovidius, \u0159eck\u00fd dramatik Aischylos, \u010cajkovsk\u00fd v baletu Labut\u00ed jezero, Franz Schubert ve sb\u00edrce p\u00edsn\u00ed Labut\u00ed zp\u011bv a v neposledn\u00ed \u0159ad\u011b i Ji\u0159\u00ed Pauer, \u010desk\u00fd pedagog a komponista opery Labut\u00ed p\u00edse\u0148 z roku 1973.<\/em><\/p>\n<p>Souhlasu net\u0159eba.<\/p>\n<p><strong>Jan Campbell0<\/strong><br \/>\n<strong>9.07.2022<\/strong><\/p>\n<p>&nbsp;<\/p>\n","protected":false},"excerpt":{"rendered":"<p>Atent\u00e1t na Abe jako p\u0159edzv\u011bst 31.1. 2013 \u010cTK hl\u00e1sila, \u017ee Japonsk\u00fd premi\u00e9r ve \u010dtvrtek b\u011bhem&#8230;<\/p>\n","protected":false},"author":2,"featured_media":650,"comment_status":"closed","ping_status":"closed","sticky":false,"template":"","format":"standard","meta":[],"categories":[6],"tags":[1042,29,122],"_links":{"self":[{"href":"https:\/\/www.infokuryr.cz\/n\/wp-json\/wp\/v2\/posts\/12287"}],"collection":[{"href":"https:\/\/www.infokuryr.cz\/n\/wp-json\/wp\/v2\/posts"}],"about":[{"href":"https:\/\/www.infokuryr.cz\/n\/wp-json\/wp\/v2\/types\/post"}],"author":[{"embeddable":true,"href":"https:\/\/www.infokuryr.cz\/n\/wp-json\/wp\/v2\/users\/2"}],"replies":[{"embeddable":true,"href":"https:\/\/www.infokuryr.cz\/n\/wp-json\/wp\/v2\/comments?post=12287"}],"version-history":[{"count":0,"href":"https:\/\/www.infokuryr.cz\/n\/wp-json\/wp\/v2\/posts\/12287\/revisions"}],"wp:featuredmedia":[{"embeddable":true,"href":"https:\/\/www.infokuryr.cz\/n\/wp-json\/wp\/v2\/media\/650"}],"wp:attachment":[{"href":"https:\/\/www.infokuryr.cz\/n\/wp-json\/wp\/v2\/media?parent=12287"}],"wp:term":[{"taxonomy":"category","embeddable":true,"href":"https:\/\/www.infokuryr.cz\/n\/wp-json\/wp\/v2\/categories?post=12287"},{"taxonomy":"post_tag","embeddable":true,"href":"https:\/\/www.infokuryr.cz\/n\/wp-json\/wp\/v2\/tags?post=12287"}],"curies":[{"name":"wp","href":"https:\/\/api.w.org\/{rel}","templated":true}]}}